{"id":122340,"date":"2015-04-16T15:00:54","date_gmt":"2015-04-16T18:00:54","guid":{"rendered":"http:\/\/www.quersaberpolitica.com.br\/?p=122340"},"modified":"2015-04-16T14:19:39","modified_gmt":"2015-04-16T17:19:39","slug":"professoras-alucinadas-tomarao-conta-do-palco-do-sesc-nos-dias-18-e-19-de-abril","status":"publish","type":"post","link":"https:\/\/blogdofarnesio.com.br\/?p=122340","title":{"rendered":"&#8220;PROFESSORAS ALUCINADAS&#8221; TOMAR\u00c3O CONTA DO PALCO DO SESC NOS DIAS 18 E 19 DE ABRIL"},"content":{"rendered":"<p style=\"text-align: justify\"><a href=\"http:\/\/www.quersaberpolitica.com.br\/2016\/wp-content\/uploads\/2015\/04\/blogqsp.com\u00e9dia.professoras.alucinadas.jpg\"><img loading=\"lazy\" decoding=\"async\" class=\"  wp-image-122341 aligncenter\" src=\"http:\/\/www.quersaberpolitica.com.br\/2016\/wp-content\/uploads\/2015\/04\/blogqsp.com\u00e9dia.professoras.alucinadas-300x178.jpg\" alt=\"blogqsp.com\u00e9dia.professoras.alucinadas\" width=\"388\" height=\"236\" \/><\/a><\/p>\n<p style=\"text-align: justify\">A Cia do Riso, estar\u00e1 apresentando o Espet\u00e1culo Professoras Alucinadas entre os dias 18 e 19, no Teatro Dona Am\u00e9lia \u2013 SESC, Petrolina, \u00e0s 20:00 hs. \u00c9 uma com\u00e9dia baseada nos textos de Roberto Athayde e Luiz Fernando Ver\u00edssimo, tendo como personagens as Professoras Margarida e Girassol, representadas pelos atores Nilton Miranda e Ricardo Mattos.<\/p>\n<p style=\"text-align: justify\">Em cena, elas fazem da sala de aula um palco para questionar o sentido da vida e o sistema de ensino brasileiro. Discutindo de forma hil\u00e1ria e \u00e1cida, revelando o dia a dia da escola e seus m\u00e9todos de ensino que transitam do autoritarismo do professor, o excesso de teorias e da falta de compromisso com a educa\u00e7\u00e3o. O Espet\u00e1culo traz o humor e a ironia como recursos dram\u00e1ticos para questionar o modelo de educa\u00e7\u00e3o do pa\u00eds.<\/p>\n","protected":false},"excerpt":{"rendered":"<p>A Cia do Riso, estar\u00e1 apresentando o Espet\u00e1culo Professoras Alucinadas entre os dias 18 e 19, no Teatro Dona Am\u00e9lia \u2013 SESC, Petrolina, \u00e0s 20:00 hs. \u00c9 uma com\u00e9dia baseada nos textos de Roberto Athayde e Luiz Fernando Ver\u00edssimo, tendo como personagens as Professoras Margarida e Girassol, representadas pelos atores Nilton Miranda e Ricardo Mattos. Em cena, elas fazem da sala de aula um palco para questionar o sentido da vida e o sistema de ensino brasileiro. Discutindo de forma hil\u00e1ria e \u00e1cida, revelando o dia a dia da escola e seus m\u00e9todos de ensino que transitam do autoritarismo do professor, o excesso de teorias e da falta de compromisso com a educa\u00e7\u00e3o. O Espet\u00e1culo traz o humor e a&hellip; <\/p>\n","protected":false},"author":7,"featured_media":0,"comment_status":"open","ping_status":"open","sticky":false,"template":"","format":"standard","meta":{"_acf_changed":false,"footnotes":""},"categories":[10],"tags":[],"class_list":["post-122340","post","type-post","status-publish","format-standard","hentry","category-cultura"],"acf":[],"yoast_head":"<!-- This site is optimized with the Yoast SEO plugin v27.4 - https:\/\/yoast.com\/product\/yoast-seo-wordpress\/ -->\n<title>&quot;PROFESSORAS ALUCINADAS&quot; TOMAR\u00c3O CONTA DO PALCO DO SESC NOS DIAS 18 E 19 DE ABRIL - Blog do Farn\u00e9sio<\/title>\n<meta name=\"robots\" content=\"index, follow, max-snippet:-1, max-image-preview:large, max-video-preview:-1\" \/>\n<link rel=\"canonical\" href=\"https:\/\/blogdofarnesio.com.br\/?p=122340\" \/>\n<meta property=\"og:locale\" content=\"pt_BR\" \/>\n<meta property=\"og:type\" content=\"article\" \/>\n<meta property=\"og:title\" content=\"&quot;PROFESSORAS ALUCINADAS&quot; TOMAR\u00c3O CONTA DO PALCO DO SESC NOS DIAS 18 E 19 DE ABRIL - Blog do Farn\u00e9sio\" \/>\n<meta property=\"og:description\" content=\"A Cia do Riso, estar\u00e1 apresentando o Espet\u00e1culo Professoras Alucinadas entre os dias 18 e 19, no Teatro Dona Am\u00e9lia \u2013 SESC, Petrolina, \u00e0s 20:00 hs. \u00c9 uma com\u00e9dia baseada nos textos de Roberto Athayde e Luiz Fernando Ver\u00edssimo, tendo como personagens as Professoras Margarida e Girassol, representadas pelos atores Nilton Miranda e Ricardo Mattos. Em cena, elas fazem da sala de aula um palco para questionar o sentido da vida e o sistema de ensino brasileiro. Discutindo de forma hil\u00e1ria e \u00e1cida, revelando o dia a dia da escola e seus m\u00e9todos de ensino que transitam do autoritarismo do professor, o excesso de teorias e da falta de compromisso com a educa\u00e7\u00e3o. O Espet\u00e1culo traz o humor e a&hellip;\" \/>\n<meta property=\"og:url\" content=\"https:\/\/blogdofarnesio.com.br\/?p=122340\" \/>\n<meta property=\"og:site_name\" content=\"Blog do Farn\u00e9sio\" \/>\n<meta property=\"article:publisher\" content=\"https:\/\/www.facebook.com\/BlogQuerSaberPolitica\/\" \/>\n<meta property=\"article:published_time\" content=\"2015-04-16T18:00:54+00:00\" \/>\n<meta name=\"twitter:card\" content=\"summary_large_image\" \/>\n<meta name=\"twitter:label1\" content=\"Escrito por\" \/>\n\t<meta name=\"twitter:data1\" content=\"\" \/>\n\t<meta name=\"twitter:label2\" content=\"Est. tempo de leitura\" \/>\n\t<meta name=\"twitter:data2\" content=\"1 minuto\" \/>\n<script type=\"application\/ld+json\" class=\"yoast-schema-graph\">{\"@context\":\"https:\\\/\\\/schema.org\",\"@graph\":[{\"@type\":\"Article\",\"@id\":\"https:\\\/\\\/blogdofarnesio.com.br\\\/?p=122340#article\",\"isPartOf\":{\"@id\":\"https:\\\/\\\/blogdofarnesio.com.br\\\/?p=122340\"},\"author\":{\"name\":\"\",\"@id\":\"\"},\"headline\":\"&#8220;PROFESSORAS ALUCINADAS&#8221; TOMAR\u00c3O CONTA DO PALCO DO SESC NOS DIAS 18 E 19 DE ABRIL\",\"datePublished\":\"2015-04-16T18:00:54+00:00\",\"mainEntityOfPage\":{\"@id\":\"https:\\\/\\\/blogdofarnesio.com.br\\\/?p=122340\"},\"wordCount\":152,\"commentCount\":0,\"publisher\":{\"@id\":\"https:\\\/\\\/blogdofarnesio.com.br\\\/#organization\"},\"articleSection\":[\"Cultura\"],\"inLanguage\":\"pt-BR\",\"potentialAction\":[{\"@type\":\"CommentAction\",\"name\":\"Comment\",\"target\":[\"https:\\\/\\\/blogdofarnesio.com.br\\\/?p=122340#respond\"]}]},{\"@type\":\"WebPage\",\"@id\":\"https:\\\/\\\/blogdofarnesio.com.br\\\/?p=122340\",\"url\":\"https:\\\/\\\/blogdofarnesio.com.br\\\/?p=122340\",\"name\":\"\\\"PROFESSORAS ALUCINADAS\\\" TOMAR\u00c3O CONTA DO PALCO DO SESC NOS DIAS 18 E 19 DE ABRIL - Blog do Farn\u00e9sio\",\"isPartOf\":{\"@id\":\"https:\\\/\\\/blogdofarnesio.com.br\\\/#website\"},\"datePublished\":\"2015-04-16T18:00:54+00:00\",\"breadcrumb\":{\"@id\":\"https:\\\/\\\/blogdofarnesio.com.br\\\/?p=122340#breadcrumb\"},\"inLanguage\":\"pt-BR\",\"potentialAction\":[{\"@type\":\"ReadAction\",\"target\":[\"https:\\\/\\\/blogdofarnesio.com.br\\\/?p=122340\"]}]},{\"@type\":\"BreadcrumbList\",\"@id\":\"https:\\\/\\\/blogdofarnesio.com.br\\\/?p=122340#breadcrumb\",\"itemListElement\":[{\"@type\":\"ListItem\",\"position\":1,\"name\":\"In\u00edcio\",\"item\":\"https:\\\/\\\/blogdofarnesio.com.br\\\/\"},{\"@type\":\"ListItem\",\"position\":2,\"name\":\"&#8220;PROFESSORAS ALUCINADAS&#8221; TOMAR\u00c3O CONTA DO PALCO DO SESC NOS DIAS 18 E 19 DE ABRIL\"}]},{\"@type\":\"WebSite\",\"@id\":\"https:\\\/\\\/blogdofarnesio.com.br\\\/#website\",\"url\":\"https:\\\/\\\/blogdofarnesio.com.br\\\/\",\"name\":\"Blog do Farn\u00e9sio\",\"description\":\"Quer Saber Pol\u00edtica?\",\"publisher\":{\"@id\":\"https:\\\/\\\/blogdofarnesio.com.br\\\/#organization\"},\"potentialAction\":[{\"@type\":\"SearchAction\",\"target\":{\"@type\":\"EntryPoint\",\"urlTemplate\":\"https:\\\/\\\/blogdofarnesio.com.br\\\/?s={search_term_string}\"},\"query-input\":{\"@type\":\"PropertyValueSpecification\",\"valueRequired\":true,\"valueName\":\"search_term_string\"}}],\"inLanguage\":\"pt-BR\"},{\"@type\":\"Organization\",\"@id\":\"https:\\\/\\\/blogdofarnesio.com.br\\\/#organization\",\"name\":\"Blog do Farn\u00e9sio\",\"url\":\"https:\\\/\\\/blogdofarnesio.com.br\\\/\",\"logo\":{\"@type\":\"ImageObject\",\"inLanguage\":\"pt-BR\",\"@id\":\"https:\\\/\\\/blogdofarnesio.com.br\\\/#\\\/schema\\\/logo\\\/image\\\/\",\"url\":\"https:\\\/\\\/blogdofarnesio.com.br\\\/wp-content\\\/uploads\\\/2026\\\/03\\\/cropped-logo_new-1.png\",\"contentUrl\":\"https:\\\/\\\/blogdofarnesio.com.br\\\/wp-content\\\/uploads\\\/2026\\\/03\\\/cropped-logo_new-1.png\",\"width\":881,\"height\":685,\"caption\":\"Blog do Farn\u00e9sio\"},\"image\":{\"@id\":\"https:\\\/\\\/blogdofarnesio.com.br\\\/#\\\/schema\\\/logo\\\/image\\\/\"},\"sameAs\":[\"https:\\\/\\\/www.facebook.com\\\/BlogQuerSaberPolitica\\\/\"]},{\"@type\":\"Person\",\"@id\":\"\",\"url\":\"https:\\\/\\\/blogdofarnesio.com.br\\\/?author=7\"}]}<\/script>\n<!-- \/ Yoast SEO plugin. -->","yoast_head_json":{"title":"\"PROFESSORAS ALUCINADAS\" TOMAR\u00c3O CONTA DO PALCO DO SESC NOS DIAS 18 E 19 DE ABRIL - Blog do Farn\u00e9sio","robots":{"index":"index","follow":"follow","max-snippet":"max-snippet:-1","max-image-preview":"max-image-preview:large","max-video-preview":"max-video-preview:-1"},"canonical":"https:\/\/blogdofarnesio.com.br\/?p=122340","og_locale":"pt_BR","og_type":"article","og_title":"\"PROFESSORAS ALUCINADAS\" TOMAR\u00c3O CONTA DO PALCO DO SESC NOS DIAS 18 E 19 DE ABRIL - Blog do Farn\u00e9sio","og_description":"A Cia do Riso, estar\u00e1 apresentando o Espet\u00e1culo Professoras Alucinadas entre os dias 18 e 19, no Teatro Dona Am\u00e9lia \u2013 SESC, Petrolina, \u00e0s 20:00 hs. \u00c9 uma com\u00e9dia baseada nos textos de Roberto Athayde e Luiz Fernando Ver\u00edssimo, tendo como personagens as Professoras Margarida e Girassol, representadas pelos atores Nilton Miranda e Ricardo Mattos. Em cena, elas fazem da sala de aula um palco para questionar o sentido da vida e o sistema de ensino brasileiro. Discutindo de forma hil\u00e1ria e \u00e1cida, revelando o dia a dia da escola e seus m\u00e9todos de ensino que transitam do autoritarismo do professor, o excesso de teorias e da falta de compromisso com a educa\u00e7\u00e3o. O Espet\u00e1culo traz o humor e a&hellip;","og_url":"https:\/\/blogdofarnesio.com.br\/?p=122340","og_site_name":"Blog do Farn\u00e9sio","article_publisher":"https:\/\/www.facebook.com\/BlogQuerSaberPolitica\/","article_published_time":"2015-04-16T18:00:54+00:00","twitter_card":"summary_large_image","twitter_misc":{"Escrito por":"","Est. tempo de leitura":"1 minuto"},"schema":{"@context":"https:\/\/schema.org","@graph":[{"@type":"Article","@id":"https:\/\/blogdofarnesio.com.br\/?p=122340#article","isPartOf":{"@id":"https:\/\/blogdofarnesio.com.br\/?p=122340"},"author":{"name":"","@id":""},"headline":"&#8220;PROFESSORAS ALUCINADAS&#8221; TOMAR\u00c3O CONTA DO PALCO DO SESC NOS DIAS 18 E 19 DE ABRIL","datePublished":"2015-04-16T18:00:54+00:00","mainEntityOfPage":{"@id":"https:\/\/blogdofarnesio.com.br\/?p=122340"},"wordCount":152,"commentCount":0,"publisher":{"@id":"https:\/\/blogdofarnesio.com.br\/#organization"},"articleSection":["Cultura"],"inLanguage":"pt-BR","potentialAction":[{"@type":"CommentAction","name":"Comment","target":["https:\/\/blogdofarnesio.com.br\/?p=122340#respond"]}]},{"@type":"WebPage","@id":"https:\/\/blogdofarnesio.com.br\/?p=122340","url":"https:\/\/blogdofarnesio.com.br\/?p=122340","name":"\"PROFESSORAS ALUCINADAS\" TOMAR\u00c3O CONTA DO PALCO DO SESC NOS DIAS 18 E 19 DE ABRIL - Blog do Farn\u00e9sio","isPartOf":{"@id":"https:\/\/blogdofarnesio.com.br\/#website"},"datePublished":"2015-04-16T18:00:54+00:00","breadcrumb":{"@id":"https:\/\/blogdofarnesio.com.br\/?p=122340#breadcrumb"},"inLanguage":"pt-BR","potentialAction":[{"@type":"ReadAction","target":["https:\/\/blogdofarnesio.com.br\/?p=122340"]}]},{"@type":"BreadcrumbList","@id":"https:\/\/blogdofarnesio.com.br\/?p=122340#breadcrumb","itemListElement":[{"@type":"ListItem","position":1,"name":"In\u00edcio","item":"https:\/\/blogdofarnesio.com.br\/"},{"@type":"ListItem","position":2,"name":"&#8220;PROFESSORAS ALUCINADAS&#8221; TOMAR\u00c3O CONTA DO PALCO DO SESC NOS DIAS 18 E 19 DE ABRIL"}]},{"@type":"WebSite","@id":"https:\/\/blogdofarnesio.com.br\/#website","url":"https:\/\/blogdofarnesio.com.br\/","name":"Blog do Farn\u00e9sio","description":"Quer Saber Pol\u00edtica?","publisher":{"@id":"https:\/\/blogdofarnesio.com.br\/#organization"},"potentialAction":[{"@type":"SearchAction","target":{"@type":"EntryPoint","urlTemplate":"https:\/\/blogdofarnesio.com.br\/?s={search_term_string}"},"query-input":{"@type":"PropertyValueSpecification","valueRequired":true,"valueName":"search_term_string"}}],"inLanguage":"pt-BR"},{"@type":"Organization","@id":"https:\/\/blogdofarnesio.com.br\/#organization","name":"Blog do Farn\u00e9sio","url":"https:\/\/blogdofarnesio.com.br\/","logo":{"@type":"ImageObject","inLanguage":"pt-BR","@id":"https:\/\/blogdofarnesio.com.br\/#\/schema\/logo\/image\/","url":"https:\/\/blogdofarnesio.com.br\/wp-content\/uploads\/2026\/03\/cropped-logo_new-1.png","contentUrl":"https:\/\/blogdofarnesio.com.br\/wp-content\/uploads\/2026\/03\/cropped-logo_new-1.png","width":881,"height":685,"caption":"Blog do Farn\u00e9sio"},"image":{"@id":"https:\/\/blogdofarnesio.com.br\/#\/schema\/logo\/image\/"},"sameAs":["https:\/\/www.facebook.com\/BlogQuerSaberPolitica\/"]},{"@type":"Person","@id":"","url":"https:\/\/blogdofarnesio.com.br\/?author=7"}]}},"_links":{"self":[{"href":"https:\/\/blogdofarnesio.com.br\/index.php?rest_route=\/wp\/v2\/posts\/122340","targetHints":{"allow":["GET"]}}],"collection":[{"href":"https:\/\/blogdofarnesio.com.br\/index.php?rest_route=\/wp\/v2\/posts"}],"about":[{"href":"https:\/\/blogdofarnesio.com.br\/index.php?rest_route=\/wp\/v2\/types\/post"}],"author":[{"embeddable":true,"href":"https:\/\/blogdofarnesio.com.br\/index.php?rest_route=\/wp\/v2\/users\/7"}],"replies":[{"embeddable":true,"href":"https:\/\/blogdofarnesio.com.br\/index.php?rest_route=%2Fwp%2Fv2%2Fcomments&post=122340"}],"version-history":[{"count":0,"href":"https:\/\/blogdofarnesio.com.br\/index.php?rest_route=\/wp\/v2\/posts\/122340\/revisions"}],"wp:attachment":[{"href":"https:\/\/blogdofarnesio.com.br\/index.php?rest_route=%2Fwp%2Fv2%2Fmedia&parent=122340"}],"wp:term":[{"taxonomy":"category","embeddable":true,"href":"https:\/\/blogdofarnesio.com.br\/index.php?rest_route=%2Fwp%2Fv2%2Fcategories&post=122340"},{"taxonomy":"post_tag","embeddable":true,"href":"https:\/\/blogdofarnesio.com.br\/index.php?rest_route=%2Fwp%2Fv2%2Ftags&post=122340"}],"curies":[{"name":"wp","href":"https:\/\/api.w.org\/{rel}","templated":true}]}}