{"id":122338,"date":"2015-04-14T11:04:34","date_gmt":"2015-04-14T14:04:34","guid":{"rendered":"http:\/\/www.quersaberpolitica.com.br\/?p=122338"},"modified":"2015-04-14T09:04:18","modified_gmt":"2015-04-14T12:04:18","slug":"ministro-suspende-decreto-de-autorizacao-de-assentamento-indigena-em-rodelasba","status":"publish","type":"post","link":"https:\/\/blogdofarnesio.com.br\/?p=122338","title":{"rendered":"MINISTRO SUSPENDE DECRETO DE AUTORIZA\u00c7\u00c3O DE ASSENTAMENTO IND\u00cdGENA EM RODELAS\/BA"},"content":{"rendered":"<div class=\"text-center\">\n<div class=\"box-img\"><img decoding=\"async\" class=\"img-center img-responsive aligncenter\" src=\"http:\/\/www.bahianoticias.com.br\/fotos\/principal_noticias\/170616\/xIMAGEM_NOTICIA_5.jpg.pagespeed.ic.mtrGQRD-IA.jpg\" alt=\"Ministro suspende decreto sobre assentamento da comunidade ind\u00edgena em Rodelas\" \/><\/p>\n<div class=\"img-legenda\">Foto: Divulga\u00e7\u00e3o<\/div>\n<\/div>\n<\/div>\n<div class=\"text-descricao\" style=\"text-align: justify\">O ministro do Supremo Tribunal Federal (STF) Gilmar Mendes suspendeu o decreto presidencial que determinou o assentamento de fam\u00edlias ind\u00edgenas da comunidade Tux\u00e1 de Rodelas. A norma foi publicada no dia 13 de mar\u00e7o de 2014 e declarou propriedades rurais, localizadas em Rodelas (BA), como \u00e1rea ind\u00edgena. A decis\u00e3o vale at\u00e9 o julgamento do m\u00e9rito.<\/div>\n<div class=\"text-descricao\" style=\"text-align: justify\"><\/div>\n<div class=\"text-descricao\" style=\"text-align: justify\">Na decis\u00e3o, Mendes diz que as terras em disputa n\u00e3o s\u00e3o tradicionalmente ocupadas por ind\u00edgenas e ressaltou que os propriet\u00e1rios foram reassentados nas atuais terras, no fim da d\u00e9cada de 1980, pela Companhia Hidro-El\u00e9trica do S\u00e3o Francisco (Chesf), depois que foram removidos das propriedades originais, devido \u00e0 constru\u00e7\u00e3o da Usina Hidrel\u00e9trica de Itaparica.<\/div>\n<div class=\"text-descricao\" style=\"text-align: justify\"><\/div>\n<div class=\"text-descricao\" style=\"text-align: justify\">Al\u00e9m disso, o ministro entendeu que as propriedades s\u00e3o produtivas e n\u00e3o podem ser desapropriadas. \u201cEntendo que a desapropria\u00e7\u00e3o dos impetrantes para assentamento da comunidade ind\u00edgena Tux\u00e1 de Rodelas antes do julgamento de m\u00e9rito geraria evidente risco de nova desapropria\u00e7\u00e3o dos atuais propriet\u00e1rios das terras em disputa, tamb\u00e9m nelas assentados ao final da d\u00e9cada de 1980\u201d, disse o ministro.<\/div>\n","protected":false},"excerpt":{"rendered":"<p>Foto: Divulga\u00e7\u00e3o O ministro do Supremo Tribunal Federal (STF) Gilmar Mendes suspendeu o decreto presidencial que determinou o assentamento de fam\u00edlias ind\u00edgenas da comunidade Tux\u00e1 de Rodelas. A norma foi publicada no dia 13 de mar\u00e7o de 2014 e declarou propriedades rurais, localizadas em Rodelas (BA), como \u00e1rea ind\u00edgena. A decis\u00e3o vale at\u00e9 o julgamento do m\u00e9rito. Na decis\u00e3o, Mendes diz que as terras em disputa n\u00e3o s\u00e3o tradicionalmente ocupadas por ind\u00edgenas e ressaltou que os propriet\u00e1rios foram reassentados nas atuais terras, no fim da d\u00e9cada de 1980, pela Companhia Hidro-El\u00e9trica do S\u00e3o Francisco (Chesf), depois que foram removidos das propriedades originais, devido \u00e0 constru\u00e7\u00e3o da Usina Hidrel\u00e9trica de Itaparica. Al\u00e9m disso, o ministro entendeu que as propriedades s\u00e3o produtivas&hellip; <\/p>\n","protected":false},"author":3,"featured_media":0,"comment_status":"open","ping_status":"open","sticky":false,"template":"","format":"standard","meta":{"_acf_changed":false,"footnotes":""},"categories":[27],"tags":[],"class_list":["post-122338","post","type-post","status-publish","format-standard","hentry","category-cidades"],"acf":[],"yoast_head":"<!-- This site is optimized with the Yoast SEO plugin v27.4 - https:\/\/yoast.com\/product\/yoast-seo-wordpress\/ -->\n<title>MINISTRO SUSPENDE DECRETO DE AUTORIZA\u00c7\u00c3O DE ASSENTAMENTO IND\u00cdGENA EM RODELAS\/BA - Blog do Farn\u00e9sio<\/title>\n<meta name=\"robots\" content=\"index, follow, max-snippet:-1, max-image-preview:large, max-video-preview:-1\" \/>\n<link rel=\"canonical\" href=\"https:\/\/blogdofarnesio.com.br\/?p=122338\" \/>\n<meta property=\"og:locale\" content=\"pt_BR\" \/>\n<meta property=\"og:type\" content=\"article\" \/>\n<meta property=\"og:title\" content=\"MINISTRO SUSPENDE DECRETO DE AUTORIZA\u00c7\u00c3O DE ASSENTAMENTO IND\u00cdGENA EM RODELAS\/BA - Blog do Farn\u00e9sio\" \/>\n<meta property=\"og:description\" content=\"Foto: Divulga\u00e7\u00e3o O ministro do Supremo Tribunal Federal (STF) Gilmar Mendes suspendeu o decreto presidencial que determinou o assentamento de fam\u00edlias ind\u00edgenas da comunidade Tux\u00e1 de Rodelas. A norma foi publicada no dia 13 de mar\u00e7o de 2014 e declarou propriedades rurais, localizadas em Rodelas (BA), como \u00e1rea ind\u00edgena. A decis\u00e3o vale at\u00e9 o julgamento do m\u00e9rito. Na decis\u00e3o, Mendes diz que as terras em disputa n\u00e3o s\u00e3o tradicionalmente ocupadas por ind\u00edgenas e ressaltou que os propriet\u00e1rios foram reassentados nas atuais terras, no fim da d\u00e9cada de 1980, pela Companhia Hidro-El\u00e9trica do S\u00e3o Francisco (Chesf), depois que foram removidos das propriedades originais, devido \u00e0 constru\u00e7\u00e3o da Usina Hidrel\u00e9trica de Itaparica. Al\u00e9m disso, o ministro entendeu que as propriedades s\u00e3o produtivas&hellip;\" \/>\n<meta property=\"og:url\" content=\"https:\/\/blogdofarnesio.com.br\/?p=122338\" \/>\n<meta property=\"og:site_name\" content=\"Blog do Farn\u00e9sio\" \/>\n<meta property=\"article:publisher\" content=\"https:\/\/www.facebook.com\/BlogQuerSaberPolitica\/\" \/>\n<meta property=\"article:published_time\" content=\"2015-04-14T14:04:34+00:00\" \/>\n<meta property=\"og:image\" content=\"http:\/\/www.bahianoticias.com.br\/fotos\/principal_noticias\/170616\/xIMAGEM_NOTICIA_5.jpg.pagespeed.ic.mtrGQRD-IA.jpg\" \/>\n<meta name=\"author\" content=\"teste\" \/>\n<meta name=\"twitter:card\" content=\"summary_large_image\" \/>\n<meta name=\"twitter:label1\" content=\"Escrito por\" \/>\n\t<meta name=\"twitter:data1\" content=\"teste\" \/>\n\t<meta name=\"twitter:label2\" content=\"Est. tempo de leitura\" \/>\n\t<meta name=\"twitter:data2\" content=\"1 minuto\" \/>\n<script type=\"application\/ld+json\" class=\"yoast-schema-graph\">{\"@context\":\"https:\\\/\\\/schema.org\",\"@graph\":[{\"@type\":\"Article\",\"@id\":\"https:\\\/\\\/blogdofarnesio.com.br\\\/?p=122338#article\",\"isPartOf\":{\"@id\":\"https:\\\/\\\/blogdofarnesio.com.br\\\/?p=122338\"},\"author\":{\"name\":\"teste\",\"@id\":\"https:\\\/\\\/blogdofarnesio.com.br\\\/#\\\/schema\\\/person\\\/dd1bf5eba40b687199ba45ca6b97dff9\"},\"headline\":\"MINISTRO SUSPENDE DECRETO DE AUTORIZA\u00c7\u00c3O DE ASSENTAMENTO IND\u00cdGENA EM RODELAS\\\/BA\",\"datePublished\":\"2015-04-14T14:04:34+00:00\",\"mainEntityOfPage\":{\"@id\":\"https:\\\/\\\/blogdofarnesio.com.br\\\/?p=122338\"},\"wordCount\":204,\"commentCount\":0,\"publisher\":{\"@id\":\"https:\\\/\\\/blogdofarnesio.com.br\\\/#organization\"},\"image\":{\"@id\":\"https:\\\/\\\/blogdofarnesio.com.br\\\/?p=122338#primaryimage\"},\"thumbnailUrl\":\"http:\\\/\\\/www.bahianoticias.com.br\\\/fotos\\\/principal_noticias\\\/170616\\\/xIMAGEM_NOTICIA_5.jpg.pagespeed.ic.mtrGQRD-IA.jpg\",\"articleSection\":[\"Cidades\"],\"inLanguage\":\"pt-BR\",\"potentialAction\":[{\"@type\":\"CommentAction\",\"name\":\"Comment\",\"target\":[\"https:\\\/\\\/blogdofarnesio.com.br\\\/?p=122338#respond\"]}]},{\"@type\":\"WebPage\",\"@id\":\"https:\\\/\\\/blogdofarnesio.com.br\\\/?p=122338\",\"url\":\"https:\\\/\\\/blogdofarnesio.com.br\\\/?p=122338\",\"name\":\"MINISTRO SUSPENDE DECRETO DE AUTORIZA\u00c7\u00c3O DE ASSENTAMENTO IND\u00cdGENA EM RODELAS\\\/BA - Blog do Farn\u00e9sio\",\"isPartOf\":{\"@id\":\"https:\\\/\\\/blogdofarnesio.com.br\\\/#website\"},\"primaryImageOfPage\":{\"@id\":\"https:\\\/\\\/blogdofarnesio.com.br\\\/?p=122338#primaryimage\"},\"image\":{\"@id\":\"https:\\\/\\\/blogdofarnesio.com.br\\\/?p=122338#primaryimage\"},\"thumbnailUrl\":\"http:\\\/\\\/www.bahianoticias.com.br\\\/fotos\\\/principal_noticias\\\/170616\\\/xIMAGEM_NOTICIA_5.jpg.pagespeed.ic.mtrGQRD-IA.jpg\",\"datePublished\":\"2015-04-14T14:04:34+00:00\",\"breadcrumb\":{\"@id\":\"https:\\\/\\\/blogdofarnesio.com.br\\\/?p=122338#breadcrumb\"},\"inLanguage\":\"pt-BR\",\"potentialAction\":[{\"@type\":\"ReadAction\",\"target\":[\"https:\\\/\\\/blogdofarnesio.com.br\\\/?p=122338\"]}]},{\"@type\":\"ImageObject\",\"inLanguage\":\"pt-BR\",\"@id\":\"https:\\\/\\\/blogdofarnesio.com.br\\\/?p=122338#primaryimage\",\"url\":\"http:\\\/\\\/www.bahianoticias.com.br\\\/fotos\\\/principal_noticias\\\/170616\\\/xIMAGEM_NOTICIA_5.jpg.pagespeed.ic.mtrGQRD-IA.jpg\",\"contentUrl\":\"http:\\\/\\\/www.bahianoticias.com.br\\\/fotos\\\/principal_noticias\\\/170616\\\/xIMAGEM_NOTICIA_5.jpg.pagespeed.ic.mtrGQRD-IA.jpg\"},{\"@type\":\"BreadcrumbList\",\"@id\":\"https:\\\/\\\/blogdofarnesio.com.br\\\/?p=122338#breadcrumb\",\"itemListElement\":[{\"@type\":\"ListItem\",\"position\":1,\"name\":\"In\u00edcio\",\"item\":\"https:\\\/\\\/blogdofarnesio.com.br\\\/\"},{\"@type\":\"ListItem\",\"position\":2,\"name\":\"MINISTRO SUSPENDE DECRETO DE AUTORIZA\u00c7\u00c3O DE ASSENTAMENTO IND\u00cdGENA EM RODELAS\\\/BA\"}]},{\"@type\":\"WebSite\",\"@id\":\"https:\\\/\\\/blogdofarnesio.com.br\\\/#website\",\"url\":\"https:\\\/\\\/blogdofarnesio.com.br\\\/\",\"name\":\"Blog do Farn\u00e9sio\",\"description\":\"Quer Saber Pol\u00edtica?\",\"publisher\":{\"@id\":\"https:\\\/\\\/blogdofarnesio.com.br\\\/#organization\"},\"potentialAction\":[{\"@type\":\"SearchAction\",\"target\":{\"@type\":\"EntryPoint\",\"urlTemplate\":\"https:\\\/\\\/blogdofarnesio.com.br\\\/?s={search_term_string}\"},\"query-input\":{\"@type\":\"PropertyValueSpecification\",\"valueRequired\":true,\"valueName\":\"search_term_string\"}}],\"inLanguage\":\"pt-BR\"},{\"@type\":\"Organization\",\"@id\":\"https:\\\/\\\/blogdofarnesio.com.br\\\/#organization\",\"name\":\"Blog do Farn\u00e9sio\",\"url\":\"https:\\\/\\\/blogdofarnesio.com.br\\\/\",\"logo\":{\"@type\":\"ImageObject\",\"inLanguage\":\"pt-BR\",\"@id\":\"https:\\\/\\\/blogdofarnesio.com.br\\\/#\\\/schema\\\/logo\\\/image\\\/\",\"url\":\"https:\\\/\\\/blogdofarnesio.com.br\\\/wp-content\\\/uploads\\\/2026\\\/03\\\/cropped-logo_new-1.png\",\"contentUrl\":\"https:\\\/\\\/blogdofarnesio.com.br\\\/wp-content\\\/uploads\\\/2026\\\/03\\\/cropped-logo_new-1.png\",\"width\":881,\"height\":685,\"caption\":\"Blog do Farn\u00e9sio\"},\"image\":{\"@id\":\"https:\\\/\\\/blogdofarnesio.com.br\\\/#\\\/schema\\\/logo\\\/image\\\/\"},\"sameAs\":[\"https:\\\/\\\/www.facebook.com\\\/BlogQuerSaberPolitica\\\/\"]},{\"@type\":\"Person\",\"@id\":\"https:\\\/\\\/blogdofarnesio.com.br\\\/#\\\/schema\\\/person\\\/dd1bf5eba40b687199ba45ca6b97dff9\",\"name\":\"teste\",\"image\":{\"@type\":\"ImageObject\",\"inLanguage\":\"pt-BR\",\"@id\":\"https:\\\/\\\/secure.gravatar.com\\\/avatar\\\/2172498d4914b51e1d89a0f97957b035ac4938723a5cac208135d389b6972a6d?s=96&d=mm&r=g\",\"url\":\"https:\\\/\\\/secure.gravatar.com\\\/avatar\\\/2172498d4914b51e1d89a0f97957b035ac4938723a5cac208135d389b6972a6d?s=96&d=mm&r=g\",\"contentUrl\":\"https:\\\/\\\/secure.gravatar.com\\\/avatar\\\/2172498d4914b51e1d89a0f97957b035ac4938723a5cac208135d389b6972a6d?s=96&d=mm&r=g\",\"caption\":\"teste\"},\"url\":\"https:\\\/\\\/blogdofarnesio.com.br\\\/?author=3\"}]}<\/script>\n<!-- \/ Yoast SEO plugin. -->","yoast_head_json":{"title":"MINISTRO SUSPENDE DECRETO DE AUTORIZA\u00c7\u00c3O DE ASSENTAMENTO IND\u00cdGENA EM RODELAS\/BA - Blog do Farn\u00e9sio","robots":{"index":"index","follow":"follow","max-snippet":"max-snippet:-1","max-image-preview":"max-image-preview:large","max-video-preview":"max-video-preview:-1"},"canonical":"https:\/\/blogdofarnesio.com.br\/?p=122338","og_locale":"pt_BR","og_type":"article","og_title":"MINISTRO SUSPENDE DECRETO DE AUTORIZA\u00c7\u00c3O DE ASSENTAMENTO IND\u00cdGENA EM RODELAS\/BA - Blog do Farn\u00e9sio","og_description":"Foto: Divulga\u00e7\u00e3o O ministro do Supremo Tribunal Federal (STF) Gilmar Mendes suspendeu o decreto presidencial que determinou o assentamento de fam\u00edlias ind\u00edgenas da comunidade Tux\u00e1 de Rodelas. A norma foi publicada no dia 13 de mar\u00e7o de 2014 e declarou propriedades rurais, localizadas em Rodelas (BA), como \u00e1rea ind\u00edgena. A decis\u00e3o vale at\u00e9 o julgamento do m\u00e9rito. Na decis\u00e3o, Mendes diz que as terras em disputa n\u00e3o s\u00e3o tradicionalmente ocupadas por ind\u00edgenas e ressaltou que os propriet\u00e1rios foram reassentados nas atuais terras, no fim da d\u00e9cada de 1980, pela Companhia Hidro-El\u00e9trica do S\u00e3o Francisco (Chesf), depois que foram removidos das propriedades originais, devido \u00e0 constru\u00e7\u00e3o da Usina Hidrel\u00e9trica de Itaparica. Al\u00e9m disso, o ministro entendeu que as propriedades s\u00e3o produtivas&hellip;","og_url":"https:\/\/blogdofarnesio.com.br\/?p=122338","og_site_name":"Blog do Farn\u00e9sio","article_publisher":"https:\/\/www.facebook.com\/BlogQuerSaberPolitica\/","article_published_time":"2015-04-14T14:04:34+00:00","og_image":[{"url":"http:\/\/www.bahianoticias.com.br\/fotos\/principal_noticias\/170616\/xIMAGEM_NOTICIA_5.jpg.pagespeed.ic.mtrGQRD-IA.jpg","type":"","width":"","height":""}],"author":"teste","twitter_card":"summary_large_image","twitter_misc":{"Escrito por":"teste","Est. tempo de leitura":"1 minuto"},"schema":{"@context":"https:\/\/schema.org","@graph":[{"@type":"Article","@id":"https:\/\/blogdofarnesio.com.br\/?p=122338#article","isPartOf":{"@id":"https:\/\/blogdofarnesio.com.br\/?p=122338"},"author":{"name":"teste","@id":"https:\/\/blogdofarnesio.com.br\/#\/schema\/person\/dd1bf5eba40b687199ba45ca6b97dff9"},"headline":"MINISTRO SUSPENDE DECRETO DE AUTORIZA\u00c7\u00c3O DE ASSENTAMENTO IND\u00cdGENA EM RODELAS\/BA","datePublished":"2015-04-14T14:04:34+00:00","mainEntityOfPage":{"@id":"https:\/\/blogdofarnesio.com.br\/?p=122338"},"wordCount":204,"commentCount":0,"publisher":{"@id":"https:\/\/blogdofarnesio.com.br\/#organization"},"image":{"@id":"https:\/\/blogdofarnesio.com.br\/?p=122338#primaryimage"},"thumbnailUrl":"http:\/\/www.bahianoticias.com.br\/fotos\/principal_noticias\/170616\/xIMAGEM_NOTICIA_5.jpg.pagespeed.ic.mtrGQRD-IA.jpg","articleSection":["Cidades"],"inLanguage":"pt-BR","potentialAction":[{"@type":"CommentAction","name":"Comment","target":["https:\/\/blogdofarnesio.com.br\/?p=122338#respond"]}]},{"@type":"WebPage","@id":"https:\/\/blogdofarnesio.com.br\/?p=122338","url":"https:\/\/blogdofarnesio.com.br\/?p=122338","name":"MINISTRO SUSPENDE DECRETO DE AUTORIZA\u00c7\u00c3O DE ASSENTAMENTO IND\u00cdGENA EM RODELAS\/BA - Blog do Farn\u00e9sio","isPartOf":{"@id":"https:\/\/blogdofarnesio.com.br\/#website"},"primaryImageOfPage":{"@id":"https:\/\/blogdofarnesio.com.br\/?p=122338#primaryimage"},"image":{"@id":"https:\/\/blogdofarnesio.com.br\/?p=122338#primaryimage"},"thumbnailUrl":"http:\/\/www.bahianoticias.com.br\/fotos\/principal_noticias\/170616\/xIMAGEM_NOTICIA_5.jpg.pagespeed.ic.mtrGQRD-IA.jpg","datePublished":"2015-04-14T14:04:34+00:00","breadcrumb":{"@id":"https:\/\/blogdofarnesio.com.br\/?p=122338#breadcrumb"},"inLanguage":"pt-BR","potentialAction":[{"@type":"ReadAction","target":["https:\/\/blogdofarnesio.com.br\/?p=122338"]}]},{"@type":"ImageObject","inLanguage":"pt-BR","@id":"https:\/\/blogdofarnesio.com.br\/?p=122338#primaryimage","url":"http:\/\/www.bahianoticias.com.br\/fotos\/principal_noticias\/170616\/xIMAGEM_NOTICIA_5.jpg.pagespeed.ic.mtrGQRD-IA.jpg","contentUrl":"http:\/\/www.bahianoticias.com.br\/fotos\/principal_noticias\/170616\/xIMAGEM_NOTICIA_5.jpg.pagespeed.ic.mtrGQRD-IA.jpg"},{"@type":"BreadcrumbList","@id":"https:\/\/blogdofarnesio.com.br\/?p=122338#breadcrumb","itemListElement":[{"@type":"ListItem","position":1,"name":"In\u00edcio","item":"https:\/\/blogdofarnesio.com.br\/"},{"@type":"ListItem","position":2,"name":"MINISTRO SUSPENDE DECRETO DE AUTORIZA\u00c7\u00c3O DE ASSENTAMENTO IND\u00cdGENA EM RODELAS\/BA"}]},{"@type":"WebSite","@id":"https:\/\/blogdofarnesio.com.br\/#website","url":"https:\/\/blogdofarnesio.com.br\/","name":"Blog do Farn\u00e9sio","description":"Quer Saber Pol\u00edtica?","publisher":{"@id":"https:\/\/blogdofarnesio.com.br\/#organization"},"potentialAction":[{"@type":"SearchAction","target":{"@type":"EntryPoint","urlTemplate":"https:\/\/blogdofarnesio.com.br\/?s={search_term_string}"},"query-input":{"@type":"PropertyValueSpecification","valueRequired":true,"valueName":"search_term_string"}}],"inLanguage":"pt-BR"},{"@type":"Organization","@id":"https:\/\/blogdofarnesio.com.br\/#organization","name":"Blog do Farn\u00e9sio","url":"https:\/\/blogdofarnesio.com.br\/","logo":{"@type":"ImageObject","inLanguage":"pt-BR","@id":"https:\/\/blogdofarnesio.com.br\/#\/schema\/logo\/image\/","url":"https:\/\/blogdofarnesio.com.br\/wp-content\/uploads\/2026\/03\/cropped-logo_new-1.png","contentUrl":"https:\/\/blogdofarnesio.com.br\/wp-content\/uploads\/2026\/03\/cropped-logo_new-1.png","width":881,"height":685,"caption":"Blog do Farn\u00e9sio"},"image":{"@id":"https:\/\/blogdofarnesio.com.br\/#\/schema\/logo\/image\/"},"sameAs":["https:\/\/www.facebook.com\/BlogQuerSaberPolitica\/"]},{"@type":"Person","@id":"https:\/\/blogdofarnesio.com.br\/#\/schema\/person\/dd1bf5eba40b687199ba45ca6b97dff9","name":"teste","image":{"@type":"ImageObject","inLanguage":"pt-BR","@id":"https:\/\/secure.gravatar.com\/avatar\/2172498d4914b51e1d89a0f97957b035ac4938723a5cac208135d389b6972a6d?s=96&d=mm&r=g","url":"https:\/\/secure.gravatar.com\/avatar\/2172498d4914b51e1d89a0f97957b035ac4938723a5cac208135d389b6972a6d?s=96&d=mm&r=g","contentUrl":"https:\/\/secure.gravatar.com\/avatar\/2172498d4914b51e1d89a0f97957b035ac4938723a5cac208135d389b6972a6d?s=96&d=mm&r=g","caption":"teste"},"url":"https:\/\/blogdofarnesio.com.br\/?author=3"}]}},"_links":{"self":[{"href":"https:\/\/blogdofarnesio.com.br\/index.php?rest_route=\/wp\/v2\/posts\/122338","targetHints":{"allow":["GET"]}}],"collection":[{"href":"https:\/\/blogdofarnesio.com.br\/index.php?rest_route=\/wp\/v2\/posts"}],"about":[{"href":"https:\/\/blogdofarnesio.com.br\/index.php?rest_route=\/wp\/v2\/types\/post"}],"author":[{"embeddable":true,"href":"https:\/\/blogdofarnesio.com.br\/index.php?rest_route=\/wp\/v2\/users\/3"}],"replies":[{"embeddable":true,"href":"https:\/\/blogdofarnesio.com.br\/index.php?rest_route=%2Fwp%2Fv2%2Fcomments&post=122338"}],"version-history":[{"count":0,"href":"https:\/\/blogdofarnesio.com.br\/index.php?rest_route=\/wp\/v2\/posts\/122338\/revisions"}],"wp:attachment":[{"href":"https:\/\/blogdofarnesio.com.br\/index.php?rest_route=%2Fwp%2Fv2%2Fmedia&parent=122338"}],"wp:term":[{"taxonomy":"category","embeddable":true,"href":"https:\/\/blogdofarnesio.com.br\/index.php?rest_route=%2Fwp%2Fv2%2Fcategories&post=122338"},{"taxonomy":"post_tag","embeddable":true,"href":"https:\/\/blogdofarnesio.com.br\/index.php?rest_route=%2Fwp%2Fv2%2Ftags&post=122338"}],"curies":[{"name":"wp","href":"https:\/\/api.w.org\/{rel}","templated":true}]}}