{"id":122331,"date":"2015-04-14T10:44:50","date_gmt":"2015-04-14T13:44:50","guid":{"rendered":"http:\/\/www.quersaberpolitica.com.br\/?p=122331"},"modified":"2015-04-14T09:01:20","modified_gmt":"2015-04-14T12:01:20","slug":"prefeito-julio-lossio-recebe-novo-gerente-regional-do-sebrae","status":"publish","type":"post","link":"https:\/\/blogdofarnesio.com.br\/?p=122331","title":{"rendered":"PREFEITO JULIO LOSSIO RECEBE NOVO GERENTE REGIONAL DO SEBRAE"},"content":{"rendered":"<p style=\"text-align: justify\"><a href=\"http:\/\/www.quersaberpolitica.com.br\/2016\/wp-content\/uploads\/2015\/04\/blogqsp.Lossio.Sebrae.jpg\"><img loading=\"lazy\" decoding=\"async\" class=\"  wp-image-122332 aligncenter\" src=\"http:\/\/www.quersaberpolitica.com.br\/2016\/wp-content\/uploads\/2015\/04\/blogqsp.Lossio.Sebrae-300x213.jpg\" alt=\"blogqsp.Lossio.Sebrae\" width=\"390\" height=\"281\" \/><\/a><\/p>\n<p style=\"text-align: justify\">Acompanhado do secret\u00e1rio-executivo de Ci\u00eancia e Tecnologia, Newton Matsumoto, o prefeito de Petrolina, Julio Lossio, recebeu na tarde desta segunda-feira (13), o novo gerente da Unidade de Neg\u00f3cios do Sebrae Sert\u00e3o do S\u00e3o Francisco, Sebasti\u00e3o Amorim Gomes. O encontro teve o objetivo de estreitar os la\u00e7os institucionais entre a Prefeitura e a entidade, especialmente no sentido de unir esfor\u00e7os para o fomento ao empreendedorismo no Vale do S\u00e3o Francisco e estabelecer uma articula\u00e7\u00e3o que permita atrair novos neg\u00f3cios para a regi\u00e3o.<\/p>\n<p style=\"text-align: justify\" align=\"justify\">\u201cN\u00f3s j\u00e1 estamos caminhando junto com o Sebrae, para instituir um Conv\u00eanio que vai capacitar empreendedores assistidos pela Ag\u00eancia Municipal do Empreendedor (AGE), e nossa pretens\u00e3o \u00e9 expandir ainda mais essa parceria para oferecer benef\u00edcios para os novos empres\u00e1rios e real\u00e7ar a economia de Petrolina\u201d, argumentou Julio Lossio.<\/p>\n<p><em>ASCOM PMP<\/em><\/p>\n","protected":false},"excerpt":{"rendered":"<p>Acompanhado do secret\u00e1rio-executivo de Ci\u00eancia e Tecnologia, Newton Matsumoto, o prefeito de Petrolina, Julio Lossio, recebeu na tarde desta segunda-feira (13), o novo gerente da Unidade de Neg\u00f3cios do Sebrae Sert\u00e3o do S\u00e3o Francisco, Sebasti\u00e3o Amorim Gomes. O encontro teve o objetivo de estreitar os la\u00e7os institucionais entre a Prefeitura e a entidade, especialmente no sentido de unir esfor\u00e7os para o fomento ao empreendedorismo no Vale do S\u00e3o Francisco e estabelecer uma articula\u00e7\u00e3o que permita atrair novos neg\u00f3cios para a regi\u00e3o. \u201cN\u00f3s j\u00e1 estamos caminhando junto com o Sebrae, para instituir um Conv\u00eanio que vai capacitar empreendedores assistidos pela Ag\u00eancia Municipal do Empreendedor (AGE), e nossa pretens\u00e3o \u00e9 expandir ainda mais essa parceria para oferecer benef\u00edcios para os novos empres\u00e1rios&hellip; <\/p>\n","protected":false},"author":7,"featured_media":0,"comment_status":"open","ping_status":"open","sticky":false,"template":"","format":"standard","meta":{"_acf_changed":false,"footnotes":""},"categories":[1],"tags":[],"class_list":["post-122331","post","type-post","status-publish","format-standard","hentry","category-politica"],"acf":[],"yoast_head":"<!-- This site is optimized with the Yoast SEO plugin v27.4 - https:\/\/yoast.com\/product\/yoast-seo-wordpress\/ -->\n<title>PREFEITO JULIO LOSSIO RECEBE NOVO GERENTE REGIONAL DO SEBRAE - Blog do Farn\u00e9sio<\/title>\n<meta name=\"robots\" content=\"index, follow, max-snippet:-1, max-image-preview:large, max-video-preview:-1\" \/>\n<link rel=\"canonical\" href=\"https:\/\/blogdofarnesio.com.br\/?p=122331\" \/>\n<meta property=\"og:locale\" content=\"pt_BR\" \/>\n<meta property=\"og:type\" content=\"article\" \/>\n<meta property=\"og:title\" content=\"PREFEITO JULIO LOSSIO RECEBE NOVO GERENTE REGIONAL DO SEBRAE - Blog do Farn\u00e9sio\" \/>\n<meta property=\"og:description\" content=\"Acompanhado do secret\u00e1rio-executivo de Ci\u00eancia e Tecnologia, Newton Matsumoto, o prefeito de Petrolina, Julio Lossio, recebeu na tarde desta segunda-feira (13), o novo gerente da Unidade de Neg\u00f3cios do Sebrae Sert\u00e3o do S\u00e3o Francisco, Sebasti\u00e3o Amorim Gomes. O encontro teve o objetivo de estreitar os la\u00e7os institucionais entre a Prefeitura e a entidade, especialmente no sentido de unir esfor\u00e7os para o fomento ao empreendedorismo no Vale do S\u00e3o Francisco e estabelecer uma articula\u00e7\u00e3o que permita atrair novos neg\u00f3cios para a regi\u00e3o. \u201cN\u00f3s j\u00e1 estamos caminhando junto com o Sebrae, para instituir um Conv\u00eanio que vai capacitar empreendedores assistidos pela Ag\u00eancia Municipal do Empreendedor (AGE), e nossa pretens\u00e3o \u00e9 expandir ainda mais essa parceria para oferecer benef\u00edcios para os novos empres\u00e1rios&hellip;\" \/>\n<meta property=\"og:url\" content=\"https:\/\/blogdofarnesio.com.br\/?p=122331\" \/>\n<meta property=\"og:site_name\" content=\"Blog do Farn\u00e9sio\" \/>\n<meta property=\"article:publisher\" content=\"https:\/\/www.facebook.com\/BlogQuerSaberPolitica\/\" \/>\n<meta property=\"article:published_time\" content=\"2015-04-14T13:44:50+00:00\" \/>\n<meta property=\"og:image\" content=\"http:\/\/www.quersaberpolitica.com.br\/2016\/wp-content\/uploads\/2015\/04\/blogqsp.Lossio.Sebrae-300x213.jpg\" \/>\n<meta name=\"twitter:card\" content=\"summary_large_image\" \/>\n<meta name=\"twitter:label1\" content=\"Escrito por\" \/>\n\t<meta name=\"twitter:data1\" content=\"\" \/>\n\t<meta name=\"twitter:label2\" content=\"Est. tempo de leitura\" \/>\n\t<meta name=\"twitter:data2\" content=\"1 minuto\" \/>\n<script type=\"application\/ld+json\" class=\"yoast-schema-graph\">{\"@context\":\"https:\\\/\\\/schema.org\",\"@graph\":[{\"@type\":\"Article\",\"@id\":\"https:\\\/\\\/blogdofarnesio.com.br\\\/?p=122331#article\",\"isPartOf\":{\"@id\":\"https:\\\/\\\/blogdofarnesio.com.br\\\/?p=122331\"},\"author\":{\"name\":\"\",\"@id\":\"\"},\"headline\":\"PREFEITO JULIO LOSSIO RECEBE NOVO GERENTE REGIONAL DO SEBRAE\",\"datePublished\":\"2015-04-14T13:44:50+00:00\",\"mainEntityOfPage\":{\"@id\":\"https:\\\/\\\/blogdofarnesio.com.br\\\/?p=122331\"},\"wordCount\":157,\"commentCount\":0,\"publisher\":{\"@id\":\"https:\\\/\\\/blogdofarnesio.com.br\\\/#organization\"},\"image\":{\"@id\":\"https:\\\/\\\/blogdofarnesio.com.br\\\/?p=122331#primaryimage\"},\"thumbnailUrl\":\"http:\\\/\\\/www.quersaberpolitica.com.br\\\/2016\\\/wp-content\\\/uploads\\\/2015\\\/04\\\/blogqsp.Lossio.Sebrae-300x213.jpg\",\"articleSection\":[\"Pol\u00edtica\"],\"inLanguage\":\"pt-BR\",\"potentialAction\":[{\"@type\":\"CommentAction\",\"name\":\"Comment\",\"target\":[\"https:\\\/\\\/blogdofarnesio.com.br\\\/?p=122331#respond\"]}]},{\"@type\":\"WebPage\",\"@id\":\"https:\\\/\\\/blogdofarnesio.com.br\\\/?p=122331\",\"url\":\"https:\\\/\\\/blogdofarnesio.com.br\\\/?p=122331\",\"name\":\"PREFEITO JULIO LOSSIO RECEBE NOVO GERENTE REGIONAL DO SEBRAE - Blog do Farn\u00e9sio\",\"isPartOf\":{\"@id\":\"https:\\\/\\\/blogdofarnesio.com.br\\\/#website\"},\"primaryImageOfPage\":{\"@id\":\"https:\\\/\\\/blogdofarnesio.com.br\\\/?p=122331#primaryimage\"},\"image\":{\"@id\":\"https:\\\/\\\/blogdofarnesio.com.br\\\/?p=122331#primaryimage\"},\"thumbnailUrl\":\"http:\\\/\\\/www.quersaberpolitica.com.br\\\/2016\\\/wp-content\\\/uploads\\\/2015\\\/04\\\/blogqsp.Lossio.Sebrae-300x213.jpg\",\"datePublished\":\"2015-04-14T13:44:50+00:00\",\"breadcrumb\":{\"@id\":\"https:\\\/\\\/blogdofarnesio.com.br\\\/?p=122331#breadcrumb\"},\"inLanguage\":\"pt-BR\",\"potentialAction\":[{\"@type\":\"ReadAction\",\"target\":[\"https:\\\/\\\/blogdofarnesio.com.br\\\/?p=122331\"]}]},{\"@type\":\"ImageObject\",\"inLanguage\":\"pt-BR\",\"@id\":\"https:\\\/\\\/blogdofarnesio.com.br\\\/?p=122331#primaryimage\",\"url\":\"http:\\\/\\\/www.quersaberpolitica.com.br\\\/2016\\\/wp-content\\\/uploads\\\/2015\\\/04\\\/blogqsp.Lossio.Sebrae-300x213.jpg\",\"contentUrl\":\"http:\\\/\\\/www.quersaberpolitica.com.br\\\/2016\\\/wp-content\\\/uploads\\\/2015\\\/04\\\/blogqsp.Lossio.Sebrae-300x213.jpg\"},{\"@type\":\"BreadcrumbList\",\"@id\":\"https:\\\/\\\/blogdofarnesio.com.br\\\/?p=122331#breadcrumb\",\"itemListElement\":[{\"@type\":\"ListItem\",\"position\":1,\"name\":\"In\u00edcio\",\"item\":\"https:\\\/\\\/blogdofarnesio.com.br\\\/\"},{\"@type\":\"ListItem\",\"position\":2,\"name\":\"PREFEITO JULIO LOSSIO RECEBE NOVO GERENTE REGIONAL DO SEBRAE\"}]},{\"@type\":\"WebSite\",\"@id\":\"https:\\\/\\\/blogdofarnesio.com.br\\\/#website\",\"url\":\"https:\\\/\\\/blogdofarnesio.com.br\\\/\",\"name\":\"Blog do Farn\u00e9sio\",\"description\":\"Quer Saber Pol\u00edtica?\",\"publisher\":{\"@id\":\"https:\\\/\\\/blogdofarnesio.com.br\\\/#organization\"},\"potentialAction\":[{\"@type\":\"SearchAction\",\"target\":{\"@type\":\"EntryPoint\",\"urlTemplate\":\"https:\\\/\\\/blogdofarnesio.com.br\\\/?s={search_term_string}\"},\"query-input\":{\"@type\":\"PropertyValueSpecification\",\"valueRequired\":true,\"valueName\":\"search_term_string\"}}],\"inLanguage\":\"pt-BR\"},{\"@type\":\"Organization\",\"@id\":\"https:\\\/\\\/blogdofarnesio.com.br\\\/#organization\",\"name\":\"Blog do Farn\u00e9sio\",\"url\":\"https:\\\/\\\/blogdofarnesio.com.br\\\/\",\"logo\":{\"@type\":\"ImageObject\",\"inLanguage\":\"pt-BR\",\"@id\":\"https:\\\/\\\/blogdofarnesio.com.br\\\/#\\\/schema\\\/logo\\\/image\\\/\",\"url\":\"https:\\\/\\\/blogdofarnesio.com.br\\\/wp-content\\\/uploads\\\/2026\\\/03\\\/cropped-logo_new-1.png\",\"contentUrl\":\"https:\\\/\\\/blogdofarnesio.com.br\\\/wp-content\\\/uploads\\\/2026\\\/03\\\/cropped-logo_new-1.png\",\"width\":881,\"height\":685,\"caption\":\"Blog do Farn\u00e9sio\"},\"image\":{\"@id\":\"https:\\\/\\\/blogdofarnesio.com.br\\\/#\\\/schema\\\/logo\\\/image\\\/\"},\"sameAs\":[\"https:\\\/\\\/www.facebook.com\\\/BlogQuerSaberPolitica\\\/\"]},{\"@type\":\"Person\",\"@id\":\"\",\"url\":\"https:\\\/\\\/blogdofarnesio.com.br\\\/?author=7\"}]}<\/script>\n<!-- \/ Yoast SEO plugin. -->","yoast_head_json":{"title":"PREFEITO JULIO LOSSIO RECEBE NOVO GERENTE REGIONAL DO SEBRAE - Blog do Farn\u00e9sio","robots":{"index":"index","follow":"follow","max-snippet":"max-snippet:-1","max-image-preview":"max-image-preview:large","max-video-preview":"max-video-preview:-1"},"canonical":"https:\/\/blogdofarnesio.com.br\/?p=122331","og_locale":"pt_BR","og_type":"article","og_title":"PREFEITO JULIO LOSSIO RECEBE NOVO GERENTE REGIONAL DO SEBRAE - Blog do Farn\u00e9sio","og_description":"Acompanhado do secret\u00e1rio-executivo de Ci\u00eancia e Tecnologia, Newton Matsumoto, o prefeito de Petrolina, Julio Lossio, recebeu na tarde desta segunda-feira (13), o novo gerente da Unidade de Neg\u00f3cios do Sebrae Sert\u00e3o do S\u00e3o Francisco, Sebasti\u00e3o Amorim Gomes. O encontro teve o objetivo de estreitar os la\u00e7os institucionais entre a Prefeitura e a entidade, especialmente no sentido de unir esfor\u00e7os para o fomento ao empreendedorismo no Vale do S\u00e3o Francisco e estabelecer uma articula\u00e7\u00e3o que permita atrair novos neg\u00f3cios para a regi\u00e3o. \u201cN\u00f3s j\u00e1 estamos caminhando junto com o Sebrae, para instituir um Conv\u00eanio que vai capacitar empreendedores assistidos pela Ag\u00eancia Municipal do Empreendedor (AGE), e nossa pretens\u00e3o \u00e9 expandir ainda mais essa parceria para oferecer benef\u00edcios para os novos empres\u00e1rios&hellip;","og_url":"https:\/\/blogdofarnesio.com.br\/?p=122331","og_site_name":"Blog do Farn\u00e9sio","article_publisher":"https:\/\/www.facebook.com\/BlogQuerSaberPolitica\/","article_published_time":"2015-04-14T13:44:50+00:00","og_image":[{"url":"http:\/\/www.quersaberpolitica.com.br\/2016\/wp-content\/uploads\/2015\/04\/blogqsp.Lossio.Sebrae-300x213.jpg","type":"","width":"","height":""}],"twitter_card":"summary_large_image","twitter_misc":{"Escrito por":"","Est. tempo de leitura":"1 minuto"},"schema":{"@context":"https:\/\/schema.org","@graph":[{"@type":"Article","@id":"https:\/\/blogdofarnesio.com.br\/?p=122331#article","isPartOf":{"@id":"https:\/\/blogdofarnesio.com.br\/?p=122331"},"author":{"name":"","@id":""},"headline":"PREFEITO JULIO LOSSIO RECEBE NOVO GERENTE REGIONAL DO SEBRAE","datePublished":"2015-04-14T13:44:50+00:00","mainEntityOfPage":{"@id":"https:\/\/blogdofarnesio.com.br\/?p=122331"},"wordCount":157,"commentCount":0,"publisher":{"@id":"https:\/\/blogdofarnesio.com.br\/#organization"},"image":{"@id":"https:\/\/blogdofarnesio.com.br\/?p=122331#primaryimage"},"thumbnailUrl":"http:\/\/www.quersaberpolitica.com.br\/2016\/wp-content\/uploads\/2015\/04\/blogqsp.Lossio.Sebrae-300x213.jpg","articleSection":["Pol\u00edtica"],"inLanguage":"pt-BR","potentialAction":[{"@type":"CommentAction","name":"Comment","target":["https:\/\/blogdofarnesio.com.br\/?p=122331#respond"]}]},{"@type":"WebPage","@id":"https:\/\/blogdofarnesio.com.br\/?p=122331","url":"https:\/\/blogdofarnesio.com.br\/?p=122331","name":"PREFEITO JULIO LOSSIO RECEBE NOVO GERENTE REGIONAL DO SEBRAE - Blog do Farn\u00e9sio","isPartOf":{"@id":"https:\/\/blogdofarnesio.com.br\/#website"},"primaryImageOfPage":{"@id":"https:\/\/blogdofarnesio.com.br\/?p=122331#primaryimage"},"image":{"@id":"https:\/\/blogdofarnesio.com.br\/?p=122331#primaryimage"},"thumbnailUrl":"http:\/\/www.quersaberpolitica.com.br\/2016\/wp-content\/uploads\/2015\/04\/blogqsp.Lossio.Sebrae-300x213.jpg","datePublished":"2015-04-14T13:44:50+00:00","breadcrumb":{"@id":"https:\/\/blogdofarnesio.com.br\/?p=122331#breadcrumb"},"inLanguage":"pt-BR","potentialAction":[{"@type":"ReadAction","target":["https:\/\/blogdofarnesio.com.br\/?p=122331"]}]},{"@type":"ImageObject","inLanguage":"pt-BR","@id":"https:\/\/blogdofarnesio.com.br\/?p=122331#primaryimage","url":"http:\/\/www.quersaberpolitica.com.br\/2016\/wp-content\/uploads\/2015\/04\/blogqsp.Lossio.Sebrae-300x213.jpg","contentUrl":"http:\/\/www.quersaberpolitica.com.br\/2016\/wp-content\/uploads\/2015\/04\/blogqsp.Lossio.Sebrae-300x213.jpg"},{"@type":"BreadcrumbList","@id":"https:\/\/blogdofarnesio.com.br\/?p=122331#breadcrumb","itemListElement":[{"@type":"ListItem","position":1,"name":"In\u00edcio","item":"https:\/\/blogdofarnesio.com.br\/"},{"@type":"ListItem","position":2,"name":"PREFEITO JULIO LOSSIO RECEBE NOVO GERENTE REGIONAL DO SEBRAE"}]},{"@type":"WebSite","@id":"https:\/\/blogdofarnesio.com.br\/#website","url":"https:\/\/blogdofarnesio.com.br\/","name":"Blog do Farn\u00e9sio","description":"Quer Saber Pol\u00edtica?","publisher":{"@id":"https:\/\/blogdofarnesio.com.br\/#organization"},"potentialAction":[{"@type":"SearchAction","target":{"@type":"EntryPoint","urlTemplate":"https:\/\/blogdofarnesio.com.br\/?s={search_term_string}"},"query-input":{"@type":"PropertyValueSpecification","valueRequired":true,"valueName":"search_term_string"}}],"inLanguage":"pt-BR"},{"@type":"Organization","@id":"https:\/\/blogdofarnesio.com.br\/#organization","name":"Blog do Farn\u00e9sio","url":"https:\/\/blogdofarnesio.com.br\/","logo":{"@type":"ImageObject","inLanguage":"pt-BR","@id":"https:\/\/blogdofarnesio.com.br\/#\/schema\/logo\/image\/","url":"https:\/\/blogdofarnesio.com.br\/wp-content\/uploads\/2026\/03\/cropped-logo_new-1.png","contentUrl":"https:\/\/blogdofarnesio.com.br\/wp-content\/uploads\/2026\/03\/cropped-logo_new-1.png","width":881,"height":685,"caption":"Blog do Farn\u00e9sio"},"image":{"@id":"https:\/\/blogdofarnesio.com.br\/#\/schema\/logo\/image\/"},"sameAs":["https:\/\/www.facebook.com\/BlogQuerSaberPolitica\/"]},{"@type":"Person","@id":"","url":"https:\/\/blogdofarnesio.com.br\/?author=7"}]}},"_links":{"self":[{"href":"https:\/\/blogdofarnesio.com.br\/index.php?rest_route=\/wp\/v2\/posts\/122331","targetHints":{"allow":["GET"]}}],"collection":[{"href":"https:\/\/blogdofarnesio.com.br\/index.php?rest_route=\/wp\/v2\/posts"}],"about":[{"href":"https:\/\/blogdofarnesio.com.br\/index.php?rest_route=\/wp\/v2\/types\/post"}],"author":[{"embeddable":true,"href":"https:\/\/blogdofarnesio.com.br\/index.php?rest_route=\/wp\/v2\/users\/7"}],"replies":[{"embeddable":true,"href":"https:\/\/blogdofarnesio.com.br\/index.php?rest_route=%2Fwp%2Fv2%2Fcomments&post=122331"}],"version-history":[{"count":0,"href":"https:\/\/blogdofarnesio.com.br\/index.php?rest_route=\/wp\/v2\/posts\/122331\/revisions"}],"wp:attachment":[{"href":"https:\/\/blogdofarnesio.com.br\/index.php?rest_route=%2Fwp%2Fv2%2Fmedia&parent=122331"}],"wp:term":[{"taxonomy":"category","embeddable":true,"href":"https:\/\/blogdofarnesio.com.br\/index.php?rest_route=%2Fwp%2Fv2%2Fcategories&post=122331"},{"taxonomy":"post_tag","embeddable":true,"href":"https:\/\/blogdofarnesio.com.br\/index.php?rest_route=%2Fwp%2Fv2%2Ftags&post=122331"}],"curies":[{"name":"wp","href":"https:\/\/api.w.org\/{rel}","templated":true}]}}