{"id":122323,"date":"2015-04-14T13:00:26","date_gmt":"2015-04-14T16:00:26","guid":{"rendered":"http:\/\/www.quersaberpolitica.com.br\/?p=122323"},"modified":"2015-04-14T09:11:45","modified_gmt":"2015-04-14T12:11:45","slug":"cbhsf-realiza-reuniao-emergencial-para-discutir-sobre-mancha-escura-no-sao-francisco","status":"publish","type":"post","link":"https:\/\/blogdofarnesio.com.br\/?p=122323","title":{"rendered":"CBHSF REALIZA REUNI\u00c3O EMERGENCIAL PARA DISCUTIR SOBRE MANCHA ESCURA NO S\u00c3O FRANCISCO"},"content":{"rendered":"<figure id=\"attachment_120000\" aria-describedby=\"caption-attachment-120000\" style=\"width: 417px\" class=\"wp-caption aligncenter\"><a href=\"http:\/\/www.quersaberpolitica.com.br\/2016\/wp-content\/uploads\/2015\/03\/Blogqsprios\u00e3ofrancisco-Foto-Farn\u00e9sio-Silva.jpg\"><img loading=\"lazy\" decoding=\"async\" class=\"  wp-image-120000\" src=\"http:\/\/www.quersaberpolitica.com.br\/2016\/wp-content\/uploads\/2015\/03\/Blogqsprios\u00e3ofrancisco-Foto-Farn\u00e9sio-Silva-300x170.jpg\" alt=\"Blogqsprios\u00e3ofrancisco  Foto Farn\u00e9sio Silva\" width=\"417\" height=\"243\" \/><\/a><figcaption id=\"caption-attachment-120000\" class=\"wp-caption-text\">Rio S\u00e3o Francisco Petrolina PE Foto Farn\u00e9sio Silva<\/figcaption><\/figure>\n<p style=\"text-align: justify\">\n<p style=\"text-align: justify\">Est\u00e1 marcada para \u00e0s 10h desta ter\u00e7a-feira (14.04), em Macei\u00f3 (AL), uma reuni\u00e3o emergencial do Comit\u00ea da Bacia Hidrogr\u00e1fica do Rio S\u00e3o Francisco (CBHSF) com diversos \u00f3rg\u00e3os ligados \u00e0 quest\u00e3o ambiental, para discutir os motivos que provocaram uma mancha escura na calha do rio, entre os munic\u00edpios de Paulo Afonso (BA) e Delmiro Gouveia (AL). O objetivo \u00e9 fazer um levantamento do que ocorreu, procurando ver poss\u00edveis responsabilidades e ouvir t\u00e9cnicos e especialistas para a tomada de medidas preventivas futuras.<\/p>\n<p style=\"text-align: justify\">De acordo com o secret\u00e1rio do CBHSF, Maciel Oliveira, o encontro est\u00e1 marcado para o hotel Macei\u00f3 Atlantic Su\u00edtes, a partir das 10h, na capital alagoana. \u201cEst\u00e1 havendo um choque de informa\u00e7\u00f5es e queremos reunir todos os envolvidos no problema para definir responsabilidades\u201d, informa Oliveira. \u201cO Comit\u00ea espera que haja o diagn\u00f3stico e medidas compensat\u00f3rias sejam adotadas\u201d, opina.<\/p>\n<p style=\"text-align: justify\"><!--more--><\/p>\n<p style=\"text-align: justify\">Ele salienta ser necess\u00e1ria a repara\u00e7\u00e3o dos danos ambientais e sociais causados ao Velho Chico e popula\u00e7\u00f5es ribeirinhas. Logo ap\u00f3s a reuni\u00e3o, ser\u00e3o definidos os encaminhamentos a serem adotados. \u201c\u00c9 importante salientar que o Comit\u00ea vai se inserir nesse processo de acompanhamento da realidade do rio, sem deixar apenas sob a responsabilidade do Ibama e do Instituto de Meio Ambiente\/ IMA\u201d, destaca o secret\u00e1rio.<\/p>\n<p style=\"text-align: justify\">Para participar da reuni\u00e3o, j\u00e1 confirmaram presen\u00e7as representantes do Minist\u00e9rio P\u00fablico (MP) dos estados de Alagoas e Bahia; Minist\u00e9rio P\u00fablico Federal (MPF) de Alagoas e Sergipe; Instituto Brasileiro de Meio Ambiente e Recursos Naturais Renov\u00e1veis (Ibama); Instituto do Meio Ambiente de Alagoas (IMA\/AL); secretarias de Meio Ambiente de Alagoas e Sergipe; Companhia de Abastecimento de Alagoas (Casal); Companhia Hidroel\u00e9trica do S\u00e3o Francisco (Chesf); Conselho Regional de Arquitetura (Crea\/AL); Funda\u00e7\u00e3o Nacional de Sa\u00fade (Funasa); Associa\u00e7\u00e3o Brasileira de Engenharia Sanit\u00e1ria (Abes); Comiss\u00e3o Pastoral dos Pescadores (CPP); al\u00e9m de especialistas convidados.<\/p>\n<p style=\"text-align: justify\">O\u00a0Comit\u00ea da Bacia Hidrogr\u00e1fica do Rio S\u00e3o Francisco\u00a0\u00e9 um \u00f3rg\u00e3o colegiado, integrado pelo poder p\u00fablico, sociedade civil e empresas usu\u00e1rias de \u00e1gua, que tem por finalidade realizar a gest\u00e3o descentralizada e participativa dos recursos h\u00eddricos da bacia, na perspectiva de proteger os seus mananciais e contribuir para o seu desenvolvimento sustent\u00e1vel. A diversidade de representa\u00e7\u00f5es e interesses torna o CBHSF uma das mais importantes experi\u00eancias de gest\u00e3o colegiada envolvendo Estado e sociedade no Brasil.<\/p>\n","protected":false},"excerpt":{"rendered":"<p>Est\u00e1 marcada para \u00e0s 10h desta ter\u00e7a-feira (14.04), em Macei\u00f3 (AL), uma reuni\u00e3o emergencial do Comit\u00ea da Bacia Hidrogr\u00e1fica do Rio S\u00e3o Francisco (CBHSF) com diversos \u00f3rg\u00e3os ligados \u00e0 quest\u00e3o ambiental, para discutir os motivos que provocaram uma mancha escura na calha do rio, entre os munic\u00edpios de Paulo Afonso (BA) e Delmiro Gouveia (AL). O objetivo \u00e9 fazer um levantamento do que ocorreu, procurando ver poss\u00edveis responsabilidades e ouvir t\u00e9cnicos e especialistas para a tomada de medidas preventivas futuras. De acordo com o secret\u00e1rio do CBHSF, Maciel Oliveira, o encontro est\u00e1 marcado para o hotel Macei\u00f3 Atlantic Su\u00edtes, a partir das 10h, na capital alagoana. \u201cEst\u00e1 havendo um choque de informa\u00e7\u00f5es e queremos reunir todos os envolvidos no problema&hellip; <\/p>\n","protected":false},"author":7,"featured_media":0,"comment_status":"open","ping_status":"open","sticky":false,"template":"","format":"standard","meta":{"_acf_changed":false,"footnotes":""},"categories":[29],"tags":[],"class_list":["post-122323","post","type-post","status-publish","format-standard","hentry","category-meio-ambiente"],"acf":[],"yoast_head":"<!-- This site is optimized with the Yoast SEO plugin v27.4 - https:\/\/yoast.com\/product\/yoast-seo-wordpress\/ -->\n<title>CBHSF REALIZA REUNI\u00c3O EMERGENCIAL PARA DISCUTIR SOBRE MANCHA ESCURA NO S\u00c3O FRANCISCO - Blog do Farn\u00e9sio<\/title>\n<meta name=\"robots\" content=\"index, follow, max-snippet:-1, max-image-preview:large, max-video-preview:-1\" \/>\n<link rel=\"canonical\" href=\"https:\/\/blogdofarnesio.com.br\/?p=122323\" \/>\n<meta property=\"og:locale\" content=\"pt_BR\" \/>\n<meta property=\"og:type\" content=\"article\" \/>\n<meta property=\"og:title\" content=\"CBHSF REALIZA REUNI\u00c3O EMERGENCIAL PARA DISCUTIR SOBRE MANCHA ESCURA NO S\u00c3O FRANCISCO - Blog do Farn\u00e9sio\" \/>\n<meta property=\"og:description\" content=\"Est\u00e1 marcada para \u00e0s 10h desta ter\u00e7a-feira (14.04), em Macei\u00f3 (AL), uma reuni\u00e3o emergencial do Comit\u00ea da Bacia Hidrogr\u00e1fica do Rio S\u00e3o Francisco (CBHSF) com diversos \u00f3rg\u00e3os ligados \u00e0 quest\u00e3o ambiental, para discutir os motivos que provocaram uma mancha escura na calha do rio, entre os munic\u00edpios de Paulo Afonso (BA) e Delmiro Gouveia (AL). O objetivo \u00e9 fazer um levantamento do que ocorreu, procurando ver poss\u00edveis responsabilidades e ouvir t\u00e9cnicos e especialistas para a tomada de medidas preventivas futuras. De acordo com o secret\u00e1rio do CBHSF, Maciel Oliveira, o encontro est\u00e1 marcado para o hotel Macei\u00f3 Atlantic Su\u00edtes, a partir das 10h, na capital alagoana. \u201cEst\u00e1 havendo um choque de informa\u00e7\u00f5es e queremos reunir todos os envolvidos no problema&hellip;\" \/>\n<meta property=\"og:url\" content=\"https:\/\/blogdofarnesio.com.br\/?p=122323\" \/>\n<meta property=\"og:site_name\" content=\"Blog do Farn\u00e9sio\" \/>\n<meta property=\"article:publisher\" content=\"https:\/\/www.facebook.com\/BlogQuerSaberPolitica\/\" \/>\n<meta property=\"article:published_time\" content=\"2015-04-14T16:00:26+00:00\" \/>\n<meta name=\"twitter:card\" content=\"summary_large_image\" \/>\n<meta name=\"twitter:label1\" content=\"Escrito por\" \/>\n\t<meta name=\"twitter:data1\" content=\"\" \/>\n\t<meta name=\"twitter:label2\" content=\"Est. tempo de leitura\" \/>\n\t<meta name=\"twitter:data2\" content=\"2 minutos\" \/>\n<script type=\"application\/ld+json\" class=\"yoast-schema-graph\">{\"@context\":\"https:\\\/\\\/schema.org\",\"@graph\":[{\"@type\":\"Article\",\"@id\":\"https:\\\/\\\/blogdofarnesio.com.br\\\/?p=122323#article\",\"isPartOf\":{\"@id\":\"https:\\\/\\\/blogdofarnesio.com.br\\\/?p=122323\"},\"author\":{\"name\":\"\",\"@id\":\"\"},\"headline\":\"CBHSF REALIZA REUNI\u00c3O EMERGENCIAL PARA DISCUTIR SOBRE MANCHA ESCURA NO S\u00c3O FRANCISCO\",\"datePublished\":\"2015-04-14T16:00:26+00:00\",\"mainEntityOfPage\":{\"@id\":\"https:\\\/\\\/blogdofarnesio.com.br\\\/?p=122323\"},\"wordCount\":441,\"commentCount\":0,\"publisher\":{\"@id\":\"https:\\\/\\\/blogdofarnesio.com.br\\\/#organization\"},\"articleSection\":[\"Meio Ambiente\"],\"inLanguage\":\"pt-BR\",\"potentialAction\":[{\"@type\":\"CommentAction\",\"name\":\"Comment\",\"target\":[\"https:\\\/\\\/blogdofarnesio.com.br\\\/?p=122323#respond\"]}]},{\"@type\":\"WebPage\",\"@id\":\"https:\\\/\\\/blogdofarnesio.com.br\\\/?p=122323\",\"url\":\"https:\\\/\\\/blogdofarnesio.com.br\\\/?p=122323\",\"name\":\"CBHSF REALIZA REUNI\u00c3O EMERGENCIAL PARA DISCUTIR SOBRE MANCHA ESCURA NO S\u00c3O FRANCISCO - Blog do Farn\u00e9sio\",\"isPartOf\":{\"@id\":\"https:\\\/\\\/blogdofarnesio.com.br\\\/#website\"},\"datePublished\":\"2015-04-14T16:00:26+00:00\",\"breadcrumb\":{\"@id\":\"https:\\\/\\\/blogdofarnesio.com.br\\\/?p=122323#breadcrumb\"},\"inLanguage\":\"pt-BR\",\"potentialAction\":[{\"@type\":\"ReadAction\",\"target\":[\"https:\\\/\\\/blogdofarnesio.com.br\\\/?p=122323\"]}]},{\"@type\":\"BreadcrumbList\",\"@id\":\"https:\\\/\\\/blogdofarnesio.com.br\\\/?p=122323#breadcrumb\",\"itemListElement\":[{\"@type\":\"ListItem\",\"position\":1,\"name\":\"In\u00edcio\",\"item\":\"https:\\\/\\\/blogdofarnesio.com.br\\\/\"},{\"@type\":\"ListItem\",\"position\":2,\"name\":\"CBHSF REALIZA REUNI\u00c3O EMERGENCIAL PARA DISCUTIR SOBRE MANCHA ESCURA NO S\u00c3O FRANCISCO\"}]},{\"@type\":\"WebSite\",\"@id\":\"https:\\\/\\\/blogdofarnesio.com.br\\\/#website\",\"url\":\"https:\\\/\\\/blogdofarnesio.com.br\\\/\",\"name\":\"Blog do Farn\u00e9sio\",\"description\":\"Quer Saber Pol\u00edtica?\",\"publisher\":{\"@id\":\"https:\\\/\\\/blogdofarnesio.com.br\\\/#organization\"},\"potentialAction\":[{\"@type\":\"SearchAction\",\"target\":{\"@type\":\"EntryPoint\",\"urlTemplate\":\"https:\\\/\\\/blogdofarnesio.com.br\\\/?s={search_term_string}\"},\"query-input\":{\"@type\":\"PropertyValueSpecification\",\"valueRequired\":true,\"valueName\":\"search_term_string\"}}],\"inLanguage\":\"pt-BR\"},{\"@type\":\"Organization\",\"@id\":\"https:\\\/\\\/blogdofarnesio.com.br\\\/#organization\",\"name\":\"Blog do Farn\u00e9sio\",\"url\":\"https:\\\/\\\/blogdofarnesio.com.br\\\/\",\"logo\":{\"@type\":\"ImageObject\",\"inLanguage\":\"pt-BR\",\"@id\":\"https:\\\/\\\/blogdofarnesio.com.br\\\/#\\\/schema\\\/logo\\\/image\\\/\",\"url\":\"https:\\\/\\\/blogdofarnesio.com.br\\\/wp-content\\\/uploads\\\/2026\\\/03\\\/cropped-logo_new-1.png\",\"contentUrl\":\"https:\\\/\\\/blogdofarnesio.com.br\\\/wp-content\\\/uploads\\\/2026\\\/03\\\/cropped-logo_new-1.png\",\"width\":881,\"height\":685,\"caption\":\"Blog do Farn\u00e9sio\"},\"image\":{\"@id\":\"https:\\\/\\\/blogdofarnesio.com.br\\\/#\\\/schema\\\/logo\\\/image\\\/\"},\"sameAs\":[\"https:\\\/\\\/www.facebook.com\\\/BlogQuerSaberPolitica\\\/\"]},{\"@type\":\"Person\",\"@id\":\"\",\"url\":\"https:\\\/\\\/blogdofarnesio.com.br\\\/?author=7\"}]}<\/script>\n<!-- \/ Yoast SEO plugin. -->","yoast_head_json":{"title":"CBHSF REALIZA REUNI\u00c3O EMERGENCIAL PARA DISCUTIR SOBRE MANCHA ESCURA NO S\u00c3O FRANCISCO - Blog do Farn\u00e9sio","robots":{"index":"index","follow":"follow","max-snippet":"max-snippet:-1","max-image-preview":"max-image-preview:large","max-video-preview":"max-video-preview:-1"},"canonical":"https:\/\/blogdofarnesio.com.br\/?p=122323","og_locale":"pt_BR","og_type":"article","og_title":"CBHSF REALIZA REUNI\u00c3O EMERGENCIAL PARA DISCUTIR SOBRE MANCHA ESCURA NO S\u00c3O FRANCISCO - Blog do Farn\u00e9sio","og_description":"Est\u00e1 marcada para \u00e0s 10h desta ter\u00e7a-feira (14.04), em Macei\u00f3 (AL), uma reuni\u00e3o emergencial do Comit\u00ea da Bacia Hidrogr\u00e1fica do Rio S\u00e3o Francisco (CBHSF) com diversos \u00f3rg\u00e3os ligados \u00e0 quest\u00e3o ambiental, para discutir os motivos que provocaram uma mancha escura na calha do rio, entre os munic\u00edpios de Paulo Afonso (BA) e Delmiro Gouveia (AL). O objetivo \u00e9 fazer um levantamento do que ocorreu, procurando ver poss\u00edveis responsabilidades e ouvir t\u00e9cnicos e especialistas para a tomada de medidas preventivas futuras. De acordo com o secret\u00e1rio do CBHSF, Maciel Oliveira, o encontro est\u00e1 marcado para o hotel Macei\u00f3 Atlantic Su\u00edtes, a partir das 10h, na capital alagoana. \u201cEst\u00e1 havendo um choque de informa\u00e7\u00f5es e queremos reunir todos os envolvidos no problema&hellip;","og_url":"https:\/\/blogdofarnesio.com.br\/?p=122323","og_site_name":"Blog do Farn\u00e9sio","article_publisher":"https:\/\/www.facebook.com\/BlogQuerSaberPolitica\/","article_published_time":"2015-04-14T16:00:26+00:00","twitter_card":"summary_large_image","twitter_misc":{"Escrito por":"","Est. tempo de leitura":"2 minutos"},"schema":{"@context":"https:\/\/schema.org","@graph":[{"@type":"Article","@id":"https:\/\/blogdofarnesio.com.br\/?p=122323#article","isPartOf":{"@id":"https:\/\/blogdofarnesio.com.br\/?p=122323"},"author":{"name":"","@id":""},"headline":"CBHSF REALIZA REUNI\u00c3O EMERGENCIAL PARA DISCUTIR SOBRE MANCHA ESCURA NO S\u00c3O FRANCISCO","datePublished":"2015-04-14T16:00:26+00:00","mainEntityOfPage":{"@id":"https:\/\/blogdofarnesio.com.br\/?p=122323"},"wordCount":441,"commentCount":0,"publisher":{"@id":"https:\/\/blogdofarnesio.com.br\/#organization"},"articleSection":["Meio Ambiente"],"inLanguage":"pt-BR","potentialAction":[{"@type":"CommentAction","name":"Comment","target":["https:\/\/blogdofarnesio.com.br\/?p=122323#respond"]}]},{"@type":"WebPage","@id":"https:\/\/blogdofarnesio.com.br\/?p=122323","url":"https:\/\/blogdofarnesio.com.br\/?p=122323","name":"CBHSF REALIZA REUNI\u00c3O EMERGENCIAL PARA DISCUTIR SOBRE MANCHA ESCURA NO S\u00c3O FRANCISCO - Blog do Farn\u00e9sio","isPartOf":{"@id":"https:\/\/blogdofarnesio.com.br\/#website"},"datePublished":"2015-04-14T16:00:26+00:00","breadcrumb":{"@id":"https:\/\/blogdofarnesio.com.br\/?p=122323#breadcrumb"},"inLanguage":"pt-BR","potentialAction":[{"@type":"ReadAction","target":["https:\/\/blogdofarnesio.com.br\/?p=122323"]}]},{"@type":"BreadcrumbList","@id":"https:\/\/blogdofarnesio.com.br\/?p=122323#breadcrumb","itemListElement":[{"@type":"ListItem","position":1,"name":"In\u00edcio","item":"https:\/\/blogdofarnesio.com.br\/"},{"@type":"ListItem","position":2,"name":"CBHSF REALIZA REUNI\u00c3O EMERGENCIAL PARA DISCUTIR SOBRE MANCHA ESCURA NO S\u00c3O FRANCISCO"}]},{"@type":"WebSite","@id":"https:\/\/blogdofarnesio.com.br\/#website","url":"https:\/\/blogdofarnesio.com.br\/","name":"Blog do Farn\u00e9sio","description":"Quer Saber Pol\u00edtica?","publisher":{"@id":"https:\/\/blogdofarnesio.com.br\/#organization"},"potentialAction":[{"@type":"SearchAction","target":{"@type":"EntryPoint","urlTemplate":"https:\/\/blogdofarnesio.com.br\/?s={search_term_string}"},"query-input":{"@type":"PropertyValueSpecification","valueRequired":true,"valueName":"search_term_string"}}],"inLanguage":"pt-BR"},{"@type":"Organization","@id":"https:\/\/blogdofarnesio.com.br\/#organization","name":"Blog do Farn\u00e9sio","url":"https:\/\/blogdofarnesio.com.br\/","logo":{"@type":"ImageObject","inLanguage":"pt-BR","@id":"https:\/\/blogdofarnesio.com.br\/#\/schema\/logo\/image\/","url":"https:\/\/blogdofarnesio.com.br\/wp-content\/uploads\/2026\/03\/cropped-logo_new-1.png","contentUrl":"https:\/\/blogdofarnesio.com.br\/wp-content\/uploads\/2026\/03\/cropped-logo_new-1.png","width":881,"height":685,"caption":"Blog do Farn\u00e9sio"},"image":{"@id":"https:\/\/blogdofarnesio.com.br\/#\/schema\/logo\/image\/"},"sameAs":["https:\/\/www.facebook.com\/BlogQuerSaberPolitica\/"]},{"@type":"Person","@id":"","url":"https:\/\/blogdofarnesio.com.br\/?author=7"}]}},"_links":{"self":[{"href":"https:\/\/blogdofarnesio.com.br\/index.php?rest_route=\/wp\/v2\/posts\/122323","targetHints":{"allow":["GET"]}}],"collection":[{"href":"https:\/\/blogdofarnesio.com.br\/index.php?rest_route=\/wp\/v2\/posts"}],"about":[{"href":"https:\/\/blogdofarnesio.com.br\/index.php?rest_route=\/wp\/v2\/types\/post"}],"author":[{"embeddable":true,"href":"https:\/\/blogdofarnesio.com.br\/index.php?rest_route=\/wp\/v2\/users\/7"}],"replies":[{"embeddable":true,"href":"https:\/\/blogdofarnesio.com.br\/index.php?rest_route=%2Fwp%2Fv2%2Fcomments&post=122323"}],"version-history":[{"count":0,"href":"https:\/\/blogdofarnesio.com.br\/index.php?rest_route=\/wp\/v2\/posts\/122323\/revisions"}],"wp:attachment":[{"href":"https:\/\/blogdofarnesio.com.br\/index.php?rest_route=%2Fwp%2Fv2%2Fmedia&parent=122323"}],"wp:term":[{"taxonomy":"category","embeddable":true,"href":"https:\/\/blogdofarnesio.com.br\/index.php?rest_route=%2Fwp%2Fv2%2Fcategories&post=122323"},{"taxonomy":"post_tag","embeddable":true,"href":"https:\/\/blogdofarnesio.com.br\/index.php?rest_route=%2Fwp%2Fv2%2Ftags&post=122323"}],"curies":[{"name":"wp","href":"https:\/\/api.w.org\/{rel}","templated":true}]}}