{"id":122312,"date":"2015-04-14T14:42:04","date_gmt":"2015-04-14T17:42:04","guid":{"rendered":"http:\/\/www.quersaberpolitica.com.br\/?p=122312"},"modified":"2015-04-14T09:16:50","modified_gmt":"2015-04-14T12:16:50","slug":"artista-plastico-de-petrolina-representa-a-cidade-na-confederacao-brasileira-de-letras-e-artes","status":"publish","type":"post","link":"https:\/\/blogdofarnesio.com.br\/?p=122312","title":{"rendered":"ARTISTA PL\u00c1STICO DE PETROLINA REPRESENTA A CIDADE NA CONFEDERA\u00c7\u00c3O BRASILEIRA DE LETRAS E ARTES"},"content":{"rendered":"<p style=\"text-align: justify\"><a href=\"http:\/\/www.quersaberpolitica.com.br\/2016\/wp-content\/uploads\/2015\/04\/blogqsp.artitapl\u00e1sticoRanilson.Viana_.jpg\"><img loading=\"lazy\" decoding=\"async\" class=\"  wp-image-122313 aligncenter\" src=\"http:\/\/www.quersaberpolitica.com.br\/2016\/wp-content\/uploads\/2015\/04\/blogqsp.artitapl\u00e1sticoRanilson.Viana_-300x194.jpg\" alt=\"blogqsp.artitapl\u00e1sticoRanilson.Viana\" width=\"370\" height=\"244\" \/><\/a><\/p>\n<p style=\"text-align: justify\">O artista pl\u00e1stico Ranilson Viana, que vem se destacando atrav\u00e9s do seu trabalho com esculturas anat\u00f4micas do corpo humano, foi convidado para participar no s\u00e1bado (11), da nomea\u00e7\u00e3o \u00a0de delegados de cultura \u00a0e entrega de certificados de novos membros\u00a0pela Confedera\u00e7\u00e3o Brasileira de Letras e Artes.\u00a0realizado na Mans\u00e3o Baccarat, em S\u00e3o Paulo.<\/p>\n<p style=\"text-align: justify\">Honrado pelo convite e a nomea\u00e7\u00e3o, Ranilson Viana afirma que almejava a conquista h\u00e1 um tempo, e que a nova realiza\u00e7\u00e3o profissional o faz acreditar mais intensamente na import\u00e2ncia da persist\u00eancia pelos seus objetivos. \u201cFiquei muito feliz ao saber que realmente tudo que pensamos e sentimos intensamente, acaba se tornando realidade\u201d, comemorou.<\/p>\n<p style=\"text-align: justify\"><!--more--><\/p>\n<p style=\"text-align: justify\">Durante o evento, que reuniu artistas e membros da Confedera\u00e7\u00e3o, vindos de v\u00e1rias regi\u00f5es do Brasil e de outros pa\u00edses, o petrolinense Ranilson Viana foi nomeado Delegado de Cultura da institui\u00e7\u00e3o. A partir de agora, Ranilson passa a representar a entidade em Petrolina, sert\u00e3o do estado. Na ocasi\u00e3o o artista recebeu tamb\u00e9m uma medalha e certificado de membro do cargo que assumiu.<\/p>\n<p style=\"text-align: justify\">Para o artista, a nomea\u00e7\u00e3o ser\u00e1 essencial para que a cidade tenha uma representa\u00e7\u00e3o cultural art\u00edstica em n\u00edvel nacional, que conseq\u00fcentemente ser\u00e1 uma porta de entrada para que os demais talentos revelados na regi\u00e3o, possam tamb\u00e9m tornar seus trabalhos conhecidos em todo o pa\u00eds.<\/p>\n<p style=\"text-align: justify\">\u201cEu vou buscar for\u00e7as na \u00e1rea de letras e artes para que possamos fazer um bom trabalho e levar os nossos artistas para o reconhecimento nacional.\u201d, assegurou o artista.<\/p>\n","protected":false},"excerpt":{"rendered":"<p>O artista pl\u00e1stico Ranilson Viana, que vem se destacando atrav\u00e9s do seu trabalho com esculturas anat\u00f4micas do corpo humano, foi convidado para participar no s\u00e1bado (11), da nomea\u00e7\u00e3o \u00a0de delegados de cultura \u00a0e entrega de certificados de novos membros\u00a0pela Confedera\u00e7\u00e3o Brasileira de Letras e Artes.\u00a0realizado na Mans\u00e3o Baccarat, em S\u00e3o Paulo. Honrado pelo convite e a nomea\u00e7\u00e3o, Ranilson Viana afirma que almejava a conquista h\u00e1 um tempo, e que a nova realiza\u00e7\u00e3o profissional o faz acreditar mais intensamente na import\u00e2ncia da persist\u00eancia pelos seus objetivos. \u201cFiquei muito feliz ao saber que realmente tudo que pensamos e sentimos intensamente, acaba se tornando realidade\u201d, comemorou.<\/p>\n","protected":false},"author":7,"featured_media":0,"comment_status":"open","ping_status":"open","sticky":false,"template":"","format":"standard","meta":{"_acf_changed":false,"footnotes":""},"categories":[10],"tags":[],"class_list":["post-122312","post","type-post","status-publish","format-standard","hentry","category-cultura"],"acf":[],"yoast_head":"<!-- This site is optimized with the Yoast SEO plugin v27.4 - https:\/\/yoast.com\/product\/yoast-seo-wordpress\/ -->\n<title>ARTISTA PL\u00c1STICO DE PETROLINA REPRESENTA A CIDADE NA CONFEDERA\u00c7\u00c3O BRASILEIRA DE LETRAS E ARTES - Blog do Farn\u00e9sio<\/title>\n<meta name=\"robots\" content=\"index, follow, max-snippet:-1, max-image-preview:large, max-video-preview:-1\" \/>\n<link rel=\"canonical\" href=\"https:\/\/blogdofarnesio.com.br\/?p=122312\" \/>\n<meta property=\"og:locale\" content=\"pt_BR\" \/>\n<meta property=\"og:type\" content=\"article\" \/>\n<meta property=\"og:title\" content=\"ARTISTA PL\u00c1STICO DE PETROLINA REPRESENTA A CIDADE NA CONFEDERA\u00c7\u00c3O BRASILEIRA DE LETRAS E ARTES - Blog do Farn\u00e9sio\" \/>\n<meta property=\"og:description\" content=\"O artista pl\u00e1stico Ranilson Viana, que vem se destacando atrav\u00e9s do seu trabalho com esculturas anat\u00f4micas do corpo humano, foi convidado para participar no s\u00e1bado (11), da nomea\u00e7\u00e3o \u00a0de delegados de cultura \u00a0e entrega de certificados de novos membros\u00a0pela Confedera\u00e7\u00e3o Brasileira de Letras e Artes.\u00a0realizado na Mans\u00e3o Baccarat, em S\u00e3o Paulo. Honrado pelo convite e a nomea\u00e7\u00e3o, Ranilson Viana afirma que almejava a conquista h\u00e1 um tempo, e que a nova realiza\u00e7\u00e3o profissional o faz acreditar mais intensamente na import\u00e2ncia da persist\u00eancia pelos seus objetivos. \u201cFiquei muito feliz ao saber que realmente tudo que pensamos e sentimos intensamente, acaba se tornando realidade\u201d, comemorou.\" \/>\n<meta property=\"og:url\" content=\"https:\/\/blogdofarnesio.com.br\/?p=122312\" \/>\n<meta property=\"og:site_name\" content=\"Blog do Farn\u00e9sio\" \/>\n<meta property=\"article:publisher\" content=\"https:\/\/www.facebook.com\/BlogQuerSaberPolitica\/\" \/>\n<meta property=\"article:published_time\" content=\"2015-04-14T17:42:04+00:00\" \/>\n<meta name=\"twitter:card\" content=\"summary_large_image\" \/>\n<meta name=\"twitter:label1\" content=\"Escrito por\" \/>\n\t<meta name=\"twitter:data1\" content=\"\" \/>\n\t<meta name=\"twitter:label2\" content=\"Est. tempo de leitura\" \/>\n\t<meta name=\"twitter:data2\" content=\"1 minuto\" \/>\n<script type=\"application\/ld+json\" class=\"yoast-schema-graph\">{\"@context\":\"https:\\\/\\\/schema.org\",\"@graph\":[{\"@type\":\"Article\",\"@id\":\"https:\\\/\\\/blogdofarnesio.com.br\\\/?p=122312#article\",\"isPartOf\":{\"@id\":\"https:\\\/\\\/blogdofarnesio.com.br\\\/?p=122312\"},\"author\":{\"name\":\"\",\"@id\":\"\"},\"headline\":\"ARTISTA PL\u00c1STICO DE PETROLINA REPRESENTA A CIDADE NA CONFEDERA\u00c7\u00c3O BRASILEIRA DE LETRAS E ARTES\",\"datePublished\":\"2015-04-14T17:42:04+00:00\",\"mainEntityOfPage\":{\"@id\":\"https:\\\/\\\/blogdofarnesio.com.br\\\/?p=122312\"},\"wordCount\":284,\"commentCount\":0,\"publisher\":{\"@id\":\"https:\\\/\\\/blogdofarnesio.com.br\\\/#organization\"},\"articleSection\":[\"Cultura\"],\"inLanguage\":\"pt-BR\",\"potentialAction\":[{\"@type\":\"CommentAction\",\"name\":\"Comment\",\"target\":[\"https:\\\/\\\/blogdofarnesio.com.br\\\/?p=122312#respond\"]}]},{\"@type\":\"WebPage\",\"@id\":\"https:\\\/\\\/blogdofarnesio.com.br\\\/?p=122312\",\"url\":\"https:\\\/\\\/blogdofarnesio.com.br\\\/?p=122312\",\"name\":\"ARTISTA PL\u00c1STICO DE PETROLINA REPRESENTA A CIDADE NA CONFEDERA\u00c7\u00c3O BRASILEIRA DE LETRAS E ARTES - Blog do Farn\u00e9sio\",\"isPartOf\":{\"@id\":\"https:\\\/\\\/blogdofarnesio.com.br\\\/#website\"},\"datePublished\":\"2015-04-14T17:42:04+00:00\",\"breadcrumb\":{\"@id\":\"https:\\\/\\\/blogdofarnesio.com.br\\\/?p=122312#breadcrumb\"},\"inLanguage\":\"pt-BR\",\"potentialAction\":[{\"@type\":\"ReadAction\",\"target\":[\"https:\\\/\\\/blogdofarnesio.com.br\\\/?p=122312\"]}]},{\"@type\":\"BreadcrumbList\",\"@id\":\"https:\\\/\\\/blogdofarnesio.com.br\\\/?p=122312#breadcrumb\",\"itemListElement\":[{\"@type\":\"ListItem\",\"position\":1,\"name\":\"In\u00edcio\",\"item\":\"https:\\\/\\\/blogdofarnesio.com.br\\\/\"},{\"@type\":\"ListItem\",\"position\":2,\"name\":\"ARTISTA PL\u00c1STICO DE PETROLINA REPRESENTA A CIDADE NA CONFEDERA\u00c7\u00c3O BRASILEIRA DE LETRAS E ARTES\"}]},{\"@type\":\"WebSite\",\"@id\":\"https:\\\/\\\/blogdofarnesio.com.br\\\/#website\",\"url\":\"https:\\\/\\\/blogdofarnesio.com.br\\\/\",\"name\":\"Blog do Farn\u00e9sio\",\"description\":\"Quer Saber Pol\u00edtica?\",\"publisher\":{\"@id\":\"https:\\\/\\\/blogdofarnesio.com.br\\\/#organization\"},\"potentialAction\":[{\"@type\":\"SearchAction\",\"target\":{\"@type\":\"EntryPoint\",\"urlTemplate\":\"https:\\\/\\\/blogdofarnesio.com.br\\\/?s={search_term_string}\"},\"query-input\":{\"@type\":\"PropertyValueSpecification\",\"valueRequired\":true,\"valueName\":\"search_term_string\"}}],\"inLanguage\":\"pt-BR\"},{\"@type\":\"Organization\",\"@id\":\"https:\\\/\\\/blogdofarnesio.com.br\\\/#organization\",\"name\":\"Blog do Farn\u00e9sio\",\"url\":\"https:\\\/\\\/blogdofarnesio.com.br\\\/\",\"logo\":{\"@type\":\"ImageObject\",\"inLanguage\":\"pt-BR\",\"@id\":\"https:\\\/\\\/blogdofarnesio.com.br\\\/#\\\/schema\\\/logo\\\/image\\\/\",\"url\":\"https:\\\/\\\/blogdofarnesio.com.br\\\/wp-content\\\/uploads\\\/2026\\\/03\\\/cropped-logo_new-1.png\",\"contentUrl\":\"https:\\\/\\\/blogdofarnesio.com.br\\\/wp-content\\\/uploads\\\/2026\\\/03\\\/cropped-logo_new-1.png\",\"width\":881,\"height\":685,\"caption\":\"Blog do Farn\u00e9sio\"},\"image\":{\"@id\":\"https:\\\/\\\/blogdofarnesio.com.br\\\/#\\\/schema\\\/logo\\\/image\\\/\"},\"sameAs\":[\"https:\\\/\\\/www.facebook.com\\\/BlogQuerSaberPolitica\\\/\"]},{\"@type\":\"Person\",\"@id\":\"\",\"url\":\"https:\\\/\\\/blogdofarnesio.com.br\\\/?author=7\"}]}<\/script>\n<!-- \/ Yoast SEO plugin. -->","yoast_head_json":{"title":"ARTISTA PL\u00c1STICO DE PETROLINA REPRESENTA A CIDADE NA CONFEDERA\u00c7\u00c3O BRASILEIRA DE LETRAS E ARTES - Blog do Farn\u00e9sio","robots":{"index":"index","follow":"follow","max-snippet":"max-snippet:-1","max-image-preview":"max-image-preview:large","max-video-preview":"max-video-preview:-1"},"canonical":"https:\/\/blogdofarnesio.com.br\/?p=122312","og_locale":"pt_BR","og_type":"article","og_title":"ARTISTA PL\u00c1STICO DE PETROLINA REPRESENTA A CIDADE NA CONFEDERA\u00c7\u00c3O BRASILEIRA DE LETRAS E ARTES - Blog do Farn\u00e9sio","og_description":"O artista pl\u00e1stico Ranilson Viana, que vem se destacando atrav\u00e9s do seu trabalho com esculturas anat\u00f4micas do corpo humano, foi convidado para participar no s\u00e1bado (11), da nomea\u00e7\u00e3o \u00a0de delegados de cultura \u00a0e entrega de certificados de novos membros\u00a0pela Confedera\u00e7\u00e3o Brasileira de Letras e Artes.\u00a0realizado na Mans\u00e3o Baccarat, em S\u00e3o Paulo. Honrado pelo convite e a nomea\u00e7\u00e3o, Ranilson Viana afirma que almejava a conquista h\u00e1 um tempo, e que a nova realiza\u00e7\u00e3o profissional o faz acreditar mais intensamente na import\u00e2ncia da persist\u00eancia pelos seus objetivos. \u201cFiquei muito feliz ao saber que realmente tudo que pensamos e sentimos intensamente, acaba se tornando realidade\u201d, comemorou.","og_url":"https:\/\/blogdofarnesio.com.br\/?p=122312","og_site_name":"Blog do Farn\u00e9sio","article_publisher":"https:\/\/www.facebook.com\/BlogQuerSaberPolitica\/","article_published_time":"2015-04-14T17:42:04+00:00","twitter_card":"summary_large_image","twitter_misc":{"Escrito por":"","Est. tempo de leitura":"1 minuto"},"schema":{"@context":"https:\/\/schema.org","@graph":[{"@type":"Article","@id":"https:\/\/blogdofarnesio.com.br\/?p=122312#article","isPartOf":{"@id":"https:\/\/blogdofarnesio.com.br\/?p=122312"},"author":{"name":"","@id":""},"headline":"ARTISTA PL\u00c1STICO DE PETROLINA REPRESENTA A CIDADE NA CONFEDERA\u00c7\u00c3O BRASILEIRA DE LETRAS E ARTES","datePublished":"2015-04-14T17:42:04+00:00","mainEntityOfPage":{"@id":"https:\/\/blogdofarnesio.com.br\/?p=122312"},"wordCount":284,"commentCount":0,"publisher":{"@id":"https:\/\/blogdofarnesio.com.br\/#organization"},"articleSection":["Cultura"],"inLanguage":"pt-BR","potentialAction":[{"@type":"CommentAction","name":"Comment","target":["https:\/\/blogdofarnesio.com.br\/?p=122312#respond"]}]},{"@type":"WebPage","@id":"https:\/\/blogdofarnesio.com.br\/?p=122312","url":"https:\/\/blogdofarnesio.com.br\/?p=122312","name":"ARTISTA PL\u00c1STICO DE PETROLINA REPRESENTA A CIDADE NA CONFEDERA\u00c7\u00c3O BRASILEIRA DE LETRAS E ARTES - Blog do Farn\u00e9sio","isPartOf":{"@id":"https:\/\/blogdofarnesio.com.br\/#website"},"datePublished":"2015-04-14T17:42:04+00:00","breadcrumb":{"@id":"https:\/\/blogdofarnesio.com.br\/?p=122312#breadcrumb"},"inLanguage":"pt-BR","potentialAction":[{"@type":"ReadAction","target":["https:\/\/blogdofarnesio.com.br\/?p=122312"]}]},{"@type":"BreadcrumbList","@id":"https:\/\/blogdofarnesio.com.br\/?p=122312#breadcrumb","itemListElement":[{"@type":"ListItem","position":1,"name":"In\u00edcio","item":"https:\/\/blogdofarnesio.com.br\/"},{"@type":"ListItem","position":2,"name":"ARTISTA PL\u00c1STICO DE PETROLINA REPRESENTA A CIDADE NA CONFEDERA\u00c7\u00c3O BRASILEIRA DE LETRAS E ARTES"}]},{"@type":"WebSite","@id":"https:\/\/blogdofarnesio.com.br\/#website","url":"https:\/\/blogdofarnesio.com.br\/","name":"Blog do Farn\u00e9sio","description":"Quer Saber Pol\u00edtica?","publisher":{"@id":"https:\/\/blogdofarnesio.com.br\/#organization"},"potentialAction":[{"@type":"SearchAction","target":{"@type":"EntryPoint","urlTemplate":"https:\/\/blogdofarnesio.com.br\/?s={search_term_string}"},"query-input":{"@type":"PropertyValueSpecification","valueRequired":true,"valueName":"search_term_string"}}],"inLanguage":"pt-BR"},{"@type":"Organization","@id":"https:\/\/blogdofarnesio.com.br\/#organization","name":"Blog do Farn\u00e9sio","url":"https:\/\/blogdofarnesio.com.br\/","logo":{"@type":"ImageObject","inLanguage":"pt-BR","@id":"https:\/\/blogdofarnesio.com.br\/#\/schema\/logo\/image\/","url":"https:\/\/blogdofarnesio.com.br\/wp-content\/uploads\/2026\/03\/cropped-logo_new-1.png","contentUrl":"https:\/\/blogdofarnesio.com.br\/wp-content\/uploads\/2026\/03\/cropped-logo_new-1.png","width":881,"height":685,"caption":"Blog do Farn\u00e9sio"},"image":{"@id":"https:\/\/blogdofarnesio.com.br\/#\/schema\/logo\/image\/"},"sameAs":["https:\/\/www.facebook.com\/BlogQuerSaberPolitica\/"]},{"@type":"Person","@id":"","url":"https:\/\/blogdofarnesio.com.br\/?author=7"}]}},"_links":{"self":[{"href":"https:\/\/blogdofarnesio.com.br\/index.php?rest_route=\/wp\/v2\/posts\/122312","targetHints":{"allow":["GET"]}}],"collection":[{"href":"https:\/\/blogdofarnesio.com.br\/index.php?rest_route=\/wp\/v2\/posts"}],"about":[{"href":"https:\/\/blogdofarnesio.com.br\/index.php?rest_route=\/wp\/v2\/types\/post"}],"author":[{"embeddable":true,"href":"https:\/\/blogdofarnesio.com.br\/index.php?rest_route=\/wp\/v2\/users\/7"}],"replies":[{"embeddable":true,"href":"https:\/\/blogdofarnesio.com.br\/index.php?rest_route=%2Fwp%2Fv2%2Fcomments&post=122312"}],"version-history":[{"count":0,"href":"https:\/\/blogdofarnesio.com.br\/index.php?rest_route=\/wp\/v2\/posts\/122312\/revisions"}],"wp:attachment":[{"href":"https:\/\/blogdofarnesio.com.br\/index.php?rest_route=%2Fwp%2Fv2%2Fmedia&parent=122312"}],"wp:term":[{"taxonomy":"category","embeddable":true,"href":"https:\/\/blogdofarnesio.com.br\/index.php?rest_route=%2Fwp%2Fv2%2Fcategories&post=122312"},{"taxonomy":"post_tag","embeddable":true,"href":"https:\/\/blogdofarnesio.com.br\/index.php?rest_route=%2Fwp%2Fv2%2Ftags&post=122312"}],"curies":[{"name":"wp","href":"https:\/\/api.w.org\/{rel}","templated":true}]}}