{"id":122198,"date":"2015-04-12T09:38:48","date_gmt":"2015-04-12T12:38:48","guid":{"rendered":"http:\/\/www.quersaberpolitica.com.br\/?p=122198"},"modified":"2015-04-12T09:38:48","modified_gmt":"2015-04-12T12:38:48","slug":"jardim-sao-paulo-agora-conta-com-uma-nova-semente","status":"publish","type":"post","link":"https:\/\/blogdofarnesio.com.br\/?p=122198","title":{"rendered":"JARDIM S\u00c3O PAULO AGORA CONTA COM UMA NOVA SEMENTE"},"content":{"rendered":"<p dir=\"ltr\" style=\"text-align: justify\"><a href=\"http:\/\/www.quersaberpolitica.com.br\/2016\/wp-content\/uploads\/2015\/04\/blogqsp.novasemente.jardims\u00e3opaulo.petrolina.jpg\"><img loading=\"lazy\" decoding=\"async\" class=\" size-medium wp-image-122199 aligncenter\" src=\"http:\/\/www.quersaberpolitica.com.br\/2016\/wp-content\/uploads\/2015\/04\/blogqsp.novasemente.jardims\u00e3opaulo.petrolina-300x214.jpg\" alt=\"blogqsp.novasemente.jardims\u00e3opaulo.petrolina\" width=\"300\" height=\"214\" srcset=\"https:\/\/blogdofarnesio.com.br\/wp-content\/uploads\/2015\/04\/blogqsp.novasemente.jardims\u00e3opaulo.petrolina-300x214.jpg 300w, https:\/\/blogdofarnesio.com.br\/wp-content\/uploads\/2015\/04\/blogqsp.novasemente.jardims\u00e3opaulo.petrolina-420x300.jpg 420w, https:\/\/blogdofarnesio.com.br\/wp-content\/uploads\/2015\/04\/blogqsp.novasemente.jardims\u00e3opaulo.petrolina.jpg 448w\" sizes=\"auto, (max-width: 300px) 100vw, 300px\" \/><\/a><\/p>\n<p dir=\"ltr\" style=\"text-align: justify\">A creche Nova Semente do Jardim S\u00e3o Paulo foi entregue na noite desta sexta-feira (10) a comunidade, que esteve em peso, prestigiando a inaugura\u00e7\u00e3o da unidade Jardim da Inf\u00e2ncia, cuja gestora, Carmem L\u00facia Ferreira Mendes, se comprometeu com os pais em proporcionar conforto \u00e0s crian\u00e7as atendidas enquanto seus genitores trabalham tranq\u00fcilos.<\/p>\n<p dir=\"ltr\" style=\"text-align: justify\">\u00a0A creche proporcionar\u00e1 atendimentos pedag\u00f3gicos e nutricionais para 110 crian\u00e7as e gera\u00e7\u00e3o de emprego para 32 funcion\u00e1rias, as sementeiras.\u00a0 O prefeito Julio Lossio n\u00e3o pode comparecer a inaugura\u00e7\u00e3o como de costume, por estar cumprindo agenda oficial em Bras\u00edlia, mas deixou uma bela mensagem de \u00e2nimo as sementeiras e garantiu mais uma vez \u201cEnquanto tiver crian\u00e7as fora da creche vamos inaugurar unidades do Nova Semente em Petrolina\u201d.<\/p>\n<p dir=\"ltr\" style=\"text-align: justify\">O poder legislativo foi representado pelo edil Pedro Felipe, que se colocou a disposi\u00e7\u00e3o do programa criado em outubro de 2010 pela gest\u00e3o atual e que tem a parceria do Petrape, do Instituto Alfa e Beto (IAB) e da comunidade local. \u00a0\u201cSempre falo da minha cidade por onde vou. Meus amigos da faculdade em falavam de suas cidades e sempre defendi Petrolina. Falei da AME, eles revidaram, falei de outros programas e eles argumentavam dando exemplos de suas cidades, mas quando falei da proposta do Nova Semente todos se calaram, esse \u00e9 um projeto incr\u00edvel, em Petrolina, o governo Lossio cuida das nossas crian\u00e7as, do futuro\u201d, declarou o vereador.<\/p>\n<p dir=\"ltr\" style=\"text-align: justify\">Representando o prefeito, o secret\u00e1rio de educa\u00e7\u00e3o, Heitor Leite, fez as honras da casa e ap\u00f3s seu discurso convidou a todos os presentes para conhecerem a unidade Jardim da Inf\u00e2ncia. \u201c\u00c9 muita responsabilidade e prazer representar o prefeito Julio Lossio, especialmente por ser uma inaugura\u00e7\u00e3o do Nova Semente, pensada, e criada pelo prefeito, e t\u00e3o bem aceita pela popula\u00e7\u00e3o\u201d, finalizou.<\/p>\n","protected":false},"excerpt":{"rendered":"<p>A creche Nova Semente do Jardim S\u00e3o Paulo foi entregue na noite desta sexta-feira (10) a comunidade, que esteve em peso, prestigiando a inaugura\u00e7\u00e3o da unidade Jardim da Inf\u00e2ncia, cuja gestora, Carmem L\u00facia Ferreira Mendes, se comprometeu com os pais em proporcionar conforto \u00e0s crian\u00e7as atendidas enquanto seus genitores trabalham tranq\u00fcilos. \u00a0A creche proporcionar\u00e1 atendimentos pedag\u00f3gicos e nutricionais para 110 crian\u00e7as e gera\u00e7\u00e3o de emprego para 32 funcion\u00e1rias, as sementeiras.\u00a0 O prefeito Julio Lossio n\u00e3o pode comparecer a inaugura\u00e7\u00e3o como de costume, por estar cumprindo agenda oficial em Bras\u00edlia, mas deixou uma bela mensagem de \u00e2nimo as sementeiras e garantiu mais uma vez \u201cEnquanto tiver crian\u00e7as fora da creche vamos inaugurar unidades do Nova Semente em Petrolina\u201d. O poder legislativo&hellip; <\/p>\n","protected":false},"author":7,"featured_media":0,"comment_status":"open","ping_status":"open","sticky":false,"template":"","format":"standard","meta":{"_acf_changed":false,"footnotes":""},"categories":[1],"tags":[],"class_list":["post-122198","post","type-post","status-publish","format-standard","hentry","category-politica"],"acf":[],"yoast_head":"<!-- This site is optimized with the Yoast SEO plugin v27.4 - https:\/\/yoast.com\/product\/yoast-seo-wordpress\/ -->\n<title>JARDIM S\u00c3O PAULO AGORA CONTA COM UMA NOVA SEMENTE - Blog do Farn\u00e9sio<\/title>\n<meta name=\"robots\" content=\"index, follow, max-snippet:-1, max-image-preview:large, max-video-preview:-1\" \/>\n<link rel=\"canonical\" href=\"https:\/\/blogdofarnesio.com.br\/?p=122198\" \/>\n<meta property=\"og:locale\" content=\"pt_BR\" \/>\n<meta property=\"og:type\" content=\"article\" \/>\n<meta property=\"og:title\" content=\"JARDIM S\u00c3O PAULO AGORA CONTA COM UMA NOVA SEMENTE - Blog do Farn\u00e9sio\" \/>\n<meta property=\"og:description\" content=\"A creche Nova Semente do Jardim S\u00e3o Paulo foi entregue na noite desta sexta-feira (10) a comunidade, que esteve em peso, prestigiando a inaugura\u00e7\u00e3o da unidade Jardim da Inf\u00e2ncia, cuja gestora, Carmem L\u00facia Ferreira Mendes, se comprometeu com os pais em proporcionar conforto \u00e0s crian\u00e7as atendidas enquanto seus genitores trabalham tranq\u00fcilos. \u00a0A creche proporcionar\u00e1 atendimentos pedag\u00f3gicos e nutricionais para 110 crian\u00e7as e gera\u00e7\u00e3o de emprego para 32 funcion\u00e1rias, as sementeiras.\u00a0 O prefeito Julio Lossio n\u00e3o pode comparecer a inaugura\u00e7\u00e3o como de costume, por estar cumprindo agenda oficial em Bras\u00edlia, mas deixou uma bela mensagem de \u00e2nimo as sementeiras e garantiu mais uma vez \u201cEnquanto tiver crian\u00e7as fora da creche vamos inaugurar unidades do Nova Semente em Petrolina\u201d. O poder legislativo&hellip;\" \/>\n<meta property=\"og:url\" content=\"https:\/\/blogdofarnesio.com.br\/?p=122198\" \/>\n<meta property=\"og:site_name\" content=\"Blog do Farn\u00e9sio\" \/>\n<meta property=\"article:publisher\" content=\"https:\/\/www.facebook.com\/BlogQuerSaberPolitica\/\" \/>\n<meta property=\"article:published_time\" content=\"2015-04-12T12:38:48+00:00\" \/>\n<meta name=\"twitter:card\" content=\"summary_large_image\" \/>\n<meta name=\"twitter:label1\" content=\"Escrito por\" \/>\n\t<meta name=\"twitter:data1\" content=\"\" \/>\n\t<meta name=\"twitter:label2\" content=\"Est. tempo de leitura\" \/>\n\t<meta name=\"twitter:data2\" content=\"2 minutos\" \/>\n<script type=\"application\/ld+json\" class=\"yoast-schema-graph\">{\"@context\":\"https:\\\/\\\/schema.org\",\"@graph\":[{\"@type\":\"Article\",\"@id\":\"https:\\\/\\\/blogdofarnesio.com.br\\\/?p=122198#article\",\"isPartOf\":{\"@id\":\"https:\\\/\\\/blogdofarnesio.com.br\\\/?p=122198\"},\"author\":{\"name\":\"\",\"@id\":\"\"},\"headline\":\"JARDIM S\u00c3O PAULO AGORA CONTA COM UMA NOVA SEMENTE\",\"datePublished\":\"2015-04-12T12:38:48+00:00\",\"mainEntityOfPage\":{\"@id\":\"https:\\\/\\\/blogdofarnesio.com.br\\\/?p=122198\"},\"wordCount\":315,\"commentCount\":0,\"publisher\":{\"@id\":\"https:\\\/\\\/blogdofarnesio.com.br\\\/#organization\"},\"articleSection\":[\"Pol\u00edtica\"],\"inLanguage\":\"pt-BR\",\"potentialAction\":[{\"@type\":\"CommentAction\",\"name\":\"Comment\",\"target\":[\"https:\\\/\\\/blogdofarnesio.com.br\\\/?p=122198#respond\"]}]},{\"@type\":\"WebPage\",\"@id\":\"https:\\\/\\\/blogdofarnesio.com.br\\\/?p=122198\",\"url\":\"https:\\\/\\\/blogdofarnesio.com.br\\\/?p=122198\",\"name\":\"JARDIM S\u00c3O PAULO AGORA CONTA COM UMA NOVA SEMENTE - Blog do Farn\u00e9sio\",\"isPartOf\":{\"@id\":\"https:\\\/\\\/blogdofarnesio.com.br\\\/#website\"},\"datePublished\":\"2015-04-12T12:38:48+00:00\",\"breadcrumb\":{\"@id\":\"https:\\\/\\\/blogdofarnesio.com.br\\\/?p=122198#breadcrumb\"},\"inLanguage\":\"pt-BR\",\"potentialAction\":[{\"@type\":\"ReadAction\",\"target\":[\"https:\\\/\\\/blogdofarnesio.com.br\\\/?p=122198\"]}]},{\"@type\":\"BreadcrumbList\",\"@id\":\"https:\\\/\\\/blogdofarnesio.com.br\\\/?p=122198#breadcrumb\",\"itemListElement\":[{\"@type\":\"ListItem\",\"position\":1,\"name\":\"In\u00edcio\",\"item\":\"https:\\\/\\\/blogdofarnesio.com.br\\\/\"},{\"@type\":\"ListItem\",\"position\":2,\"name\":\"JARDIM S\u00c3O PAULO AGORA CONTA COM UMA NOVA SEMENTE\"}]},{\"@type\":\"WebSite\",\"@id\":\"https:\\\/\\\/blogdofarnesio.com.br\\\/#website\",\"url\":\"https:\\\/\\\/blogdofarnesio.com.br\\\/\",\"name\":\"Blog do Farn\u00e9sio\",\"description\":\"Quer Saber Pol\u00edtica?\",\"publisher\":{\"@id\":\"https:\\\/\\\/blogdofarnesio.com.br\\\/#organization\"},\"potentialAction\":[{\"@type\":\"SearchAction\",\"target\":{\"@type\":\"EntryPoint\",\"urlTemplate\":\"https:\\\/\\\/blogdofarnesio.com.br\\\/?s={search_term_string}\"},\"query-input\":{\"@type\":\"PropertyValueSpecification\",\"valueRequired\":true,\"valueName\":\"search_term_string\"}}],\"inLanguage\":\"pt-BR\"},{\"@type\":\"Organization\",\"@id\":\"https:\\\/\\\/blogdofarnesio.com.br\\\/#organization\",\"name\":\"Blog do Farn\u00e9sio\",\"url\":\"https:\\\/\\\/blogdofarnesio.com.br\\\/\",\"logo\":{\"@type\":\"ImageObject\",\"inLanguage\":\"pt-BR\",\"@id\":\"https:\\\/\\\/blogdofarnesio.com.br\\\/#\\\/schema\\\/logo\\\/image\\\/\",\"url\":\"https:\\\/\\\/blogdofarnesio.com.br\\\/wp-content\\\/uploads\\\/2026\\\/03\\\/cropped-logo_new-1.png\",\"contentUrl\":\"https:\\\/\\\/blogdofarnesio.com.br\\\/wp-content\\\/uploads\\\/2026\\\/03\\\/cropped-logo_new-1.png\",\"width\":881,\"height\":685,\"caption\":\"Blog do Farn\u00e9sio\"},\"image\":{\"@id\":\"https:\\\/\\\/blogdofarnesio.com.br\\\/#\\\/schema\\\/logo\\\/image\\\/\"},\"sameAs\":[\"https:\\\/\\\/www.facebook.com\\\/BlogQuerSaberPolitica\\\/\"]},{\"@type\":\"Person\",\"@id\":\"\",\"url\":\"https:\\\/\\\/blogdofarnesio.com.br\\\/?author=7\"}]}<\/script>\n<!-- \/ Yoast SEO plugin. -->","yoast_head_json":{"title":"JARDIM S\u00c3O PAULO AGORA CONTA COM UMA NOVA SEMENTE - Blog do Farn\u00e9sio","robots":{"index":"index","follow":"follow","max-snippet":"max-snippet:-1","max-image-preview":"max-image-preview:large","max-video-preview":"max-video-preview:-1"},"canonical":"https:\/\/blogdofarnesio.com.br\/?p=122198","og_locale":"pt_BR","og_type":"article","og_title":"JARDIM S\u00c3O PAULO AGORA CONTA COM UMA NOVA SEMENTE - Blog do Farn\u00e9sio","og_description":"A creche Nova Semente do Jardim S\u00e3o Paulo foi entregue na noite desta sexta-feira (10) a comunidade, que esteve em peso, prestigiando a inaugura\u00e7\u00e3o da unidade Jardim da Inf\u00e2ncia, cuja gestora, Carmem L\u00facia Ferreira Mendes, se comprometeu com os pais em proporcionar conforto \u00e0s crian\u00e7as atendidas enquanto seus genitores trabalham tranq\u00fcilos. \u00a0A creche proporcionar\u00e1 atendimentos pedag\u00f3gicos e nutricionais para 110 crian\u00e7as e gera\u00e7\u00e3o de emprego para 32 funcion\u00e1rias, as sementeiras.\u00a0 O prefeito Julio Lossio n\u00e3o pode comparecer a inaugura\u00e7\u00e3o como de costume, por estar cumprindo agenda oficial em Bras\u00edlia, mas deixou uma bela mensagem de \u00e2nimo as sementeiras e garantiu mais uma vez \u201cEnquanto tiver crian\u00e7as fora da creche vamos inaugurar unidades do Nova Semente em Petrolina\u201d. O poder legislativo&hellip;","og_url":"https:\/\/blogdofarnesio.com.br\/?p=122198","og_site_name":"Blog do Farn\u00e9sio","article_publisher":"https:\/\/www.facebook.com\/BlogQuerSaberPolitica\/","article_published_time":"2015-04-12T12:38:48+00:00","twitter_card":"summary_large_image","twitter_misc":{"Escrito por":"","Est. tempo de leitura":"2 minutos"},"schema":{"@context":"https:\/\/schema.org","@graph":[{"@type":"Article","@id":"https:\/\/blogdofarnesio.com.br\/?p=122198#article","isPartOf":{"@id":"https:\/\/blogdofarnesio.com.br\/?p=122198"},"author":{"name":"","@id":""},"headline":"JARDIM S\u00c3O PAULO AGORA CONTA COM UMA NOVA SEMENTE","datePublished":"2015-04-12T12:38:48+00:00","mainEntityOfPage":{"@id":"https:\/\/blogdofarnesio.com.br\/?p=122198"},"wordCount":315,"commentCount":0,"publisher":{"@id":"https:\/\/blogdofarnesio.com.br\/#organization"},"articleSection":["Pol\u00edtica"],"inLanguage":"pt-BR","potentialAction":[{"@type":"CommentAction","name":"Comment","target":["https:\/\/blogdofarnesio.com.br\/?p=122198#respond"]}]},{"@type":"WebPage","@id":"https:\/\/blogdofarnesio.com.br\/?p=122198","url":"https:\/\/blogdofarnesio.com.br\/?p=122198","name":"JARDIM S\u00c3O PAULO AGORA CONTA COM UMA NOVA SEMENTE - Blog do Farn\u00e9sio","isPartOf":{"@id":"https:\/\/blogdofarnesio.com.br\/#website"},"datePublished":"2015-04-12T12:38:48+00:00","breadcrumb":{"@id":"https:\/\/blogdofarnesio.com.br\/?p=122198#breadcrumb"},"inLanguage":"pt-BR","potentialAction":[{"@type":"ReadAction","target":["https:\/\/blogdofarnesio.com.br\/?p=122198"]}]},{"@type":"BreadcrumbList","@id":"https:\/\/blogdofarnesio.com.br\/?p=122198#breadcrumb","itemListElement":[{"@type":"ListItem","position":1,"name":"In\u00edcio","item":"https:\/\/blogdofarnesio.com.br\/"},{"@type":"ListItem","position":2,"name":"JARDIM S\u00c3O PAULO AGORA CONTA COM UMA NOVA SEMENTE"}]},{"@type":"WebSite","@id":"https:\/\/blogdofarnesio.com.br\/#website","url":"https:\/\/blogdofarnesio.com.br\/","name":"Blog do Farn\u00e9sio","description":"Quer Saber Pol\u00edtica?","publisher":{"@id":"https:\/\/blogdofarnesio.com.br\/#organization"},"potentialAction":[{"@type":"SearchAction","target":{"@type":"EntryPoint","urlTemplate":"https:\/\/blogdofarnesio.com.br\/?s={search_term_string}"},"query-input":{"@type":"PropertyValueSpecification","valueRequired":true,"valueName":"search_term_string"}}],"inLanguage":"pt-BR"},{"@type":"Organization","@id":"https:\/\/blogdofarnesio.com.br\/#organization","name":"Blog do Farn\u00e9sio","url":"https:\/\/blogdofarnesio.com.br\/","logo":{"@type":"ImageObject","inLanguage":"pt-BR","@id":"https:\/\/blogdofarnesio.com.br\/#\/schema\/logo\/image\/","url":"https:\/\/blogdofarnesio.com.br\/wp-content\/uploads\/2026\/03\/cropped-logo_new-1.png","contentUrl":"https:\/\/blogdofarnesio.com.br\/wp-content\/uploads\/2026\/03\/cropped-logo_new-1.png","width":881,"height":685,"caption":"Blog do Farn\u00e9sio"},"image":{"@id":"https:\/\/blogdofarnesio.com.br\/#\/schema\/logo\/image\/"},"sameAs":["https:\/\/www.facebook.com\/BlogQuerSaberPolitica\/"]},{"@type":"Person","@id":"","url":"https:\/\/blogdofarnesio.com.br\/?author=7"}]}},"_links":{"self":[{"href":"https:\/\/blogdofarnesio.com.br\/index.php?rest_route=\/wp\/v2\/posts\/122198","targetHints":{"allow":["GET"]}}],"collection":[{"href":"https:\/\/blogdofarnesio.com.br\/index.php?rest_route=\/wp\/v2\/posts"}],"about":[{"href":"https:\/\/blogdofarnesio.com.br\/index.php?rest_route=\/wp\/v2\/types\/post"}],"author":[{"embeddable":true,"href":"https:\/\/blogdofarnesio.com.br\/index.php?rest_route=\/wp\/v2\/users\/7"}],"replies":[{"embeddable":true,"href":"https:\/\/blogdofarnesio.com.br\/index.php?rest_route=%2Fwp%2Fv2%2Fcomments&post=122198"}],"version-history":[{"count":0,"href":"https:\/\/blogdofarnesio.com.br\/index.php?rest_route=\/wp\/v2\/posts\/122198\/revisions"}],"wp:attachment":[{"href":"https:\/\/blogdofarnesio.com.br\/index.php?rest_route=%2Fwp%2Fv2%2Fmedia&parent=122198"}],"wp:term":[{"taxonomy":"category","embeddable":true,"href":"https:\/\/blogdofarnesio.com.br\/index.php?rest_route=%2Fwp%2Fv2%2Fcategories&post=122198"},{"taxonomy":"post_tag","embeddable":true,"href":"https:\/\/blogdofarnesio.com.br\/index.php?rest_route=%2Fwp%2Fv2%2Ftags&post=122198"}],"curies":[{"name":"wp","href":"https:\/\/api.w.org\/{rel}","templated":true}]}}