{"id":122190,"date":"2015-04-12T10:30:22","date_gmt":"2015-04-12T13:30:22","guid":{"rendered":"http:\/\/www.quersaberpolitica.com.br\/?p=122190"},"modified":"2015-04-12T10:07:48","modified_gmt":"2015-04-12T13:07:48","slug":"senado-realiza-audiencia-publica-historica-em-petrolina","status":"publish","type":"post","link":"https:\/\/blogdofarnesio.com.br\/?p=122190","title":{"rendered":"SENADO REALIZA AUDI\u00caNCIA P\u00daBLICA HIST\u00d3RICA EM PETROLINA"},"content":{"rendered":"<p style=\"text-align: justify\"><a href=\"http:\/\/www.quersaberpolitica.com.br\/2016\/wp-content\/uploads\/2015\/04\/blogqsp.eveto_.crisehidrica.petrolina.jpg\"><img loading=\"lazy\" decoding=\"async\" class=\"  wp-image-122191 aligncenter\" src=\"http:\/\/www.quersaberpolitica.com.br\/2016\/wp-content\/uploads\/2015\/04\/blogqsp.eveto_.crisehidrica.petrolina-300x200.jpg\" alt=\"blogqsp.eveto.crisehidrica.petrolina\" width=\"383\" height=\"260\" \/><\/a><\/p>\n<p style=\"text-align: justify\">Reduzir a vaz\u00e3o da barragem de Sobradinho, de 1 mil para 900 metros c\u00fabicos por segundo, e realizar obras emergenciais para garantir \u00e1gua\u00a0\u00e0s planta\u00e7\u00f5es. Estes foram os principais encaminhamentos da audi\u00eancia p\u00fablica realizada pelo Senado Federal nesta sexta, em Petrolina, que teve como foco a crise h\u00eddrica no Vale do S\u00e3o Francisco.<\/p>\n<p style=\"text-align: justify\">A agenda, solicitada pelo senador Fernando Bezerra Coelho (PSB), foi coordenada pela senadora Ana Am\u00e9lia\u00a0 (PP\/RS), presidente da comiss\u00e3o\u00a0 de Reforma Agr\u00e1ria e Agricultura e contou com a participa\u00e7\u00e3o do presidente da CODEVASF, Elmo Vaz,\u00a0 do presidente da Ag\u00eancia\u00a0 Nacional\u00a0 de\u00a0 \u00c1guas (ANA), Vicente Guillo, do secret\u00e1rio estadual de Agricultura, Nilton Mota, prefeitos da regi\u00e3o, deputados estaduais e federais.<\/p>\n<p style=\"text-align: justify\"><!--more--><\/p>\n<p style=\"text-align: justify\">Mais de 200 pessoas, entre trabalhadores rurais, colonos e produtores compareceram\u00a0 ao audit\u00f3rio do Sest\/Senat, que ficou lotado para o debate. As propostas definidas na audi\u00eancia ser\u00e3o encaminhadas ao Governo Federal. &#8220;Temos urg\u00eancia nestas a\u00e7\u00f5es, nos pr\u00f3ximos meses a fruticultura irrigada pode entrar em colapso, arriscando as lavouras e milhares de empregos&#8221;, afirmou Fernando Bezerra Coelho.<\/p>\n<p style=\"text-align: justify\">No Vale do S\u00e3o Francisco, os pequenos agricultores (de propriedades de 5 at\u00e9 20 hectares) somam 94% do total de 120 mil hectares plantados. A regi\u00e3o abriga uma cadeia produtiva que movimenta em torno de R$ 2 bilh\u00f5es. S\u00e3o cerca de 30 mil hectares em produ\u00e7\u00e3o de frutas, atividade respons\u00e1vel por mais de 200 mil oportunidades de trabalho e pela exporta\u00e7\u00e3o de 90% da produ\u00e7\u00e3o brasileira de uva e manga. Mais de 100 mil fam\u00edlias pernambucanas e baianas vivem em agrovilas e regi\u00f5es pr\u00f3ximas \u00e0 Barragem de Sobradinho e trabalham em diferentes projetos irrigados, como Nilo Coelho, Maria Teresa, Mandacaru e Salitre.<\/p>\n<p style=\"text-align: justify\">&#8220;A grande finalidade de uma audi\u00eancia p\u00fablica como esta \u00e9 pressionar os governos. Estamos garantindo visibilidade a um problema s\u00e9rio e vamos trabalhar para que o que definimos aqui seja viabilizado&#8221;, disse Ana Am\u00e9lia.<\/p>\n<p style=\"text-align: justify\">Durante a audi\u00eancia foram ouvidos t\u00e9cnicos dos Governos Federal, Estadual, bancos e Chesf,\u00a0 al\u00e9m de\u00a0 agricultores e trabalhadores do setor. &#8220;No dia seguinte ao Ibama autorizar a diminui\u00e7\u00e3o da\u00a0 vaz\u00e3o, a ANA ir\u00e1 fazer. As solu\u00e7\u00f5es aqui devem ser compartilhadas, porque esse \u00e9 um problema de todos&#8221;, garantiu Vicente Guillo.<\/p>\n<p style=\"text-align: justify\">O senador Fernando Bezerra\u00a0 antecipou que no come\u00e7o da pr\u00f3xima semana ter\u00e1 uma reuni\u00e3o com o ministro da Casa Civil, Aloizio Mercadante, para entregar as reivindica\u00e7\u00f5es da audi\u00eancia p\u00fablica e pedir velocidade para as medidas. &#8220;Tenho convic\u00e7\u00e3o que o\u00a0 governo ir\u00e1 nos atender, s\u00e3o pleitos justos para um setor que gera tantos empregos e riquezas&#8221;, declarou.<\/p>\n","protected":false},"excerpt":{"rendered":"<p>Reduzir a vaz\u00e3o da barragem de Sobradinho, de 1 mil para 900 metros c\u00fabicos por segundo, e realizar obras emergenciais para garantir \u00e1gua\u00a0\u00e0s planta\u00e7\u00f5es. Estes foram os principais encaminhamentos da audi\u00eancia p\u00fablica realizada pelo Senado Federal nesta sexta, em Petrolina, que teve como foco a crise h\u00eddrica no Vale do S\u00e3o Francisco. A agenda, solicitada pelo senador Fernando Bezerra Coelho (PSB), foi coordenada pela senadora Ana Am\u00e9lia\u00a0 (PP\/RS), presidente da comiss\u00e3o\u00a0 de Reforma Agr\u00e1ria e Agricultura e contou com a participa\u00e7\u00e3o do presidente da CODEVASF, Elmo Vaz,\u00a0 do presidente da Ag\u00eancia\u00a0 Nacional\u00a0 de\u00a0 \u00c1guas (ANA), Vicente Guillo, do secret\u00e1rio estadual de Agricultura, Nilton Mota, prefeitos da regi\u00e3o, deputados estaduais e federais.<\/p>\n","protected":false},"author":7,"featured_media":0,"comment_status":"open","ping_status":"open","sticky":false,"template":"","format":"standard","meta":{"_acf_changed":false,"footnotes":""},"categories":[1],"tags":[],"class_list":["post-122190","post","type-post","status-publish","format-standard","hentry","category-politica"],"acf":[],"yoast_head":"<!-- This site is optimized with the Yoast SEO plugin v27.4 - https:\/\/yoast.com\/product\/yoast-seo-wordpress\/ -->\n<title>SENADO REALIZA AUDI\u00caNCIA P\u00daBLICA HIST\u00d3RICA EM PETROLINA - Blog do Farn\u00e9sio<\/title>\n<meta name=\"robots\" content=\"index, follow, max-snippet:-1, max-image-preview:large, max-video-preview:-1\" \/>\n<link rel=\"canonical\" href=\"https:\/\/blogdofarnesio.com.br\/?p=122190\" \/>\n<meta property=\"og:locale\" content=\"pt_BR\" \/>\n<meta property=\"og:type\" content=\"article\" \/>\n<meta property=\"og:title\" content=\"SENADO REALIZA AUDI\u00caNCIA P\u00daBLICA HIST\u00d3RICA EM PETROLINA - Blog do Farn\u00e9sio\" \/>\n<meta property=\"og:description\" content=\"Reduzir a vaz\u00e3o da barragem de Sobradinho, de 1 mil para 900 metros c\u00fabicos por segundo, e realizar obras emergenciais para garantir \u00e1gua\u00a0\u00e0s planta\u00e7\u00f5es. Estes foram os principais encaminhamentos da audi\u00eancia p\u00fablica realizada pelo Senado Federal nesta sexta, em Petrolina, que teve como foco a crise h\u00eddrica no Vale do S\u00e3o Francisco. A agenda, solicitada pelo senador Fernando Bezerra Coelho (PSB), foi coordenada pela senadora Ana Am\u00e9lia\u00a0 (PP\/RS), presidente da comiss\u00e3o\u00a0 de Reforma Agr\u00e1ria e Agricultura e contou com a participa\u00e7\u00e3o do presidente da CODEVASF, Elmo Vaz,\u00a0 do presidente da Ag\u00eancia\u00a0 Nacional\u00a0 de\u00a0 \u00c1guas (ANA), Vicente Guillo, do secret\u00e1rio estadual de Agricultura, Nilton Mota, prefeitos da regi\u00e3o, deputados estaduais e federais.\" \/>\n<meta property=\"og:url\" content=\"https:\/\/blogdofarnesio.com.br\/?p=122190\" \/>\n<meta property=\"og:site_name\" content=\"Blog do Farn\u00e9sio\" \/>\n<meta property=\"article:publisher\" content=\"https:\/\/www.facebook.com\/BlogQuerSaberPolitica\/\" \/>\n<meta property=\"article:published_time\" content=\"2015-04-12T13:30:22+00:00\" \/>\n<meta property=\"og:image\" content=\"http:\/\/www.quersaberpolitica.com.br\/2016\/wp-content\/uploads\/2015\/04\/blogqsp.eveto_.crisehidrica.petrolina-300x200.jpg\" \/>\n<meta name=\"twitter:card\" content=\"summary_large_image\" \/>\n<meta name=\"twitter:label1\" content=\"Escrito por\" \/>\n\t<meta name=\"twitter:data1\" content=\"\" \/>\n\t<meta name=\"twitter:label2\" content=\"Est. tempo de leitura\" \/>\n\t<meta name=\"twitter:data2\" content=\"2 minutos\" \/>\n<script type=\"application\/ld+json\" class=\"yoast-schema-graph\">{\"@context\":\"https:\\\/\\\/schema.org\",\"@graph\":[{\"@type\":\"Article\",\"@id\":\"https:\\\/\\\/blogdofarnesio.com.br\\\/?p=122190#article\",\"isPartOf\":{\"@id\":\"https:\\\/\\\/blogdofarnesio.com.br\\\/?p=122190\"},\"author\":{\"name\":\"\",\"@id\":\"\"},\"headline\":\"SENADO REALIZA AUDI\u00caNCIA P\u00daBLICA HIST\u00d3RICA EM PETROLINA\",\"datePublished\":\"2015-04-12T13:30:22+00:00\",\"mainEntityOfPage\":{\"@id\":\"https:\\\/\\\/blogdofarnesio.com.br\\\/?p=122190\"},\"wordCount\":456,\"commentCount\":0,\"publisher\":{\"@id\":\"https:\\\/\\\/blogdofarnesio.com.br\\\/#organization\"},\"image\":{\"@id\":\"https:\\\/\\\/blogdofarnesio.com.br\\\/?p=122190#primaryimage\"},\"thumbnailUrl\":\"http:\\\/\\\/www.quersaberpolitica.com.br\\\/2016\\\/wp-content\\\/uploads\\\/2015\\\/04\\\/blogqsp.eveto_.crisehidrica.petrolina-300x200.jpg\",\"articleSection\":[\"Pol\u00edtica\"],\"inLanguage\":\"pt-BR\",\"potentialAction\":[{\"@type\":\"CommentAction\",\"name\":\"Comment\",\"target\":[\"https:\\\/\\\/blogdofarnesio.com.br\\\/?p=122190#respond\"]}]},{\"@type\":\"WebPage\",\"@id\":\"https:\\\/\\\/blogdofarnesio.com.br\\\/?p=122190\",\"url\":\"https:\\\/\\\/blogdofarnesio.com.br\\\/?p=122190\",\"name\":\"SENADO REALIZA AUDI\u00caNCIA P\u00daBLICA HIST\u00d3RICA EM PETROLINA - Blog do Farn\u00e9sio\",\"isPartOf\":{\"@id\":\"https:\\\/\\\/blogdofarnesio.com.br\\\/#website\"},\"primaryImageOfPage\":{\"@id\":\"https:\\\/\\\/blogdofarnesio.com.br\\\/?p=122190#primaryimage\"},\"image\":{\"@id\":\"https:\\\/\\\/blogdofarnesio.com.br\\\/?p=122190#primaryimage\"},\"thumbnailUrl\":\"http:\\\/\\\/www.quersaberpolitica.com.br\\\/2016\\\/wp-content\\\/uploads\\\/2015\\\/04\\\/blogqsp.eveto_.crisehidrica.petrolina-300x200.jpg\",\"datePublished\":\"2015-04-12T13:30:22+00:00\",\"breadcrumb\":{\"@id\":\"https:\\\/\\\/blogdofarnesio.com.br\\\/?p=122190#breadcrumb\"},\"inLanguage\":\"pt-BR\",\"potentialAction\":[{\"@type\":\"ReadAction\",\"target\":[\"https:\\\/\\\/blogdofarnesio.com.br\\\/?p=122190\"]}]},{\"@type\":\"ImageObject\",\"inLanguage\":\"pt-BR\",\"@id\":\"https:\\\/\\\/blogdofarnesio.com.br\\\/?p=122190#primaryimage\",\"url\":\"http:\\\/\\\/www.quersaberpolitica.com.br\\\/2016\\\/wp-content\\\/uploads\\\/2015\\\/04\\\/blogqsp.eveto_.crisehidrica.petrolina-300x200.jpg\",\"contentUrl\":\"http:\\\/\\\/www.quersaberpolitica.com.br\\\/2016\\\/wp-content\\\/uploads\\\/2015\\\/04\\\/blogqsp.eveto_.crisehidrica.petrolina-300x200.jpg\"},{\"@type\":\"BreadcrumbList\",\"@id\":\"https:\\\/\\\/blogdofarnesio.com.br\\\/?p=122190#breadcrumb\",\"itemListElement\":[{\"@type\":\"ListItem\",\"position\":1,\"name\":\"In\u00edcio\",\"item\":\"https:\\\/\\\/blogdofarnesio.com.br\\\/\"},{\"@type\":\"ListItem\",\"position\":2,\"name\":\"SENADO REALIZA AUDI\u00caNCIA P\u00daBLICA HIST\u00d3RICA EM PETROLINA\"}]},{\"@type\":\"WebSite\",\"@id\":\"https:\\\/\\\/blogdofarnesio.com.br\\\/#website\",\"url\":\"https:\\\/\\\/blogdofarnesio.com.br\\\/\",\"name\":\"Blog do Farn\u00e9sio\",\"description\":\"Quer Saber Pol\u00edtica?\",\"publisher\":{\"@id\":\"https:\\\/\\\/blogdofarnesio.com.br\\\/#organization\"},\"potentialAction\":[{\"@type\":\"SearchAction\",\"target\":{\"@type\":\"EntryPoint\",\"urlTemplate\":\"https:\\\/\\\/blogdofarnesio.com.br\\\/?s={search_term_string}\"},\"query-input\":{\"@type\":\"PropertyValueSpecification\",\"valueRequired\":true,\"valueName\":\"search_term_string\"}}],\"inLanguage\":\"pt-BR\"},{\"@type\":\"Organization\",\"@id\":\"https:\\\/\\\/blogdofarnesio.com.br\\\/#organization\",\"name\":\"Blog do Farn\u00e9sio\",\"url\":\"https:\\\/\\\/blogdofarnesio.com.br\\\/\",\"logo\":{\"@type\":\"ImageObject\",\"inLanguage\":\"pt-BR\",\"@id\":\"https:\\\/\\\/blogdofarnesio.com.br\\\/#\\\/schema\\\/logo\\\/image\\\/\",\"url\":\"https:\\\/\\\/blogdofarnesio.com.br\\\/wp-content\\\/uploads\\\/2026\\\/03\\\/cropped-logo_new-1.png\",\"contentUrl\":\"https:\\\/\\\/blogdofarnesio.com.br\\\/wp-content\\\/uploads\\\/2026\\\/03\\\/cropped-logo_new-1.png\",\"width\":881,\"height\":685,\"caption\":\"Blog do Farn\u00e9sio\"},\"image\":{\"@id\":\"https:\\\/\\\/blogdofarnesio.com.br\\\/#\\\/schema\\\/logo\\\/image\\\/\"},\"sameAs\":[\"https:\\\/\\\/www.facebook.com\\\/BlogQuerSaberPolitica\\\/\"]},{\"@type\":\"Person\",\"@id\":\"\",\"url\":\"https:\\\/\\\/blogdofarnesio.com.br\\\/?author=7\"}]}<\/script>\n<!-- \/ Yoast SEO plugin. -->","yoast_head_json":{"title":"SENADO REALIZA AUDI\u00caNCIA P\u00daBLICA HIST\u00d3RICA EM PETROLINA - Blog do Farn\u00e9sio","robots":{"index":"index","follow":"follow","max-snippet":"max-snippet:-1","max-image-preview":"max-image-preview:large","max-video-preview":"max-video-preview:-1"},"canonical":"https:\/\/blogdofarnesio.com.br\/?p=122190","og_locale":"pt_BR","og_type":"article","og_title":"SENADO REALIZA AUDI\u00caNCIA P\u00daBLICA HIST\u00d3RICA EM PETROLINA - Blog do Farn\u00e9sio","og_description":"Reduzir a vaz\u00e3o da barragem de Sobradinho, de 1 mil para 900 metros c\u00fabicos por segundo, e realizar obras emergenciais para garantir \u00e1gua\u00a0\u00e0s planta\u00e7\u00f5es. Estes foram os principais encaminhamentos da audi\u00eancia p\u00fablica realizada pelo Senado Federal nesta sexta, em Petrolina, que teve como foco a crise h\u00eddrica no Vale do S\u00e3o Francisco. A agenda, solicitada pelo senador Fernando Bezerra Coelho (PSB), foi coordenada pela senadora Ana Am\u00e9lia\u00a0 (PP\/RS), presidente da comiss\u00e3o\u00a0 de Reforma Agr\u00e1ria e Agricultura e contou com a participa\u00e7\u00e3o do presidente da CODEVASF, Elmo Vaz,\u00a0 do presidente da Ag\u00eancia\u00a0 Nacional\u00a0 de\u00a0 \u00c1guas (ANA), Vicente Guillo, do secret\u00e1rio estadual de Agricultura, Nilton Mota, prefeitos da regi\u00e3o, deputados estaduais e federais.","og_url":"https:\/\/blogdofarnesio.com.br\/?p=122190","og_site_name":"Blog do Farn\u00e9sio","article_publisher":"https:\/\/www.facebook.com\/BlogQuerSaberPolitica\/","article_published_time":"2015-04-12T13:30:22+00:00","og_image":[{"url":"http:\/\/www.quersaberpolitica.com.br\/2016\/wp-content\/uploads\/2015\/04\/blogqsp.eveto_.crisehidrica.petrolina-300x200.jpg","type":"","width":"","height":""}],"twitter_card":"summary_large_image","twitter_misc":{"Escrito por":"","Est. tempo de leitura":"2 minutos"},"schema":{"@context":"https:\/\/schema.org","@graph":[{"@type":"Article","@id":"https:\/\/blogdofarnesio.com.br\/?p=122190#article","isPartOf":{"@id":"https:\/\/blogdofarnesio.com.br\/?p=122190"},"author":{"name":"","@id":""},"headline":"SENADO REALIZA AUDI\u00caNCIA P\u00daBLICA HIST\u00d3RICA EM PETROLINA","datePublished":"2015-04-12T13:30:22+00:00","mainEntityOfPage":{"@id":"https:\/\/blogdofarnesio.com.br\/?p=122190"},"wordCount":456,"commentCount":0,"publisher":{"@id":"https:\/\/blogdofarnesio.com.br\/#organization"},"image":{"@id":"https:\/\/blogdofarnesio.com.br\/?p=122190#primaryimage"},"thumbnailUrl":"http:\/\/www.quersaberpolitica.com.br\/2016\/wp-content\/uploads\/2015\/04\/blogqsp.eveto_.crisehidrica.petrolina-300x200.jpg","articleSection":["Pol\u00edtica"],"inLanguage":"pt-BR","potentialAction":[{"@type":"CommentAction","name":"Comment","target":["https:\/\/blogdofarnesio.com.br\/?p=122190#respond"]}]},{"@type":"WebPage","@id":"https:\/\/blogdofarnesio.com.br\/?p=122190","url":"https:\/\/blogdofarnesio.com.br\/?p=122190","name":"SENADO REALIZA AUDI\u00caNCIA P\u00daBLICA HIST\u00d3RICA EM PETROLINA - Blog do Farn\u00e9sio","isPartOf":{"@id":"https:\/\/blogdofarnesio.com.br\/#website"},"primaryImageOfPage":{"@id":"https:\/\/blogdofarnesio.com.br\/?p=122190#primaryimage"},"image":{"@id":"https:\/\/blogdofarnesio.com.br\/?p=122190#primaryimage"},"thumbnailUrl":"http:\/\/www.quersaberpolitica.com.br\/2016\/wp-content\/uploads\/2015\/04\/blogqsp.eveto_.crisehidrica.petrolina-300x200.jpg","datePublished":"2015-04-12T13:30:22+00:00","breadcrumb":{"@id":"https:\/\/blogdofarnesio.com.br\/?p=122190#breadcrumb"},"inLanguage":"pt-BR","potentialAction":[{"@type":"ReadAction","target":["https:\/\/blogdofarnesio.com.br\/?p=122190"]}]},{"@type":"ImageObject","inLanguage":"pt-BR","@id":"https:\/\/blogdofarnesio.com.br\/?p=122190#primaryimage","url":"http:\/\/www.quersaberpolitica.com.br\/2016\/wp-content\/uploads\/2015\/04\/blogqsp.eveto_.crisehidrica.petrolina-300x200.jpg","contentUrl":"http:\/\/www.quersaberpolitica.com.br\/2016\/wp-content\/uploads\/2015\/04\/blogqsp.eveto_.crisehidrica.petrolina-300x200.jpg"},{"@type":"BreadcrumbList","@id":"https:\/\/blogdofarnesio.com.br\/?p=122190#breadcrumb","itemListElement":[{"@type":"ListItem","position":1,"name":"In\u00edcio","item":"https:\/\/blogdofarnesio.com.br\/"},{"@type":"ListItem","position":2,"name":"SENADO REALIZA AUDI\u00caNCIA P\u00daBLICA HIST\u00d3RICA EM PETROLINA"}]},{"@type":"WebSite","@id":"https:\/\/blogdofarnesio.com.br\/#website","url":"https:\/\/blogdofarnesio.com.br\/","name":"Blog do Farn\u00e9sio","description":"Quer Saber Pol\u00edtica?","publisher":{"@id":"https:\/\/blogdofarnesio.com.br\/#organization"},"potentialAction":[{"@type":"SearchAction","target":{"@type":"EntryPoint","urlTemplate":"https:\/\/blogdofarnesio.com.br\/?s={search_term_string}"},"query-input":{"@type":"PropertyValueSpecification","valueRequired":true,"valueName":"search_term_string"}}],"inLanguage":"pt-BR"},{"@type":"Organization","@id":"https:\/\/blogdofarnesio.com.br\/#organization","name":"Blog do Farn\u00e9sio","url":"https:\/\/blogdofarnesio.com.br\/","logo":{"@type":"ImageObject","inLanguage":"pt-BR","@id":"https:\/\/blogdofarnesio.com.br\/#\/schema\/logo\/image\/","url":"https:\/\/blogdofarnesio.com.br\/wp-content\/uploads\/2026\/03\/cropped-logo_new-1.png","contentUrl":"https:\/\/blogdofarnesio.com.br\/wp-content\/uploads\/2026\/03\/cropped-logo_new-1.png","width":881,"height":685,"caption":"Blog do Farn\u00e9sio"},"image":{"@id":"https:\/\/blogdofarnesio.com.br\/#\/schema\/logo\/image\/"},"sameAs":["https:\/\/www.facebook.com\/BlogQuerSaberPolitica\/"]},{"@type":"Person","@id":"","url":"https:\/\/blogdofarnesio.com.br\/?author=7"}]}},"_links":{"self":[{"href":"https:\/\/blogdofarnesio.com.br\/index.php?rest_route=\/wp\/v2\/posts\/122190","targetHints":{"allow":["GET"]}}],"collection":[{"href":"https:\/\/blogdofarnesio.com.br\/index.php?rest_route=\/wp\/v2\/posts"}],"about":[{"href":"https:\/\/blogdofarnesio.com.br\/index.php?rest_route=\/wp\/v2\/types\/post"}],"author":[{"embeddable":true,"href":"https:\/\/blogdofarnesio.com.br\/index.php?rest_route=\/wp\/v2\/users\/7"}],"replies":[{"embeddable":true,"href":"https:\/\/blogdofarnesio.com.br\/index.php?rest_route=%2Fwp%2Fv2%2Fcomments&post=122190"}],"version-history":[{"count":0,"href":"https:\/\/blogdofarnesio.com.br\/index.php?rest_route=\/wp\/v2\/posts\/122190\/revisions"}],"wp:attachment":[{"href":"https:\/\/blogdofarnesio.com.br\/index.php?rest_route=%2Fwp%2Fv2%2Fmedia&parent=122190"}],"wp:term":[{"taxonomy":"category","embeddable":true,"href":"https:\/\/blogdofarnesio.com.br\/index.php?rest_route=%2Fwp%2Fv2%2Fcategories&post=122190"},{"taxonomy":"post_tag","embeddable":true,"href":"https:\/\/blogdofarnesio.com.br\/index.php?rest_route=%2Fwp%2Fv2%2Ftags&post=122190"}],"curies":[{"name":"wp","href":"https:\/\/api.w.org\/{rel}","templated":true}]}}