{"id":122063,"date":"2015-04-11T10:00:31","date_gmt":"2015-04-11T13:00:31","guid":{"rendered":"http:\/\/www.quersaberpolitica.com.br\/?p=122063"},"modified":"2015-04-11T08:44:13","modified_gmt":"2015-04-11T11:44:13","slug":"odacy-prestigia-professores-em-ato-pelo-cumprimento-do-piso-nacional-da-categoria-no-estado","status":"publish","type":"post","link":"https:\/\/blogdofarnesio.com.br\/?p=122063","title":{"rendered":"ODACY PRESTIGIA PROFESSORES EM ATO PELO CUMPRIMENTO DO PISO NACIONAL DA CATEGORIA NO ESTADO"},"content":{"rendered":"<p style=\"text-align: justify\"><a href=\"http:\/\/www.quersaberpolitica.com.br\/2016\/wp-content\/uploads\/2015\/04\/blogqsp.odacy_.professores.petrolina.jpg\"><img loading=\"lazy\" decoding=\"async\" class=\" size-medium wp-image-122064 alignleft\" src=\"http:\/\/www.quersaberpolitica.com.br\/2016\/wp-content\/uploads\/2015\/04\/blogqsp.odacy_.professores.petrolina-300x169.jpg\" alt=\"blogqsp.odacy.professores.petrolina\" width=\"300\" height=\"169\" srcset=\"https:\/\/blogdofarnesio.com.br\/wp-content\/uploads\/2015\/04\/blogqsp.odacy_.professores.petrolina-300x169.jpg 300w, https:\/\/blogdofarnesio.com.br\/wp-content\/uploads\/2015\/04\/blogqsp.odacy_.professores.petrolina.jpg 448w\" sizes=\"auto, (max-width: 300px) 100vw, 300px\" \/><\/a>Defensor do cumprimento do piso nacional do professor em Pernambuco, o deputado estadual Odacy Amorim, PT, marcou presen\u00e7a no ato do Sindicato dos Trabalhadores em Educa\u00e7\u00e3o de Pernambuco (Sintepe), coordena\u00e7\u00e3o regional em Petrolina, no sert\u00e3o.<\/p>\n<p style=\"text-align: justify\">A manifesta\u00e7\u00e3o integra as a\u00e7\u00f5es do movimento da categoria que est\u00e1 mobilizada para que o governo estadual cumpra a lei que concede aumento do piso a todos os professores e n\u00e3o em parte da classe como o projeto de lei enviado pelo governador Paulo C\u00e2mara (PSB).<\/p>\n<p style=\"text-align: justify\">O projeto foi aprovado por 27 a 11 na Alepe. Odacy votou contra o governo e a favor dos professores e foi o \u00fanico deputado da regi\u00e3o a ficar ao lado da categoria. Segundo o deputado, o momento \u00e9 de valoriza\u00e7\u00e3o da classe, da educa\u00e7\u00e3o como um todo.<!--more--><\/p>\n<p style=\"text-align: justify\">Ele frisa que o governo do estado enviou projeto de lei para a Assembleia Legislativa para regulamentar o aumento de 13% do piso nacional do professor, mas deixando a maioria dos professores fora do aumento legal e isso tem levado os professores a paralisarem as atividades como aconteceu nestes dias 8 e 9 de abril com encaminhamento para a greve caso o governo n\u00e3o reveja sua posi\u00e7\u00e3o.<\/p>\n<p style=\"text-align: justify\"><!--more--><\/p>\n<p style=\"text-align: justify\">\u201cO governo federal tem investido na valoriza\u00e7\u00e3o da educa\u00e7\u00e3o. Criou o piso nacional da categoria para que cada vez mais a qualidade esteja presente no ensino p\u00fablico. O que defendemos e apoiamos \u00e9 o cumprimento do piso para todos os docentes que \u00e9 legal e justo. Quando um professor se sente valorizado, especialmente numa remunera\u00e7\u00e3o justa e descente, a consequ\u00eancia vem na qualidade do ensino e na perman\u00eancia do aluno em sala de aula. Vamos continuar nessa defesa\u201d, disse o deputado.<\/p>\n<p style=\"text-align: justify\">Ainda demonstrando sintonia com a categoria, Odacy esteve na \u00faltima segunda-feira, 6, prestigiando a reuni\u00e3o solene da Assembleia homenageando os 25 anos do Sintepe, proposta por sua colega de partido e fundadora do sindicato, deputado Teresa Leit\u00e3o.<\/p>\n<p style=\"text-align: justify\">\u201cQuero ressaltar a import\u00e2ncia do Sintepe que aborda e luta por quest\u00f5es de suma import\u00e2ncia, como a valoriza\u00e7\u00e3o profissional, melhores sal\u00e1rios e jornada compat\u00edvel com a complexidade do trabalho dos educadores. Parab\u00e9ns a todos que fazem o Sintepe\u201d, destacou o deputado Odacy Amorim em suas redes sociais.<\/p>\n","protected":false},"excerpt":{"rendered":"<p>Defensor do cumprimento do piso nacional do professor em Pernambuco, o deputado estadual Odacy Amorim, PT, marcou presen\u00e7a no ato do Sindicato dos Trabalhadores em Educa\u00e7\u00e3o de Pernambuco (Sintepe), coordena\u00e7\u00e3o regional em Petrolina, no sert\u00e3o. A manifesta\u00e7\u00e3o integra as a\u00e7\u00f5es do movimento da categoria que est\u00e1 mobilizada para que o governo estadual cumpra a lei que concede aumento do piso a todos os professores e n\u00e3o em parte da classe como o projeto de lei enviado pelo governador Paulo C\u00e2mara (PSB). O projeto foi aprovado por 27 a 11 na Alepe. Odacy votou contra o governo e a favor dos professores e foi o \u00fanico deputado da regi\u00e3o a ficar ao lado da categoria. Segundo o deputado, o momento \u00e9&hellip; <\/p>\n","protected":false},"author":7,"featured_media":0,"comment_status":"open","ping_status":"open","sticky":false,"template":"","format":"standard","meta":{"_acf_changed":false,"footnotes":""},"categories":[1],"tags":[],"class_list":["post-122063","post","type-post","status-publish","format-standard","hentry","category-politica"],"acf":[],"yoast_head":"<!-- This site is optimized with the Yoast SEO plugin v27.4 - https:\/\/yoast.com\/product\/yoast-seo-wordpress\/ -->\n<title>ODACY PRESTIGIA PROFESSORES EM ATO PELO CUMPRIMENTO DO PISO NACIONAL DA CATEGORIA NO ESTADO - Blog do Farn\u00e9sio<\/title>\n<meta name=\"robots\" content=\"index, follow, max-snippet:-1, max-image-preview:large, max-video-preview:-1\" \/>\n<link rel=\"canonical\" href=\"https:\/\/blogdofarnesio.com.br\/?p=122063\" \/>\n<meta property=\"og:locale\" content=\"pt_BR\" \/>\n<meta property=\"og:type\" content=\"article\" \/>\n<meta property=\"og:title\" content=\"ODACY PRESTIGIA PROFESSORES EM ATO PELO CUMPRIMENTO DO PISO NACIONAL DA CATEGORIA NO ESTADO - Blog do Farn\u00e9sio\" \/>\n<meta property=\"og:description\" content=\"Defensor do cumprimento do piso nacional do professor em Pernambuco, o deputado estadual Odacy Amorim, PT, marcou presen\u00e7a no ato do Sindicato dos Trabalhadores em Educa\u00e7\u00e3o de Pernambuco (Sintepe), coordena\u00e7\u00e3o regional em Petrolina, no sert\u00e3o. A manifesta\u00e7\u00e3o integra as a\u00e7\u00f5es do movimento da categoria que est\u00e1 mobilizada para que o governo estadual cumpra a lei que concede aumento do piso a todos os professores e n\u00e3o em parte da classe como o projeto de lei enviado pelo governador Paulo C\u00e2mara (PSB). O projeto foi aprovado por 27 a 11 na Alepe. Odacy votou contra o governo e a favor dos professores e foi o \u00fanico deputado da regi\u00e3o a ficar ao lado da categoria. Segundo o deputado, o momento \u00e9&hellip;\" \/>\n<meta property=\"og:url\" content=\"https:\/\/blogdofarnesio.com.br\/?p=122063\" \/>\n<meta property=\"og:site_name\" content=\"Blog do Farn\u00e9sio\" \/>\n<meta property=\"article:publisher\" content=\"https:\/\/www.facebook.com\/BlogQuerSaberPolitica\/\" \/>\n<meta property=\"article:published_time\" content=\"2015-04-11T13:00:31+00:00\" \/>\n<meta property=\"og:image\" content=\"http:\/\/www.quersaberpolitica.com.br\/2016\/wp-content\/uploads\/2015\/04\/blogqsp.odacy_.professores.petrolina-300x169.jpg\" \/>\n<meta name=\"twitter:card\" content=\"summary_large_image\" \/>\n<meta name=\"twitter:label1\" content=\"Escrito por\" \/>\n\t<meta name=\"twitter:data1\" content=\"\" \/>\n\t<meta name=\"twitter:label2\" content=\"Est. tempo de leitura\" \/>\n\t<meta name=\"twitter:data2\" content=\"2 minutos\" \/>\n<script type=\"application\/ld+json\" class=\"yoast-schema-graph\">{\"@context\":\"https:\\\/\\\/schema.org\",\"@graph\":[{\"@type\":\"Article\",\"@id\":\"https:\\\/\\\/blogdofarnesio.com.br\\\/?p=122063#article\",\"isPartOf\":{\"@id\":\"https:\\\/\\\/blogdofarnesio.com.br\\\/?p=122063\"},\"author\":{\"name\":\"\",\"@id\":\"\"},\"headline\":\"ODACY PRESTIGIA PROFESSORES EM ATO PELO CUMPRIMENTO DO PISO NACIONAL DA CATEGORIA NO ESTADO\",\"datePublished\":\"2015-04-11T13:00:31+00:00\",\"mainEntityOfPage\":{\"@id\":\"https:\\\/\\\/blogdofarnesio.com.br\\\/?p=122063\"},\"wordCount\":393,\"commentCount\":0,\"publisher\":{\"@id\":\"https:\\\/\\\/blogdofarnesio.com.br\\\/#organization\"},\"image\":{\"@id\":\"https:\\\/\\\/blogdofarnesio.com.br\\\/?p=122063#primaryimage\"},\"thumbnailUrl\":\"http:\\\/\\\/www.quersaberpolitica.com.br\\\/2016\\\/wp-content\\\/uploads\\\/2015\\\/04\\\/blogqsp.odacy_.professores.petrolina-300x169.jpg\",\"articleSection\":[\"Pol\u00edtica\"],\"inLanguage\":\"pt-BR\",\"potentialAction\":[{\"@type\":\"CommentAction\",\"name\":\"Comment\",\"target\":[\"https:\\\/\\\/blogdofarnesio.com.br\\\/?p=122063#respond\"]}]},{\"@type\":\"WebPage\",\"@id\":\"https:\\\/\\\/blogdofarnesio.com.br\\\/?p=122063\",\"url\":\"https:\\\/\\\/blogdofarnesio.com.br\\\/?p=122063\",\"name\":\"ODACY PRESTIGIA PROFESSORES EM ATO PELO CUMPRIMENTO DO PISO NACIONAL DA CATEGORIA NO ESTADO - Blog do Farn\u00e9sio\",\"isPartOf\":{\"@id\":\"https:\\\/\\\/blogdofarnesio.com.br\\\/#website\"},\"primaryImageOfPage\":{\"@id\":\"https:\\\/\\\/blogdofarnesio.com.br\\\/?p=122063#primaryimage\"},\"image\":{\"@id\":\"https:\\\/\\\/blogdofarnesio.com.br\\\/?p=122063#primaryimage\"},\"thumbnailUrl\":\"http:\\\/\\\/www.quersaberpolitica.com.br\\\/2016\\\/wp-content\\\/uploads\\\/2015\\\/04\\\/blogqsp.odacy_.professores.petrolina-300x169.jpg\",\"datePublished\":\"2015-04-11T13:00:31+00:00\",\"breadcrumb\":{\"@id\":\"https:\\\/\\\/blogdofarnesio.com.br\\\/?p=122063#breadcrumb\"},\"inLanguage\":\"pt-BR\",\"potentialAction\":[{\"@type\":\"ReadAction\",\"target\":[\"https:\\\/\\\/blogdofarnesio.com.br\\\/?p=122063\"]}]},{\"@type\":\"ImageObject\",\"inLanguage\":\"pt-BR\",\"@id\":\"https:\\\/\\\/blogdofarnesio.com.br\\\/?p=122063#primaryimage\",\"url\":\"http:\\\/\\\/www.quersaberpolitica.com.br\\\/2016\\\/wp-content\\\/uploads\\\/2015\\\/04\\\/blogqsp.odacy_.professores.petrolina-300x169.jpg\",\"contentUrl\":\"http:\\\/\\\/www.quersaberpolitica.com.br\\\/2016\\\/wp-content\\\/uploads\\\/2015\\\/04\\\/blogqsp.odacy_.professores.petrolina-300x169.jpg\"},{\"@type\":\"BreadcrumbList\",\"@id\":\"https:\\\/\\\/blogdofarnesio.com.br\\\/?p=122063#breadcrumb\",\"itemListElement\":[{\"@type\":\"ListItem\",\"position\":1,\"name\":\"In\u00edcio\",\"item\":\"https:\\\/\\\/blogdofarnesio.com.br\\\/\"},{\"@type\":\"ListItem\",\"position\":2,\"name\":\"ODACY PRESTIGIA PROFESSORES EM ATO PELO CUMPRIMENTO DO PISO NACIONAL DA CATEGORIA NO ESTADO\"}]},{\"@type\":\"WebSite\",\"@id\":\"https:\\\/\\\/blogdofarnesio.com.br\\\/#website\",\"url\":\"https:\\\/\\\/blogdofarnesio.com.br\\\/\",\"name\":\"Blog do Farn\u00e9sio\",\"description\":\"Quer Saber Pol\u00edtica?\",\"publisher\":{\"@id\":\"https:\\\/\\\/blogdofarnesio.com.br\\\/#organization\"},\"potentialAction\":[{\"@type\":\"SearchAction\",\"target\":{\"@type\":\"EntryPoint\",\"urlTemplate\":\"https:\\\/\\\/blogdofarnesio.com.br\\\/?s={search_term_string}\"},\"query-input\":{\"@type\":\"PropertyValueSpecification\",\"valueRequired\":true,\"valueName\":\"search_term_string\"}}],\"inLanguage\":\"pt-BR\"},{\"@type\":\"Organization\",\"@id\":\"https:\\\/\\\/blogdofarnesio.com.br\\\/#organization\",\"name\":\"Blog do Farn\u00e9sio\",\"url\":\"https:\\\/\\\/blogdofarnesio.com.br\\\/\",\"logo\":{\"@type\":\"ImageObject\",\"inLanguage\":\"pt-BR\",\"@id\":\"https:\\\/\\\/blogdofarnesio.com.br\\\/#\\\/schema\\\/logo\\\/image\\\/\",\"url\":\"https:\\\/\\\/blogdofarnesio.com.br\\\/wp-content\\\/uploads\\\/2026\\\/03\\\/cropped-logo_new-1.png\",\"contentUrl\":\"https:\\\/\\\/blogdofarnesio.com.br\\\/wp-content\\\/uploads\\\/2026\\\/03\\\/cropped-logo_new-1.png\",\"width\":881,\"height\":685,\"caption\":\"Blog do Farn\u00e9sio\"},\"image\":{\"@id\":\"https:\\\/\\\/blogdofarnesio.com.br\\\/#\\\/schema\\\/logo\\\/image\\\/\"},\"sameAs\":[\"https:\\\/\\\/www.facebook.com\\\/BlogQuerSaberPolitica\\\/\"]},{\"@type\":\"Person\",\"@id\":\"\",\"url\":\"https:\\\/\\\/blogdofarnesio.com.br\\\/?author=7\"}]}<\/script>\n<!-- \/ Yoast SEO plugin. -->","yoast_head_json":{"title":"ODACY PRESTIGIA PROFESSORES EM ATO PELO CUMPRIMENTO DO PISO NACIONAL DA CATEGORIA NO ESTADO - Blog do Farn\u00e9sio","robots":{"index":"index","follow":"follow","max-snippet":"max-snippet:-1","max-image-preview":"max-image-preview:large","max-video-preview":"max-video-preview:-1"},"canonical":"https:\/\/blogdofarnesio.com.br\/?p=122063","og_locale":"pt_BR","og_type":"article","og_title":"ODACY PRESTIGIA PROFESSORES EM ATO PELO CUMPRIMENTO DO PISO NACIONAL DA CATEGORIA NO ESTADO - Blog do Farn\u00e9sio","og_description":"Defensor do cumprimento do piso nacional do professor em Pernambuco, o deputado estadual Odacy Amorim, PT, marcou presen\u00e7a no ato do Sindicato dos Trabalhadores em Educa\u00e7\u00e3o de Pernambuco (Sintepe), coordena\u00e7\u00e3o regional em Petrolina, no sert\u00e3o. A manifesta\u00e7\u00e3o integra as a\u00e7\u00f5es do movimento da categoria que est\u00e1 mobilizada para que o governo estadual cumpra a lei que concede aumento do piso a todos os professores e n\u00e3o em parte da classe como o projeto de lei enviado pelo governador Paulo C\u00e2mara (PSB). O projeto foi aprovado por 27 a 11 na Alepe. Odacy votou contra o governo e a favor dos professores e foi o \u00fanico deputado da regi\u00e3o a ficar ao lado da categoria. Segundo o deputado, o momento \u00e9&hellip;","og_url":"https:\/\/blogdofarnesio.com.br\/?p=122063","og_site_name":"Blog do Farn\u00e9sio","article_publisher":"https:\/\/www.facebook.com\/BlogQuerSaberPolitica\/","article_published_time":"2015-04-11T13:00:31+00:00","og_image":[{"url":"http:\/\/www.quersaberpolitica.com.br\/2016\/wp-content\/uploads\/2015\/04\/blogqsp.odacy_.professores.petrolina-300x169.jpg","type":"","width":"","height":""}],"twitter_card":"summary_large_image","twitter_misc":{"Escrito por":"","Est. tempo de leitura":"2 minutos"},"schema":{"@context":"https:\/\/schema.org","@graph":[{"@type":"Article","@id":"https:\/\/blogdofarnesio.com.br\/?p=122063#article","isPartOf":{"@id":"https:\/\/blogdofarnesio.com.br\/?p=122063"},"author":{"name":"","@id":""},"headline":"ODACY PRESTIGIA PROFESSORES EM ATO PELO CUMPRIMENTO DO PISO NACIONAL DA CATEGORIA NO ESTADO","datePublished":"2015-04-11T13:00:31+00:00","mainEntityOfPage":{"@id":"https:\/\/blogdofarnesio.com.br\/?p=122063"},"wordCount":393,"commentCount":0,"publisher":{"@id":"https:\/\/blogdofarnesio.com.br\/#organization"},"image":{"@id":"https:\/\/blogdofarnesio.com.br\/?p=122063#primaryimage"},"thumbnailUrl":"http:\/\/www.quersaberpolitica.com.br\/2016\/wp-content\/uploads\/2015\/04\/blogqsp.odacy_.professores.petrolina-300x169.jpg","articleSection":["Pol\u00edtica"],"inLanguage":"pt-BR","potentialAction":[{"@type":"CommentAction","name":"Comment","target":["https:\/\/blogdofarnesio.com.br\/?p=122063#respond"]}]},{"@type":"WebPage","@id":"https:\/\/blogdofarnesio.com.br\/?p=122063","url":"https:\/\/blogdofarnesio.com.br\/?p=122063","name":"ODACY PRESTIGIA PROFESSORES EM ATO PELO CUMPRIMENTO DO PISO NACIONAL DA CATEGORIA NO ESTADO - Blog do Farn\u00e9sio","isPartOf":{"@id":"https:\/\/blogdofarnesio.com.br\/#website"},"primaryImageOfPage":{"@id":"https:\/\/blogdofarnesio.com.br\/?p=122063#primaryimage"},"image":{"@id":"https:\/\/blogdofarnesio.com.br\/?p=122063#primaryimage"},"thumbnailUrl":"http:\/\/www.quersaberpolitica.com.br\/2016\/wp-content\/uploads\/2015\/04\/blogqsp.odacy_.professores.petrolina-300x169.jpg","datePublished":"2015-04-11T13:00:31+00:00","breadcrumb":{"@id":"https:\/\/blogdofarnesio.com.br\/?p=122063#breadcrumb"},"inLanguage":"pt-BR","potentialAction":[{"@type":"ReadAction","target":["https:\/\/blogdofarnesio.com.br\/?p=122063"]}]},{"@type":"ImageObject","inLanguage":"pt-BR","@id":"https:\/\/blogdofarnesio.com.br\/?p=122063#primaryimage","url":"http:\/\/www.quersaberpolitica.com.br\/2016\/wp-content\/uploads\/2015\/04\/blogqsp.odacy_.professores.petrolina-300x169.jpg","contentUrl":"http:\/\/www.quersaberpolitica.com.br\/2016\/wp-content\/uploads\/2015\/04\/blogqsp.odacy_.professores.petrolina-300x169.jpg"},{"@type":"BreadcrumbList","@id":"https:\/\/blogdofarnesio.com.br\/?p=122063#breadcrumb","itemListElement":[{"@type":"ListItem","position":1,"name":"In\u00edcio","item":"https:\/\/blogdofarnesio.com.br\/"},{"@type":"ListItem","position":2,"name":"ODACY PRESTIGIA PROFESSORES EM ATO PELO CUMPRIMENTO DO PISO NACIONAL DA CATEGORIA NO ESTADO"}]},{"@type":"WebSite","@id":"https:\/\/blogdofarnesio.com.br\/#website","url":"https:\/\/blogdofarnesio.com.br\/","name":"Blog do Farn\u00e9sio","description":"Quer Saber Pol\u00edtica?","publisher":{"@id":"https:\/\/blogdofarnesio.com.br\/#organization"},"potentialAction":[{"@type":"SearchAction","target":{"@type":"EntryPoint","urlTemplate":"https:\/\/blogdofarnesio.com.br\/?s={search_term_string}"},"query-input":{"@type":"PropertyValueSpecification","valueRequired":true,"valueName":"search_term_string"}}],"inLanguage":"pt-BR"},{"@type":"Organization","@id":"https:\/\/blogdofarnesio.com.br\/#organization","name":"Blog do Farn\u00e9sio","url":"https:\/\/blogdofarnesio.com.br\/","logo":{"@type":"ImageObject","inLanguage":"pt-BR","@id":"https:\/\/blogdofarnesio.com.br\/#\/schema\/logo\/image\/","url":"https:\/\/blogdofarnesio.com.br\/wp-content\/uploads\/2026\/03\/cropped-logo_new-1.png","contentUrl":"https:\/\/blogdofarnesio.com.br\/wp-content\/uploads\/2026\/03\/cropped-logo_new-1.png","width":881,"height":685,"caption":"Blog do Farn\u00e9sio"},"image":{"@id":"https:\/\/blogdofarnesio.com.br\/#\/schema\/logo\/image\/"},"sameAs":["https:\/\/www.facebook.com\/BlogQuerSaberPolitica\/"]},{"@type":"Person","@id":"","url":"https:\/\/blogdofarnesio.com.br\/?author=7"}]}},"_links":{"self":[{"href":"https:\/\/blogdofarnesio.com.br\/index.php?rest_route=\/wp\/v2\/posts\/122063","targetHints":{"allow":["GET"]}}],"collection":[{"href":"https:\/\/blogdofarnesio.com.br\/index.php?rest_route=\/wp\/v2\/posts"}],"about":[{"href":"https:\/\/blogdofarnesio.com.br\/index.php?rest_route=\/wp\/v2\/types\/post"}],"author":[{"embeddable":true,"href":"https:\/\/blogdofarnesio.com.br\/index.php?rest_route=\/wp\/v2\/users\/7"}],"replies":[{"embeddable":true,"href":"https:\/\/blogdofarnesio.com.br\/index.php?rest_route=%2Fwp%2Fv2%2Fcomments&post=122063"}],"version-history":[{"count":0,"href":"https:\/\/blogdofarnesio.com.br\/index.php?rest_route=\/wp\/v2\/posts\/122063\/revisions"}],"wp:attachment":[{"href":"https:\/\/blogdofarnesio.com.br\/index.php?rest_route=%2Fwp%2Fv2%2Fmedia&parent=122063"}],"wp:term":[{"taxonomy":"category","embeddable":true,"href":"https:\/\/blogdofarnesio.com.br\/index.php?rest_route=%2Fwp%2Fv2%2Fcategories&post=122063"},{"taxonomy":"post_tag","embeddable":true,"href":"https:\/\/blogdofarnesio.com.br\/index.php?rest_route=%2Fwp%2Fv2%2Ftags&post=122063"}],"curies":[{"name":"wp","href":"https:\/\/api.w.org\/{rel}","templated":true}]}}