{"id":122060,"date":"2015-04-11T12:00:21","date_gmt":"2015-04-11T15:00:21","guid":{"rendered":"http:\/\/www.quersaberpolitica.com.br\/?p=122060"},"modified":"2015-04-11T09:23:53","modified_gmt":"2015-04-11T12:23:53","slug":"encontro-sobre-humanizacao-reune-profissionais-de-saude-e-gestantes-na-maternidade-de-juazeiro","status":"publish","type":"post","link":"https:\/\/blogdofarnesio.com.br\/?p=122060","title":{"rendered":"ENCONTRO SOBRE HUMANIZA\u00c7\u00c3O RE\u00daNE PROFISSIONAIS DE SA\u00daDE E GESTANTES NA MATERNIDADE DE JUAZEIRO"},"content":{"rendered":"<p style=\"text-align: justify\"><a href=\"http:\/\/www.quersaberpolitica.com.br\/2016\/wp-content\/uploads\/2015\/04\/blogqsp.encontro.humaniza\u00e7\u00e3o.juazeiro.jpg\"><img loading=\"lazy\" decoding=\"async\" class=\"  wp-image-122061 aligncenter\" src=\"http:\/\/www.quersaberpolitica.com.br\/2016\/wp-content\/uploads\/2015\/04\/blogqsp.encontro.humaniza\u00e7\u00e3o.juazeiro-300x169.jpg\" alt=\"blogqsp.encontro.humaniza\u00e7\u00e3o.juazeiro\" width=\"479\" height=\"278\" \/><\/a><\/p>\n<p style=\"text-align: justify\">Dentro da Semana Nacional de Humaniza\u00e7\u00e3o promovida pelo Minist\u00e9rio da Sa\u00fade, de 07 a 11 de abril, a Secretaria Municipal de Sa\u00fade de Juazeiro promoveu na manh\u00e3 desta quinta-feira (09) o encontro de humaniza\u00e7\u00e3o na Maternidade Municipal, com profissionais de sa\u00fade e agentes comunit\u00e1rios das UBS do munic\u00edpio, gestantes, acompanhantes e residentes.<\/p>\n<p style=\"text-align: justify\">O objetivo da semana \u00e9 efetivar os princ\u00edpios do SUS no cotidiano das pr\u00e1ticas de aten\u00e7\u00e3o e gest\u00e3o, qualificando a sa\u00fade p\u00fablica no Brasil e incentivando trocas solid\u00e1rias entre gestores, trabalhadores e usu\u00e1rios.<\/p>\n<p style=\"text-align: justify\">Recepcionados pela coordenadora do setor de enfermagem da Maternidade, Maria Barros, o grupo conheceu as instala\u00e7\u00f5es da unidade e informa\u00e7\u00f5es sobre o funcionamento do setor, bem como sobre as condutas realizadas pela equipe de enfermagem e equipe m\u00e9dica a partir do momento em que a gestante d\u00e1 entrada no Hospital.<\/p>\n<p style=\"text-align: justify\"><!--more--><\/p>\n<p style=\"text-align: justify\">A agente comunit\u00e1ria do bairro Palmares, Lucilene Alves destacou a import\u00e2ncia do encontro. \u201cMuitas m\u00e3es temem o parto normal e nem conhecem o funcionamento da maternidade. Estamos aqui tamb\u00e9m para aprender mais e ajudar a essas futuras mam\u00e3es na nossa comunidade\u201d.<\/p>\n<p style=\"text-align: justify\">A enfermeira do posto de sa\u00fade do bairro Dom Jos\u00e9 Rodrigues, Emile Gabriela, trouxe uma gestante da comunidade para participar do encontro. \u201cEssa visita junto com os profissionais e as gestantes \u00e9 importante porque nos permite esclarecer d\u00favidas, garantindo maior seguran\u00e7a para o momento do parto, e tamb\u00e9m j\u00e1 \u00e9 uma demonstra\u00e7\u00e3o de preocupa\u00e7\u00e3o e v\u00ednculo afetivo delas com seus futuros beb\u00eas, conhecendo previamente o local onde os mesmos ser\u00e3o recebidos\u201d, disse.<\/p>\n<p style=\"text-align: justify\">Para a gestante de seis meses do primeiro filho, Andrea da Silva a visita foi muito proveitosa. &#8221; Hoje me sinto mais segura em rela\u00e7\u00e3o a maternidade e toda a equipe e acredito que tudo correr\u00e1 bem. Aguardo ansiosa pela chegada do meu primeiro filho\u201d, concluiu a futura m\u00e3e.<\/p>\n<p style=\"text-align: justify\">Para o esposo de Andrea, Josem\u00e1rio Lima a expectativa de acompanhar o parto do primeiro filho \u00e9 grande. \u201cSomos pais de primeira viagem e viemos a esse encontro para conhecer o atendimento que ser\u00e1 prestado a minha esposa e ao meu filho na Maternidade. Parabenizo a secretaria de sa\u00fade pela iniciativa\u201d.<\/p>\n<p style=\"text-align: justify\">A residente da Univasf, Mariana Ara\u00fajo acredita que as informa\u00e7\u00f5es apresentadas s\u00e3o consideradas importantes para as gestantes. \u201cCom as orienta\u00e7\u00f5es que recebemos da Secretaria de Sa\u00fade, \u00e9 nosso dever levar as gestantes para conhecer as instala\u00e7\u00f5es da maternidade, criar v\u00ednculo com os profissionais e trocar experi\u00eancias com outras gestantes e com equipes de profissionais que prestam atendimentos na maternidade. Al\u00e9m disso, devemos incentivar as m\u00e3es a conhecer seus direitos. Quanto mais informa\u00e7\u00f5es, menos complica\u00e7\u00f5es\u201d, ressaltou.<\/p>\n<p style=\"text-align: justify\">Para a Diretora da Humaniza\u00e7\u00e3o da SESAU, Carla Lorena Pesqueira a iniciativa possibilita que as gestantes se sintam seguras, tendo o apoio e orienta\u00e7\u00f5es dos profissionais e destacou tamb\u00e9m a import\u00e2ncia da Semana da Humaniza\u00e7\u00e3o. \u201cA realiza\u00e7\u00e3o deste evento aqui em Juazeiro vem refor\u00e7ar a Pol\u00edtica Nacional de Humaniza\u00e7\u00e3o vigente, que tem por objetivo transformar a rela\u00e7\u00e3o entre gestores, trabalhadores e usu\u00e1rios\u201d, finalizou.<\/p>\n<p style=\"text-align: justify\">Ao final do encontro foi aberta uma roda de conversa das residentes com as gestantes dando orienta\u00e7\u00f5es b\u00e1sicas sobre o parto humanizado, a import\u00e2ncia da amamenta\u00e7\u00e3o e os primeiros cuidados com a primeira inf\u00e2ncia.<\/p>\n<p><i><span style=\"text-decoration: underline\">Por Daniela Duarte\/SESAU<\/span><\/i><\/p>\n","protected":false},"excerpt":{"rendered":"<p>Dentro da Semana Nacional de Humaniza\u00e7\u00e3o promovida pelo Minist\u00e9rio da Sa\u00fade, de 07 a 11 de abril, a Secretaria Municipal de Sa\u00fade de Juazeiro promoveu na manh\u00e3 desta quinta-feira (09) o encontro de humaniza\u00e7\u00e3o na Maternidade Municipal, com profissionais de sa\u00fade e agentes comunit\u00e1rios das UBS do munic\u00edpio, gestantes, acompanhantes e residentes. O objetivo da semana \u00e9 efetivar os princ\u00edpios do SUS no cotidiano das pr\u00e1ticas de aten\u00e7\u00e3o e gest\u00e3o, qualificando a sa\u00fade p\u00fablica no Brasil e incentivando trocas solid\u00e1rias entre gestores, trabalhadores e usu\u00e1rios. Recepcionados pela coordenadora do setor de enfermagem da Maternidade, Maria Barros, o grupo conheceu as instala\u00e7\u00f5es da unidade e informa\u00e7\u00f5es sobre o funcionamento do setor, bem como sobre as condutas realizadas pela equipe de enfermagem&hellip; <\/p>\n","protected":false},"author":7,"featured_media":0,"comment_status":"open","ping_status":"open","sticky":false,"template":"","format":"standard","meta":{"_acf_changed":false,"footnotes":""},"categories":[1],"tags":[],"class_list":["post-122060","post","type-post","status-publish","format-standard","hentry","category-politica"],"acf":[],"yoast_head":"<!-- This site is optimized with the Yoast SEO plugin v27.4 - https:\/\/yoast.com\/product\/yoast-seo-wordpress\/ -->\n<title>ENCONTRO SOBRE HUMANIZA\u00c7\u00c3O RE\u00daNE PROFISSIONAIS DE SA\u00daDE E GESTANTES NA MATERNIDADE DE JUAZEIRO - Blog do Farn\u00e9sio<\/title>\n<meta name=\"robots\" content=\"index, follow, max-snippet:-1, max-image-preview:large, max-video-preview:-1\" \/>\n<link rel=\"canonical\" href=\"https:\/\/blogdofarnesio.com.br\/?p=122060\" \/>\n<meta property=\"og:locale\" content=\"pt_BR\" \/>\n<meta property=\"og:type\" content=\"article\" \/>\n<meta property=\"og:title\" content=\"ENCONTRO SOBRE HUMANIZA\u00c7\u00c3O RE\u00daNE PROFISSIONAIS DE SA\u00daDE E GESTANTES NA MATERNIDADE DE JUAZEIRO - Blog do Farn\u00e9sio\" \/>\n<meta property=\"og:description\" content=\"Dentro da Semana Nacional de Humaniza\u00e7\u00e3o promovida pelo Minist\u00e9rio da Sa\u00fade, de 07 a 11 de abril, a Secretaria Municipal de Sa\u00fade de Juazeiro promoveu na manh\u00e3 desta quinta-feira (09) o encontro de humaniza\u00e7\u00e3o na Maternidade Municipal, com profissionais de sa\u00fade e agentes comunit\u00e1rios das UBS do munic\u00edpio, gestantes, acompanhantes e residentes. O objetivo da semana \u00e9 efetivar os princ\u00edpios do SUS no cotidiano das pr\u00e1ticas de aten\u00e7\u00e3o e gest\u00e3o, qualificando a sa\u00fade p\u00fablica no Brasil e incentivando trocas solid\u00e1rias entre gestores, trabalhadores e usu\u00e1rios. Recepcionados pela coordenadora do setor de enfermagem da Maternidade, Maria Barros, o grupo conheceu as instala\u00e7\u00f5es da unidade e informa\u00e7\u00f5es sobre o funcionamento do setor, bem como sobre as condutas realizadas pela equipe de enfermagem&hellip;\" \/>\n<meta property=\"og:url\" content=\"https:\/\/blogdofarnesio.com.br\/?p=122060\" \/>\n<meta property=\"og:site_name\" content=\"Blog do Farn\u00e9sio\" \/>\n<meta property=\"article:publisher\" content=\"https:\/\/www.facebook.com\/BlogQuerSaberPolitica\/\" \/>\n<meta property=\"article:published_time\" content=\"2015-04-11T15:00:21+00:00\" \/>\n<meta name=\"twitter:card\" content=\"summary_large_image\" \/>\n<meta name=\"twitter:label1\" content=\"Escrito por\" \/>\n\t<meta name=\"twitter:data1\" content=\"\" \/>\n\t<meta name=\"twitter:label2\" content=\"Est. tempo de leitura\" \/>\n\t<meta name=\"twitter:data2\" content=\"3 minutos\" \/>\n<script type=\"application\/ld+json\" class=\"yoast-schema-graph\">{\"@context\":\"https:\\\/\\\/schema.org\",\"@graph\":[{\"@type\":\"Article\",\"@id\":\"https:\\\/\\\/blogdofarnesio.com.br\\\/?p=122060#article\",\"isPartOf\":{\"@id\":\"https:\\\/\\\/blogdofarnesio.com.br\\\/?p=122060\"},\"author\":{\"name\":\"\",\"@id\":\"\"},\"headline\":\"ENCONTRO SOBRE HUMANIZA\u00c7\u00c3O RE\u00daNE PROFISSIONAIS DE SA\u00daDE E GESTANTES NA MATERNIDADE DE JUAZEIRO\",\"datePublished\":\"2015-04-11T15:00:21+00:00\",\"mainEntityOfPage\":{\"@id\":\"https:\\\/\\\/blogdofarnesio.com.br\\\/?p=122060\"},\"wordCount\":596,\"commentCount\":0,\"publisher\":{\"@id\":\"https:\\\/\\\/blogdofarnesio.com.br\\\/#organization\"},\"articleSection\":[\"Pol\u00edtica\"],\"inLanguage\":\"pt-BR\",\"potentialAction\":[{\"@type\":\"CommentAction\",\"name\":\"Comment\",\"target\":[\"https:\\\/\\\/blogdofarnesio.com.br\\\/?p=122060#respond\"]}]},{\"@type\":\"WebPage\",\"@id\":\"https:\\\/\\\/blogdofarnesio.com.br\\\/?p=122060\",\"url\":\"https:\\\/\\\/blogdofarnesio.com.br\\\/?p=122060\",\"name\":\"ENCONTRO SOBRE HUMANIZA\u00c7\u00c3O RE\u00daNE PROFISSIONAIS DE SA\u00daDE E GESTANTES NA MATERNIDADE DE JUAZEIRO - Blog do Farn\u00e9sio\",\"isPartOf\":{\"@id\":\"https:\\\/\\\/blogdofarnesio.com.br\\\/#website\"},\"datePublished\":\"2015-04-11T15:00:21+00:00\",\"breadcrumb\":{\"@id\":\"https:\\\/\\\/blogdofarnesio.com.br\\\/?p=122060#breadcrumb\"},\"inLanguage\":\"pt-BR\",\"potentialAction\":[{\"@type\":\"ReadAction\",\"target\":[\"https:\\\/\\\/blogdofarnesio.com.br\\\/?p=122060\"]}]},{\"@type\":\"BreadcrumbList\",\"@id\":\"https:\\\/\\\/blogdofarnesio.com.br\\\/?p=122060#breadcrumb\",\"itemListElement\":[{\"@type\":\"ListItem\",\"position\":1,\"name\":\"In\u00edcio\",\"item\":\"https:\\\/\\\/blogdofarnesio.com.br\\\/\"},{\"@type\":\"ListItem\",\"position\":2,\"name\":\"ENCONTRO SOBRE HUMANIZA\u00c7\u00c3O RE\u00daNE PROFISSIONAIS DE SA\u00daDE E GESTANTES NA MATERNIDADE DE JUAZEIRO\"}]},{\"@type\":\"WebSite\",\"@id\":\"https:\\\/\\\/blogdofarnesio.com.br\\\/#website\",\"url\":\"https:\\\/\\\/blogdofarnesio.com.br\\\/\",\"name\":\"Blog do Farn\u00e9sio\",\"description\":\"Quer Saber Pol\u00edtica?\",\"publisher\":{\"@id\":\"https:\\\/\\\/blogdofarnesio.com.br\\\/#organization\"},\"potentialAction\":[{\"@type\":\"SearchAction\",\"target\":{\"@type\":\"EntryPoint\",\"urlTemplate\":\"https:\\\/\\\/blogdofarnesio.com.br\\\/?s={search_term_string}\"},\"query-input\":{\"@type\":\"PropertyValueSpecification\",\"valueRequired\":true,\"valueName\":\"search_term_string\"}}],\"inLanguage\":\"pt-BR\"},{\"@type\":\"Organization\",\"@id\":\"https:\\\/\\\/blogdofarnesio.com.br\\\/#organization\",\"name\":\"Blog do Farn\u00e9sio\",\"url\":\"https:\\\/\\\/blogdofarnesio.com.br\\\/\",\"logo\":{\"@type\":\"ImageObject\",\"inLanguage\":\"pt-BR\",\"@id\":\"https:\\\/\\\/blogdofarnesio.com.br\\\/#\\\/schema\\\/logo\\\/image\\\/\",\"url\":\"https:\\\/\\\/blogdofarnesio.com.br\\\/wp-content\\\/uploads\\\/2026\\\/03\\\/cropped-logo_new-1.png\",\"contentUrl\":\"https:\\\/\\\/blogdofarnesio.com.br\\\/wp-content\\\/uploads\\\/2026\\\/03\\\/cropped-logo_new-1.png\",\"width\":881,\"height\":685,\"caption\":\"Blog do Farn\u00e9sio\"},\"image\":{\"@id\":\"https:\\\/\\\/blogdofarnesio.com.br\\\/#\\\/schema\\\/logo\\\/image\\\/\"},\"sameAs\":[\"https:\\\/\\\/www.facebook.com\\\/BlogQuerSaberPolitica\\\/\"]},{\"@type\":\"Person\",\"@id\":\"\",\"url\":\"https:\\\/\\\/blogdofarnesio.com.br\\\/?author=7\"}]}<\/script>\n<!-- \/ Yoast SEO plugin. -->","yoast_head_json":{"title":"ENCONTRO SOBRE HUMANIZA\u00c7\u00c3O RE\u00daNE PROFISSIONAIS DE SA\u00daDE E GESTANTES NA MATERNIDADE DE JUAZEIRO - Blog do Farn\u00e9sio","robots":{"index":"index","follow":"follow","max-snippet":"max-snippet:-1","max-image-preview":"max-image-preview:large","max-video-preview":"max-video-preview:-1"},"canonical":"https:\/\/blogdofarnesio.com.br\/?p=122060","og_locale":"pt_BR","og_type":"article","og_title":"ENCONTRO SOBRE HUMANIZA\u00c7\u00c3O RE\u00daNE PROFISSIONAIS DE SA\u00daDE E GESTANTES NA MATERNIDADE DE JUAZEIRO - Blog do Farn\u00e9sio","og_description":"Dentro da Semana Nacional de Humaniza\u00e7\u00e3o promovida pelo Minist\u00e9rio da Sa\u00fade, de 07 a 11 de abril, a Secretaria Municipal de Sa\u00fade de Juazeiro promoveu na manh\u00e3 desta quinta-feira (09) o encontro de humaniza\u00e7\u00e3o na Maternidade Municipal, com profissionais de sa\u00fade e agentes comunit\u00e1rios das UBS do munic\u00edpio, gestantes, acompanhantes e residentes. O objetivo da semana \u00e9 efetivar os princ\u00edpios do SUS no cotidiano das pr\u00e1ticas de aten\u00e7\u00e3o e gest\u00e3o, qualificando a sa\u00fade p\u00fablica no Brasil e incentivando trocas solid\u00e1rias entre gestores, trabalhadores e usu\u00e1rios. Recepcionados pela coordenadora do setor de enfermagem da Maternidade, Maria Barros, o grupo conheceu as instala\u00e7\u00f5es da unidade e informa\u00e7\u00f5es sobre o funcionamento do setor, bem como sobre as condutas realizadas pela equipe de enfermagem&hellip;","og_url":"https:\/\/blogdofarnesio.com.br\/?p=122060","og_site_name":"Blog do Farn\u00e9sio","article_publisher":"https:\/\/www.facebook.com\/BlogQuerSaberPolitica\/","article_published_time":"2015-04-11T15:00:21+00:00","twitter_card":"summary_large_image","twitter_misc":{"Escrito por":"","Est. tempo de leitura":"3 minutos"},"schema":{"@context":"https:\/\/schema.org","@graph":[{"@type":"Article","@id":"https:\/\/blogdofarnesio.com.br\/?p=122060#article","isPartOf":{"@id":"https:\/\/blogdofarnesio.com.br\/?p=122060"},"author":{"name":"","@id":""},"headline":"ENCONTRO SOBRE HUMANIZA\u00c7\u00c3O RE\u00daNE PROFISSIONAIS DE SA\u00daDE E GESTANTES NA MATERNIDADE DE JUAZEIRO","datePublished":"2015-04-11T15:00:21+00:00","mainEntityOfPage":{"@id":"https:\/\/blogdofarnesio.com.br\/?p=122060"},"wordCount":596,"commentCount":0,"publisher":{"@id":"https:\/\/blogdofarnesio.com.br\/#organization"},"articleSection":["Pol\u00edtica"],"inLanguage":"pt-BR","potentialAction":[{"@type":"CommentAction","name":"Comment","target":["https:\/\/blogdofarnesio.com.br\/?p=122060#respond"]}]},{"@type":"WebPage","@id":"https:\/\/blogdofarnesio.com.br\/?p=122060","url":"https:\/\/blogdofarnesio.com.br\/?p=122060","name":"ENCONTRO SOBRE HUMANIZA\u00c7\u00c3O RE\u00daNE PROFISSIONAIS DE SA\u00daDE E GESTANTES NA MATERNIDADE DE JUAZEIRO - Blog do Farn\u00e9sio","isPartOf":{"@id":"https:\/\/blogdofarnesio.com.br\/#website"},"datePublished":"2015-04-11T15:00:21+00:00","breadcrumb":{"@id":"https:\/\/blogdofarnesio.com.br\/?p=122060#breadcrumb"},"inLanguage":"pt-BR","potentialAction":[{"@type":"ReadAction","target":["https:\/\/blogdofarnesio.com.br\/?p=122060"]}]},{"@type":"BreadcrumbList","@id":"https:\/\/blogdofarnesio.com.br\/?p=122060#breadcrumb","itemListElement":[{"@type":"ListItem","position":1,"name":"In\u00edcio","item":"https:\/\/blogdofarnesio.com.br\/"},{"@type":"ListItem","position":2,"name":"ENCONTRO SOBRE HUMANIZA\u00c7\u00c3O RE\u00daNE PROFISSIONAIS DE SA\u00daDE E GESTANTES NA MATERNIDADE DE JUAZEIRO"}]},{"@type":"WebSite","@id":"https:\/\/blogdofarnesio.com.br\/#website","url":"https:\/\/blogdofarnesio.com.br\/","name":"Blog do Farn\u00e9sio","description":"Quer Saber Pol\u00edtica?","publisher":{"@id":"https:\/\/blogdofarnesio.com.br\/#organization"},"potentialAction":[{"@type":"SearchAction","target":{"@type":"EntryPoint","urlTemplate":"https:\/\/blogdofarnesio.com.br\/?s={search_term_string}"},"query-input":{"@type":"PropertyValueSpecification","valueRequired":true,"valueName":"search_term_string"}}],"inLanguage":"pt-BR"},{"@type":"Organization","@id":"https:\/\/blogdofarnesio.com.br\/#organization","name":"Blog do Farn\u00e9sio","url":"https:\/\/blogdofarnesio.com.br\/","logo":{"@type":"ImageObject","inLanguage":"pt-BR","@id":"https:\/\/blogdofarnesio.com.br\/#\/schema\/logo\/image\/","url":"https:\/\/blogdofarnesio.com.br\/wp-content\/uploads\/2026\/03\/cropped-logo_new-1.png","contentUrl":"https:\/\/blogdofarnesio.com.br\/wp-content\/uploads\/2026\/03\/cropped-logo_new-1.png","width":881,"height":685,"caption":"Blog do Farn\u00e9sio"},"image":{"@id":"https:\/\/blogdofarnesio.com.br\/#\/schema\/logo\/image\/"},"sameAs":["https:\/\/www.facebook.com\/BlogQuerSaberPolitica\/"]},{"@type":"Person","@id":"","url":"https:\/\/blogdofarnesio.com.br\/?author=7"}]}},"_links":{"self":[{"href":"https:\/\/blogdofarnesio.com.br\/index.php?rest_route=\/wp\/v2\/posts\/122060","targetHints":{"allow":["GET"]}}],"collection":[{"href":"https:\/\/blogdofarnesio.com.br\/index.php?rest_route=\/wp\/v2\/posts"}],"about":[{"href":"https:\/\/blogdofarnesio.com.br\/index.php?rest_route=\/wp\/v2\/types\/post"}],"author":[{"embeddable":true,"href":"https:\/\/blogdofarnesio.com.br\/index.php?rest_route=\/wp\/v2\/users\/7"}],"replies":[{"embeddable":true,"href":"https:\/\/blogdofarnesio.com.br\/index.php?rest_route=%2Fwp%2Fv2%2Fcomments&post=122060"}],"version-history":[{"count":0,"href":"https:\/\/blogdofarnesio.com.br\/index.php?rest_route=\/wp\/v2\/posts\/122060\/revisions"}],"wp:attachment":[{"href":"https:\/\/blogdofarnesio.com.br\/index.php?rest_route=%2Fwp%2Fv2%2Fmedia&parent=122060"}],"wp:term":[{"taxonomy":"category","embeddable":true,"href":"https:\/\/blogdofarnesio.com.br\/index.php?rest_route=%2Fwp%2Fv2%2Fcategories&post=122060"},{"taxonomy":"post_tag","embeddable":true,"href":"https:\/\/blogdofarnesio.com.br\/index.php?rest_route=%2Fwp%2Fv2%2Ftags&post=122060"}],"curies":[{"name":"wp","href":"https:\/\/api.w.org\/{rel}","templated":true}]}}