{"id":12193,"date":"2012-03-22T10:00:12","date_gmt":"2012-03-22T10:00:12","guid":{"rendered":"http:\/\/www.quersaberpolitica.com.br?p=12193"},"modified":"2012-03-21T22:05:04","modified_gmt":"2012-03-21T22:05:04","slug":"governador-wagner-chega-esta-tarde-a-juazeiro-para-inauguracoes-duplicacao-da-ba","status":"publish","type":"post","link":"https:\/\/blogdofarnesio.com.br\/?p=12193","title":{"rendered":"Governador Wagner chega esta tarde a Juazeiro para inaugura\u00e7\u00f5es duplica\u00e7\u00e3o da BA"},"content":{"rendered":"<p>&nbsp;<\/p>\n<p class=\"MsoNormal\" style=\"text-align: justify;\"><span style=\"font-size: medium;\"><span style=\"font-family: arial, helvetica, sans-serif;\"><strong><a rel=\"lightbox\" href=\"http:\/\/www.quersaberpolitica.com.br\/2016\/wp-content\/uploads\/2012\/12\/blogqspwagneritamotinga.jpg\"><img loading=\"lazy\" decoding=\"async\" style=\"float: right; margin-top: 5px; margin-bottom: 5px; margin-left: 10px; margin-right: 10px;\" src=\"http:\/\/www.quersaberpolitica.com.br\/2016\/wp-content\/uploads\/2012\/12\/blogqspwagneritamotinga.jpg\" alt=\"\" width=\"200\" height=\"143\" \/><\/a><\/strong>Tudo pronto para receber o Governador Jaques Wagner, que volta a Juazeiro hoje para inaugurar mais obras no munic&iacute;pio &#8211; a duplica&ccedil;&atilde;o do trecho urbano da BA 210, a estrada de acesso ao Distrito de Mani&ccedil;oba, al&eacute;m dos trechos que ligam as localidades de Jatob&aacute; e Conchas. O evento ser&aacute; a partir das 17h30. <\/span><\/span><\/p>\n<p class=\"MsoNormal\" style=\"text-align: justify;\"><span style=\"font-size: medium;\"><span style=\"font-family: arial, helvetica, sans-serif;\">A recupera&ccedil;&atilde;o das estradas de Mani&ccedil;oba, Itamotinga e da BA 210 foram reivindica&ccedil;&otilde;es do prefeito ao governador do Estado, e contou com o empenho dos deputados federais Daniel Almeida e Rui Costa (atual Chefe da Casa Civil) e, do subsecret&aacute;rio da SERIN, Pedro Alc&acirc;ntara. As obras v&atilde;o impulsionar o setor produtivo e de servi&ccedil;os do munic&iacute;pio, e ir&atilde;o beneficiar principalmente os agricultores que utilizam estas estradas para escoamento da produ&ccedil;&atilde;o agr&iacute;cola do Projeto Cura&ccedil;&aacute; (NH1, NH2, NH3 e NH4) e das localidades de Jatob&aacute;, Conchas, Guanh&atilde;es, Jacar&eacute;, Pontal, Periquito, entre outras comunidades do entorno.<\/span><\/span><\/p>\n<p class=\"MsoNormal\" style=\"text-align: justify;\"><span style=\"font-size: medium;\"><span style=\"font-family: arial, helvetica, sans-serif;\">A duplica&ccedil;&atilde;o da BA-210, que compreende o trecho do Mercado do Produtor at&eacute; o contorno do bairro Tabuleiro, ganhou canteiro central, duas novas pistas de 7 metros, com 2 metros de acostamento, duas rotat&oacute;rias, uma que liga ao bairro Tabuleiro e a outra ao S&atilde;o Geraldo, al&eacute;m de ilumina&ccedil;&atilde;o e sinaliza&ccedil;&atilde;o em todo o trecho.<\/span><\/span><\/p>\n<p class=\"MsoNormal\" style=\"text-align: justify;\"><span style=\"font-size: medium;\"><span style=\"font-family: arial, helvetica, sans-serif;\">No inicio de mar&ccedil;o, o governador Jacques Wagner esteve em Juazeiro e inaugurou a estrada de acesso ao Distrito de Itamotinga, acompanhado do vice e secret&aacute;rio de Infraestrutura, Otto Alencar, a senadora, Lidice da Mata, da deputada federal F&aacute;tima Nunes e os deputados estaduais, Roberto Carlos, Yulo Oiticica e Marcelino Galo.&nbsp;<\/span><\/span><\/p>\n<p class=\"MsoNormal\" style=\"text-align: justify;\"><em><span style=\"font-size: medium;\">Por Emanuelle Lustosa-SEDUR<\/span><\/em><\/p>\n<p>&nbsp;<\/p>\n","protected":false},"excerpt":{"rendered":"<p>&nbsp; Tudo pronto para receber o Governador Jaques Wagner, que volta a Juazeiro hoje para inaugurar mais obras no munic&iacute;pio &#8211; a duplica&ccedil;&atilde;o do trecho urbano da BA 210, a estrada de acesso ao Distrito de Mani&ccedil;oba, al&eacute;m dos trechos que ligam as localidades de Jatob&aacute; e Conchas. O evento ser&aacute; a partir das 17h30. A recupera&ccedil;&atilde;o das estradas de Mani&ccedil;oba, Itamotinga e da BA 210 foram reivindica&ccedil;&otilde;es do prefeito ao governador do Estado, e contou com o empenho dos deputados federais Daniel Almeida e Rui Costa (atual Chefe da Casa Civil) e, do subsecret&aacute;rio da SERIN, Pedro Alc&acirc;ntara. As obras v&atilde;o impulsionar o setor produtivo e de servi&ccedil;os do munic&iacute;pio, e ir&atilde;o beneficiar principalmente os agricultores que utilizam estas&hellip; <\/p>\n","protected":false},"author":0,"featured_media":0,"comment_status":"open","ping_status":"open","sticky":false,"template":"","format":"standard","meta":{"_acf_changed":false,"footnotes":""},"categories":[1],"tags":[],"class_list":["post-12193","post","type-post","status-publish","format-standard","hentry","category-politica"],"acf":[],"yoast_head":"<!-- This site is optimized with the Yoast SEO plugin v27.4 - https:\/\/yoast.com\/product\/yoast-seo-wordpress\/ -->\n<title>Governador Wagner chega esta tarde a Juazeiro para inaugura\u00e7\u00f5es duplica\u00e7\u00e3o da BA - Blog do Farn\u00e9sio<\/title>\n<meta name=\"robots\" content=\"index, follow, max-snippet:-1, max-image-preview:large, max-video-preview:-1\" \/>\n<link rel=\"canonical\" href=\"https:\/\/blogdofarnesio.com.br\/?p=12193\" \/>\n<meta property=\"og:locale\" content=\"pt_BR\" \/>\n<meta property=\"og:type\" content=\"article\" \/>\n<meta property=\"og:title\" content=\"Governador Wagner chega esta tarde a Juazeiro para inaugura\u00e7\u00f5es duplica\u00e7\u00e3o da BA - Blog do Farn\u00e9sio\" \/>\n<meta property=\"og:description\" content=\"&nbsp; Tudo pronto para receber o Governador Jaques Wagner, que volta a Juazeiro hoje para inaugurar mais obras no munic&iacute;pio &#8211; a duplica&ccedil;&atilde;o do trecho urbano da BA 210, a estrada de acesso ao Distrito de Mani&ccedil;oba, al&eacute;m dos trechos que ligam as localidades de Jatob&aacute; e Conchas. O evento ser&aacute; a partir das 17h30. A recupera&ccedil;&atilde;o das estradas de Mani&ccedil;oba, Itamotinga e da BA 210 foram reivindica&ccedil;&otilde;es do prefeito ao governador do Estado, e contou com o empenho dos deputados federais Daniel Almeida e Rui Costa (atual Chefe da Casa Civil) e, do subsecret&aacute;rio da SERIN, Pedro Alc&acirc;ntara. As obras v&atilde;o impulsionar o setor produtivo e de servi&ccedil;os do munic&iacute;pio, e ir&atilde;o beneficiar principalmente os agricultores que utilizam estas&hellip;\" \/>\n<meta property=\"og:url\" content=\"https:\/\/blogdofarnesio.com.br\/?p=12193\" \/>\n<meta property=\"og:site_name\" content=\"Blog do Farn\u00e9sio\" \/>\n<meta property=\"article:publisher\" content=\"https:\/\/www.facebook.com\/BlogQuerSaberPolitica\/\" \/>\n<meta property=\"article:published_time\" content=\"2012-03-22T10:00:12+00:00\" \/>\n<meta property=\"og:image\" content=\"http:\/\/www.quersaberpolitica.com.br\/2016\/wp-content\/uploads\/2012\/12\/blogqspwagneritamotinga.jpg\" \/>\n<meta name=\"twitter:card\" content=\"summary_large_image\" \/>\n<meta name=\"twitter:label1\" content=\"Est. tempo de leitura\" \/>\n\t<meta name=\"twitter:data1\" content=\"2 minutos\" \/>\n<script type=\"application\/ld+json\" class=\"yoast-schema-graph\">{\"@context\":\"https:\\\/\\\/schema.org\",\"@graph\":[{\"@type\":\"Article\",\"@id\":\"https:\\\/\\\/blogdofarnesio.com.br\\\/?p=12193#article\",\"isPartOf\":{\"@id\":\"https:\\\/\\\/blogdofarnesio.com.br\\\/?p=12193\"},\"author\":{\"name\":\"\",\"@id\":\"\"},\"headline\":\"Governador Wagner chega esta tarde a Juazeiro para inaugura\u00e7\u00f5es duplica\u00e7\u00e3o da BA\",\"datePublished\":\"2012-03-22T10:00:12+00:00\",\"mainEntityOfPage\":{\"@id\":\"https:\\\/\\\/blogdofarnesio.com.br\\\/?p=12193\"},\"wordCount\":334,\"commentCount\":0,\"publisher\":{\"@id\":\"https:\\\/\\\/blogdofarnesio.com.br\\\/#organization\"},\"image\":{\"@id\":\"https:\\\/\\\/blogdofarnesio.com.br\\\/?p=12193#primaryimage\"},\"thumbnailUrl\":\"http:\\\/\\\/www.quersaberpolitica.com.br\\\/2016\\\/wp-content\\\/uploads\\\/2012\\\/12\\\/blogqspwagneritamotinga.jpg\",\"articleSection\":[\"Pol\u00edtica\"],\"inLanguage\":\"pt-BR\",\"potentialAction\":[{\"@type\":\"CommentAction\",\"name\":\"Comment\",\"target\":[\"https:\\\/\\\/blogdofarnesio.com.br\\\/?p=12193#respond\"]}]},{\"@type\":\"WebPage\",\"@id\":\"https:\\\/\\\/blogdofarnesio.com.br\\\/?p=12193\",\"url\":\"https:\\\/\\\/blogdofarnesio.com.br\\\/?p=12193\",\"name\":\"Governador Wagner chega esta tarde a Juazeiro para inaugura\u00e7\u00f5es duplica\u00e7\u00e3o da BA - Blog do Farn\u00e9sio\",\"isPartOf\":{\"@id\":\"https:\\\/\\\/blogdofarnesio.com.br\\\/#website\"},\"primaryImageOfPage\":{\"@id\":\"https:\\\/\\\/blogdofarnesio.com.br\\\/?p=12193#primaryimage\"},\"image\":{\"@id\":\"https:\\\/\\\/blogdofarnesio.com.br\\\/?p=12193#primaryimage\"},\"thumbnailUrl\":\"http:\\\/\\\/www.quersaberpolitica.com.br\\\/2016\\\/wp-content\\\/uploads\\\/2012\\\/12\\\/blogqspwagneritamotinga.jpg\",\"datePublished\":\"2012-03-22T10:00:12+00:00\",\"breadcrumb\":{\"@id\":\"https:\\\/\\\/blogdofarnesio.com.br\\\/?p=12193#breadcrumb\"},\"inLanguage\":\"pt-BR\",\"potentialAction\":[{\"@type\":\"ReadAction\",\"target\":[\"https:\\\/\\\/blogdofarnesio.com.br\\\/?p=12193\"]}]},{\"@type\":\"ImageObject\",\"inLanguage\":\"pt-BR\",\"@id\":\"https:\\\/\\\/blogdofarnesio.com.br\\\/?p=12193#primaryimage\",\"url\":\"http:\\\/\\\/www.quersaberpolitica.com.br\\\/2016\\\/wp-content\\\/uploads\\\/2012\\\/12\\\/blogqspwagneritamotinga.jpg\",\"contentUrl\":\"http:\\\/\\\/www.quersaberpolitica.com.br\\\/2016\\\/wp-content\\\/uploads\\\/2012\\\/12\\\/blogqspwagneritamotinga.jpg\"},{\"@type\":\"BreadcrumbList\",\"@id\":\"https:\\\/\\\/blogdofarnesio.com.br\\\/?p=12193#breadcrumb\",\"itemListElement\":[{\"@type\":\"ListItem\",\"position\":1,\"name\":\"In\u00edcio\",\"item\":\"https:\\\/\\\/blogdofarnesio.com.br\\\/\"},{\"@type\":\"ListItem\",\"position\":2,\"name\":\"Governador Wagner chega esta tarde a Juazeiro para inaugura\u00e7\u00f5es duplica\u00e7\u00e3o da BA\"}]},{\"@type\":\"WebSite\",\"@id\":\"https:\\\/\\\/blogdofarnesio.com.br\\\/#website\",\"url\":\"https:\\\/\\\/blogdofarnesio.com.br\\\/\",\"name\":\"Blog do Farn\u00e9sio\",\"description\":\"Quer Saber Pol\u00edtica?\",\"publisher\":{\"@id\":\"https:\\\/\\\/blogdofarnesio.com.br\\\/#organization\"},\"potentialAction\":[{\"@type\":\"SearchAction\",\"target\":{\"@type\":\"EntryPoint\",\"urlTemplate\":\"https:\\\/\\\/blogdofarnesio.com.br\\\/?s={search_term_string}\"},\"query-input\":{\"@type\":\"PropertyValueSpecification\",\"valueRequired\":true,\"valueName\":\"search_term_string\"}}],\"inLanguage\":\"pt-BR\"},{\"@type\":\"Organization\",\"@id\":\"https:\\\/\\\/blogdofarnesio.com.br\\\/#organization\",\"name\":\"Blog do Farn\u00e9sio\",\"url\":\"https:\\\/\\\/blogdofarnesio.com.br\\\/\",\"logo\":{\"@type\":\"ImageObject\",\"inLanguage\":\"pt-BR\",\"@id\":\"https:\\\/\\\/blogdofarnesio.com.br\\\/#\\\/schema\\\/logo\\\/image\\\/\",\"url\":\"https:\\\/\\\/blogdofarnesio.com.br\\\/wp-content\\\/uploads\\\/2026\\\/03\\\/cropped-logo_new-1.png\",\"contentUrl\":\"https:\\\/\\\/blogdofarnesio.com.br\\\/wp-content\\\/uploads\\\/2026\\\/03\\\/cropped-logo_new-1.png\",\"width\":881,\"height\":685,\"caption\":\"Blog do Farn\u00e9sio\"},\"image\":{\"@id\":\"https:\\\/\\\/blogdofarnesio.com.br\\\/#\\\/schema\\\/logo\\\/image\\\/\"},\"sameAs\":[\"https:\\\/\\\/www.facebook.com\\\/BlogQuerSaberPolitica\\\/\"]}]}<\/script>\n<!-- \/ Yoast SEO plugin. -->","yoast_head_json":{"title":"Governador Wagner chega esta tarde a Juazeiro para inaugura\u00e7\u00f5es duplica\u00e7\u00e3o da BA - Blog do Farn\u00e9sio","robots":{"index":"index","follow":"follow","max-snippet":"max-snippet:-1","max-image-preview":"max-image-preview:large","max-video-preview":"max-video-preview:-1"},"canonical":"https:\/\/blogdofarnesio.com.br\/?p=12193","og_locale":"pt_BR","og_type":"article","og_title":"Governador Wagner chega esta tarde a Juazeiro para inaugura\u00e7\u00f5es duplica\u00e7\u00e3o da BA - Blog do Farn\u00e9sio","og_description":"&nbsp; Tudo pronto para receber o Governador Jaques Wagner, que volta a Juazeiro hoje para inaugurar mais obras no munic&iacute;pio &#8211; a duplica&ccedil;&atilde;o do trecho urbano da BA 210, a estrada de acesso ao Distrito de Mani&ccedil;oba, al&eacute;m dos trechos que ligam as localidades de Jatob&aacute; e Conchas. O evento ser&aacute; a partir das 17h30. A recupera&ccedil;&atilde;o das estradas de Mani&ccedil;oba, Itamotinga e da BA 210 foram reivindica&ccedil;&otilde;es do prefeito ao governador do Estado, e contou com o empenho dos deputados federais Daniel Almeida e Rui Costa (atual Chefe da Casa Civil) e, do subsecret&aacute;rio da SERIN, Pedro Alc&acirc;ntara. As obras v&atilde;o impulsionar o setor produtivo e de servi&ccedil;os do munic&iacute;pio, e ir&atilde;o beneficiar principalmente os agricultores que utilizam estas&hellip;","og_url":"https:\/\/blogdofarnesio.com.br\/?p=12193","og_site_name":"Blog do Farn\u00e9sio","article_publisher":"https:\/\/www.facebook.com\/BlogQuerSaberPolitica\/","article_published_time":"2012-03-22T10:00:12+00:00","og_image":[{"url":"http:\/\/www.quersaberpolitica.com.br\/2016\/wp-content\/uploads\/2012\/12\/blogqspwagneritamotinga.jpg","type":"","width":"","height":""}],"twitter_card":"summary_large_image","twitter_misc":{"Est. tempo de leitura":"2 minutos"},"schema":{"@context":"https:\/\/schema.org","@graph":[{"@type":"Article","@id":"https:\/\/blogdofarnesio.com.br\/?p=12193#article","isPartOf":{"@id":"https:\/\/blogdofarnesio.com.br\/?p=12193"},"author":{"name":"","@id":""},"headline":"Governador Wagner chega esta tarde a Juazeiro para inaugura\u00e7\u00f5es duplica\u00e7\u00e3o da BA","datePublished":"2012-03-22T10:00:12+00:00","mainEntityOfPage":{"@id":"https:\/\/blogdofarnesio.com.br\/?p=12193"},"wordCount":334,"commentCount":0,"publisher":{"@id":"https:\/\/blogdofarnesio.com.br\/#organization"},"image":{"@id":"https:\/\/blogdofarnesio.com.br\/?p=12193#primaryimage"},"thumbnailUrl":"http:\/\/www.quersaberpolitica.com.br\/2016\/wp-content\/uploads\/2012\/12\/blogqspwagneritamotinga.jpg","articleSection":["Pol\u00edtica"],"inLanguage":"pt-BR","potentialAction":[{"@type":"CommentAction","name":"Comment","target":["https:\/\/blogdofarnesio.com.br\/?p=12193#respond"]}]},{"@type":"WebPage","@id":"https:\/\/blogdofarnesio.com.br\/?p=12193","url":"https:\/\/blogdofarnesio.com.br\/?p=12193","name":"Governador Wagner chega esta tarde a Juazeiro para inaugura\u00e7\u00f5es duplica\u00e7\u00e3o da BA - Blog do Farn\u00e9sio","isPartOf":{"@id":"https:\/\/blogdofarnesio.com.br\/#website"},"primaryImageOfPage":{"@id":"https:\/\/blogdofarnesio.com.br\/?p=12193#primaryimage"},"image":{"@id":"https:\/\/blogdofarnesio.com.br\/?p=12193#primaryimage"},"thumbnailUrl":"http:\/\/www.quersaberpolitica.com.br\/2016\/wp-content\/uploads\/2012\/12\/blogqspwagneritamotinga.jpg","datePublished":"2012-03-22T10:00:12+00:00","breadcrumb":{"@id":"https:\/\/blogdofarnesio.com.br\/?p=12193#breadcrumb"},"inLanguage":"pt-BR","potentialAction":[{"@type":"ReadAction","target":["https:\/\/blogdofarnesio.com.br\/?p=12193"]}]},{"@type":"ImageObject","inLanguage":"pt-BR","@id":"https:\/\/blogdofarnesio.com.br\/?p=12193#primaryimage","url":"http:\/\/www.quersaberpolitica.com.br\/2016\/wp-content\/uploads\/2012\/12\/blogqspwagneritamotinga.jpg","contentUrl":"http:\/\/www.quersaberpolitica.com.br\/2016\/wp-content\/uploads\/2012\/12\/blogqspwagneritamotinga.jpg"},{"@type":"BreadcrumbList","@id":"https:\/\/blogdofarnesio.com.br\/?p=12193#breadcrumb","itemListElement":[{"@type":"ListItem","position":1,"name":"In\u00edcio","item":"https:\/\/blogdofarnesio.com.br\/"},{"@type":"ListItem","position":2,"name":"Governador Wagner chega esta tarde a Juazeiro para inaugura\u00e7\u00f5es duplica\u00e7\u00e3o da BA"}]},{"@type":"WebSite","@id":"https:\/\/blogdofarnesio.com.br\/#website","url":"https:\/\/blogdofarnesio.com.br\/","name":"Blog do Farn\u00e9sio","description":"Quer Saber Pol\u00edtica?","publisher":{"@id":"https:\/\/blogdofarnesio.com.br\/#organization"},"potentialAction":[{"@type":"SearchAction","target":{"@type":"EntryPoint","urlTemplate":"https:\/\/blogdofarnesio.com.br\/?s={search_term_string}"},"query-input":{"@type":"PropertyValueSpecification","valueRequired":true,"valueName":"search_term_string"}}],"inLanguage":"pt-BR"},{"@type":"Organization","@id":"https:\/\/blogdofarnesio.com.br\/#organization","name":"Blog do Farn\u00e9sio","url":"https:\/\/blogdofarnesio.com.br\/","logo":{"@type":"ImageObject","inLanguage":"pt-BR","@id":"https:\/\/blogdofarnesio.com.br\/#\/schema\/logo\/image\/","url":"https:\/\/blogdofarnesio.com.br\/wp-content\/uploads\/2026\/03\/cropped-logo_new-1.png","contentUrl":"https:\/\/blogdofarnesio.com.br\/wp-content\/uploads\/2026\/03\/cropped-logo_new-1.png","width":881,"height":685,"caption":"Blog do Farn\u00e9sio"},"image":{"@id":"https:\/\/blogdofarnesio.com.br\/#\/schema\/logo\/image\/"},"sameAs":["https:\/\/www.facebook.com\/BlogQuerSaberPolitica\/"]}]}},"_links":{"self":[{"href":"https:\/\/blogdofarnesio.com.br\/index.php?rest_route=\/wp\/v2\/posts\/12193","targetHints":{"allow":["GET"]}}],"collection":[{"href":"https:\/\/blogdofarnesio.com.br\/index.php?rest_route=\/wp\/v2\/posts"}],"about":[{"href":"https:\/\/blogdofarnesio.com.br\/index.php?rest_route=\/wp\/v2\/types\/post"}],"replies":[{"embeddable":true,"href":"https:\/\/blogdofarnesio.com.br\/index.php?rest_route=%2Fwp%2Fv2%2Fcomments&post=12193"}],"version-history":[{"count":0,"href":"https:\/\/blogdofarnesio.com.br\/index.php?rest_route=\/wp\/v2\/posts\/12193\/revisions"}],"wp:attachment":[{"href":"https:\/\/blogdofarnesio.com.br\/index.php?rest_route=%2Fwp%2Fv2%2Fmedia&parent=12193"}],"wp:term":[{"taxonomy":"category","embeddable":true,"href":"https:\/\/blogdofarnesio.com.br\/index.php?rest_route=%2Fwp%2Fv2%2Fcategories&post=12193"},{"taxonomy":"post_tag","embeddable":true,"href":"https:\/\/blogdofarnesio.com.br\/index.php?rest_route=%2Fwp%2Fv2%2Ftags&post=12193"}],"curies":[{"name":"wp","href":"https:\/\/api.w.org\/{rel}","templated":true}]}}