{"id":12161,"date":"2012-03-18T13:00:02","date_gmt":"2012-03-18T13:00:02","guid":{"rendered":"http:\/\/www.quersaberpolitica.com.br?p=12161"},"modified":"-0001-11-30T00:00:00","modified_gmt":"-0001-11-30T03:00:00","slug":"ultimo-dia-do-forum-de-saude-do-trabalhador-e-marcado-por-avaliacao-e-proposicao-de-politica","status":"publish","type":"post","link":"https:\/\/blogdofarnesio.com.br\/?p=12161","title":{"rendered":"\u00daltimo dia do F\u00f3rum de Sa\u00fade do Trabalhador \u00e9 marcado por avalia\u00e7\u00e3o e proposi\u00e7\u00e3o de pol\u00edtica"},"content":{"rendered":"<p style=\"text-align: justify;\"><span style=\"font-size: small;\"><a rel=\"lightbox\" href=\"http:\/\/www.quersaberpolitica.com.br\/2016\/wp-content\/uploads\/2012\/12\/blogqspluciagiestasaudetrabalhadorforumpet2.jpg\"><img loading=\"lazy\" decoding=\"async\" style=\"margin-top: 5px; margin-bottom: 5px; margin-left: 10px; margin-right: 10px; float: right;\" title=\"Imagem Divulga&ccedil;&atilde;o\" src=\"http:\/\/www.quersaberpolitica.com.br\/2016\/wp-content\/uploads\/2012\/12\/blogqspluciagiestasaudetrabalhadorforumpet2.jpg\" alt=\"\" width=\"200\" height=\"150\" \/><\/a>As discuss&otilde;es do IV F&oacute;rum Regional do Controle Social em Sa&uacute;de do Trabalhador foram encerradas nessa quinta-feira (15) com oficina, atividades em grupo e uma plen&aacute;ria de avalia&ccedil;&atilde;o que embasar&aacute; um relat&oacute;rio com as propostas dos participantes para a institui&ccedil;&atilde;o de a&ccedil;&otilde;es em favor da sa&uacute;de dos trabalhadores. O documento ser&aacute; encaminhado &agrave; gest&atilde;o do Centro de Refer&ecirc;ncia em Sa&uacute;de do Trabalhador (CEREST-Petrolina), para os gestores dos 24 munic&iacute;pios da sua &aacute;rea de abrang&ecirc;ncia e para o Conselho Municipal de Sa&uacute;de.<\/span><\/p>\n<p style=\"text-align: justify;\"><span style=\"font-size: small;\">Para a diretora de Vigil&acirc;ncia em Sa&uacute;de da Secretaria Municipal de Sa&uacute;de de Petrolina (SMS), K&aacute;tia Coutinho, o F&oacute;rum teve um saldo positivo. &#8220;As pessoas que participaram realmente tinham o interesse pelo tema e isso foi muito positivo. Discutimos a formula&ccedil;&atilde;o de pol&iacute;ticas de aten&ccedil;&atilde;o ao trabalhador, que &eacute; uma tem&aacute;tica ainda esquecida pela sociedade, e acredito que o F&oacute;rum, realizado tamb&eacute;m em outras cidades de Pernambuco, servir&aacute; para fortalecer a inclus&atilde;o dessa pol&iacute;tica dentro da Rede do Sistema &Uacute;nico de Sa&uacute;de (SUS)&#8221;, avaliou.<\/span><\/p>\n<p style=\"text-align: justify;\"><span style=\"font-size: small;\">No per&iacute;odo da tarde, os participantes identificaram as a&ccedil;&otilde;es no campo da promo&ccedil;&atilde;o, vigil&acirc;ncia, assist&ecirc;ncia e controle social que precisam ser desenvolvidas no territ&oacute;rio de abrang&ecirc;ncia do CEREST &#8211; Petrolina. &#8220;Constru&iacute;mos, todos juntos, as estrat&eacute;gias que podemos desenvolver para disseminar e implementar uma pol&iacute;tica de sa&uacute;de do trabalhador nessa regi&atilde;o&#8221;, relatou a coordenadora da Comiss&atilde;o Intersetorial de Sa&uacute;de do Trabalhador (CIST) do Conselho Estadual de Sa&uacute;de (CES), Lindinere Ferreira. As estrat&eacute;gias ir&atilde;o compor um relat&oacute;rio que ser&aacute; enviado a todos os munic&iacute;pios dessa regi&atilde;o, para que eles possam discutir, dentro dos seus planos e instrumentos de gest&atilde;o, as a&ccedil;&otilde;es que poder&atilde;o desenvolver para fortalecer a rede de aten&ccedil;&atilde;o ao trabalhador.<\/span><\/p>\n<p style=\"text-align: justify;\"><span style=\"font-size: small;\">O F&oacute;rum foi uma promo&ccedil;&atilde;o da Comiss&atilde;o Intersetorial de Sa&uacute;de do Trabalhador (CIST) do Conselho Estadual de Sa&uacute;de (CES) e do Centro Estadual de Refer&ecirc;ncia em Sa&uacute;de do Trabalhador (CEREST), com o apoio da Secretaria Municipal de Sa&uacute;de de Petrolina (SMS).<\/span><\/p>\n<p style=\"text-align: justify;\"><span style=\"font-size: small;\">(Ascom PMP)<\/span><\/p>\n","protected":false},"excerpt":{"rendered":"<p>As discuss&otilde;es do IV F&oacute;rum Regional do Controle Social em Sa&uacute;de do Trabalhador foram encerradas nessa quinta-feira (15) com oficina, atividades em grupo e uma plen&aacute;ria de avalia&ccedil;&atilde;o que embasar&aacute; um relat&oacute;rio com as propostas dos participantes para a institui&ccedil;&atilde;o de a&ccedil;&otilde;es em favor da sa&uacute;de dos trabalhadores. O documento ser&aacute; encaminhado &agrave; gest&atilde;o do Centro de Refer&ecirc;ncia em Sa&uacute;de do Trabalhador (CEREST-Petrolina), para os gestores dos 24 munic&iacute;pios da sua &aacute;rea de abrang&ecirc;ncia e para o Conselho Municipal de Sa&uacute;de. Para a diretora de Vigil&acirc;ncia em Sa&uacute;de da Secretaria Municipal de Sa&uacute;de de Petrolina (SMS), K&aacute;tia Coutinho, o F&oacute;rum teve um saldo positivo. &#8220;As pessoas que participaram realmente tinham o interesse pelo tema e isso foi muito positivo. Discutimos&hellip; <\/p>\n","protected":false},"author":0,"featured_media":0,"comment_status":"open","ping_status":"open","sticky":false,"template":"","format":"standard","meta":{"_acf_changed":false,"footnotes":""},"categories":[3],"tags":[],"class_list":["post-12161","post","type-post","status-publish","format-standard","hentry","category-entretenimento"],"acf":[],"yoast_head":"<!-- This site is optimized with the Yoast SEO plugin v27.4 - https:\/\/yoast.com\/product\/yoast-seo-wordpress\/ -->\n<title>\u00daltimo dia do F\u00f3rum de Sa\u00fade do Trabalhador \u00e9 marcado por avalia\u00e7\u00e3o e proposi\u00e7\u00e3o de pol\u00edtica - Blog do Farn\u00e9sio<\/title>\n<meta name=\"robots\" content=\"index, follow, max-snippet:-1, max-image-preview:large, max-video-preview:-1\" \/>\n<link rel=\"canonical\" href=\"https:\/\/blogdofarnesio.com.br\/?p=12161\" \/>\n<meta property=\"og:locale\" content=\"pt_BR\" \/>\n<meta property=\"og:type\" content=\"article\" \/>\n<meta property=\"og:title\" content=\"\u00daltimo dia do F\u00f3rum de Sa\u00fade do Trabalhador \u00e9 marcado por avalia\u00e7\u00e3o e proposi\u00e7\u00e3o de pol\u00edtica - Blog do Farn\u00e9sio\" \/>\n<meta property=\"og:description\" content=\"As discuss&otilde;es do IV F&oacute;rum Regional do Controle Social em Sa&uacute;de do Trabalhador foram encerradas nessa quinta-feira (15) com oficina, atividades em grupo e uma plen&aacute;ria de avalia&ccedil;&atilde;o que embasar&aacute; um relat&oacute;rio com as propostas dos participantes para a institui&ccedil;&atilde;o de a&ccedil;&otilde;es em favor da sa&uacute;de dos trabalhadores. O documento ser&aacute; encaminhado &agrave; gest&atilde;o do Centro de Refer&ecirc;ncia em Sa&uacute;de do Trabalhador (CEREST-Petrolina), para os gestores dos 24 munic&iacute;pios da sua &aacute;rea de abrang&ecirc;ncia e para o Conselho Municipal de Sa&uacute;de. Para a diretora de Vigil&acirc;ncia em Sa&uacute;de da Secretaria Municipal de Sa&uacute;de de Petrolina (SMS), K&aacute;tia Coutinho, o F&oacute;rum teve um saldo positivo. &#8220;As pessoas que participaram realmente tinham o interesse pelo tema e isso foi muito positivo. Discutimos&hellip;\" \/>\n<meta property=\"og:url\" content=\"https:\/\/blogdofarnesio.com.br\/?p=12161\" \/>\n<meta property=\"og:site_name\" content=\"Blog do Farn\u00e9sio\" \/>\n<meta property=\"article:publisher\" content=\"https:\/\/www.facebook.com\/BlogQuerSaberPolitica\/\" \/>\n<meta property=\"article:published_time\" content=\"2012-03-18T13:00:02+00:00\" \/>\n<meta property=\"og:image\" content=\"http:\/\/www.quersaberpolitica.com.br\/2016\/wp-content\/uploads\/2012\/12\/blogqspluciagiestasaudetrabalhadorforumpet2.jpg\" \/>\n<meta name=\"twitter:card\" content=\"summary_large_image\" \/>\n<meta name=\"twitter:label1\" content=\"Est. tempo de leitura\" \/>\n\t<meta name=\"twitter:data1\" content=\"2 minutos\" \/>\n<script type=\"application\/ld+json\" class=\"yoast-schema-graph\">{\"@context\":\"https:\\\/\\\/schema.org\",\"@graph\":[{\"@type\":\"Article\",\"@id\":\"https:\\\/\\\/blogdofarnesio.com.br\\\/?p=12161#article\",\"isPartOf\":{\"@id\":\"https:\\\/\\\/blogdofarnesio.com.br\\\/?p=12161\"},\"author\":{\"name\":\"\",\"@id\":\"\"},\"headline\":\"\u00daltimo dia do F\u00f3rum de Sa\u00fade do Trabalhador \u00e9 marcado por avalia\u00e7\u00e3o e proposi\u00e7\u00e3o de pol\u00edtica\",\"datePublished\":\"2012-03-18T13:00:02+00:00\",\"mainEntityOfPage\":{\"@id\":\"https:\\\/\\\/blogdofarnesio.com.br\\\/?p=12161\"},\"wordCount\":474,\"commentCount\":0,\"publisher\":{\"@id\":\"https:\\\/\\\/blogdofarnesio.com.br\\\/#organization\"},\"image\":{\"@id\":\"https:\\\/\\\/blogdofarnesio.com.br\\\/?p=12161#primaryimage\"},\"thumbnailUrl\":\"http:\\\/\\\/www.quersaberpolitica.com.br\\\/2016\\\/wp-content\\\/uploads\\\/2012\\\/12\\\/blogqspluciagiestasaudetrabalhadorforumpet2.jpg\",\"articleSection\":[\"Entretenimento\"],\"inLanguage\":\"pt-BR\",\"potentialAction\":[{\"@type\":\"CommentAction\",\"name\":\"Comment\",\"target\":[\"https:\\\/\\\/blogdofarnesio.com.br\\\/?p=12161#respond\"]}]},{\"@type\":\"WebPage\",\"@id\":\"https:\\\/\\\/blogdofarnesio.com.br\\\/?p=12161\",\"url\":\"https:\\\/\\\/blogdofarnesio.com.br\\\/?p=12161\",\"name\":\"\u00daltimo dia do F\u00f3rum de Sa\u00fade do Trabalhador \u00e9 marcado por avalia\u00e7\u00e3o e proposi\u00e7\u00e3o de pol\u00edtica - Blog do Farn\u00e9sio\",\"isPartOf\":{\"@id\":\"https:\\\/\\\/blogdofarnesio.com.br\\\/#website\"},\"primaryImageOfPage\":{\"@id\":\"https:\\\/\\\/blogdofarnesio.com.br\\\/?p=12161#primaryimage\"},\"image\":{\"@id\":\"https:\\\/\\\/blogdofarnesio.com.br\\\/?p=12161#primaryimage\"},\"thumbnailUrl\":\"http:\\\/\\\/www.quersaberpolitica.com.br\\\/2016\\\/wp-content\\\/uploads\\\/2012\\\/12\\\/blogqspluciagiestasaudetrabalhadorforumpet2.jpg\",\"datePublished\":\"2012-03-18T13:00:02+00:00\",\"breadcrumb\":{\"@id\":\"https:\\\/\\\/blogdofarnesio.com.br\\\/?p=12161#breadcrumb\"},\"inLanguage\":\"pt-BR\",\"potentialAction\":[{\"@type\":\"ReadAction\",\"target\":[\"https:\\\/\\\/blogdofarnesio.com.br\\\/?p=12161\"]}]},{\"@type\":\"ImageObject\",\"inLanguage\":\"pt-BR\",\"@id\":\"https:\\\/\\\/blogdofarnesio.com.br\\\/?p=12161#primaryimage\",\"url\":\"http:\\\/\\\/www.quersaberpolitica.com.br\\\/2016\\\/wp-content\\\/uploads\\\/2012\\\/12\\\/blogqspluciagiestasaudetrabalhadorforumpet2.jpg\",\"contentUrl\":\"http:\\\/\\\/www.quersaberpolitica.com.br\\\/2016\\\/wp-content\\\/uploads\\\/2012\\\/12\\\/blogqspluciagiestasaudetrabalhadorforumpet2.jpg\"},{\"@type\":\"BreadcrumbList\",\"@id\":\"https:\\\/\\\/blogdofarnesio.com.br\\\/?p=12161#breadcrumb\",\"itemListElement\":[{\"@type\":\"ListItem\",\"position\":1,\"name\":\"In\u00edcio\",\"item\":\"https:\\\/\\\/blogdofarnesio.com.br\\\/\"},{\"@type\":\"ListItem\",\"position\":2,\"name\":\"\u00daltimo dia do F\u00f3rum de Sa\u00fade do Trabalhador \u00e9 marcado por avalia\u00e7\u00e3o e proposi\u00e7\u00e3o de pol\u00edtica\"}]},{\"@type\":\"WebSite\",\"@id\":\"https:\\\/\\\/blogdofarnesio.com.br\\\/#website\",\"url\":\"https:\\\/\\\/blogdofarnesio.com.br\\\/\",\"name\":\"Blog do Farn\u00e9sio\",\"description\":\"Quer Saber Pol\u00edtica?\",\"publisher\":{\"@id\":\"https:\\\/\\\/blogdofarnesio.com.br\\\/#organization\"},\"potentialAction\":[{\"@type\":\"SearchAction\",\"target\":{\"@type\":\"EntryPoint\",\"urlTemplate\":\"https:\\\/\\\/blogdofarnesio.com.br\\\/?s={search_term_string}\"},\"query-input\":{\"@type\":\"PropertyValueSpecification\",\"valueRequired\":true,\"valueName\":\"search_term_string\"}}],\"inLanguage\":\"pt-BR\"},{\"@type\":\"Organization\",\"@id\":\"https:\\\/\\\/blogdofarnesio.com.br\\\/#organization\",\"name\":\"Blog do Farn\u00e9sio\",\"url\":\"https:\\\/\\\/blogdofarnesio.com.br\\\/\",\"logo\":{\"@type\":\"ImageObject\",\"inLanguage\":\"pt-BR\",\"@id\":\"https:\\\/\\\/blogdofarnesio.com.br\\\/#\\\/schema\\\/logo\\\/image\\\/\",\"url\":\"https:\\\/\\\/blogdofarnesio.com.br\\\/wp-content\\\/uploads\\\/2026\\\/03\\\/cropped-logo_new-1.png\",\"contentUrl\":\"https:\\\/\\\/blogdofarnesio.com.br\\\/wp-content\\\/uploads\\\/2026\\\/03\\\/cropped-logo_new-1.png\",\"width\":881,\"height\":685,\"caption\":\"Blog do Farn\u00e9sio\"},\"image\":{\"@id\":\"https:\\\/\\\/blogdofarnesio.com.br\\\/#\\\/schema\\\/logo\\\/image\\\/\"},\"sameAs\":[\"https:\\\/\\\/www.facebook.com\\\/BlogQuerSaberPolitica\\\/\"]}]}<\/script>\n<!-- \/ Yoast SEO plugin. -->","yoast_head_json":{"title":"\u00daltimo dia do F\u00f3rum de Sa\u00fade do Trabalhador \u00e9 marcado por avalia\u00e7\u00e3o e proposi\u00e7\u00e3o de pol\u00edtica - Blog do Farn\u00e9sio","robots":{"index":"index","follow":"follow","max-snippet":"max-snippet:-1","max-image-preview":"max-image-preview:large","max-video-preview":"max-video-preview:-1"},"canonical":"https:\/\/blogdofarnesio.com.br\/?p=12161","og_locale":"pt_BR","og_type":"article","og_title":"\u00daltimo dia do F\u00f3rum de Sa\u00fade do Trabalhador \u00e9 marcado por avalia\u00e7\u00e3o e proposi\u00e7\u00e3o de pol\u00edtica - Blog do Farn\u00e9sio","og_description":"As discuss&otilde;es do IV F&oacute;rum Regional do Controle Social em Sa&uacute;de do Trabalhador foram encerradas nessa quinta-feira (15) com oficina, atividades em grupo e uma plen&aacute;ria de avalia&ccedil;&atilde;o que embasar&aacute; um relat&oacute;rio com as propostas dos participantes para a institui&ccedil;&atilde;o de a&ccedil;&otilde;es em favor da sa&uacute;de dos trabalhadores. O documento ser&aacute; encaminhado &agrave; gest&atilde;o do Centro de Refer&ecirc;ncia em Sa&uacute;de do Trabalhador (CEREST-Petrolina), para os gestores dos 24 munic&iacute;pios da sua &aacute;rea de abrang&ecirc;ncia e para o Conselho Municipal de Sa&uacute;de. Para a diretora de Vigil&acirc;ncia em Sa&uacute;de da Secretaria Municipal de Sa&uacute;de de Petrolina (SMS), K&aacute;tia Coutinho, o F&oacute;rum teve um saldo positivo. &#8220;As pessoas que participaram realmente tinham o interesse pelo tema e isso foi muito positivo. Discutimos&hellip;","og_url":"https:\/\/blogdofarnesio.com.br\/?p=12161","og_site_name":"Blog do Farn\u00e9sio","article_publisher":"https:\/\/www.facebook.com\/BlogQuerSaberPolitica\/","article_published_time":"2012-03-18T13:00:02+00:00","og_image":[{"url":"http:\/\/www.quersaberpolitica.com.br\/2016\/wp-content\/uploads\/2012\/12\/blogqspluciagiestasaudetrabalhadorforumpet2.jpg","type":"","width":"","height":""}],"twitter_card":"summary_large_image","twitter_misc":{"Est. tempo de leitura":"2 minutos"},"schema":{"@context":"https:\/\/schema.org","@graph":[{"@type":"Article","@id":"https:\/\/blogdofarnesio.com.br\/?p=12161#article","isPartOf":{"@id":"https:\/\/blogdofarnesio.com.br\/?p=12161"},"author":{"name":"","@id":""},"headline":"\u00daltimo dia do F\u00f3rum de Sa\u00fade do Trabalhador \u00e9 marcado por avalia\u00e7\u00e3o e proposi\u00e7\u00e3o de pol\u00edtica","datePublished":"2012-03-18T13:00:02+00:00","mainEntityOfPage":{"@id":"https:\/\/blogdofarnesio.com.br\/?p=12161"},"wordCount":474,"commentCount":0,"publisher":{"@id":"https:\/\/blogdofarnesio.com.br\/#organization"},"image":{"@id":"https:\/\/blogdofarnesio.com.br\/?p=12161#primaryimage"},"thumbnailUrl":"http:\/\/www.quersaberpolitica.com.br\/2016\/wp-content\/uploads\/2012\/12\/blogqspluciagiestasaudetrabalhadorforumpet2.jpg","articleSection":["Entretenimento"],"inLanguage":"pt-BR","potentialAction":[{"@type":"CommentAction","name":"Comment","target":["https:\/\/blogdofarnesio.com.br\/?p=12161#respond"]}]},{"@type":"WebPage","@id":"https:\/\/blogdofarnesio.com.br\/?p=12161","url":"https:\/\/blogdofarnesio.com.br\/?p=12161","name":"\u00daltimo dia do F\u00f3rum de Sa\u00fade do Trabalhador \u00e9 marcado por avalia\u00e7\u00e3o e proposi\u00e7\u00e3o de pol\u00edtica - Blog do Farn\u00e9sio","isPartOf":{"@id":"https:\/\/blogdofarnesio.com.br\/#website"},"primaryImageOfPage":{"@id":"https:\/\/blogdofarnesio.com.br\/?p=12161#primaryimage"},"image":{"@id":"https:\/\/blogdofarnesio.com.br\/?p=12161#primaryimage"},"thumbnailUrl":"http:\/\/www.quersaberpolitica.com.br\/2016\/wp-content\/uploads\/2012\/12\/blogqspluciagiestasaudetrabalhadorforumpet2.jpg","datePublished":"2012-03-18T13:00:02+00:00","breadcrumb":{"@id":"https:\/\/blogdofarnesio.com.br\/?p=12161#breadcrumb"},"inLanguage":"pt-BR","potentialAction":[{"@type":"ReadAction","target":["https:\/\/blogdofarnesio.com.br\/?p=12161"]}]},{"@type":"ImageObject","inLanguage":"pt-BR","@id":"https:\/\/blogdofarnesio.com.br\/?p=12161#primaryimage","url":"http:\/\/www.quersaberpolitica.com.br\/2016\/wp-content\/uploads\/2012\/12\/blogqspluciagiestasaudetrabalhadorforumpet2.jpg","contentUrl":"http:\/\/www.quersaberpolitica.com.br\/2016\/wp-content\/uploads\/2012\/12\/blogqspluciagiestasaudetrabalhadorforumpet2.jpg"},{"@type":"BreadcrumbList","@id":"https:\/\/blogdofarnesio.com.br\/?p=12161#breadcrumb","itemListElement":[{"@type":"ListItem","position":1,"name":"In\u00edcio","item":"https:\/\/blogdofarnesio.com.br\/"},{"@type":"ListItem","position":2,"name":"\u00daltimo dia do F\u00f3rum de Sa\u00fade do Trabalhador \u00e9 marcado por avalia\u00e7\u00e3o e proposi\u00e7\u00e3o de pol\u00edtica"}]},{"@type":"WebSite","@id":"https:\/\/blogdofarnesio.com.br\/#website","url":"https:\/\/blogdofarnesio.com.br\/","name":"Blog do Farn\u00e9sio","description":"Quer Saber Pol\u00edtica?","publisher":{"@id":"https:\/\/blogdofarnesio.com.br\/#organization"},"potentialAction":[{"@type":"SearchAction","target":{"@type":"EntryPoint","urlTemplate":"https:\/\/blogdofarnesio.com.br\/?s={search_term_string}"},"query-input":{"@type":"PropertyValueSpecification","valueRequired":true,"valueName":"search_term_string"}}],"inLanguage":"pt-BR"},{"@type":"Organization","@id":"https:\/\/blogdofarnesio.com.br\/#organization","name":"Blog do Farn\u00e9sio","url":"https:\/\/blogdofarnesio.com.br\/","logo":{"@type":"ImageObject","inLanguage":"pt-BR","@id":"https:\/\/blogdofarnesio.com.br\/#\/schema\/logo\/image\/","url":"https:\/\/blogdofarnesio.com.br\/wp-content\/uploads\/2026\/03\/cropped-logo_new-1.png","contentUrl":"https:\/\/blogdofarnesio.com.br\/wp-content\/uploads\/2026\/03\/cropped-logo_new-1.png","width":881,"height":685,"caption":"Blog do Farn\u00e9sio"},"image":{"@id":"https:\/\/blogdofarnesio.com.br\/#\/schema\/logo\/image\/"},"sameAs":["https:\/\/www.facebook.com\/BlogQuerSaberPolitica\/"]}]}},"_links":{"self":[{"href":"https:\/\/blogdofarnesio.com.br\/index.php?rest_route=\/wp\/v2\/posts\/12161","targetHints":{"allow":["GET"]}}],"collection":[{"href":"https:\/\/blogdofarnesio.com.br\/index.php?rest_route=\/wp\/v2\/posts"}],"about":[{"href":"https:\/\/blogdofarnesio.com.br\/index.php?rest_route=\/wp\/v2\/types\/post"}],"replies":[{"embeddable":true,"href":"https:\/\/blogdofarnesio.com.br\/index.php?rest_route=%2Fwp%2Fv2%2Fcomments&post=12161"}],"version-history":[{"count":0,"href":"https:\/\/blogdofarnesio.com.br\/index.php?rest_route=\/wp\/v2\/posts\/12161\/revisions"}],"wp:attachment":[{"href":"https:\/\/blogdofarnesio.com.br\/index.php?rest_route=%2Fwp%2Fv2%2Fmedia&parent=12161"}],"wp:term":[{"taxonomy":"category","embeddable":true,"href":"https:\/\/blogdofarnesio.com.br\/index.php?rest_route=%2Fwp%2Fv2%2Fcategories&post=12161"},{"taxonomy":"post_tag","embeddable":true,"href":"https:\/\/blogdofarnesio.com.br\/index.php?rest_route=%2Fwp%2Fv2%2Ftags&post=12161"}],"curies":[{"name":"wp","href":"https:\/\/api.w.org\/{rel}","templated":true}]}}