{"id":12150,"date":"2012-03-19T07:23:14","date_gmt":"2012-03-19T07:23:14","guid":{"rendered":"http:\/\/www.quersaberpolitica.com.br?p=12150"},"modified":"-0001-11-30T00:00:00","modified_gmt":"-0001-11-30T03:00:00","slug":"capacitacao-com-consultora-do-unicef-voltada-para-o-nova-semente-encerra-com-saldo-positivo","status":"publish","type":"post","link":"https:\/\/blogdofarnesio.com.br\/?p=12150","title":{"rendered":"Capacita\u00e7\u00e3o com consultora do Unicef voltada para o Nova Semente encerra com saldo positivo"},"content":{"rendered":"<p style=\"text-align: justify;\"><span style=\"font-size: small;\"><a rel=\"lightbox\" href=\"http:\/\/www.quersaberpolitica.com.br\/2016\/wp-content\/uploads\/2012\/12\/blogqspcriancanovasementepet1.jpg\"><img loading=\"lazy\" decoding=\"async\" style=\"margin-top: 5px; margin-bottom: 5px; margin-left: 10px; margin-right: 10px; float: left;\" title=\"Imagem Divulga&ccedil;&atilde;o\" src=\"http:\/\/www.quersaberpolitica.com.br\/2016\/wp-content\/uploads\/2012\/12\/blogqspcriancanovasementepet1.jpg\" alt=\"\" width=\"200\" height=\"133\" \/><\/a><a rel=\"lightbox\" href=\"http:\/\/www.quersaberpolitica.com.br\/2016\/wp-content\/uploads\/2012\/12\/blogqspcriancanovasementepet2.jpg\"><img loading=\"lazy\" decoding=\"async\" style=\"margin-top: 5px; margin-bottom: 5px; margin-left: 10px; margin-right: 10px; float: right;\" title=\"Imagem Divulga&ccedil;&atilde;o\" src=\"http:\/\/www.quersaberpolitica.com.br\/2016\/wp-content\/uploads\/2012\/12\/blogqspcriancanovasementepet2.jpg\" alt=\"\" width=\"200\" height=\"133\" \/><\/a>Durante duas semanas, a consultora do Unicef e da Organiza&ccedil;&atilde;o Mundial de Sa&uacute;de, a americana Jane Lucas, esteve em Petrolina desenvolvendo capacita&ccedil;&atilde;o de como os pais, sementeiras e gestoras do programa Nova Semente devem estabelecer e fortalecer as rela&ccedil;&otilde;es de afeto na primeira inf&acirc;ncia. As atividades da capacita&ccedil;&atilde;o encerraram nessa quinta-feira (15), na unidade do Nova Semente do bairro Alto do Cocar, e foram realizadas atrav&eacute;s de uma parceria entre o Instituto Alfa e Beto e a Prefeitura Municipal de Petrolina.<\/span><\/p>\n<p style=\"text-align: justify;\"><span style=\"font-size: small;\">A capacita&ccedil;&atilde;o foi dividida em curso b&aacute;sico I, voltado para doze pessoas que aprenderam como potencializar a intera&ccedil;&atilde;o entre os cuidadores prim&aacute;rios (m&atilde;es, pais e av&oacute;s) com os beb&ecirc;s, e o curso b&aacute;sico II que foi a transmiss&atilde;o dos conhecimentos na primeira etapa para 24 sementeiras sob a supervis&atilde;o de Jane Lucas. O objetivo foi promover a multiplica&ccedil;&atilde;o de treinadores para que possam dar suporte aos pais durante os primeiros anos de vida das crian&ccedil;as.<\/span><\/p>\n<p style=\"text-align: justify;\"><span style=\"font-size: small;\">&#8220;Esse treinamento &eacute; voltado para a observa&ccedil;&atilde;o e nossa interven&ccedil;&atilde;o ser&aacute; junto aos pais sobre afetividade conv&iacute;vio, brincadeira, afeto, como eles se relacionam com o filho. Associado a isso vamos fazer pequenas interven&ccedil;&otilde;es na unidade juntamente ao trabalho que a gente faz rotineiramente&#8221;, explicou a sementeira da 39&ordf; unidade, Alba C&eacute;lia da Silva, mostrando o que aprendeu na capacita&ccedil;&atilde;o.<\/span><\/p>\n<p style=\"text-align: justify;\"><span style=\"font-size: small;\">De acordo com Jane Lucas, a capacita&ccedil;&atilde;o atingiu o objetivo e ela avalia de forma positiva o trabalho desenvolvido pelo programa Nova Semente. &#8220;O programa Nova Semente incorpora os importantes fatores para o desenvolvimento da crian&ccedil;a, como o estilo de cada sala que &eacute; adequado para idade da crian&ccedil;a, a alimenta&ccedil;&atilde;o e nutri&ccedil;&atilde;o que s&atilde;o essenciais para o desenvolvimento intelectual da crian&ccedil;a&#8221;, disse.<\/span><\/p>\n<p style=\"text-align: justify;\"><span style=\"font-size: small;\">A pesquisadora disse que deseja voltar a Petrolina para acompanhar os trabalhos desenvolvidos pelo programa. &#8220;Se eu tivesse uma oportunidade de voltar seria maravilhoso, o que eu vi durante essas duas semanas com as facilitadoras foi um crescimento muito grande, gostaria muito de acompanhar o impacto e poder monitorar o efeito desse trabalho com as crian&ccedil;as e com as m&atilde;es&#8221;, declarou.<\/span><\/p>\n<p style=\"text-align: justify;\"><span style=\"font-size: small;\">(Ascom PMP)<\/span><\/p>\n","protected":false},"excerpt":{"rendered":"<p>Durante duas semanas, a consultora do Unicef e da Organiza&ccedil;&atilde;o Mundial de Sa&uacute;de, a americana Jane Lucas, esteve em Petrolina desenvolvendo capacita&ccedil;&atilde;o de como os pais, sementeiras e gestoras do programa Nova Semente devem estabelecer e fortalecer as rela&ccedil;&otilde;es de afeto na primeira inf&acirc;ncia. As atividades da capacita&ccedil;&atilde;o encerraram nessa quinta-feira (15), na unidade do Nova Semente do bairro Alto do Cocar, e foram realizadas atrav&eacute;s de uma parceria entre o Instituto Alfa e Beto e a Prefeitura Municipal de Petrolina. A capacita&ccedil;&atilde;o foi dividida em curso b&aacute;sico I, voltado para doze pessoas que aprenderam como potencializar a intera&ccedil;&atilde;o entre os cuidadores prim&aacute;rios (m&atilde;es, pais e av&oacute;s) com os beb&ecirc;s, e o curso b&aacute;sico II que foi a transmiss&atilde;o dos&hellip; <\/p>\n","protected":false},"author":0,"featured_media":0,"comment_status":"open","ping_status":"open","sticky":false,"template":"","format":"standard","meta":{"_acf_changed":false,"footnotes":""},"categories":[43],"tags":[],"class_list":["post-12150","post","type-post","status-publish","format-standard","hentry","category-sem-categoria"],"acf":[],"yoast_head":"<!-- This site is optimized with the Yoast SEO plugin v27.4 - https:\/\/yoast.com\/product\/yoast-seo-wordpress\/ -->\n<title>Capacita\u00e7\u00e3o com consultora do Unicef voltada para o Nova Semente encerra com saldo positivo - Blog do Farn\u00e9sio<\/title>\n<meta name=\"robots\" content=\"index, follow, max-snippet:-1, max-image-preview:large, max-video-preview:-1\" \/>\n<link rel=\"canonical\" href=\"https:\/\/blogdofarnesio.com.br\/?p=12150\" \/>\n<meta property=\"og:locale\" content=\"pt_BR\" \/>\n<meta property=\"og:type\" content=\"article\" \/>\n<meta property=\"og:title\" content=\"Capacita\u00e7\u00e3o com consultora do Unicef voltada para o Nova Semente encerra com saldo positivo - Blog do Farn\u00e9sio\" \/>\n<meta property=\"og:description\" content=\"Durante duas semanas, a consultora do Unicef e da Organiza&ccedil;&atilde;o Mundial de Sa&uacute;de, a americana Jane Lucas, esteve em Petrolina desenvolvendo capacita&ccedil;&atilde;o de como os pais, sementeiras e gestoras do programa Nova Semente devem estabelecer e fortalecer as rela&ccedil;&otilde;es de afeto na primeira inf&acirc;ncia. As atividades da capacita&ccedil;&atilde;o encerraram nessa quinta-feira (15), na unidade do Nova Semente do bairro Alto do Cocar, e foram realizadas atrav&eacute;s de uma parceria entre o Instituto Alfa e Beto e a Prefeitura Municipal de Petrolina. A capacita&ccedil;&atilde;o foi dividida em curso b&aacute;sico I, voltado para doze pessoas que aprenderam como potencializar a intera&ccedil;&atilde;o entre os cuidadores prim&aacute;rios (m&atilde;es, pais e av&oacute;s) com os beb&ecirc;s, e o curso b&aacute;sico II que foi a transmiss&atilde;o dos&hellip;\" \/>\n<meta property=\"og:url\" content=\"https:\/\/blogdofarnesio.com.br\/?p=12150\" \/>\n<meta property=\"og:site_name\" content=\"Blog do Farn\u00e9sio\" \/>\n<meta property=\"article:publisher\" content=\"https:\/\/www.facebook.com\/BlogQuerSaberPolitica\/\" \/>\n<meta property=\"article:published_time\" content=\"2012-03-19T07:23:14+00:00\" \/>\n<meta property=\"og:image\" content=\"http:\/\/www.quersaberpolitica.com.br\/2016\/wp-content\/uploads\/2012\/12\/blogqspcriancanovasementepet1.jpg\" \/>\n<meta name=\"twitter:card\" content=\"summary_large_image\" \/>\n<meta name=\"twitter:label1\" content=\"Est. tempo de leitura\" \/>\n\t<meta name=\"twitter:data1\" content=\"2 minutos\" \/>\n<script type=\"application\/ld+json\" class=\"yoast-schema-graph\">{\"@context\":\"https:\\\/\\\/schema.org\",\"@graph\":[{\"@type\":\"Article\",\"@id\":\"https:\\\/\\\/blogdofarnesio.com.br\\\/?p=12150#article\",\"isPartOf\":{\"@id\":\"https:\\\/\\\/blogdofarnesio.com.br\\\/?p=12150\"},\"author\":{\"name\":\"\",\"@id\":\"\"},\"headline\":\"Capacita\u00e7\u00e3o com consultora do Unicef voltada para o Nova Semente encerra com saldo positivo\",\"datePublished\":\"2012-03-19T07:23:14+00:00\",\"mainEntityOfPage\":{\"@id\":\"https:\\\/\\\/blogdofarnesio.com.br\\\/?p=12150\"},\"wordCount\":437,\"commentCount\":0,\"publisher\":{\"@id\":\"https:\\\/\\\/blogdofarnesio.com.br\\\/#organization\"},\"image\":{\"@id\":\"https:\\\/\\\/blogdofarnesio.com.br\\\/?p=12150#primaryimage\"},\"thumbnailUrl\":\"http:\\\/\\\/www.quersaberpolitica.com.br\\\/2016\\\/wp-content\\\/uploads\\\/2012\\\/12\\\/blogqspcriancanovasementepet1.jpg\",\"inLanguage\":\"pt-BR\",\"potentialAction\":[{\"@type\":\"CommentAction\",\"name\":\"Comment\",\"target\":[\"https:\\\/\\\/blogdofarnesio.com.br\\\/?p=12150#respond\"]}]},{\"@type\":\"WebPage\",\"@id\":\"https:\\\/\\\/blogdofarnesio.com.br\\\/?p=12150\",\"url\":\"https:\\\/\\\/blogdofarnesio.com.br\\\/?p=12150\",\"name\":\"Capacita\u00e7\u00e3o com consultora do Unicef voltada para o Nova Semente encerra com saldo positivo - Blog do Farn\u00e9sio\",\"isPartOf\":{\"@id\":\"https:\\\/\\\/blogdofarnesio.com.br\\\/#website\"},\"primaryImageOfPage\":{\"@id\":\"https:\\\/\\\/blogdofarnesio.com.br\\\/?p=12150#primaryimage\"},\"image\":{\"@id\":\"https:\\\/\\\/blogdofarnesio.com.br\\\/?p=12150#primaryimage\"},\"thumbnailUrl\":\"http:\\\/\\\/www.quersaberpolitica.com.br\\\/2016\\\/wp-content\\\/uploads\\\/2012\\\/12\\\/blogqspcriancanovasementepet1.jpg\",\"datePublished\":\"2012-03-19T07:23:14+00:00\",\"breadcrumb\":{\"@id\":\"https:\\\/\\\/blogdofarnesio.com.br\\\/?p=12150#breadcrumb\"},\"inLanguage\":\"pt-BR\",\"potentialAction\":[{\"@type\":\"ReadAction\",\"target\":[\"https:\\\/\\\/blogdofarnesio.com.br\\\/?p=12150\"]}]},{\"@type\":\"ImageObject\",\"inLanguage\":\"pt-BR\",\"@id\":\"https:\\\/\\\/blogdofarnesio.com.br\\\/?p=12150#primaryimage\",\"url\":\"http:\\\/\\\/www.quersaberpolitica.com.br\\\/2016\\\/wp-content\\\/uploads\\\/2012\\\/12\\\/blogqspcriancanovasementepet1.jpg\",\"contentUrl\":\"http:\\\/\\\/www.quersaberpolitica.com.br\\\/2016\\\/wp-content\\\/uploads\\\/2012\\\/12\\\/blogqspcriancanovasementepet1.jpg\"},{\"@type\":\"BreadcrumbList\",\"@id\":\"https:\\\/\\\/blogdofarnesio.com.br\\\/?p=12150#breadcrumb\",\"itemListElement\":[{\"@type\":\"ListItem\",\"position\":1,\"name\":\"In\u00edcio\",\"item\":\"https:\\\/\\\/blogdofarnesio.com.br\\\/\"},{\"@type\":\"ListItem\",\"position\":2,\"name\":\"Capacita\u00e7\u00e3o com consultora do Unicef voltada para o Nova Semente encerra com saldo positivo\"}]},{\"@type\":\"WebSite\",\"@id\":\"https:\\\/\\\/blogdofarnesio.com.br\\\/#website\",\"url\":\"https:\\\/\\\/blogdofarnesio.com.br\\\/\",\"name\":\"Blog do Farn\u00e9sio\",\"description\":\"Quer Saber Pol\u00edtica?\",\"publisher\":{\"@id\":\"https:\\\/\\\/blogdofarnesio.com.br\\\/#organization\"},\"potentialAction\":[{\"@type\":\"SearchAction\",\"target\":{\"@type\":\"EntryPoint\",\"urlTemplate\":\"https:\\\/\\\/blogdofarnesio.com.br\\\/?s={search_term_string}\"},\"query-input\":{\"@type\":\"PropertyValueSpecification\",\"valueRequired\":true,\"valueName\":\"search_term_string\"}}],\"inLanguage\":\"pt-BR\"},{\"@type\":\"Organization\",\"@id\":\"https:\\\/\\\/blogdofarnesio.com.br\\\/#organization\",\"name\":\"Blog do Farn\u00e9sio\",\"url\":\"https:\\\/\\\/blogdofarnesio.com.br\\\/\",\"logo\":{\"@type\":\"ImageObject\",\"inLanguage\":\"pt-BR\",\"@id\":\"https:\\\/\\\/blogdofarnesio.com.br\\\/#\\\/schema\\\/logo\\\/image\\\/\",\"url\":\"https:\\\/\\\/blogdofarnesio.com.br\\\/wp-content\\\/uploads\\\/2026\\\/03\\\/cropped-logo_new-1.png\",\"contentUrl\":\"https:\\\/\\\/blogdofarnesio.com.br\\\/wp-content\\\/uploads\\\/2026\\\/03\\\/cropped-logo_new-1.png\",\"width\":881,\"height\":685,\"caption\":\"Blog do Farn\u00e9sio\"},\"image\":{\"@id\":\"https:\\\/\\\/blogdofarnesio.com.br\\\/#\\\/schema\\\/logo\\\/image\\\/\"},\"sameAs\":[\"https:\\\/\\\/www.facebook.com\\\/BlogQuerSaberPolitica\\\/\"]}]}<\/script>\n<!-- \/ Yoast SEO plugin. -->","yoast_head_json":{"title":"Capacita\u00e7\u00e3o com consultora do Unicef voltada para o Nova Semente encerra com saldo positivo - Blog do Farn\u00e9sio","robots":{"index":"index","follow":"follow","max-snippet":"max-snippet:-1","max-image-preview":"max-image-preview:large","max-video-preview":"max-video-preview:-1"},"canonical":"https:\/\/blogdofarnesio.com.br\/?p=12150","og_locale":"pt_BR","og_type":"article","og_title":"Capacita\u00e7\u00e3o com consultora do Unicef voltada para o Nova Semente encerra com saldo positivo - Blog do Farn\u00e9sio","og_description":"Durante duas semanas, a consultora do Unicef e da Organiza&ccedil;&atilde;o Mundial de Sa&uacute;de, a americana Jane Lucas, esteve em Petrolina desenvolvendo capacita&ccedil;&atilde;o de como os pais, sementeiras e gestoras do programa Nova Semente devem estabelecer e fortalecer as rela&ccedil;&otilde;es de afeto na primeira inf&acirc;ncia. As atividades da capacita&ccedil;&atilde;o encerraram nessa quinta-feira (15), na unidade do Nova Semente do bairro Alto do Cocar, e foram realizadas atrav&eacute;s de uma parceria entre o Instituto Alfa e Beto e a Prefeitura Municipal de Petrolina. A capacita&ccedil;&atilde;o foi dividida em curso b&aacute;sico I, voltado para doze pessoas que aprenderam como potencializar a intera&ccedil;&atilde;o entre os cuidadores prim&aacute;rios (m&atilde;es, pais e av&oacute;s) com os beb&ecirc;s, e o curso b&aacute;sico II que foi a transmiss&atilde;o dos&hellip;","og_url":"https:\/\/blogdofarnesio.com.br\/?p=12150","og_site_name":"Blog do Farn\u00e9sio","article_publisher":"https:\/\/www.facebook.com\/BlogQuerSaberPolitica\/","article_published_time":"2012-03-19T07:23:14+00:00","og_image":[{"url":"http:\/\/www.quersaberpolitica.com.br\/2016\/wp-content\/uploads\/2012\/12\/blogqspcriancanovasementepet1.jpg","type":"","width":"","height":""}],"twitter_card":"summary_large_image","twitter_misc":{"Est. tempo de leitura":"2 minutos"},"schema":{"@context":"https:\/\/schema.org","@graph":[{"@type":"Article","@id":"https:\/\/blogdofarnesio.com.br\/?p=12150#article","isPartOf":{"@id":"https:\/\/blogdofarnesio.com.br\/?p=12150"},"author":{"name":"","@id":""},"headline":"Capacita\u00e7\u00e3o com consultora do Unicef voltada para o Nova Semente encerra com saldo positivo","datePublished":"2012-03-19T07:23:14+00:00","mainEntityOfPage":{"@id":"https:\/\/blogdofarnesio.com.br\/?p=12150"},"wordCount":437,"commentCount":0,"publisher":{"@id":"https:\/\/blogdofarnesio.com.br\/#organization"},"image":{"@id":"https:\/\/blogdofarnesio.com.br\/?p=12150#primaryimage"},"thumbnailUrl":"http:\/\/www.quersaberpolitica.com.br\/2016\/wp-content\/uploads\/2012\/12\/blogqspcriancanovasementepet1.jpg","inLanguage":"pt-BR","potentialAction":[{"@type":"CommentAction","name":"Comment","target":["https:\/\/blogdofarnesio.com.br\/?p=12150#respond"]}]},{"@type":"WebPage","@id":"https:\/\/blogdofarnesio.com.br\/?p=12150","url":"https:\/\/blogdofarnesio.com.br\/?p=12150","name":"Capacita\u00e7\u00e3o com consultora do Unicef voltada para o Nova Semente encerra com saldo positivo - Blog do Farn\u00e9sio","isPartOf":{"@id":"https:\/\/blogdofarnesio.com.br\/#website"},"primaryImageOfPage":{"@id":"https:\/\/blogdofarnesio.com.br\/?p=12150#primaryimage"},"image":{"@id":"https:\/\/blogdofarnesio.com.br\/?p=12150#primaryimage"},"thumbnailUrl":"http:\/\/www.quersaberpolitica.com.br\/2016\/wp-content\/uploads\/2012\/12\/blogqspcriancanovasementepet1.jpg","datePublished":"2012-03-19T07:23:14+00:00","breadcrumb":{"@id":"https:\/\/blogdofarnesio.com.br\/?p=12150#breadcrumb"},"inLanguage":"pt-BR","potentialAction":[{"@type":"ReadAction","target":["https:\/\/blogdofarnesio.com.br\/?p=12150"]}]},{"@type":"ImageObject","inLanguage":"pt-BR","@id":"https:\/\/blogdofarnesio.com.br\/?p=12150#primaryimage","url":"http:\/\/www.quersaberpolitica.com.br\/2016\/wp-content\/uploads\/2012\/12\/blogqspcriancanovasementepet1.jpg","contentUrl":"http:\/\/www.quersaberpolitica.com.br\/2016\/wp-content\/uploads\/2012\/12\/blogqspcriancanovasementepet1.jpg"},{"@type":"BreadcrumbList","@id":"https:\/\/blogdofarnesio.com.br\/?p=12150#breadcrumb","itemListElement":[{"@type":"ListItem","position":1,"name":"In\u00edcio","item":"https:\/\/blogdofarnesio.com.br\/"},{"@type":"ListItem","position":2,"name":"Capacita\u00e7\u00e3o com consultora do Unicef voltada para o Nova Semente encerra com saldo positivo"}]},{"@type":"WebSite","@id":"https:\/\/blogdofarnesio.com.br\/#website","url":"https:\/\/blogdofarnesio.com.br\/","name":"Blog do Farn\u00e9sio","description":"Quer Saber Pol\u00edtica?","publisher":{"@id":"https:\/\/blogdofarnesio.com.br\/#organization"},"potentialAction":[{"@type":"SearchAction","target":{"@type":"EntryPoint","urlTemplate":"https:\/\/blogdofarnesio.com.br\/?s={search_term_string}"},"query-input":{"@type":"PropertyValueSpecification","valueRequired":true,"valueName":"search_term_string"}}],"inLanguage":"pt-BR"},{"@type":"Organization","@id":"https:\/\/blogdofarnesio.com.br\/#organization","name":"Blog do Farn\u00e9sio","url":"https:\/\/blogdofarnesio.com.br\/","logo":{"@type":"ImageObject","inLanguage":"pt-BR","@id":"https:\/\/blogdofarnesio.com.br\/#\/schema\/logo\/image\/","url":"https:\/\/blogdofarnesio.com.br\/wp-content\/uploads\/2026\/03\/cropped-logo_new-1.png","contentUrl":"https:\/\/blogdofarnesio.com.br\/wp-content\/uploads\/2026\/03\/cropped-logo_new-1.png","width":881,"height":685,"caption":"Blog do Farn\u00e9sio"},"image":{"@id":"https:\/\/blogdofarnesio.com.br\/#\/schema\/logo\/image\/"},"sameAs":["https:\/\/www.facebook.com\/BlogQuerSaberPolitica\/"]}]}},"_links":{"self":[{"href":"https:\/\/blogdofarnesio.com.br\/index.php?rest_route=\/wp\/v2\/posts\/12150","targetHints":{"allow":["GET"]}}],"collection":[{"href":"https:\/\/blogdofarnesio.com.br\/index.php?rest_route=\/wp\/v2\/posts"}],"about":[{"href":"https:\/\/blogdofarnesio.com.br\/index.php?rest_route=\/wp\/v2\/types\/post"}],"replies":[{"embeddable":true,"href":"https:\/\/blogdofarnesio.com.br\/index.php?rest_route=%2Fwp%2Fv2%2Fcomments&post=12150"}],"version-history":[{"count":0,"href":"https:\/\/blogdofarnesio.com.br\/index.php?rest_route=\/wp\/v2\/posts\/12150\/revisions"}],"wp:attachment":[{"href":"https:\/\/blogdofarnesio.com.br\/index.php?rest_route=%2Fwp%2Fv2%2Fmedia&parent=12150"}],"wp:term":[{"taxonomy":"category","embeddable":true,"href":"https:\/\/blogdofarnesio.com.br\/index.php?rest_route=%2Fwp%2Fv2%2Fcategories&post=12150"},{"taxonomy":"post_tag","embeddable":true,"href":"https:\/\/blogdofarnesio.com.br\/index.php?rest_route=%2Fwp%2Fv2%2Ftags&post=12150"}],"curies":[{"name":"wp","href":"https:\/\/api.w.org\/{rel}","templated":true}]}}