{"id":121010,"date":"2015-03-31T07:42:05","date_gmt":"2015-03-31T10:42:05","guid":{"rendered":"http:\/\/www.quersaberpolitica.com.br\/?p=121010"},"modified":"2015-03-30T21:47:17","modified_gmt":"2015-03-31T00:47:17","slug":"novo-secretario-de-saude-de-juazeiro-se-reuniu-com-sintase","status":"publish","type":"post","link":"https:\/\/blogdofarnesio.com.br\/2015\/03\/novo-secretario-de-saude-de-juazeiro-se-reuniu-com-sintase\/","title":{"rendered":"NOVO SECRET\u00c1RIO DE SA\u00daDE DE JUAZEIRO SE REUNIU COM SINTASE"},"content":{"rendered":"<p><a href=\"http:\/\/www.quersaberpolitica.com.br\/2016\/wp-content\/uploads\/2015\/03\/blogqsp.reuni\u00e3o.DalmirPedra.Sintase.jpg\"><img loading=\"lazy\" decoding=\"async\" class=\"size-medium wp-image-121011 aligncenter\" alt=\"blogqsp.reuni\u00e3o.DalmirPedra.Sintase\" src=\"http:\/\/www.quersaberpolitica.com.br\/2016\/wp-content\/uploads\/2015\/03\/blogqsp.reuni\u00e3o.DalmirPedra.Sintase-300x168.jpg\" width=\"300\" height=\"168\" srcset=\"https:\/\/blogdofarnesio.com.br\/wp-content\/uploads\/2015\/03\/blogqsp.reuni\u00e3o.DalmirPedra.Sintase-300x168.jpg 300w, https:\/\/blogdofarnesio.com.br\/wp-content\/uploads\/2015\/03\/blogqsp.reuni\u00e3o.DalmirPedra.Sintase.jpg 448w\" sizes=\"auto, (max-width: 300px) 100vw, 300px\" \/><\/a><\/p>\n<p style=\"text-align: justify\">O novo secret\u00e1rio municipal de Sa\u00fade de Juazeiro, Dalmir Pedra, a comiss\u00e3o de negocia\u00e7\u00e3o e o vereador Tiano, dando continuidade nas negocia\u00e7\u00f5es, reuniram-se nesta segunda-feira (30), com os representantes dos Trabalhadores dos Agentes de Sa\u00fade e Endemias (SINTASE) e o Sindicato dos Servidores P\u00fablicos Municipais de Juazeiro (Sinserp) para tratar sobre a implanta\u00e7\u00e3o do piso salarial dos agentes comunit\u00e1rios de sa\u00fade e endemias.<\/p>\n<p style=\"text-align: justify\">O secret\u00e1rio e os sindicalistas discutiram novas propostas entre a Mesa de Negocia\u00e7\u00e3o e o SINTASE, que prop\u00f4s ao governo a implanta\u00e7\u00e3o do piso nacional e a perman\u00eancia da gratifica\u00e7\u00e3o de incentivo. A mesa apresentou a tabela de vencimentos do PCCR das duas categorias. Tendo em vista a dificuldade financeira do Munic\u00edpio em atender a proposta do SINTASE, n\u00e3o foi poss\u00edvel chegar a um acordo.<\/p>\n<p style=\"text-align: justify\">Ficou agendada uma nova reuni\u00e3o para amanh\u00e3 (01), juntamente com a Comiss\u00e3o Permanente de Negocia\u00e7\u00e3o para avaliar os avan\u00e7os na negocia\u00e7\u00e3o.<!--more--><\/p>\n<p style=\"text-align: justify\">O secret\u00e1rio Dalmir Pedra destacou a import\u00e2ncia das negocia\u00e7\u00f5es.\u00a0\u201cO objetivo deste meu primeiro contato \u00e9, al\u00e9m de buscar em conjunto novos avan\u00e7os, manter o di\u00e1logo do Executivo com a categoria, o que j\u00e1 ocorre desde o inicio da gest\u00e3o. Estamos \u00e0 disposi\u00e7\u00e3o dos sindicatos no que for necess\u00e1rio\u201d, declarou o secret\u00e1rio.<\/p>\n<p style=\"text-align: justify\"><i>Por Daniela Duarte\/SESAU<\/i><\/p>\n","protected":false},"excerpt":{"rendered":"<p>O novo secret\u00e1rio municipal de Sa\u00fade de Juazeiro, Dalmir Pedra, a comiss\u00e3o de negocia\u00e7\u00e3o e o vereador Tiano, dando continuidade nas negocia\u00e7\u00f5es, reuniram-se nesta segunda-feira (30), com os representantes dos Trabalhadores dos Agentes de Sa\u00fade e Endemias (SINTASE) e o Sindicato dos Servidores P\u00fablicos Municipais de Juazeiro (Sinserp) para tratar sobre a implanta\u00e7\u00e3o do piso salarial dos agentes comunit\u00e1rios de sa\u00fade e endemias. O secret\u00e1rio e os sindicalistas discutiram novas propostas entre a Mesa de Negocia\u00e7\u00e3o e o SINTASE, que prop\u00f4s ao governo a implanta\u00e7\u00e3o do piso nacional e a perman\u00eancia da gratifica\u00e7\u00e3o de incentivo. A mesa apresentou a tabela de vencimentos do PCCR das duas categorias. Tendo em vista a dificuldade financeira do Munic\u00edpio em atender a proposta do&hellip; <\/p>\n","protected":false},"author":7,"featured_media":0,"comment_status":"open","ping_status":"open","sticky":false,"template":"","format":"standard","meta":{"_acf_changed":false,"footnotes":""},"categories":[19],"tags":[],"class_list":["post-121010","post","type-post","status-publish","format-standard","hentry","category-servidores"],"acf":[],"yoast_head":"<!-- This site is optimized with the Yoast SEO plugin v27.5 - https:\/\/yoast.com\/product\/yoast-seo-wordpress\/ -->\n<title>NOVO SECRET\u00c1RIO DE SA\u00daDE DE JUAZEIRO SE REUNIU COM SINTASE  - Blog do Farn\u00e9sio<\/title>\n<meta name=\"robots\" content=\"index, follow, max-snippet:-1, max-image-preview:large, max-video-preview:-1\" \/>\n<link rel=\"canonical\" href=\"https:\/\/blogdofarnesio.com.br\/2015\/03\/novo-secretario-de-saude-de-juazeiro-se-reuniu-com-sintase\/\" \/>\n<meta property=\"og:locale\" content=\"pt_BR\" \/>\n<meta property=\"og:type\" content=\"article\" \/>\n<meta property=\"og:title\" content=\"NOVO SECRET\u00c1RIO DE SA\u00daDE DE JUAZEIRO SE REUNIU COM SINTASE  - Blog do Farn\u00e9sio\" \/>\n<meta property=\"og:description\" content=\"O novo secret\u00e1rio municipal de Sa\u00fade de Juazeiro, Dalmir Pedra, a comiss\u00e3o de negocia\u00e7\u00e3o e o vereador Tiano, dando continuidade nas negocia\u00e7\u00f5es, reuniram-se nesta segunda-feira (30), com os representantes dos Trabalhadores dos Agentes de Sa\u00fade e Endemias (SINTASE) e o Sindicato dos Servidores P\u00fablicos Municipais de Juazeiro (Sinserp) para tratar sobre a implanta\u00e7\u00e3o do piso salarial dos agentes comunit\u00e1rios de sa\u00fade e endemias. O secret\u00e1rio e os sindicalistas discutiram novas propostas entre a Mesa de Negocia\u00e7\u00e3o e o SINTASE, que prop\u00f4s ao governo a implanta\u00e7\u00e3o do piso nacional e a perman\u00eancia da gratifica\u00e7\u00e3o de incentivo. A mesa apresentou a tabela de vencimentos do PCCR das duas categorias. Tendo em vista a dificuldade financeira do Munic\u00edpio em atender a proposta do&hellip;\" \/>\n<meta property=\"og:url\" content=\"https:\/\/blogdofarnesio.com.br\/2015\/03\/novo-secretario-de-saude-de-juazeiro-se-reuniu-com-sintase\/\" \/>\n<meta property=\"og:site_name\" content=\"Blog do Farn\u00e9sio\" \/>\n<meta property=\"article:publisher\" content=\"https:\/\/www.facebook.com\/BlogQuerSaberPolitica\/\" \/>\n<meta property=\"article:published_time\" content=\"2015-03-31T10:42:05+00:00\" \/>\n<meta name=\"twitter:card\" content=\"summary_large_image\" \/>\n<meta name=\"twitter:label1\" content=\"Escrito por\" \/>\n\t<meta name=\"twitter:data1\" content=\"\" \/>\n\t<meta name=\"twitter:label2\" content=\"Est. tempo de leitura\" \/>\n\t<meta name=\"twitter:data2\" content=\"1 minuto\" \/>\n<script type=\"application\/ld+json\" class=\"yoast-schema-graph\">{\"@context\":\"https:\\\/\\\/schema.org\",\"@graph\":[{\"@type\":\"Article\",\"@id\":\"https:\\\/\\\/blogdofarnesio.com.br\\\/2015\\\/03\\\/novo-secretario-de-saude-de-juazeiro-se-reuniu-com-sintase\\\/#article\",\"isPartOf\":{\"@id\":\"https:\\\/\\\/blogdofarnesio.com.br\\\/2015\\\/03\\\/novo-secretario-de-saude-de-juazeiro-se-reuniu-com-sintase\\\/\"},\"author\":{\"name\":\"\",\"@id\":\"\"},\"headline\":\"NOVO SECRET\u00c1RIO DE SA\u00daDE DE JUAZEIRO SE REUNIU COM SINTASE\",\"datePublished\":\"2015-03-31T10:42:05+00:00\",\"mainEntityOfPage\":{\"@id\":\"https:\\\/\\\/blogdofarnesio.com.br\\\/2015\\\/03\\\/novo-secretario-de-saude-de-juazeiro-se-reuniu-com-sintase\\\/\"},\"wordCount\":247,\"commentCount\":0,\"publisher\":{\"@id\":\"https:\\\/\\\/blogdofarnesio.com.br\\\/#organization\"},\"articleSection\":[\"Servidores\"],\"inLanguage\":\"pt-BR\",\"potentialAction\":[{\"@type\":\"CommentAction\",\"name\":\"Comment\",\"target\":[\"https:\\\/\\\/blogdofarnesio.com.br\\\/2015\\\/03\\\/novo-secretario-de-saude-de-juazeiro-se-reuniu-com-sintase\\\/#respond\"]}]},{\"@type\":\"WebPage\",\"@id\":\"https:\\\/\\\/blogdofarnesio.com.br\\\/2015\\\/03\\\/novo-secretario-de-saude-de-juazeiro-se-reuniu-com-sintase\\\/\",\"url\":\"https:\\\/\\\/blogdofarnesio.com.br\\\/2015\\\/03\\\/novo-secretario-de-saude-de-juazeiro-se-reuniu-com-sintase\\\/\",\"name\":\"NOVO SECRET\u00c1RIO DE SA\u00daDE DE JUAZEIRO SE REUNIU COM SINTASE - Blog do Farn\u00e9sio\",\"isPartOf\":{\"@id\":\"https:\\\/\\\/blogdofarnesio.com.br\\\/#website\"},\"datePublished\":\"2015-03-31T10:42:05+00:00\",\"breadcrumb\":{\"@id\":\"https:\\\/\\\/blogdofarnesio.com.br\\\/2015\\\/03\\\/novo-secretario-de-saude-de-juazeiro-se-reuniu-com-sintase\\\/#breadcrumb\"},\"inLanguage\":\"pt-BR\",\"potentialAction\":[{\"@type\":\"ReadAction\",\"target\":[\"https:\\\/\\\/blogdofarnesio.com.br\\\/2015\\\/03\\\/novo-secretario-de-saude-de-juazeiro-se-reuniu-com-sintase\\\/\"]}]},{\"@type\":\"BreadcrumbList\",\"@id\":\"https:\\\/\\\/blogdofarnesio.com.br\\\/2015\\\/03\\\/novo-secretario-de-saude-de-juazeiro-se-reuniu-com-sintase\\\/#breadcrumb\",\"itemListElement\":[{\"@type\":\"ListItem\",\"position\":1,\"name\":\"In\u00edcio\",\"item\":\"https:\\\/\\\/blogdofarnesio.com.br\\\/\"},{\"@type\":\"ListItem\",\"position\":2,\"name\":\"NOVO SECRET\u00c1RIO DE SA\u00daDE DE JUAZEIRO SE REUNIU COM SINTASE\"}]},{\"@type\":\"WebSite\",\"@id\":\"https:\\\/\\\/blogdofarnesio.com.br\\\/#website\",\"url\":\"https:\\\/\\\/blogdofarnesio.com.br\\\/\",\"name\":\"Blog do Farn\u00e9sio\",\"description\":\"Quer Saber Pol\u00edtica?\",\"publisher\":{\"@id\":\"https:\\\/\\\/blogdofarnesio.com.br\\\/#organization\"},\"potentialAction\":[{\"@type\":\"SearchAction\",\"target\":{\"@type\":\"EntryPoint\",\"urlTemplate\":\"https:\\\/\\\/blogdofarnesio.com.br\\\/?s={search_term_string}\"},\"query-input\":{\"@type\":\"PropertyValueSpecification\",\"valueRequired\":true,\"valueName\":\"search_term_string\"}}],\"inLanguage\":\"pt-BR\"},{\"@type\":\"Organization\",\"@id\":\"https:\\\/\\\/blogdofarnesio.com.br\\\/#organization\",\"name\":\"Blog do Farn\u00e9sio\",\"url\":\"https:\\\/\\\/blogdofarnesio.com.br\\\/\",\"logo\":{\"@type\":\"ImageObject\",\"inLanguage\":\"pt-BR\",\"@id\":\"https:\\\/\\\/blogdofarnesio.com.br\\\/#\\\/schema\\\/logo\\\/image\\\/\",\"url\":\"https:\\\/\\\/blogdofarnesio.com.br\\\/wp-content\\\/uploads\\\/2026\\\/03\\\/cropped-logo_new-1.png\",\"contentUrl\":\"https:\\\/\\\/blogdofarnesio.com.br\\\/wp-content\\\/uploads\\\/2026\\\/03\\\/cropped-logo_new-1.png\",\"width\":881,\"height\":685,\"caption\":\"Blog do Farn\u00e9sio\"},\"image\":{\"@id\":\"https:\\\/\\\/blogdofarnesio.com.br\\\/#\\\/schema\\\/logo\\\/image\\\/\"},\"sameAs\":[\"https:\\\/\\\/www.facebook.com\\\/BlogQuerSaberPolitica\\\/\"]},{\"@type\":\"Person\",\"@id\":\"\",\"url\":\"https:\\\/\\\/blogdofarnesio.com.br\\\/author\\\/\"}]}<\/script>\n<!-- \/ Yoast SEO plugin. -->","yoast_head_json":{"title":"NOVO SECRET\u00c1RIO DE SA\u00daDE DE JUAZEIRO SE REUNIU COM SINTASE  - Blog do Farn\u00e9sio","robots":{"index":"index","follow":"follow","max-snippet":"max-snippet:-1","max-image-preview":"max-image-preview:large","max-video-preview":"max-video-preview:-1"},"canonical":"https:\/\/blogdofarnesio.com.br\/2015\/03\/novo-secretario-de-saude-de-juazeiro-se-reuniu-com-sintase\/","og_locale":"pt_BR","og_type":"article","og_title":"NOVO SECRET\u00c1RIO DE SA\u00daDE DE JUAZEIRO SE REUNIU COM SINTASE  - Blog do Farn\u00e9sio","og_description":"O novo secret\u00e1rio municipal de Sa\u00fade de Juazeiro, Dalmir Pedra, a comiss\u00e3o de negocia\u00e7\u00e3o e o vereador Tiano, dando continuidade nas negocia\u00e7\u00f5es, reuniram-se nesta segunda-feira (30), com os representantes dos Trabalhadores dos Agentes de Sa\u00fade e Endemias (SINTASE) e o Sindicato dos Servidores P\u00fablicos Municipais de Juazeiro (Sinserp) para tratar sobre a implanta\u00e7\u00e3o do piso salarial dos agentes comunit\u00e1rios de sa\u00fade e endemias. O secret\u00e1rio e os sindicalistas discutiram novas propostas entre a Mesa de Negocia\u00e7\u00e3o e o SINTASE, que prop\u00f4s ao governo a implanta\u00e7\u00e3o do piso nacional e a perman\u00eancia da gratifica\u00e7\u00e3o de incentivo. A mesa apresentou a tabela de vencimentos do PCCR das duas categorias. Tendo em vista a dificuldade financeira do Munic\u00edpio em atender a proposta do&hellip;","og_url":"https:\/\/blogdofarnesio.com.br\/2015\/03\/novo-secretario-de-saude-de-juazeiro-se-reuniu-com-sintase\/","og_site_name":"Blog do Farn\u00e9sio","article_publisher":"https:\/\/www.facebook.com\/BlogQuerSaberPolitica\/","article_published_time":"2015-03-31T10:42:05+00:00","twitter_card":"summary_large_image","twitter_misc":{"Escrito por":"","Est. tempo de leitura":"1 minuto"},"schema":{"@context":"https:\/\/schema.org","@graph":[{"@type":"Article","@id":"https:\/\/blogdofarnesio.com.br\/2015\/03\/novo-secretario-de-saude-de-juazeiro-se-reuniu-com-sintase\/#article","isPartOf":{"@id":"https:\/\/blogdofarnesio.com.br\/2015\/03\/novo-secretario-de-saude-de-juazeiro-se-reuniu-com-sintase\/"},"author":{"name":"","@id":""},"headline":"NOVO SECRET\u00c1RIO DE SA\u00daDE DE JUAZEIRO SE REUNIU COM SINTASE","datePublished":"2015-03-31T10:42:05+00:00","mainEntityOfPage":{"@id":"https:\/\/blogdofarnesio.com.br\/2015\/03\/novo-secretario-de-saude-de-juazeiro-se-reuniu-com-sintase\/"},"wordCount":247,"commentCount":0,"publisher":{"@id":"https:\/\/blogdofarnesio.com.br\/#organization"},"articleSection":["Servidores"],"inLanguage":"pt-BR","potentialAction":[{"@type":"CommentAction","name":"Comment","target":["https:\/\/blogdofarnesio.com.br\/2015\/03\/novo-secretario-de-saude-de-juazeiro-se-reuniu-com-sintase\/#respond"]}]},{"@type":"WebPage","@id":"https:\/\/blogdofarnesio.com.br\/2015\/03\/novo-secretario-de-saude-de-juazeiro-se-reuniu-com-sintase\/","url":"https:\/\/blogdofarnesio.com.br\/2015\/03\/novo-secretario-de-saude-de-juazeiro-se-reuniu-com-sintase\/","name":"NOVO SECRET\u00c1RIO DE SA\u00daDE DE JUAZEIRO SE REUNIU COM SINTASE - Blog do Farn\u00e9sio","isPartOf":{"@id":"https:\/\/blogdofarnesio.com.br\/#website"},"datePublished":"2015-03-31T10:42:05+00:00","breadcrumb":{"@id":"https:\/\/blogdofarnesio.com.br\/2015\/03\/novo-secretario-de-saude-de-juazeiro-se-reuniu-com-sintase\/#breadcrumb"},"inLanguage":"pt-BR","potentialAction":[{"@type":"ReadAction","target":["https:\/\/blogdofarnesio.com.br\/2015\/03\/novo-secretario-de-saude-de-juazeiro-se-reuniu-com-sintase\/"]}]},{"@type":"BreadcrumbList","@id":"https:\/\/blogdofarnesio.com.br\/2015\/03\/novo-secretario-de-saude-de-juazeiro-se-reuniu-com-sintase\/#breadcrumb","itemListElement":[{"@type":"ListItem","position":1,"name":"In\u00edcio","item":"https:\/\/blogdofarnesio.com.br\/"},{"@type":"ListItem","position":2,"name":"NOVO SECRET\u00c1RIO DE SA\u00daDE DE JUAZEIRO SE REUNIU COM SINTASE"}]},{"@type":"WebSite","@id":"https:\/\/blogdofarnesio.com.br\/#website","url":"https:\/\/blogdofarnesio.com.br\/","name":"Blog do Farn\u00e9sio","description":"Quer Saber Pol\u00edtica?","publisher":{"@id":"https:\/\/blogdofarnesio.com.br\/#organization"},"potentialAction":[{"@type":"SearchAction","target":{"@type":"EntryPoint","urlTemplate":"https:\/\/blogdofarnesio.com.br\/?s={search_term_string}"},"query-input":{"@type":"PropertyValueSpecification","valueRequired":true,"valueName":"search_term_string"}}],"inLanguage":"pt-BR"},{"@type":"Organization","@id":"https:\/\/blogdofarnesio.com.br\/#organization","name":"Blog do Farn\u00e9sio","url":"https:\/\/blogdofarnesio.com.br\/","logo":{"@type":"ImageObject","inLanguage":"pt-BR","@id":"https:\/\/blogdofarnesio.com.br\/#\/schema\/logo\/image\/","url":"https:\/\/blogdofarnesio.com.br\/wp-content\/uploads\/2026\/03\/cropped-logo_new-1.png","contentUrl":"https:\/\/blogdofarnesio.com.br\/wp-content\/uploads\/2026\/03\/cropped-logo_new-1.png","width":881,"height":685,"caption":"Blog do Farn\u00e9sio"},"image":{"@id":"https:\/\/blogdofarnesio.com.br\/#\/schema\/logo\/image\/"},"sameAs":["https:\/\/www.facebook.com\/BlogQuerSaberPolitica\/"]},{"@type":"Person","@id":"","url":"https:\/\/blogdofarnesio.com.br\/author\/"}]}},"_links":{"self":[{"href":"https:\/\/blogdofarnesio.com.br\/wp-json\/wp\/v2\/posts\/121010","targetHints":{"allow":["GET"]}}],"collection":[{"href":"https:\/\/blogdofarnesio.com.br\/wp-json\/wp\/v2\/posts"}],"about":[{"href":"https:\/\/blogdofarnesio.com.br\/wp-json\/wp\/v2\/types\/post"}],"author":[{"embeddable":true,"href":"https:\/\/blogdofarnesio.com.br\/wp-json\/wp\/v2\/users\/7"}],"replies":[{"embeddable":true,"href":"https:\/\/blogdofarnesio.com.br\/wp-json\/wp\/v2\/comments?post=121010"}],"version-history":[{"count":0,"href":"https:\/\/blogdofarnesio.com.br\/wp-json\/wp\/v2\/posts\/121010\/revisions"}],"wp:attachment":[{"href":"https:\/\/blogdofarnesio.com.br\/wp-json\/wp\/v2\/media?parent=121010"}],"wp:term":[{"taxonomy":"category","embeddable":true,"href":"https:\/\/blogdofarnesio.com.br\/wp-json\/wp\/v2\/categories?post=121010"},{"taxonomy":"post_tag","embeddable":true,"href":"https:\/\/blogdofarnesio.com.br\/wp-json\/wp\/v2\/tags?post=121010"}],"curies":[{"name":"wp","href":"https:\/\/api.w.org\/{rel}","templated":true}]}}