{"id":120704,"date":"2015-03-27T11:35:41","date_gmt":"2015-03-27T14:35:41","guid":{"rendered":"http:\/\/www.quersaberpolitica.com.br\/?p=120704"},"modified":"2015-03-27T08:57:13","modified_gmt":"2015-03-27T11:57:13","slug":"mensalao-tucano-um-ano-parado-e-sem-juiz","status":"publish","type":"post","link":"https:\/\/blogdofarnesio.com.br\/?p=120704","title":{"rendered":"MENSAL\u00c3O TUCANO: UM ANO PARADO E SEM JUIZ"},"content":{"rendered":"<div style=\"text-align: justify\">\n<h2><img loading=\"lazy\" decoding=\"async\" class=\"aligncenter\" title=\"Foto: Jos\u00e9 Cruz\/ Ag\u00eancia Brasil (11\/02\/2014)\" alt=\"Foto: Jos\u00e9 Cruz\/ Ag\u00eancia Brasil (11\/02\/2014): \" src=\"http:\/\/www.brasil247.com\/images\/cache\/1000x357\/crop_0_71_1280_528\/images%7Ccms-image-000425633.jpg\" width=\"480\" height=\"171\" \/><\/h2>\n<p><strong>247<\/strong>\u00a0\u2013 O processo do chamado \u2018mensal\u00e3o tucano\u2019 est\u00e1 parado h\u00e1 uma na Justi\u00e7a de Minas, desde que foi devolvido pelo Supremo Tribunal Federal \u00e0 primeira inst\u00e2ncia. A\u00e7\u00e3o tamb\u00e9m n\u00e3o tem mais juiz, j\u00e1 que o titular designado se aposentou.<\/p>\n<\/div>\n<div style=\"text-align: justify\">\n<section>O caso se refere \u00e0s suspeitas de caixa 2 pelo ent\u00e3o governador do Estado, Eduardo Azeredo (PSDB), em 1998. De acordo com den\u00fancia do Minist\u00e9rio P\u00fablico Federal, o mensal\u00e3o tucano envolveu desvios de R$ 3,5 milh\u00f5es de empresas p\u00fablicas de Minas, usados na campanha eleitoral.<\/p>\n<p>O esquema come\u00e7ou a ser investigado em 2005, em meio ao esc\u00e2ndalo do \u2018mensal\u00e3o\u2019 do PT, que j\u00e1 foi julgado e est\u00e1 em fase de progress\u00e3o de pena dos acusados. A Procuradoria apresentou den\u00fancia \u00e0 Justi\u00e7a em 2007.<\/p>\n<p>Azeredo, numa clara manobra, renunciou ao mandato de deputado federal e perdeu o foro privilegiado. Apesar de a ren\u00fancia ter ocorrido em mar\u00e7o, somente no dia 4 de dezembro de 2014 a a\u00e7\u00e3o penal chegou \u00e0 9\u00aa Vara Criminal, em BH,.<\/p>\n<p>Leia\u00a0<a href=\"http:\/\/www1.folha.uol.com.br\/fsp\/poder\/213630-caso-do-mensalao-tucano-esta-parado-na-justica-de-minas.shtml\" target=\"_blank\">aqui<\/a>\u00a0reportagem de Paulo Peixoto sobre o assunto.<\/p>\n<\/section>\n<\/div>\n","protected":false},"excerpt":{"rendered":"<p>247\u00a0\u2013 O processo do chamado \u2018mensal\u00e3o tucano\u2019 est\u00e1 parado h\u00e1 uma na Justi\u00e7a de Minas, desde que foi devolvido pelo Supremo Tribunal Federal \u00e0 primeira inst\u00e2ncia. A\u00e7\u00e3o tamb\u00e9m n\u00e3o tem mais juiz, j\u00e1 que o titular designado se aposentou. O caso se refere \u00e0s suspeitas de caixa 2 pelo ent\u00e3o governador do Estado, Eduardo Azeredo (PSDB), em 1998. De acordo com den\u00fancia do Minist\u00e9rio P\u00fablico Federal, o mensal\u00e3o tucano envolveu desvios de R$ 3,5 milh\u00f5es de empresas p\u00fablicas de Minas, usados na campanha eleitoral. O esquema come\u00e7ou a ser investigado em 2005, em meio ao esc\u00e2ndalo do \u2018mensal\u00e3o\u2019 do PT, que j\u00e1 foi julgado e est\u00e1 em fase de progress\u00e3o de pena dos acusados. A Procuradoria apresentou den\u00fancia \u00e0 Justi\u00e7a&hellip; <\/p>\n","protected":false},"author":3,"featured_media":0,"comment_status":"open","ping_status":"open","sticky":false,"template":"","format":"standard","meta":{"_acf_changed":false,"footnotes":""},"categories":[1],"tags":[],"class_list":["post-120704","post","type-post","status-publish","format-standard","hentry","category-politica"],"acf":[],"yoast_head":"<!-- This site is optimized with the Yoast SEO plugin v27.4 - https:\/\/yoast.com\/product\/yoast-seo-wordpress\/ -->\n<title>MENSAL\u00c3O TUCANO: UM ANO PARADO E SEM JUIZ - Blog do Farn\u00e9sio<\/title>\n<meta name=\"robots\" content=\"index, follow, max-snippet:-1, max-image-preview:large, max-video-preview:-1\" \/>\n<link rel=\"canonical\" href=\"https:\/\/blogdofarnesio.com.br\/?p=120704\" \/>\n<meta property=\"og:locale\" content=\"pt_BR\" \/>\n<meta property=\"og:type\" content=\"article\" \/>\n<meta property=\"og:title\" content=\"MENSAL\u00c3O TUCANO: UM ANO PARADO E SEM JUIZ - Blog do Farn\u00e9sio\" \/>\n<meta property=\"og:description\" content=\"247\u00a0\u2013 O processo do chamado \u2018mensal\u00e3o tucano\u2019 est\u00e1 parado h\u00e1 uma na Justi\u00e7a de Minas, desde que foi devolvido pelo Supremo Tribunal Federal \u00e0 primeira inst\u00e2ncia. A\u00e7\u00e3o tamb\u00e9m n\u00e3o tem mais juiz, j\u00e1 que o titular designado se aposentou. O caso se refere \u00e0s suspeitas de caixa 2 pelo ent\u00e3o governador do Estado, Eduardo Azeredo (PSDB), em 1998. De acordo com den\u00fancia do Minist\u00e9rio P\u00fablico Federal, o mensal\u00e3o tucano envolveu desvios de R$ 3,5 milh\u00f5es de empresas p\u00fablicas de Minas, usados na campanha eleitoral. O esquema come\u00e7ou a ser investigado em 2005, em meio ao esc\u00e2ndalo do \u2018mensal\u00e3o\u2019 do PT, que j\u00e1 foi julgado e est\u00e1 em fase de progress\u00e3o de pena dos acusados. A Procuradoria apresentou den\u00fancia \u00e0 Justi\u00e7a&hellip;\" \/>\n<meta property=\"og:url\" content=\"https:\/\/blogdofarnesio.com.br\/?p=120704\" \/>\n<meta property=\"og:site_name\" content=\"Blog do Farn\u00e9sio\" \/>\n<meta property=\"article:publisher\" content=\"https:\/\/www.facebook.com\/BlogQuerSaberPolitica\/\" \/>\n<meta property=\"article:published_time\" content=\"2015-03-27T14:35:41+00:00\" \/>\n<meta property=\"og:image\" content=\"http:\/\/www.brasil247.com\/images\/cache\/1000x357\/crop_0_71_1280_528\/images%7Ccms-image-000425633.jpg\" \/>\n<meta name=\"author\" content=\"teste\" \/>\n<meta name=\"twitter:card\" content=\"summary_large_image\" \/>\n<meta name=\"twitter:label1\" content=\"Escrito por\" \/>\n\t<meta name=\"twitter:data1\" content=\"teste\" \/>\n\t<meta name=\"twitter:label2\" content=\"Est. tempo de leitura\" \/>\n\t<meta name=\"twitter:data2\" content=\"1 minuto\" \/>\n<script type=\"application\/ld+json\" class=\"yoast-schema-graph\">{\"@context\":\"https:\\\/\\\/schema.org\",\"@graph\":[{\"@type\":\"Article\",\"@id\":\"https:\\\/\\\/blogdofarnesio.com.br\\\/?p=120704#article\",\"isPartOf\":{\"@id\":\"https:\\\/\\\/blogdofarnesio.com.br\\\/?p=120704\"},\"author\":{\"name\":\"teste\",\"@id\":\"https:\\\/\\\/blogdofarnesio.com.br\\\/#\\\/schema\\\/person\\\/dd1bf5eba40b687199ba45ca6b97dff9\"},\"headline\":\"MENSAL\u00c3O TUCANO: UM ANO PARADO E SEM JUIZ\",\"datePublished\":\"2015-03-27T14:35:41+00:00\",\"mainEntityOfPage\":{\"@id\":\"https:\\\/\\\/blogdofarnesio.com.br\\\/?p=120704\"},\"wordCount\":191,\"commentCount\":0,\"publisher\":{\"@id\":\"https:\\\/\\\/blogdofarnesio.com.br\\\/#organization\"},\"image\":{\"@id\":\"https:\\\/\\\/blogdofarnesio.com.br\\\/?p=120704#primaryimage\"},\"thumbnailUrl\":\"http:\\\/\\\/www.brasil247.com\\\/images\\\/cache\\\/1000x357\\\/crop_0_71_1280_528\\\/images%7Ccms-image-000425633.jpg\",\"articleSection\":[\"Pol\u00edtica\"],\"inLanguage\":\"pt-BR\",\"potentialAction\":[{\"@type\":\"CommentAction\",\"name\":\"Comment\",\"target\":[\"https:\\\/\\\/blogdofarnesio.com.br\\\/?p=120704#respond\"]}]},{\"@type\":\"WebPage\",\"@id\":\"https:\\\/\\\/blogdofarnesio.com.br\\\/?p=120704\",\"url\":\"https:\\\/\\\/blogdofarnesio.com.br\\\/?p=120704\",\"name\":\"MENSAL\u00c3O TUCANO: UM ANO PARADO E SEM JUIZ - Blog do Farn\u00e9sio\",\"isPartOf\":{\"@id\":\"https:\\\/\\\/blogdofarnesio.com.br\\\/#website\"},\"primaryImageOfPage\":{\"@id\":\"https:\\\/\\\/blogdofarnesio.com.br\\\/?p=120704#primaryimage\"},\"image\":{\"@id\":\"https:\\\/\\\/blogdofarnesio.com.br\\\/?p=120704#primaryimage\"},\"thumbnailUrl\":\"http:\\\/\\\/www.brasil247.com\\\/images\\\/cache\\\/1000x357\\\/crop_0_71_1280_528\\\/images%7Ccms-image-000425633.jpg\",\"datePublished\":\"2015-03-27T14:35:41+00:00\",\"breadcrumb\":{\"@id\":\"https:\\\/\\\/blogdofarnesio.com.br\\\/?p=120704#breadcrumb\"},\"inLanguage\":\"pt-BR\",\"potentialAction\":[{\"@type\":\"ReadAction\",\"target\":[\"https:\\\/\\\/blogdofarnesio.com.br\\\/?p=120704\"]}]},{\"@type\":\"ImageObject\",\"inLanguage\":\"pt-BR\",\"@id\":\"https:\\\/\\\/blogdofarnesio.com.br\\\/?p=120704#primaryimage\",\"url\":\"http:\\\/\\\/www.brasil247.com\\\/images\\\/cache\\\/1000x357\\\/crop_0_71_1280_528\\\/images%7Ccms-image-000425633.jpg\",\"contentUrl\":\"http:\\\/\\\/www.brasil247.com\\\/images\\\/cache\\\/1000x357\\\/crop_0_71_1280_528\\\/images%7Ccms-image-000425633.jpg\"},{\"@type\":\"BreadcrumbList\",\"@id\":\"https:\\\/\\\/blogdofarnesio.com.br\\\/?p=120704#breadcrumb\",\"itemListElement\":[{\"@type\":\"ListItem\",\"position\":1,\"name\":\"In\u00edcio\",\"item\":\"https:\\\/\\\/blogdofarnesio.com.br\\\/\"},{\"@type\":\"ListItem\",\"position\":2,\"name\":\"MENSAL\u00c3O TUCANO: UM ANO PARADO E SEM JUIZ\"}]},{\"@type\":\"WebSite\",\"@id\":\"https:\\\/\\\/blogdofarnesio.com.br\\\/#website\",\"url\":\"https:\\\/\\\/blogdofarnesio.com.br\\\/\",\"name\":\"Blog do Farn\u00e9sio\",\"description\":\"Quer Saber Pol\u00edtica?\",\"publisher\":{\"@id\":\"https:\\\/\\\/blogdofarnesio.com.br\\\/#organization\"},\"potentialAction\":[{\"@type\":\"SearchAction\",\"target\":{\"@type\":\"EntryPoint\",\"urlTemplate\":\"https:\\\/\\\/blogdofarnesio.com.br\\\/?s={search_term_string}\"},\"query-input\":{\"@type\":\"PropertyValueSpecification\",\"valueRequired\":true,\"valueName\":\"search_term_string\"}}],\"inLanguage\":\"pt-BR\"},{\"@type\":\"Organization\",\"@id\":\"https:\\\/\\\/blogdofarnesio.com.br\\\/#organization\",\"name\":\"Blog do Farn\u00e9sio\",\"url\":\"https:\\\/\\\/blogdofarnesio.com.br\\\/\",\"logo\":{\"@type\":\"ImageObject\",\"inLanguage\":\"pt-BR\",\"@id\":\"https:\\\/\\\/blogdofarnesio.com.br\\\/#\\\/schema\\\/logo\\\/image\\\/\",\"url\":\"https:\\\/\\\/blogdofarnesio.com.br\\\/wp-content\\\/uploads\\\/2026\\\/03\\\/cropped-logo_new-1.png\",\"contentUrl\":\"https:\\\/\\\/blogdofarnesio.com.br\\\/wp-content\\\/uploads\\\/2026\\\/03\\\/cropped-logo_new-1.png\",\"width\":881,\"height\":685,\"caption\":\"Blog do Farn\u00e9sio\"},\"image\":{\"@id\":\"https:\\\/\\\/blogdofarnesio.com.br\\\/#\\\/schema\\\/logo\\\/image\\\/\"},\"sameAs\":[\"https:\\\/\\\/www.facebook.com\\\/BlogQuerSaberPolitica\\\/\"]},{\"@type\":\"Person\",\"@id\":\"https:\\\/\\\/blogdofarnesio.com.br\\\/#\\\/schema\\\/person\\\/dd1bf5eba40b687199ba45ca6b97dff9\",\"name\":\"teste\",\"image\":{\"@type\":\"ImageObject\",\"inLanguage\":\"pt-BR\",\"@id\":\"https:\\\/\\\/secure.gravatar.com\\\/avatar\\\/2172498d4914b51e1d89a0f97957b035ac4938723a5cac208135d389b6972a6d?s=96&d=mm&r=g\",\"url\":\"https:\\\/\\\/secure.gravatar.com\\\/avatar\\\/2172498d4914b51e1d89a0f97957b035ac4938723a5cac208135d389b6972a6d?s=96&d=mm&r=g\",\"contentUrl\":\"https:\\\/\\\/secure.gravatar.com\\\/avatar\\\/2172498d4914b51e1d89a0f97957b035ac4938723a5cac208135d389b6972a6d?s=96&d=mm&r=g\",\"caption\":\"teste\"},\"url\":\"https:\\\/\\\/blogdofarnesio.com.br\\\/?author=3\"}]}<\/script>\n<!-- \/ Yoast SEO plugin. -->","yoast_head_json":{"title":"MENSAL\u00c3O TUCANO: UM ANO PARADO E SEM JUIZ - Blog do Farn\u00e9sio","robots":{"index":"index","follow":"follow","max-snippet":"max-snippet:-1","max-image-preview":"max-image-preview:large","max-video-preview":"max-video-preview:-1"},"canonical":"https:\/\/blogdofarnesio.com.br\/?p=120704","og_locale":"pt_BR","og_type":"article","og_title":"MENSAL\u00c3O TUCANO: UM ANO PARADO E SEM JUIZ - Blog do Farn\u00e9sio","og_description":"247\u00a0\u2013 O processo do chamado \u2018mensal\u00e3o tucano\u2019 est\u00e1 parado h\u00e1 uma na Justi\u00e7a de Minas, desde que foi devolvido pelo Supremo Tribunal Federal \u00e0 primeira inst\u00e2ncia. A\u00e7\u00e3o tamb\u00e9m n\u00e3o tem mais juiz, j\u00e1 que o titular designado se aposentou. O caso se refere \u00e0s suspeitas de caixa 2 pelo ent\u00e3o governador do Estado, Eduardo Azeredo (PSDB), em 1998. De acordo com den\u00fancia do Minist\u00e9rio P\u00fablico Federal, o mensal\u00e3o tucano envolveu desvios de R$ 3,5 milh\u00f5es de empresas p\u00fablicas de Minas, usados na campanha eleitoral. O esquema come\u00e7ou a ser investigado em 2005, em meio ao esc\u00e2ndalo do \u2018mensal\u00e3o\u2019 do PT, que j\u00e1 foi julgado e est\u00e1 em fase de progress\u00e3o de pena dos acusados. A Procuradoria apresentou den\u00fancia \u00e0 Justi\u00e7a&hellip;","og_url":"https:\/\/blogdofarnesio.com.br\/?p=120704","og_site_name":"Blog do Farn\u00e9sio","article_publisher":"https:\/\/www.facebook.com\/BlogQuerSaberPolitica\/","article_published_time":"2015-03-27T14:35:41+00:00","og_image":[{"url":"http:\/\/www.brasil247.com\/images\/cache\/1000x357\/crop_0_71_1280_528\/images%7Ccms-image-000425633.jpg","type":"","width":"","height":""}],"author":"teste","twitter_card":"summary_large_image","twitter_misc":{"Escrito por":"teste","Est. tempo de leitura":"1 minuto"},"schema":{"@context":"https:\/\/schema.org","@graph":[{"@type":"Article","@id":"https:\/\/blogdofarnesio.com.br\/?p=120704#article","isPartOf":{"@id":"https:\/\/blogdofarnesio.com.br\/?p=120704"},"author":{"name":"teste","@id":"https:\/\/blogdofarnesio.com.br\/#\/schema\/person\/dd1bf5eba40b687199ba45ca6b97dff9"},"headline":"MENSAL\u00c3O TUCANO: UM ANO PARADO E SEM JUIZ","datePublished":"2015-03-27T14:35:41+00:00","mainEntityOfPage":{"@id":"https:\/\/blogdofarnesio.com.br\/?p=120704"},"wordCount":191,"commentCount":0,"publisher":{"@id":"https:\/\/blogdofarnesio.com.br\/#organization"},"image":{"@id":"https:\/\/blogdofarnesio.com.br\/?p=120704#primaryimage"},"thumbnailUrl":"http:\/\/www.brasil247.com\/images\/cache\/1000x357\/crop_0_71_1280_528\/images%7Ccms-image-000425633.jpg","articleSection":["Pol\u00edtica"],"inLanguage":"pt-BR","potentialAction":[{"@type":"CommentAction","name":"Comment","target":["https:\/\/blogdofarnesio.com.br\/?p=120704#respond"]}]},{"@type":"WebPage","@id":"https:\/\/blogdofarnesio.com.br\/?p=120704","url":"https:\/\/blogdofarnesio.com.br\/?p=120704","name":"MENSAL\u00c3O TUCANO: UM ANO PARADO E SEM JUIZ - Blog do Farn\u00e9sio","isPartOf":{"@id":"https:\/\/blogdofarnesio.com.br\/#website"},"primaryImageOfPage":{"@id":"https:\/\/blogdofarnesio.com.br\/?p=120704#primaryimage"},"image":{"@id":"https:\/\/blogdofarnesio.com.br\/?p=120704#primaryimage"},"thumbnailUrl":"http:\/\/www.brasil247.com\/images\/cache\/1000x357\/crop_0_71_1280_528\/images%7Ccms-image-000425633.jpg","datePublished":"2015-03-27T14:35:41+00:00","breadcrumb":{"@id":"https:\/\/blogdofarnesio.com.br\/?p=120704#breadcrumb"},"inLanguage":"pt-BR","potentialAction":[{"@type":"ReadAction","target":["https:\/\/blogdofarnesio.com.br\/?p=120704"]}]},{"@type":"ImageObject","inLanguage":"pt-BR","@id":"https:\/\/blogdofarnesio.com.br\/?p=120704#primaryimage","url":"http:\/\/www.brasil247.com\/images\/cache\/1000x357\/crop_0_71_1280_528\/images%7Ccms-image-000425633.jpg","contentUrl":"http:\/\/www.brasil247.com\/images\/cache\/1000x357\/crop_0_71_1280_528\/images%7Ccms-image-000425633.jpg"},{"@type":"BreadcrumbList","@id":"https:\/\/blogdofarnesio.com.br\/?p=120704#breadcrumb","itemListElement":[{"@type":"ListItem","position":1,"name":"In\u00edcio","item":"https:\/\/blogdofarnesio.com.br\/"},{"@type":"ListItem","position":2,"name":"MENSAL\u00c3O TUCANO: UM ANO PARADO E SEM JUIZ"}]},{"@type":"WebSite","@id":"https:\/\/blogdofarnesio.com.br\/#website","url":"https:\/\/blogdofarnesio.com.br\/","name":"Blog do Farn\u00e9sio","description":"Quer Saber Pol\u00edtica?","publisher":{"@id":"https:\/\/blogdofarnesio.com.br\/#organization"},"potentialAction":[{"@type":"SearchAction","target":{"@type":"EntryPoint","urlTemplate":"https:\/\/blogdofarnesio.com.br\/?s={search_term_string}"},"query-input":{"@type":"PropertyValueSpecification","valueRequired":true,"valueName":"search_term_string"}}],"inLanguage":"pt-BR"},{"@type":"Organization","@id":"https:\/\/blogdofarnesio.com.br\/#organization","name":"Blog do Farn\u00e9sio","url":"https:\/\/blogdofarnesio.com.br\/","logo":{"@type":"ImageObject","inLanguage":"pt-BR","@id":"https:\/\/blogdofarnesio.com.br\/#\/schema\/logo\/image\/","url":"https:\/\/blogdofarnesio.com.br\/wp-content\/uploads\/2026\/03\/cropped-logo_new-1.png","contentUrl":"https:\/\/blogdofarnesio.com.br\/wp-content\/uploads\/2026\/03\/cropped-logo_new-1.png","width":881,"height":685,"caption":"Blog do Farn\u00e9sio"},"image":{"@id":"https:\/\/blogdofarnesio.com.br\/#\/schema\/logo\/image\/"},"sameAs":["https:\/\/www.facebook.com\/BlogQuerSaberPolitica\/"]},{"@type":"Person","@id":"https:\/\/blogdofarnesio.com.br\/#\/schema\/person\/dd1bf5eba40b687199ba45ca6b97dff9","name":"teste","image":{"@type":"ImageObject","inLanguage":"pt-BR","@id":"https:\/\/secure.gravatar.com\/avatar\/2172498d4914b51e1d89a0f97957b035ac4938723a5cac208135d389b6972a6d?s=96&d=mm&r=g","url":"https:\/\/secure.gravatar.com\/avatar\/2172498d4914b51e1d89a0f97957b035ac4938723a5cac208135d389b6972a6d?s=96&d=mm&r=g","contentUrl":"https:\/\/secure.gravatar.com\/avatar\/2172498d4914b51e1d89a0f97957b035ac4938723a5cac208135d389b6972a6d?s=96&d=mm&r=g","caption":"teste"},"url":"https:\/\/blogdofarnesio.com.br\/?author=3"}]}},"_links":{"self":[{"href":"https:\/\/blogdofarnesio.com.br\/index.php?rest_route=\/wp\/v2\/posts\/120704","targetHints":{"allow":["GET"]}}],"collection":[{"href":"https:\/\/blogdofarnesio.com.br\/index.php?rest_route=\/wp\/v2\/posts"}],"about":[{"href":"https:\/\/blogdofarnesio.com.br\/index.php?rest_route=\/wp\/v2\/types\/post"}],"author":[{"embeddable":true,"href":"https:\/\/blogdofarnesio.com.br\/index.php?rest_route=\/wp\/v2\/users\/3"}],"replies":[{"embeddable":true,"href":"https:\/\/blogdofarnesio.com.br\/index.php?rest_route=%2Fwp%2Fv2%2Fcomments&post=120704"}],"version-history":[{"count":0,"href":"https:\/\/blogdofarnesio.com.br\/index.php?rest_route=\/wp\/v2\/posts\/120704\/revisions"}],"wp:attachment":[{"href":"https:\/\/blogdofarnesio.com.br\/index.php?rest_route=%2Fwp%2Fv2%2Fmedia&parent=120704"}],"wp:term":[{"taxonomy":"category","embeddable":true,"href":"https:\/\/blogdofarnesio.com.br\/index.php?rest_route=%2Fwp%2Fv2%2Fcategories&post=120704"},{"taxonomy":"post_tag","embeddable":true,"href":"https:\/\/blogdofarnesio.com.br\/index.php?rest_route=%2Fwp%2Fv2%2Ftags&post=120704"}],"curies":[{"name":"wp","href":"https:\/\/api.w.org\/{rel}","templated":true}]}}