{"id":12062,"date":"2012-03-17T19:00:09","date_gmt":"2012-03-17T19:00:09","guid":{"rendered":"http:\/\/www.quersaberpolitica.com.br?p=12062"},"modified":"2012-03-15T13:46:02","modified_gmt":"2012-03-15T13:46:02","slug":"secretaria-teresa-virginia-participou-de-assembleia-de-gestores-da-assistencia-social-de-pernambuco","status":"publish","type":"post","link":"https:\/\/blogdofarnesio.com.br\/?p=12062","title":{"rendered":"Secret\u00e1ria Teresa Virg\u00ednia participou de Assembleia de Gestores  da Assist\u00eancia Social de Pernambuco"},"content":{"rendered":"<p style=\"text-align: justify;\"><span style=\"font-size: small;\"><a rel=\"lightbox\" href=\"http:\/\/www.quersaberpolitica.com.br\/2016\/wp-content\/uploads\/2012\/12\/blogqspterezavirginiasedestcapacitacaorecife1.jpg\"><img loading=\"lazy\" decoding=\"async\" style=\"margin-top: 5px; margin-bottom: 5px; margin-left: 10px; margin-right: 10px; float: right;\" title=\"Imagem Ilustrativa\" src=\"http:\/\/www.quersaberpolitica.com.br\/2016\/wp-content\/uploads\/2012\/12\/blogqspterezavirginiasedestcapacitacaorecife1.jpg\" alt=\"\" width=\"200\" height=\"150\" \/><\/a>Participando da Assembleia Geral dos Gestores Munic&iacute;pios da Assist&ecirc;ncia Social de Pernambuco, em Recife, na &uacute;ltima sexta-feira (09), para discutir a&ccedil;&otilde;es, propor metas e ainda eleger os legados para o XIV Encontro Nacional do Colegiado Nacional de Gestores Municipais de Assist&ecirc;ncia Social (Congemas) que acontecer&aacute; ainda neste m&ecirc;s, na cidade de Fortaleza (CE), a secret&aacute;ria de Desenvolvimento Social e Trabalho, Tereza Virg&iacute;nia de Carvalho, foi a representante da Prefeitura Municipal e da cidade de Petrolina.<\/span><\/p>\n<p style=\"text-align: justify;\"><span style=\"font-size: small;\">O evento teve por objetivo discutir o papel do Sistema &Uacute;nico de Assist&ecirc;ncia Social (SUAS) no Programa Brasil Sem Mis&eacute;ria e contou com a instala&ccedil;&atilde;o da mesa de trabalho, presta&ccedil;&atilde;o de contas do ano passado e informes gerais para os participantes. Al&eacute;m de ter palestras com profissionais da &aacute;rea, como a professora da Universalidade de Bras&iacute;lia, &Acirc;ngela Vieira Maia, a secret&aacute;ria de Desenvolvimento Social e Direitos Humanos (SDSDH-PE), Laura Gomes, a Diretora do Departamento Nacional do SUAS\/MDS, Simone Albuquerque e o Diretor do Fundo Nacional de Assist&ecirc;ncia Social (FNAS), Ant&ocirc;nio Marques.<\/span><\/p>\n<p style=\"text-align: justify;\"><span style=\"font-size: small;\">A capacita&ccedil;&atilde;o para Gestores da Assist&ecirc;ncia Social em Recife, realizada no m&ecirc;s passado, teve como tema &#8220;O Sistema &Uacute;nico de Assist&ecirc;ncia Social (SUAS) e o Plano Brasil Sem Mis&eacute;ria&#8221; no &acirc;mbito do Centro de Refer&ecirc;ncia da Assist&ecirc;ncia Social (CRAS) e do Centro de Refer&ecirc;ncia Especializado de Assist&ecirc;ncia Social (CREAS). Na oportunidade, foi apresentado o 1&ordm; M&oacute;dulo da Oficina de Capacita&ccedil;&atilde;o Intensiva e Sequenciada com troca de experi&ecirc;ncias e discuss&otilde;es sobre programas e amplia&ccedil;&otilde;es de iniciativas j&aacute; existentes pactuadas numa perspectiva de intersetorialidade dentro dos eixos do referido Plano: transfer&ecirc;ncia de renda, acesso a servi&ccedil;os e inclus&atilde;o produtiva.<\/span><\/p>\n<p style=\"text-align: justify;\"><span style=\"font-size: small;\">J&aacute; o encontro nacional &eacute; considerado o segundo maior evento da Pol&iacute;tica de Assist&ecirc;ncia Social em todo o Brasil e neste ano tem como foco &#8220;Entre o Suas e o Plano Brasil sem Mis&eacute;ria: os munic&iacute;pios pactuando caminhos intersertoriais&#8221; e o objetivo de fortalecer a forma&ccedil;&atilde;o e articula&ccedil;&atilde;o pol&iacute;tica dos gestores municipais de Assist&ecirc;ncia Social, para a efetiva&ccedil;&atilde;o da Pol&iacute;tica de Assist&ecirc;ncia Social como pol&iacute;tica p&uacute;blica, considerando os princ&iacute;pios e diretrizes do Sistema &Uacute;nico de Assist&ecirc;ncia Social (SUAS) quanto &agrave; universalidade, descentraliza&ccedil;&atilde;o e intersetorialidade.<\/span><\/p>\n<p style=\"text-align: justify;\"><span style=\"font-size: small;\">No final da Assembleia Geral dos Gestores Munic&iacute;pios da Assist&ecirc;ncia Social de Pernambuco, a secret&aacute;ria de Desenvolvimento Social e Trabalho, Tereza Virg&iacute;nia de Carvalho, foi eleita Delegada Suplente para o XIV Encontro Nacional do Colegiado Nacional de Gestores Municipais de Assist&ecirc;ncia Social (Congemas).<\/span><\/p>\n<p style=\"text-align: justify;\"><span style=\"font-size: small;\">(Ascom PMP)<\/span><\/p>\n","protected":false},"excerpt":{"rendered":"<p>Participando da Assembleia Geral dos Gestores Munic&iacute;pios da Assist&ecirc;ncia Social de Pernambuco, em Recife, na &uacute;ltima sexta-feira (09), para discutir a&ccedil;&otilde;es, propor metas e ainda eleger os legados para o XIV Encontro Nacional do Colegiado Nacional de Gestores Municipais de Assist&ecirc;ncia Social (Congemas) que acontecer&aacute; ainda neste m&ecirc;s, na cidade de Fortaleza (CE), a secret&aacute;ria de Desenvolvimento Social e Trabalho, Tereza Virg&iacute;nia de Carvalho, foi a representante da Prefeitura Municipal e da cidade de Petrolina. O evento teve por objetivo discutir o papel do Sistema &Uacute;nico de Assist&ecirc;ncia Social (SUAS) no Programa Brasil Sem Mis&eacute;ria e contou com a instala&ccedil;&atilde;o da mesa de trabalho, presta&ccedil;&atilde;o de contas do ano passado e informes gerais para os participantes. Al&eacute;m de ter palestras&hellip; <\/p>\n","protected":false},"author":0,"featured_media":0,"comment_status":"open","ping_status":"open","sticky":false,"template":"","format":"standard","meta":{"_acf_changed":false,"footnotes":""},"categories":[22],"tags":[],"class_list":["post-12062","post","type-post","status-publish","format-standard","hentry","category-acao-social"],"acf":[],"yoast_head":"<!-- This site is optimized with the Yoast SEO plugin v27.4 - https:\/\/yoast.com\/product\/yoast-seo-wordpress\/ -->\n<title>Secret\u00e1ria Teresa Virg\u00ednia participou de Assembleia de Gestores da Assist\u00eancia Social de Pernambuco - Blog do Farn\u00e9sio<\/title>\n<meta name=\"robots\" content=\"index, follow, max-snippet:-1, max-image-preview:large, max-video-preview:-1\" \/>\n<link rel=\"canonical\" href=\"https:\/\/blogdofarnesio.com.br\/?p=12062\" \/>\n<meta property=\"og:locale\" content=\"pt_BR\" \/>\n<meta property=\"og:type\" content=\"article\" \/>\n<meta property=\"og:title\" content=\"Secret\u00e1ria Teresa Virg\u00ednia participou de Assembleia de Gestores da Assist\u00eancia Social de Pernambuco - Blog do Farn\u00e9sio\" \/>\n<meta property=\"og:description\" content=\"Participando da Assembleia Geral dos Gestores Munic&iacute;pios da Assist&ecirc;ncia Social de Pernambuco, em Recife, na &uacute;ltima sexta-feira (09), para discutir a&ccedil;&otilde;es, propor metas e ainda eleger os legados para o XIV Encontro Nacional do Colegiado Nacional de Gestores Municipais de Assist&ecirc;ncia Social (Congemas) que acontecer&aacute; ainda neste m&ecirc;s, na cidade de Fortaleza (CE), a secret&aacute;ria de Desenvolvimento Social e Trabalho, Tereza Virg&iacute;nia de Carvalho, foi a representante da Prefeitura Municipal e da cidade de Petrolina. O evento teve por objetivo discutir o papel do Sistema &Uacute;nico de Assist&ecirc;ncia Social (SUAS) no Programa Brasil Sem Mis&eacute;ria e contou com a instala&ccedil;&atilde;o da mesa de trabalho, presta&ccedil;&atilde;o de contas do ano passado e informes gerais para os participantes. Al&eacute;m de ter palestras&hellip;\" \/>\n<meta property=\"og:url\" content=\"https:\/\/blogdofarnesio.com.br\/?p=12062\" \/>\n<meta property=\"og:site_name\" content=\"Blog do Farn\u00e9sio\" \/>\n<meta property=\"article:publisher\" content=\"https:\/\/www.facebook.com\/BlogQuerSaberPolitica\/\" \/>\n<meta property=\"article:published_time\" content=\"2012-03-17T19:00:09+00:00\" \/>\n<meta property=\"og:image\" content=\"http:\/\/www.quersaberpolitica.com.br\/2016\/wp-content\/uploads\/2012\/12\/blogqspterezavirginiasedestcapacitacaorecife1.jpg\" \/>\n<meta name=\"twitter:card\" content=\"summary_large_image\" \/>\n<meta name=\"twitter:label1\" content=\"Est. tempo de leitura\" \/>\n\t<meta name=\"twitter:data1\" content=\"3 minutos\" \/>\n<script type=\"application\/ld+json\" class=\"yoast-schema-graph\">{\"@context\":\"https:\\\/\\\/schema.org\",\"@graph\":[{\"@type\":\"Article\",\"@id\":\"https:\\\/\\\/blogdofarnesio.com.br\\\/?p=12062#article\",\"isPartOf\":{\"@id\":\"https:\\\/\\\/blogdofarnesio.com.br\\\/?p=12062\"},\"author\":{\"name\":\"\",\"@id\":\"\"},\"headline\":\"Secret\u00e1ria Teresa Virg\u00ednia participou de Assembleia de Gestores da Assist\u00eancia Social de Pernambuco\",\"datePublished\":\"2012-03-17T19:00:09+00:00\",\"mainEntityOfPage\":{\"@id\":\"https:\\\/\\\/blogdofarnesio.com.br\\\/?p=12062\"},\"wordCount\":536,\"commentCount\":1,\"publisher\":{\"@id\":\"https:\\\/\\\/blogdofarnesio.com.br\\\/#organization\"},\"image\":{\"@id\":\"https:\\\/\\\/blogdofarnesio.com.br\\\/?p=12062#primaryimage\"},\"thumbnailUrl\":\"http:\\\/\\\/www.quersaberpolitica.com.br\\\/2016\\\/wp-content\\\/uploads\\\/2012\\\/12\\\/blogqspterezavirginiasedestcapacitacaorecife1.jpg\",\"articleSection\":[\"A\u00e7\u00e3o Social\"],\"inLanguage\":\"pt-BR\",\"potentialAction\":[{\"@type\":\"CommentAction\",\"name\":\"Comment\",\"target\":[\"https:\\\/\\\/blogdofarnesio.com.br\\\/?p=12062#respond\"]}]},{\"@type\":\"WebPage\",\"@id\":\"https:\\\/\\\/blogdofarnesio.com.br\\\/?p=12062\",\"url\":\"https:\\\/\\\/blogdofarnesio.com.br\\\/?p=12062\",\"name\":\"Secret\u00e1ria Teresa Virg\u00ednia participou de Assembleia de Gestores da Assist\u00eancia Social de Pernambuco - Blog do Farn\u00e9sio\",\"isPartOf\":{\"@id\":\"https:\\\/\\\/blogdofarnesio.com.br\\\/#website\"},\"primaryImageOfPage\":{\"@id\":\"https:\\\/\\\/blogdofarnesio.com.br\\\/?p=12062#primaryimage\"},\"image\":{\"@id\":\"https:\\\/\\\/blogdofarnesio.com.br\\\/?p=12062#primaryimage\"},\"thumbnailUrl\":\"http:\\\/\\\/www.quersaberpolitica.com.br\\\/2016\\\/wp-content\\\/uploads\\\/2012\\\/12\\\/blogqspterezavirginiasedestcapacitacaorecife1.jpg\",\"datePublished\":\"2012-03-17T19:00:09+00:00\",\"breadcrumb\":{\"@id\":\"https:\\\/\\\/blogdofarnesio.com.br\\\/?p=12062#breadcrumb\"},\"inLanguage\":\"pt-BR\",\"potentialAction\":[{\"@type\":\"ReadAction\",\"target\":[\"https:\\\/\\\/blogdofarnesio.com.br\\\/?p=12062\"]}]},{\"@type\":\"ImageObject\",\"inLanguage\":\"pt-BR\",\"@id\":\"https:\\\/\\\/blogdofarnesio.com.br\\\/?p=12062#primaryimage\",\"url\":\"http:\\\/\\\/www.quersaberpolitica.com.br\\\/2016\\\/wp-content\\\/uploads\\\/2012\\\/12\\\/blogqspterezavirginiasedestcapacitacaorecife1.jpg\",\"contentUrl\":\"http:\\\/\\\/www.quersaberpolitica.com.br\\\/2016\\\/wp-content\\\/uploads\\\/2012\\\/12\\\/blogqspterezavirginiasedestcapacitacaorecife1.jpg\"},{\"@type\":\"BreadcrumbList\",\"@id\":\"https:\\\/\\\/blogdofarnesio.com.br\\\/?p=12062#breadcrumb\",\"itemListElement\":[{\"@type\":\"ListItem\",\"position\":1,\"name\":\"In\u00edcio\",\"item\":\"https:\\\/\\\/blogdofarnesio.com.br\\\/\"},{\"@type\":\"ListItem\",\"position\":2,\"name\":\"Secret\u00e1ria Teresa Virg\u00ednia participou de Assembleia de Gestores da Assist\u00eancia Social de Pernambuco\"}]},{\"@type\":\"WebSite\",\"@id\":\"https:\\\/\\\/blogdofarnesio.com.br\\\/#website\",\"url\":\"https:\\\/\\\/blogdofarnesio.com.br\\\/\",\"name\":\"Blog do Farn\u00e9sio\",\"description\":\"Quer Saber Pol\u00edtica?\",\"publisher\":{\"@id\":\"https:\\\/\\\/blogdofarnesio.com.br\\\/#organization\"},\"potentialAction\":[{\"@type\":\"SearchAction\",\"target\":{\"@type\":\"EntryPoint\",\"urlTemplate\":\"https:\\\/\\\/blogdofarnesio.com.br\\\/?s={search_term_string}\"},\"query-input\":{\"@type\":\"PropertyValueSpecification\",\"valueRequired\":true,\"valueName\":\"search_term_string\"}}],\"inLanguage\":\"pt-BR\"},{\"@type\":\"Organization\",\"@id\":\"https:\\\/\\\/blogdofarnesio.com.br\\\/#organization\",\"name\":\"Blog do Farn\u00e9sio\",\"url\":\"https:\\\/\\\/blogdofarnesio.com.br\\\/\",\"logo\":{\"@type\":\"ImageObject\",\"inLanguage\":\"pt-BR\",\"@id\":\"https:\\\/\\\/blogdofarnesio.com.br\\\/#\\\/schema\\\/logo\\\/image\\\/\",\"url\":\"https:\\\/\\\/blogdofarnesio.com.br\\\/wp-content\\\/uploads\\\/2026\\\/03\\\/cropped-logo_new-1.png\",\"contentUrl\":\"https:\\\/\\\/blogdofarnesio.com.br\\\/wp-content\\\/uploads\\\/2026\\\/03\\\/cropped-logo_new-1.png\",\"width\":881,\"height\":685,\"caption\":\"Blog do Farn\u00e9sio\"},\"image\":{\"@id\":\"https:\\\/\\\/blogdofarnesio.com.br\\\/#\\\/schema\\\/logo\\\/image\\\/\"},\"sameAs\":[\"https:\\\/\\\/www.facebook.com\\\/BlogQuerSaberPolitica\\\/\"]}]}<\/script>\n<!-- \/ Yoast SEO plugin. -->","yoast_head_json":{"title":"Secret\u00e1ria Teresa Virg\u00ednia participou de Assembleia de Gestores da Assist\u00eancia Social de Pernambuco - Blog do Farn\u00e9sio","robots":{"index":"index","follow":"follow","max-snippet":"max-snippet:-1","max-image-preview":"max-image-preview:large","max-video-preview":"max-video-preview:-1"},"canonical":"https:\/\/blogdofarnesio.com.br\/?p=12062","og_locale":"pt_BR","og_type":"article","og_title":"Secret\u00e1ria Teresa Virg\u00ednia participou de Assembleia de Gestores da Assist\u00eancia Social de Pernambuco - Blog do Farn\u00e9sio","og_description":"Participando da Assembleia Geral dos Gestores Munic&iacute;pios da Assist&ecirc;ncia Social de Pernambuco, em Recife, na &uacute;ltima sexta-feira (09), para discutir a&ccedil;&otilde;es, propor metas e ainda eleger os legados para o XIV Encontro Nacional do Colegiado Nacional de Gestores Municipais de Assist&ecirc;ncia Social (Congemas) que acontecer&aacute; ainda neste m&ecirc;s, na cidade de Fortaleza (CE), a secret&aacute;ria de Desenvolvimento Social e Trabalho, Tereza Virg&iacute;nia de Carvalho, foi a representante da Prefeitura Municipal e da cidade de Petrolina. O evento teve por objetivo discutir o papel do Sistema &Uacute;nico de Assist&ecirc;ncia Social (SUAS) no Programa Brasil Sem Mis&eacute;ria e contou com a instala&ccedil;&atilde;o da mesa de trabalho, presta&ccedil;&atilde;o de contas do ano passado e informes gerais para os participantes. Al&eacute;m de ter palestras&hellip;","og_url":"https:\/\/blogdofarnesio.com.br\/?p=12062","og_site_name":"Blog do Farn\u00e9sio","article_publisher":"https:\/\/www.facebook.com\/BlogQuerSaberPolitica\/","article_published_time":"2012-03-17T19:00:09+00:00","og_image":[{"url":"http:\/\/www.quersaberpolitica.com.br\/2016\/wp-content\/uploads\/2012\/12\/blogqspterezavirginiasedestcapacitacaorecife1.jpg","type":"","width":"","height":""}],"twitter_card":"summary_large_image","twitter_misc":{"Est. tempo de leitura":"3 minutos"},"schema":{"@context":"https:\/\/schema.org","@graph":[{"@type":"Article","@id":"https:\/\/blogdofarnesio.com.br\/?p=12062#article","isPartOf":{"@id":"https:\/\/blogdofarnesio.com.br\/?p=12062"},"author":{"name":"","@id":""},"headline":"Secret\u00e1ria Teresa Virg\u00ednia participou de Assembleia de Gestores da Assist\u00eancia Social de Pernambuco","datePublished":"2012-03-17T19:00:09+00:00","mainEntityOfPage":{"@id":"https:\/\/blogdofarnesio.com.br\/?p=12062"},"wordCount":536,"commentCount":1,"publisher":{"@id":"https:\/\/blogdofarnesio.com.br\/#organization"},"image":{"@id":"https:\/\/blogdofarnesio.com.br\/?p=12062#primaryimage"},"thumbnailUrl":"http:\/\/www.quersaberpolitica.com.br\/2016\/wp-content\/uploads\/2012\/12\/blogqspterezavirginiasedestcapacitacaorecife1.jpg","articleSection":["A\u00e7\u00e3o Social"],"inLanguage":"pt-BR","potentialAction":[{"@type":"CommentAction","name":"Comment","target":["https:\/\/blogdofarnesio.com.br\/?p=12062#respond"]}]},{"@type":"WebPage","@id":"https:\/\/blogdofarnesio.com.br\/?p=12062","url":"https:\/\/blogdofarnesio.com.br\/?p=12062","name":"Secret\u00e1ria Teresa Virg\u00ednia participou de Assembleia de Gestores da Assist\u00eancia Social de Pernambuco - Blog do Farn\u00e9sio","isPartOf":{"@id":"https:\/\/blogdofarnesio.com.br\/#website"},"primaryImageOfPage":{"@id":"https:\/\/blogdofarnesio.com.br\/?p=12062#primaryimage"},"image":{"@id":"https:\/\/blogdofarnesio.com.br\/?p=12062#primaryimage"},"thumbnailUrl":"http:\/\/www.quersaberpolitica.com.br\/2016\/wp-content\/uploads\/2012\/12\/blogqspterezavirginiasedestcapacitacaorecife1.jpg","datePublished":"2012-03-17T19:00:09+00:00","breadcrumb":{"@id":"https:\/\/blogdofarnesio.com.br\/?p=12062#breadcrumb"},"inLanguage":"pt-BR","potentialAction":[{"@type":"ReadAction","target":["https:\/\/blogdofarnesio.com.br\/?p=12062"]}]},{"@type":"ImageObject","inLanguage":"pt-BR","@id":"https:\/\/blogdofarnesio.com.br\/?p=12062#primaryimage","url":"http:\/\/www.quersaberpolitica.com.br\/2016\/wp-content\/uploads\/2012\/12\/blogqspterezavirginiasedestcapacitacaorecife1.jpg","contentUrl":"http:\/\/www.quersaberpolitica.com.br\/2016\/wp-content\/uploads\/2012\/12\/blogqspterezavirginiasedestcapacitacaorecife1.jpg"},{"@type":"BreadcrumbList","@id":"https:\/\/blogdofarnesio.com.br\/?p=12062#breadcrumb","itemListElement":[{"@type":"ListItem","position":1,"name":"In\u00edcio","item":"https:\/\/blogdofarnesio.com.br\/"},{"@type":"ListItem","position":2,"name":"Secret\u00e1ria Teresa Virg\u00ednia participou de Assembleia de Gestores da Assist\u00eancia Social de Pernambuco"}]},{"@type":"WebSite","@id":"https:\/\/blogdofarnesio.com.br\/#website","url":"https:\/\/blogdofarnesio.com.br\/","name":"Blog do Farn\u00e9sio","description":"Quer Saber Pol\u00edtica?","publisher":{"@id":"https:\/\/blogdofarnesio.com.br\/#organization"},"potentialAction":[{"@type":"SearchAction","target":{"@type":"EntryPoint","urlTemplate":"https:\/\/blogdofarnesio.com.br\/?s={search_term_string}"},"query-input":{"@type":"PropertyValueSpecification","valueRequired":true,"valueName":"search_term_string"}}],"inLanguage":"pt-BR"},{"@type":"Organization","@id":"https:\/\/blogdofarnesio.com.br\/#organization","name":"Blog do Farn\u00e9sio","url":"https:\/\/blogdofarnesio.com.br\/","logo":{"@type":"ImageObject","inLanguage":"pt-BR","@id":"https:\/\/blogdofarnesio.com.br\/#\/schema\/logo\/image\/","url":"https:\/\/blogdofarnesio.com.br\/wp-content\/uploads\/2026\/03\/cropped-logo_new-1.png","contentUrl":"https:\/\/blogdofarnesio.com.br\/wp-content\/uploads\/2026\/03\/cropped-logo_new-1.png","width":881,"height":685,"caption":"Blog do Farn\u00e9sio"},"image":{"@id":"https:\/\/blogdofarnesio.com.br\/#\/schema\/logo\/image\/"},"sameAs":["https:\/\/www.facebook.com\/BlogQuerSaberPolitica\/"]}]}},"_links":{"self":[{"href":"https:\/\/blogdofarnesio.com.br\/index.php?rest_route=\/wp\/v2\/posts\/12062","targetHints":{"allow":["GET"]}}],"collection":[{"href":"https:\/\/blogdofarnesio.com.br\/index.php?rest_route=\/wp\/v2\/posts"}],"about":[{"href":"https:\/\/blogdofarnesio.com.br\/index.php?rest_route=\/wp\/v2\/types\/post"}],"replies":[{"embeddable":true,"href":"https:\/\/blogdofarnesio.com.br\/index.php?rest_route=%2Fwp%2Fv2%2Fcomments&post=12062"}],"version-history":[{"count":0,"href":"https:\/\/blogdofarnesio.com.br\/index.php?rest_route=\/wp\/v2\/posts\/12062\/revisions"}],"wp:attachment":[{"href":"https:\/\/blogdofarnesio.com.br\/index.php?rest_route=%2Fwp%2Fv2%2Fmedia&parent=12062"}],"wp:term":[{"taxonomy":"category","embeddable":true,"href":"https:\/\/blogdofarnesio.com.br\/index.php?rest_route=%2Fwp%2Fv2%2Fcategories&post=12062"},{"taxonomy":"post_tag","embeddable":true,"href":"https:\/\/blogdofarnesio.com.br\/index.php?rest_route=%2Fwp%2Fv2%2Ftags&post=12062"}],"curies":[{"name":"wp","href":"https:\/\/api.w.org\/{rel}","templated":true}]}}