{"id":120615,"date":"2015-03-27T10:44:58","date_gmt":"2015-03-27T13:44:58","guid":{"rendered":"http:\/\/www.quersaberpolitica.com.br\/?p=120615"},"modified":"2015-03-27T08:42:35","modified_gmt":"2015-03-27T11:42:35","slug":"tecnologia-do-agua-para-todos-e-tema-de-curso-em-juazeiroba","status":"publish","type":"post","link":"https:\/\/blogdofarnesio.com.br\/?p=120615","title":{"rendered":"TECNOLOGIA DO \u00c1GUA PARA TODOS \u00c9 TEMA DE CURSO EM JUAZEIRO\/BA"},"content":{"rendered":"<p style=\"text-align: justify\"><a href=\"http:\/\/www.quersaberpolitica.com.br\/2016\/wp-content\/uploads\/2015\/03\/blogqsp.evento.\u00e1gua.juazeiro.jpg\"><img loading=\"lazy\" decoding=\"async\" class=\"size-medium wp-image-120618 aligncenter\" alt=\"blogqsp.evento.\u00e1gua.juazeiro\" src=\"http:\/\/www.quersaberpolitica.com.br\/2016\/wp-content\/uploads\/2015\/03\/blogqsp.evento.\u00e1gua.juazeiro-300x224.jpg\" width=\"300\" height=\"224\" srcset=\"https:\/\/blogdofarnesio.com.br\/wp-content\/uploads\/2015\/03\/blogqsp.evento.\u00e1gua.juazeiro-300x224.jpg 300w, https:\/\/blogdofarnesio.com.br\/wp-content\/uploads\/2015\/03\/blogqsp.evento.\u00e1gua.juazeiro-400x300.jpg 400w, https:\/\/blogdofarnesio.com.br\/wp-content\/uploads\/2015\/03\/blogqsp.evento.\u00e1gua.juazeiro.jpg 448w\" sizes=\"auto, (max-width: 300px) 100vw, 300px\" \/><\/a><\/p>\n<p style=\"text-align: justify\">O Programa \u00c1gua Para Todos, executado pela Companhia de Desenvolvimento dos Vales do S\u00e3o Francisco e Parna\u00edba (Codevasf), esteve na pauta de um curso realizado pela Universidade Federal do Vale do S\u00e3o Francisco (Univasf), em Juazeiro-BA, nos dias 17 e 24 de mar\u00e7o. Na ocasi\u00e3o, estudantes, t\u00e9cnicos agr\u00edcolas, representantes de ONG\u2019s, associa\u00e7\u00f5es rurais e movimentos sociais participaram de uma capacita\u00e7\u00e3o sobre capta\u00e7\u00e3o e tratamento de \u00e1gua, onde tiveram acesso \u00e0s novas tecnologias utilizadas pela Codevasf no que se refere ao tema.<\/p>\n<p style=\"text-align: justify\">A capacita\u00e7\u00e3o foi ministrada pelo Coordenador Regional do Programa \u00c1gua Para Todos, no norte da Bahia, Joselito Menezes de Souza. Durante a apresenta\u00e7\u00e3o, o Coordenador ressaltou a fun\u00e7\u00e3o e a import\u00e2ncia de cada barreira sanit\u00e1ria presente na instala\u00e7\u00e3o de uma cisterna.<\/p>\n<p style=\"text-align: justify\">Sobre a participa\u00e7\u00e3o da comunidade no processo de tratamento da \u00e1gua da chuva, foi taxativo, \u201cO trabalho n\u00e3o se encerra aqui. N\u00f3s vamos continuar trabalhando e a ideia \u00e9 que esses agentes que estamos formando aqui sejam multiplicadores em suas comunidades e compartilhem o conhecimento adquirido\u201d, recomendou Menezes.<\/p>\n<p style=\"text-align: justify\"><!--more--><br \/>\nPensando dessa forma, o t\u00e9cnico agr\u00edcola e quilombola, Genilton Marques dos Santos, v\u00ea nas palestras, uma possibilidade de melhoria da qualidade de vida nas comunidades rurais. \u201cN\u00f3s sabemos que a quest\u00e3o da m\u00e1 qualidade da \u00e1gua, causa diversos problemas de sa\u00fade. Eu vou usar esses conhecimentos com muito prazer nas atividades que eu j\u00e1 desenvolvo na extens\u00e3o rural, orientando as pessoas de forma t\u00e9cnica, mas tamb\u00e9m, de forma social, uma vez que sou militante de grupos sociais, uma vez que sou lutador pelas causas de direito da popula\u00e7\u00e3o\u201d, enfatizou.<\/p>\n<p style=\"text-align: justify\">J\u00e1 a estudante de Cura\u00e7\u00e1, Daniela Teles Nascimento, reconheceu a import\u00e2ncia do tratamento da \u00e1gua e parabenizou a Codevasf pela iniciativa. \u201cEssa oficina trazida pela Codevasf \u00e9 muito importante porque as comunidades recebem a \u00e1gua sem tratamento. Esse novo modelo [<i>de instala\u00e7\u00e3o<\/i>] de cisterna, com esse tratamento de \u00e1gua \u00e9 muito interessante e precisa sim ser levado para todas as comunidades, dos munic\u00edpios\u201d, recomendou a estudante.<\/p>\n<p style=\"text-align: justify\">Outro participante do curso, o agricultor, Jos\u00e9 da Silva Souza, mostrou-se bastante satisfeito pelo aprendizado adquirido. Essa foi a terceira vez que Seu Jos\u00e9 se deslocou de Casa Nova at\u00e9 Juazeiro apenas para participar do curso, e para ele, \u201cFoi muito bom ter participado. Eu mesmo n\u00e3o tinha esse conhecimento do tratamento. A gente tem a cisterna, mas n\u00e3o sabia como tratar\u201d, disse o agricultor.<\/p>\n<p style=\"text-align: justify\">O convite para a realiza\u00e7\u00e3o da palestra surgiu a partir do interesse da institui\u00e7\u00e3o de ensino em compartilhar as tecnologias utilizadas no programa com os representantes das comunidades. \u201cNo caso da parceria Univasf e Codevasf, ela j\u00e1 est\u00e1 mais que consolidada, porque estabelecemos uma rela\u00e7\u00e3o de confian\u00e7a. A partir desse contato com o Programa \u00c1gua Para Todos, eu tenho certeza que as comunidades estar\u00e3o mais abertas para aceitar essa modalidade de capta\u00e7\u00e3o e, certamente, a popula\u00e7\u00e3o de um modo geral ser\u00e1 contemplada e beneficiada\u201d, celebrou a Pr\u00f3-Reitora de Extens\u00e3o da Univasf, Prof\u00aa Dra. L\u00facia Marisy de Oliveira.<\/p>\n<p style=\"text-align: justify\">O curso realizado pela Universidade Federal do Vale do S\u00e3o Francisco tem o objetivo de formar 150 Agentes Populares de Desenvolvimento em Educa\u00e7\u00e3o Ambiental, visando a melhoria das pr\u00e1ticas j\u00e1 desenvolvidas pelos participantes, com foco no desenvolvimento sustent\u00e1vel em educa\u00e7\u00e3o ambiental. O curso \u00e9 dividido em m\u00f3dulos, divididos em etapas que v\u00eam sendo ofertadas desde o ano passado. Ao todo, participam do curso 200 representantes de comunidades rurais localizadas nos munic\u00edpios de Casa Nova, Cura\u00e7\u00e1, Sento S\u00e9, Uau\u00e1, Remanso, Pil\u00e3o Arcado e Juazeiro, al\u00e9m de alguns munic\u00edpios do Sert\u00e3o pernambucano.<\/p>\n<p style=\"text-align: justify\"><i>Ascom PAPT\/6\u00aa SR<\/i><\/p>\n","protected":false},"excerpt":{"rendered":"<p>O Programa \u00c1gua Para Todos, executado pela Companhia de Desenvolvimento dos Vales do S\u00e3o Francisco e Parna\u00edba (Codevasf), esteve na pauta de um curso realizado pela Universidade Federal do Vale do S\u00e3o Francisco (Univasf), em Juazeiro-BA, nos dias 17 e 24 de mar\u00e7o. Na ocasi\u00e3o, estudantes, t\u00e9cnicos agr\u00edcolas, representantes de ONG\u2019s, associa\u00e7\u00f5es rurais e movimentos sociais participaram de uma capacita\u00e7\u00e3o sobre capta\u00e7\u00e3o e tratamento de \u00e1gua, onde tiveram acesso \u00e0s novas tecnologias utilizadas pela Codevasf no que se refere ao tema. A capacita\u00e7\u00e3o foi ministrada pelo Coordenador Regional do Programa \u00c1gua Para Todos, no norte da Bahia, Joselito Menezes de Souza. Durante a apresenta\u00e7\u00e3o, o Coordenador ressaltou a fun\u00e7\u00e3o e a import\u00e2ncia de cada barreira sanit\u00e1ria presente na instala\u00e7\u00e3o de&hellip; <\/p>\n","protected":false},"author":7,"featured_media":0,"comment_status":"open","ping_status":"open","sticky":false,"template":"","format":"standard","meta":{"_acf_changed":false,"footnotes":""},"categories":[29],"tags":[],"class_list":["post-120615","post","type-post","status-publish","format-standard","hentry","category-meio-ambiente"],"acf":[],"yoast_head":"<!-- This site is optimized with the Yoast SEO plugin v27.4 - https:\/\/yoast.com\/product\/yoast-seo-wordpress\/ -->\n<title>TECNOLOGIA DO \u00c1GUA PARA TODOS \u00c9 TEMA DE CURSO EM JUAZEIRO\/BA  - Blog do Farn\u00e9sio<\/title>\n<meta name=\"robots\" content=\"index, follow, max-snippet:-1, max-image-preview:large, max-video-preview:-1\" \/>\n<link rel=\"canonical\" href=\"https:\/\/blogdofarnesio.com.br\/?p=120615\" \/>\n<meta property=\"og:locale\" content=\"pt_BR\" \/>\n<meta property=\"og:type\" content=\"article\" \/>\n<meta property=\"og:title\" content=\"TECNOLOGIA DO \u00c1GUA PARA TODOS \u00c9 TEMA DE CURSO EM JUAZEIRO\/BA  - Blog do Farn\u00e9sio\" \/>\n<meta property=\"og:description\" content=\"O Programa \u00c1gua Para Todos, executado pela Companhia de Desenvolvimento dos Vales do S\u00e3o Francisco e Parna\u00edba (Codevasf), esteve na pauta de um curso realizado pela Universidade Federal do Vale do S\u00e3o Francisco (Univasf), em Juazeiro-BA, nos dias 17 e 24 de mar\u00e7o. Na ocasi\u00e3o, estudantes, t\u00e9cnicos agr\u00edcolas, representantes de ONG\u2019s, associa\u00e7\u00f5es rurais e movimentos sociais participaram de uma capacita\u00e7\u00e3o sobre capta\u00e7\u00e3o e tratamento de \u00e1gua, onde tiveram acesso \u00e0s novas tecnologias utilizadas pela Codevasf no que se refere ao tema. A capacita\u00e7\u00e3o foi ministrada pelo Coordenador Regional do Programa \u00c1gua Para Todos, no norte da Bahia, Joselito Menezes de Souza. Durante a apresenta\u00e7\u00e3o, o Coordenador ressaltou a fun\u00e7\u00e3o e a import\u00e2ncia de cada barreira sanit\u00e1ria presente na instala\u00e7\u00e3o de&hellip;\" \/>\n<meta property=\"og:url\" content=\"https:\/\/blogdofarnesio.com.br\/?p=120615\" \/>\n<meta property=\"og:site_name\" content=\"Blog do Farn\u00e9sio\" \/>\n<meta property=\"article:publisher\" content=\"https:\/\/www.facebook.com\/BlogQuerSaberPolitica\/\" \/>\n<meta property=\"article:published_time\" content=\"2015-03-27T13:44:58+00:00\" \/>\n<meta name=\"twitter:card\" content=\"summary_large_image\" \/>\n<meta name=\"twitter:label1\" content=\"Escrito por\" \/>\n\t<meta name=\"twitter:data1\" content=\"\" \/>\n\t<meta name=\"twitter:label2\" content=\"Est. tempo de leitura\" \/>\n\t<meta name=\"twitter:data2\" content=\"3 minutos\" \/>\n<script type=\"application\/ld+json\" class=\"yoast-schema-graph\">{\"@context\":\"https:\\\/\\\/schema.org\",\"@graph\":[{\"@type\":\"Article\",\"@id\":\"https:\\\/\\\/blogdofarnesio.com.br\\\/?p=120615#article\",\"isPartOf\":{\"@id\":\"https:\\\/\\\/blogdofarnesio.com.br\\\/?p=120615\"},\"author\":{\"name\":\"\",\"@id\":\"\"},\"headline\":\"TECNOLOGIA DO \u00c1GUA PARA TODOS \u00c9 TEMA DE CURSO EM JUAZEIRO\\\/BA\",\"datePublished\":\"2015-03-27T13:44:58+00:00\",\"mainEntityOfPage\":{\"@id\":\"https:\\\/\\\/blogdofarnesio.com.br\\\/?p=120615\"},\"wordCount\":639,\"commentCount\":0,\"publisher\":{\"@id\":\"https:\\\/\\\/blogdofarnesio.com.br\\\/#organization\"},\"articleSection\":[\"Meio Ambiente\"],\"inLanguage\":\"pt-BR\",\"potentialAction\":[{\"@type\":\"CommentAction\",\"name\":\"Comment\",\"target\":[\"https:\\\/\\\/blogdofarnesio.com.br\\\/?p=120615#respond\"]}]},{\"@type\":\"WebPage\",\"@id\":\"https:\\\/\\\/blogdofarnesio.com.br\\\/?p=120615\",\"url\":\"https:\\\/\\\/blogdofarnesio.com.br\\\/?p=120615\",\"name\":\"TECNOLOGIA DO \u00c1GUA PARA TODOS \u00c9 TEMA DE CURSO EM JUAZEIRO\\\/BA - Blog do Farn\u00e9sio\",\"isPartOf\":{\"@id\":\"https:\\\/\\\/blogdofarnesio.com.br\\\/#website\"},\"datePublished\":\"2015-03-27T13:44:58+00:00\",\"breadcrumb\":{\"@id\":\"https:\\\/\\\/blogdofarnesio.com.br\\\/?p=120615#breadcrumb\"},\"inLanguage\":\"pt-BR\",\"potentialAction\":[{\"@type\":\"ReadAction\",\"target\":[\"https:\\\/\\\/blogdofarnesio.com.br\\\/?p=120615\"]}]},{\"@type\":\"BreadcrumbList\",\"@id\":\"https:\\\/\\\/blogdofarnesio.com.br\\\/?p=120615#breadcrumb\",\"itemListElement\":[{\"@type\":\"ListItem\",\"position\":1,\"name\":\"In\u00edcio\",\"item\":\"https:\\\/\\\/blogdofarnesio.com.br\\\/\"},{\"@type\":\"ListItem\",\"position\":2,\"name\":\"TECNOLOGIA DO \u00c1GUA PARA TODOS \u00c9 TEMA DE CURSO EM JUAZEIRO\\\/BA\"}]},{\"@type\":\"WebSite\",\"@id\":\"https:\\\/\\\/blogdofarnesio.com.br\\\/#website\",\"url\":\"https:\\\/\\\/blogdofarnesio.com.br\\\/\",\"name\":\"Blog do Farn\u00e9sio\",\"description\":\"Quer Saber Pol\u00edtica?\",\"publisher\":{\"@id\":\"https:\\\/\\\/blogdofarnesio.com.br\\\/#organization\"},\"potentialAction\":[{\"@type\":\"SearchAction\",\"target\":{\"@type\":\"EntryPoint\",\"urlTemplate\":\"https:\\\/\\\/blogdofarnesio.com.br\\\/?s={search_term_string}\"},\"query-input\":{\"@type\":\"PropertyValueSpecification\",\"valueRequired\":true,\"valueName\":\"search_term_string\"}}],\"inLanguage\":\"pt-BR\"},{\"@type\":\"Organization\",\"@id\":\"https:\\\/\\\/blogdofarnesio.com.br\\\/#organization\",\"name\":\"Blog do Farn\u00e9sio\",\"url\":\"https:\\\/\\\/blogdofarnesio.com.br\\\/\",\"logo\":{\"@type\":\"ImageObject\",\"inLanguage\":\"pt-BR\",\"@id\":\"https:\\\/\\\/blogdofarnesio.com.br\\\/#\\\/schema\\\/logo\\\/image\\\/\",\"url\":\"https:\\\/\\\/blogdofarnesio.com.br\\\/wp-content\\\/uploads\\\/2026\\\/03\\\/cropped-logo_new-1.png\",\"contentUrl\":\"https:\\\/\\\/blogdofarnesio.com.br\\\/wp-content\\\/uploads\\\/2026\\\/03\\\/cropped-logo_new-1.png\",\"width\":881,\"height\":685,\"caption\":\"Blog do Farn\u00e9sio\"},\"image\":{\"@id\":\"https:\\\/\\\/blogdofarnesio.com.br\\\/#\\\/schema\\\/logo\\\/image\\\/\"},\"sameAs\":[\"https:\\\/\\\/www.facebook.com\\\/BlogQuerSaberPolitica\\\/\"]},{\"@type\":\"Person\",\"@id\":\"\",\"url\":\"https:\\\/\\\/blogdofarnesio.com.br\\\/?author=7\"}]}<\/script>\n<!-- \/ Yoast SEO plugin. -->","yoast_head_json":{"title":"TECNOLOGIA DO \u00c1GUA PARA TODOS \u00c9 TEMA DE CURSO EM JUAZEIRO\/BA  - Blog do Farn\u00e9sio","robots":{"index":"index","follow":"follow","max-snippet":"max-snippet:-1","max-image-preview":"max-image-preview:large","max-video-preview":"max-video-preview:-1"},"canonical":"https:\/\/blogdofarnesio.com.br\/?p=120615","og_locale":"pt_BR","og_type":"article","og_title":"TECNOLOGIA DO \u00c1GUA PARA TODOS \u00c9 TEMA DE CURSO EM JUAZEIRO\/BA  - Blog do Farn\u00e9sio","og_description":"O Programa \u00c1gua Para Todos, executado pela Companhia de Desenvolvimento dos Vales do S\u00e3o Francisco e Parna\u00edba (Codevasf), esteve na pauta de um curso realizado pela Universidade Federal do Vale do S\u00e3o Francisco (Univasf), em Juazeiro-BA, nos dias 17 e 24 de mar\u00e7o. Na ocasi\u00e3o, estudantes, t\u00e9cnicos agr\u00edcolas, representantes de ONG\u2019s, associa\u00e7\u00f5es rurais e movimentos sociais participaram de uma capacita\u00e7\u00e3o sobre capta\u00e7\u00e3o e tratamento de \u00e1gua, onde tiveram acesso \u00e0s novas tecnologias utilizadas pela Codevasf no que se refere ao tema. A capacita\u00e7\u00e3o foi ministrada pelo Coordenador Regional do Programa \u00c1gua Para Todos, no norte da Bahia, Joselito Menezes de Souza. Durante a apresenta\u00e7\u00e3o, o Coordenador ressaltou a fun\u00e7\u00e3o e a import\u00e2ncia de cada barreira sanit\u00e1ria presente na instala\u00e7\u00e3o de&hellip;","og_url":"https:\/\/blogdofarnesio.com.br\/?p=120615","og_site_name":"Blog do Farn\u00e9sio","article_publisher":"https:\/\/www.facebook.com\/BlogQuerSaberPolitica\/","article_published_time":"2015-03-27T13:44:58+00:00","twitter_card":"summary_large_image","twitter_misc":{"Escrito por":"","Est. tempo de leitura":"3 minutos"},"schema":{"@context":"https:\/\/schema.org","@graph":[{"@type":"Article","@id":"https:\/\/blogdofarnesio.com.br\/?p=120615#article","isPartOf":{"@id":"https:\/\/blogdofarnesio.com.br\/?p=120615"},"author":{"name":"","@id":""},"headline":"TECNOLOGIA DO \u00c1GUA PARA TODOS \u00c9 TEMA DE CURSO EM JUAZEIRO\/BA","datePublished":"2015-03-27T13:44:58+00:00","mainEntityOfPage":{"@id":"https:\/\/blogdofarnesio.com.br\/?p=120615"},"wordCount":639,"commentCount":0,"publisher":{"@id":"https:\/\/blogdofarnesio.com.br\/#organization"},"articleSection":["Meio Ambiente"],"inLanguage":"pt-BR","potentialAction":[{"@type":"CommentAction","name":"Comment","target":["https:\/\/blogdofarnesio.com.br\/?p=120615#respond"]}]},{"@type":"WebPage","@id":"https:\/\/blogdofarnesio.com.br\/?p=120615","url":"https:\/\/blogdofarnesio.com.br\/?p=120615","name":"TECNOLOGIA DO \u00c1GUA PARA TODOS \u00c9 TEMA DE CURSO EM JUAZEIRO\/BA - Blog do Farn\u00e9sio","isPartOf":{"@id":"https:\/\/blogdofarnesio.com.br\/#website"},"datePublished":"2015-03-27T13:44:58+00:00","breadcrumb":{"@id":"https:\/\/blogdofarnesio.com.br\/?p=120615#breadcrumb"},"inLanguage":"pt-BR","potentialAction":[{"@type":"ReadAction","target":["https:\/\/blogdofarnesio.com.br\/?p=120615"]}]},{"@type":"BreadcrumbList","@id":"https:\/\/blogdofarnesio.com.br\/?p=120615#breadcrumb","itemListElement":[{"@type":"ListItem","position":1,"name":"In\u00edcio","item":"https:\/\/blogdofarnesio.com.br\/"},{"@type":"ListItem","position":2,"name":"TECNOLOGIA DO \u00c1GUA PARA TODOS \u00c9 TEMA DE CURSO EM JUAZEIRO\/BA"}]},{"@type":"WebSite","@id":"https:\/\/blogdofarnesio.com.br\/#website","url":"https:\/\/blogdofarnesio.com.br\/","name":"Blog do Farn\u00e9sio","description":"Quer Saber Pol\u00edtica?","publisher":{"@id":"https:\/\/blogdofarnesio.com.br\/#organization"},"potentialAction":[{"@type":"SearchAction","target":{"@type":"EntryPoint","urlTemplate":"https:\/\/blogdofarnesio.com.br\/?s={search_term_string}"},"query-input":{"@type":"PropertyValueSpecification","valueRequired":true,"valueName":"search_term_string"}}],"inLanguage":"pt-BR"},{"@type":"Organization","@id":"https:\/\/blogdofarnesio.com.br\/#organization","name":"Blog do Farn\u00e9sio","url":"https:\/\/blogdofarnesio.com.br\/","logo":{"@type":"ImageObject","inLanguage":"pt-BR","@id":"https:\/\/blogdofarnesio.com.br\/#\/schema\/logo\/image\/","url":"https:\/\/blogdofarnesio.com.br\/wp-content\/uploads\/2026\/03\/cropped-logo_new-1.png","contentUrl":"https:\/\/blogdofarnesio.com.br\/wp-content\/uploads\/2026\/03\/cropped-logo_new-1.png","width":881,"height":685,"caption":"Blog do Farn\u00e9sio"},"image":{"@id":"https:\/\/blogdofarnesio.com.br\/#\/schema\/logo\/image\/"},"sameAs":["https:\/\/www.facebook.com\/BlogQuerSaberPolitica\/"]},{"@type":"Person","@id":"","url":"https:\/\/blogdofarnesio.com.br\/?author=7"}]}},"_links":{"self":[{"href":"https:\/\/blogdofarnesio.com.br\/index.php?rest_route=\/wp\/v2\/posts\/120615","targetHints":{"allow":["GET"]}}],"collection":[{"href":"https:\/\/blogdofarnesio.com.br\/index.php?rest_route=\/wp\/v2\/posts"}],"about":[{"href":"https:\/\/blogdofarnesio.com.br\/index.php?rest_route=\/wp\/v2\/types\/post"}],"author":[{"embeddable":true,"href":"https:\/\/blogdofarnesio.com.br\/index.php?rest_route=\/wp\/v2\/users\/7"}],"replies":[{"embeddable":true,"href":"https:\/\/blogdofarnesio.com.br\/index.php?rest_route=%2Fwp%2Fv2%2Fcomments&post=120615"}],"version-history":[{"count":0,"href":"https:\/\/blogdofarnesio.com.br\/index.php?rest_route=\/wp\/v2\/posts\/120615\/revisions"}],"wp:attachment":[{"href":"https:\/\/blogdofarnesio.com.br\/index.php?rest_route=%2Fwp%2Fv2%2Fmedia&parent=120615"}],"wp:term":[{"taxonomy":"category","embeddable":true,"href":"https:\/\/blogdofarnesio.com.br\/index.php?rest_route=%2Fwp%2Fv2%2Fcategories&post=120615"},{"taxonomy":"post_tag","embeddable":true,"href":"https:\/\/blogdofarnesio.com.br\/index.php?rest_route=%2Fwp%2Fv2%2Ftags&post=120615"}],"curies":[{"name":"wp","href":"https:\/\/api.w.org\/{rel}","templated":true}]}}