{"id":12046,"date":"2012-03-14T20:00:09","date_gmt":"2012-03-14T20:00:09","guid":{"rendered":"http:\/\/www.quersaberpolitica.com.br?p=12046"},"modified":"2012-03-14T18:50:13","modified_gmt":"2012-03-14T18:50:13","slug":"o-radio-continua-imbativel","status":"publish","type":"post","link":"https:\/\/blogdofarnesio.com.br\/?p=12046","title":{"rendered":"O R\u00e1dio continua imbat\u00edvel"},"content":{"rendered":"<p style=\"text-align: justify;\"><span style=\"font-size: small;\"><a rel=\"lightbox\" href=\"http:\/\/www.quersaberpolitica.com.br\/2016\/wp-content\/uploads\/2012\/12\/blogqspdamiaoguarda.jpg\"><img loading=\"lazy\" decoding=\"async\" style=\"margin-top: 5px; margin-bottom: 5px; margin-left: 10px; margin-right: 10px; float: left;\" title=\"Imagem Divulga&ccedil;&atilde;o\" src=\"http:\/\/www.quersaberpolitica.com.br\/2016\/wp-content\/uploads\/2012\/12\/blogqspdamiaoguarda.jpg\" alt=\"\" width=\"200\" height=\"179\" \/><\/a>Por incr&iacute;vel que pare&ccedil;a, mesmo com os entretenimentos da televis&atilde;o, os programas apelativos, e as cenas que deixa o telespectador magnetizado, e outros meios de comunica&ccedil;&atilde;o de alta velocidade que, num abrir e piscar de olhos imagens em fra&ccedil;&atilde;o de mil&eacute;simos s&atilde;o percebidas, o r&aacute;dio continua sendo o mais ouvido e imbat&iacute;vel. Segundo pesquisa do IBOPE, &eacute; o ve&iacute;culo de maior credibilidade entre os meios de comunica&ccedil;&atilde;o de nosso pa&iacute;s. Nem mesmo com o advento da internet, os in&uacute;meros blogs e a febre das redes sociais, tais como Facebook, Orkut, Twitter, Myspace, Linkedin e Tagged, n&atilde;o foram capazes de silenciar suas ondas sonoras. O r&aacute;dio &eacute; sem d&uacute;vidas, um dos mais antigos instrumentos de comunica&ccedil;&atilde;o.<\/span><\/p>\n<p style=\"text-align: justify;\"><span style=\"font-size: small;\">A cada manh&atilde; estou sintonizado em alguma r&aacute;dio. Ou&ccedil;o a Petrolina FM na voz do talentoso radialista, Edenevaldo Alves, em seguida, Neya Gon&ccedil;alves e Karine Paix&atilde;o, na Grande Rio FM, Valdinei Passos e Regiane Santos, na Ponte FM e, a R&aacute;dio Jornal na voz marcante de Geraldo Freire, a quem tive o privil&eacute;gio de v&ecirc;-lo em suas andan&ccedil;as em Petrolina, quando o mesmo veio a trabalho. &Eacute; dessa forma que estou informado dos acontecimentos da minha cidade, meu Estado, em fim, meu pa&iacute;s, em tempo real.<\/span><\/p>\n<p style=\"text-align: justify;\"><span style=\"font-size: small;\">Quantos foram esquecidos pela m&iacute;dia, e at&eacute; pela televis&atilde;o. &Eacute; atrav&eacute;s desse tipo de comunica&ccedil;&atilde;o de massa, que &eacute; poss&iacute;vel resgatar a hist&oacute;ria daqueles que foram celebridades, mas que por alguma circunst&acirc;ncia, est&atilde;o no anonimato sem que tenhamos informa&ccedil;&otilde;es a seu respeito. S&atilde;o muitos, n&atilde;o d&aacute; para enumer&aacute;-los. Entretanto, com os programas radiof&ocirc;nicos, ainda &eacute; poss&iacute;vel trazer &aacute; tona aqueles que foram as vozes de ouro, e agora jazem no esquecimento, de outra forma n&atilde;o seriam lembrados. A r&aacute;dio Jornal todos os dias exibe um programa em forma de debate, quem quiser pode acompanh&aacute;-lo &agrave;s 11h da manh&atilde;. &Eacute; nota 10, por que &agrave;s vezes resgata a vida de algu&eacute;m que foi importante, e que por alguma raz&atilde;o, essa pessoa perdeu-se no tempo, e a influ&ecirc;ncia da r&aacute;dio &eacute; significativo para o p&uacute;blico em geral ter as informa&ccedil;&otilde;es concernentes &agrave; pessoa. Al&eacute;m disso, a mesma n&atilde;o limita s&oacute; a isto, tem a caracter&iacute;stica de trazer um assunto para uma discuss&atilde;o com um corpo de convidados que tem conhecimento na &aacute;rea. &Eacute; algo interessante e uma contribui&ccedil;&atilde;o enriquecedora para o ouvinte. Quando o debate &eacute; a respeito do passado de algu&eacute;m, as informa&ccedil;&otilde;es sobre a vida dessa pessoa &eacute; comentada com uma precis&atilde;o de veracidade que dispensa coment&aacute;rios. Os convidados s&atilde;o pessoas que possivelmente tenha convivido com o indiv&iacute;duo ou vivenciado tal acontecimento.<\/span><\/p>\n<p style=\"text-align: justify;\"><span style=\"font-size: small;\">Dificilmente a r&aacute;dio deixar&aacute; de ser o que &eacute;, porque cumpre um papel social de suma import&acirc;ncia para a sociedade. &Eacute; uma esp&eacute;cie de &#8220;vereador&#8221; a favor do povo, atento aos acontecimentos pol&iacute;ticos, sociais, esportivos, e conta a hist&oacute;ria de nossos dias, de forma transparente, honesta e democr&aacute;tica, com total imparcialidade independentemente de qualquer agremia&ccedil;&atilde;o partid&aacute;ria. A imprensa radialista &eacute;, indubitavelmente, a maior liberdade de express&atilde;o que existe em favor do cidad&atilde;o. Ademais, tem contribu&iacute;do muito para o progresso do nosso pa&iacute;s. Parab&eacute;ns a todos os profissionais da imprensa radialista espalhados por este Brasil e porque n&atilde;o no exterior? S&atilde;o voc&ecirc;s os &iacute;cones do r&aacute;dio que abrilhantam nossos lares com suas vozes.<\/span><\/p>\n<p style=\"text-align: justify;\"><em><strong><span style=\"font-size: small;\">Antonio Dami&atilde;o Oliveira da Silva\/Professor de Matem&aacute;tica\/Guarda Municipal Petrolina-PE<\/span><\/strong><\/em><\/p>\n","protected":false},"excerpt":{"rendered":"<p>Por incr&iacute;vel que pare&ccedil;a, mesmo com os entretenimentos da televis&atilde;o, os programas apelativos, e as cenas que deixa o telespectador magnetizado, e outros meios de comunica&ccedil;&atilde;o de alta velocidade que, num abrir e piscar de olhos imagens em fra&ccedil;&atilde;o de mil&eacute;simos s&atilde;o percebidas, o r&aacute;dio continua sendo o mais ouvido e imbat&iacute;vel. Segundo pesquisa do IBOPE, &eacute; o ve&iacute;culo de maior credibilidade entre os meios de comunica&ccedil;&atilde;o de nosso pa&iacute;s. Nem mesmo com o advento da internet, os in&uacute;meros blogs e a febre das redes sociais, tais como Facebook, Orkut, Twitter, Myspace, Linkedin e Tagged, n&atilde;o foram capazes de silenciar suas ondas sonoras. O r&aacute;dio &eacute; sem d&uacute;vidas, um dos mais antigos instrumentos de comunica&ccedil;&atilde;o. A cada manh&atilde; estou sintonizado&hellip; <\/p>\n","protected":false},"author":0,"featured_media":0,"comment_status":"open","ping_status":"open","sticky":false,"template":"","format":"standard","meta":{"_acf_changed":false,"footnotes":""},"categories":[30],"tags":[],"class_list":["post-12046","post","type-post","status-publish","format-standard","hentry","category-artigo"],"acf":[],"yoast_head":"<!-- This site is optimized with the Yoast SEO plugin v27.4 - https:\/\/yoast.com\/product\/yoast-seo-wordpress\/ -->\n<title>O R\u00e1dio continua imbat\u00edvel - Blog do Farn\u00e9sio<\/title>\n<meta name=\"robots\" content=\"index, follow, max-snippet:-1, max-image-preview:large, max-video-preview:-1\" \/>\n<link rel=\"canonical\" href=\"https:\/\/blogdofarnesio.com.br\/?p=12046\" \/>\n<meta property=\"og:locale\" content=\"pt_BR\" \/>\n<meta property=\"og:type\" content=\"article\" \/>\n<meta property=\"og:title\" content=\"O R\u00e1dio continua imbat\u00edvel - Blog do Farn\u00e9sio\" \/>\n<meta property=\"og:description\" content=\"Por incr&iacute;vel que pare&ccedil;a, mesmo com os entretenimentos da televis&atilde;o, os programas apelativos, e as cenas que deixa o telespectador magnetizado, e outros meios de comunica&ccedil;&atilde;o de alta velocidade que, num abrir e piscar de olhos imagens em fra&ccedil;&atilde;o de mil&eacute;simos s&atilde;o percebidas, o r&aacute;dio continua sendo o mais ouvido e imbat&iacute;vel. Segundo pesquisa do IBOPE, &eacute; o ve&iacute;culo de maior credibilidade entre os meios de comunica&ccedil;&atilde;o de nosso pa&iacute;s. Nem mesmo com o advento da internet, os in&uacute;meros blogs e a febre das redes sociais, tais como Facebook, Orkut, Twitter, Myspace, Linkedin e Tagged, n&atilde;o foram capazes de silenciar suas ondas sonoras. O r&aacute;dio &eacute; sem d&uacute;vidas, um dos mais antigos instrumentos de comunica&ccedil;&atilde;o. A cada manh&atilde; estou sintonizado&hellip;\" \/>\n<meta property=\"og:url\" content=\"https:\/\/blogdofarnesio.com.br\/?p=12046\" \/>\n<meta property=\"og:site_name\" content=\"Blog do Farn\u00e9sio\" \/>\n<meta property=\"article:publisher\" content=\"https:\/\/www.facebook.com\/BlogQuerSaberPolitica\/\" \/>\n<meta property=\"article:published_time\" content=\"2012-03-14T20:00:09+00:00\" \/>\n<meta property=\"og:image\" content=\"http:\/\/www.quersaberpolitica.com.br\/2016\/wp-content\/uploads\/2012\/12\/blogqspdamiaoguarda.jpg\" \/>\n<meta name=\"twitter:card\" content=\"summary_large_image\" \/>\n<meta name=\"twitter:label1\" content=\"Est. tempo de leitura\" \/>\n\t<meta name=\"twitter:data1\" content=\"4 minutos\" \/>\n<script type=\"application\/ld+json\" class=\"yoast-schema-graph\">{\"@context\":\"https:\\\/\\\/schema.org\",\"@graph\":[{\"@type\":\"Article\",\"@id\":\"https:\\\/\\\/blogdofarnesio.com.br\\\/?p=12046#article\",\"isPartOf\":{\"@id\":\"https:\\\/\\\/blogdofarnesio.com.br\\\/?p=12046\"},\"author\":{\"name\":\"\",\"@id\":\"\"},\"headline\":\"O R\u00e1dio continua imbat\u00edvel\",\"datePublished\":\"2012-03-14T20:00:09+00:00\",\"mainEntityOfPage\":{\"@id\":\"https:\\\/\\\/blogdofarnesio.com.br\\\/?p=12046\"},\"wordCount\":729,\"commentCount\":0,\"publisher\":{\"@id\":\"https:\\\/\\\/blogdofarnesio.com.br\\\/#organization\"},\"image\":{\"@id\":\"https:\\\/\\\/blogdofarnesio.com.br\\\/?p=12046#primaryimage\"},\"thumbnailUrl\":\"http:\\\/\\\/www.quersaberpolitica.com.br\\\/2016\\\/wp-content\\\/uploads\\\/2012\\\/12\\\/blogqspdamiaoguarda.jpg\",\"articleSection\":[\"Artigo\"],\"inLanguage\":\"pt-BR\",\"potentialAction\":[{\"@type\":\"CommentAction\",\"name\":\"Comment\",\"target\":[\"https:\\\/\\\/blogdofarnesio.com.br\\\/?p=12046#respond\"]}]},{\"@type\":\"WebPage\",\"@id\":\"https:\\\/\\\/blogdofarnesio.com.br\\\/?p=12046\",\"url\":\"https:\\\/\\\/blogdofarnesio.com.br\\\/?p=12046\",\"name\":\"O R\u00e1dio continua imbat\u00edvel - Blog do Farn\u00e9sio\",\"isPartOf\":{\"@id\":\"https:\\\/\\\/blogdofarnesio.com.br\\\/#website\"},\"primaryImageOfPage\":{\"@id\":\"https:\\\/\\\/blogdofarnesio.com.br\\\/?p=12046#primaryimage\"},\"image\":{\"@id\":\"https:\\\/\\\/blogdofarnesio.com.br\\\/?p=12046#primaryimage\"},\"thumbnailUrl\":\"http:\\\/\\\/www.quersaberpolitica.com.br\\\/2016\\\/wp-content\\\/uploads\\\/2012\\\/12\\\/blogqspdamiaoguarda.jpg\",\"datePublished\":\"2012-03-14T20:00:09+00:00\",\"breadcrumb\":{\"@id\":\"https:\\\/\\\/blogdofarnesio.com.br\\\/?p=12046#breadcrumb\"},\"inLanguage\":\"pt-BR\",\"potentialAction\":[{\"@type\":\"ReadAction\",\"target\":[\"https:\\\/\\\/blogdofarnesio.com.br\\\/?p=12046\"]}]},{\"@type\":\"ImageObject\",\"inLanguage\":\"pt-BR\",\"@id\":\"https:\\\/\\\/blogdofarnesio.com.br\\\/?p=12046#primaryimage\",\"url\":\"http:\\\/\\\/www.quersaberpolitica.com.br\\\/2016\\\/wp-content\\\/uploads\\\/2012\\\/12\\\/blogqspdamiaoguarda.jpg\",\"contentUrl\":\"http:\\\/\\\/www.quersaberpolitica.com.br\\\/2016\\\/wp-content\\\/uploads\\\/2012\\\/12\\\/blogqspdamiaoguarda.jpg\"},{\"@type\":\"BreadcrumbList\",\"@id\":\"https:\\\/\\\/blogdofarnesio.com.br\\\/?p=12046#breadcrumb\",\"itemListElement\":[{\"@type\":\"ListItem\",\"position\":1,\"name\":\"In\u00edcio\",\"item\":\"https:\\\/\\\/blogdofarnesio.com.br\\\/\"},{\"@type\":\"ListItem\",\"position\":2,\"name\":\"O R\u00e1dio continua imbat\u00edvel\"}]},{\"@type\":\"WebSite\",\"@id\":\"https:\\\/\\\/blogdofarnesio.com.br\\\/#website\",\"url\":\"https:\\\/\\\/blogdofarnesio.com.br\\\/\",\"name\":\"Blog do Farn\u00e9sio\",\"description\":\"Quer Saber Pol\u00edtica?\",\"publisher\":{\"@id\":\"https:\\\/\\\/blogdofarnesio.com.br\\\/#organization\"},\"potentialAction\":[{\"@type\":\"SearchAction\",\"target\":{\"@type\":\"EntryPoint\",\"urlTemplate\":\"https:\\\/\\\/blogdofarnesio.com.br\\\/?s={search_term_string}\"},\"query-input\":{\"@type\":\"PropertyValueSpecification\",\"valueRequired\":true,\"valueName\":\"search_term_string\"}}],\"inLanguage\":\"pt-BR\"},{\"@type\":\"Organization\",\"@id\":\"https:\\\/\\\/blogdofarnesio.com.br\\\/#organization\",\"name\":\"Blog do Farn\u00e9sio\",\"url\":\"https:\\\/\\\/blogdofarnesio.com.br\\\/\",\"logo\":{\"@type\":\"ImageObject\",\"inLanguage\":\"pt-BR\",\"@id\":\"https:\\\/\\\/blogdofarnesio.com.br\\\/#\\\/schema\\\/logo\\\/image\\\/\",\"url\":\"https:\\\/\\\/blogdofarnesio.com.br\\\/wp-content\\\/uploads\\\/2026\\\/03\\\/cropped-logo_new-1.png\",\"contentUrl\":\"https:\\\/\\\/blogdofarnesio.com.br\\\/wp-content\\\/uploads\\\/2026\\\/03\\\/cropped-logo_new-1.png\",\"width\":881,\"height\":685,\"caption\":\"Blog do Farn\u00e9sio\"},\"image\":{\"@id\":\"https:\\\/\\\/blogdofarnesio.com.br\\\/#\\\/schema\\\/logo\\\/image\\\/\"},\"sameAs\":[\"https:\\\/\\\/www.facebook.com\\\/BlogQuerSaberPolitica\\\/\"]}]}<\/script>\n<!-- \/ Yoast SEO plugin. -->","yoast_head_json":{"title":"O R\u00e1dio continua imbat\u00edvel - Blog do Farn\u00e9sio","robots":{"index":"index","follow":"follow","max-snippet":"max-snippet:-1","max-image-preview":"max-image-preview:large","max-video-preview":"max-video-preview:-1"},"canonical":"https:\/\/blogdofarnesio.com.br\/?p=12046","og_locale":"pt_BR","og_type":"article","og_title":"O R\u00e1dio continua imbat\u00edvel - Blog do Farn\u00e9sio","og_description":"Por incr&iacute;vel que pare&ccedil;a, mesmo com os entretenimentos da televis&atilde;o, os programas apelativos, e as cenas que deixa o telespectador magnetizado, e outros meios de comunica&ccedil;&atilde;o de alta velocidade que, num abrir e piscar de olhos imagens em fra&ccedil;&atilde;o de mil&eacute;simos s&atilde;o percebidas, o r&aacute;dio continua sendo o mais ouvido e imbat&iacute;vel. Segundo pesquisa do IBOPE, &eacute; o ve&iacute;culo de maior credibilidade entre os meios de comunica&ccedil;&atilde;o de nosso pa&iacute;s. Nem mesmo com o advento da internet, os in&uacute;meros blogs e a febre das redes sociais, tais como Facebook, Orkut, Twitter, Myspace, Linkedin e Tagged, n&atilde;o foram capazes de silenciar suas ondas sonoras. O r&aacute;dio &eacute; sem d&uacute;vidas, um dos mais antigos instrumentos de comunica&ccedil;&atilde;o. A cada manh&atilde; estou sintonizado&hellip;","og_url":"https:\/\/blogdofarnesio.com.br\/?p=12046","og_site_name":"Blog do Farn\u00e9sio","article_publisher":"https:\/\/www.facebook.com\/BlogQuerSaberPolitica\/","article_published_time":"2012-03-14T20:00:09+00:00","og_image":[{"url":"http:\/\/www.quersaberpolitica.com.br\/2016\/wp-content\/uploads\/2012\/12\/blogqspdamiaoguarda.jpg","type":"","width":"","height":""}],"twitter_card":"summary_large_image","twitter_misc":{"Est. tempo de leitura":"4 minutos"},"schema":{"@context":"https:\/\/schema.org","@graph":[{"@type":"Article","@id":"https:\/\/blogdofarnesio.com.br\/?p=12046#article","isPartOf":{"@id":"https:\/\/blogdofarnesio.com.br\/?p=12046"},"author":{"name":"","@id":""},"headline":"O R\u00e1dio continua imbat\u00edvel","datePublished":"2012-03-14T20:00:09+00:00","mainEntityOfPage":{"@id":"https:\/\/blogdofarnesio.com.br\/?p=12046"},"wordCount":729,"commentCount":0,"publisher":{"@id":"https:\/\/blogdofarnesio.com.br\/#organization"},"image":{"@id":"https:\/\/blogdofarnesio.com.br\/?p=12046#primaryimage"},"thumbnailUrl":"http:\/\/www.quersaberpolitica.com.br\/2016\/wp-content\/uploads\/2012\/12\/blogqspdamiaoguarda.jpg","articleSection":["Artigo"],"inLanguage":"pt-BR","potentialAction":[{"@type":"CommentAction","name":"Comment","target":["https:\/\/blogdofarnesio.com.br\/?p=12046#respond"]}]},{"@type":"WebPage","@id":"https:\/\/blogdofarnesio.com.br\/?p=12046","url":"https:\/\/blogdofarnesio.com.br\/?p=12046","name":"O R\u00e1dio continua imbat\u00edvel - Blog do Farn\u00e9sio","isPartOf":{"@id":"https:\/\/blogdofarnesio.com.br\/#website"},"primaryImageOfPage":{"@id":"https:\/\/blogdofarnesio.com.br\/?p=12046#primaryimage"},"image":{"@id":"https:\/\/blogdofarnesio.com.br\/?p=12046#primaryimage"},"thumbnailUrl":"http:\/\/www.quersaberpolitica.com.br\/2016\/wp-content\/uploads\/2012\/12\/blogqspdamiaoguarda.jpg","datePublished":"2012-03-14T20:00:09+00:00","breadcrumb":{"@id":"https:\/\/blogdofarnesio.com.br\/?p=12046#breadcrumb"},"inLanguage":"pt-BR","potentialAction":[{"@type":"ReadAction","target":["https:\/\/blogdofarnesio.com.br\/?p=12046"]}]},{"@type":"ImageObject","inLanguage":"pt-BR","@id":"https:\/\/blogdofarnesio.com.br\/?p=12046#primaryimage","url":"http:\/\/www.quersaberpolitica.com.br\/2016\/wp-content\/uploads\/2012\/12\/blogqspdamiaoguarda.jpg","contentUrl":"http:\/\/www.quersaberpolitica.com.br\/2016\/wp-content\/uploads\/2012\/12\/blogqspdamiaoguarda.jpg"},{"@type":"BreadcrumbList","@id":"https:\/\/blogdofarnesio.com.br\/?p=12046#breadcrumb","itemListElement":[{"@type":"ListItem","position":1,"name":"In\u00edcio","item":"https:\/\/blogdofarnesio.com.br\/"},{"@type":"ListItem","position":2,"name":"O R\u00e1dio continua imbat\u00edvel"}]},{"@type":"WebSite","@id":"https:\/\/blogdofarnesio.com.br\/#website","url":"https:\/\/blogdofarnesio.com.br\/","name":"Blog do Farn\u00e9sio","description":"Quer Saber Pol\u00edtica?","publisher":{"@id":"https:\/\/blogdofarnesio.com.br\/#organization"},"potentialAction":[{"@type":"SearchAction","target":{"@type":"EntryPoint","urlTemplate":"https:\/\/blogdofarnesio.com.br\/?s={search_term_string}"},"query-input":{"@type":"PropertyValueSpecification","valueRequired":true,"valueName":"search_term_string"}}],"inLanguage":"pt-BR"},{"@type":"Organization","@id":"https:\/\/blogdofarnesio.com.br\/#organization","name":"Blog do Farn\u00e9sio","url":"https:\/\/blogdofarnesio.com.br\/","logo":{"@type":"ImageObject","inLanguage":"pt-BR","@id":"https:\/\/blogdofarnesio.com.br\/#\/schema\/logo\/image\/","url":"https:\/\/blogdofarnesio.com.br\/wp-content\/uploads\/2026\/03\/cropped-logo_new-1.png","contentUrl":"https:\/\/blogdofarnesio.com.br\/wp-content\/uploads\/2026\/03\/cropped-logo_new-1.png","width":881,"height":685,"caption":"Blog do Farn\u00e9sio"},"image":{"@id":"https:\/\/blogdofarnesio.com.br\/#\/schema\/logo\/image\/"},"sameAs":["https:\/\/www.facebook.com\/BlogQuerSaberPolitica\/"]}]}},"_links":{"self":[{"href":"https:\/\/blogdofarnesio.com.br\/index.php?rest_route=\/wp\/v2\/posts\/12046","targetHints":{"allow":["GET"]}}],"collection":[{"href":"https:\/\/blogdofarnesio.com.br\/index.php?rest_route=\/wp\/v2\/posts"}],"about":[{"href":"https:\/\/blogdofarnesio.com.br\/index.php?rest_route=\/wp\/v2\/types\/post"}],"replies":[{"embeddable":true,"href":"https:\/\/blogdofarnesio.com.br\/index.php?rest_route=%2Fwp%2Fv2%2Fcomments&post=12046"}],"version-history":[{"count":0,"href":"https:\/\/blogdofarnesio.com.br\/index.php?rest_route=\/wp\/v2\/posts\/12046\/revisions"}],"wp:attachment":[{"href":"https:\/\/blogdofarnesio.com.br\/index.php?rest_route=%2Fwp%2Fv2%2Fmedia&parent=12046"}],"wp:term":[{"taxonomy":"category","embeddable":true,"href":"https:\/\/blogdofarnesio.com.br\/index.php?rest_route=%2Fwp%2Fv2%2Fcategories&post=12046"},{"taxonomy":"post_tag","embeddable":true,"href":"https:\/\/blogdofarnesio.com.br\/index.php?rest_route=%2Fwp%2Fv2%2Ftags&post=12046"}],"curies":[{"name":"wp","href":"https:\/\/api.w.org\/{rel}","templated":true}]}}