{"id":119973,"date":"2015-03-20T17:32:16","date_gmt":"2015-03-20T20:32:16","guid":{"rendered":"http:\/\/www.quersaberpolitica.com.br\/?p=119973"},"modified":"2015-03-20T15:54:03","modified_gmt":"2015-03-20T18:54:03","slug":"impeachment-nao-nos-tira-do-caos-mas-pode-aprofunda-lo-de-marina-silva","status":"publish","type":"post","link":"https:\/\/blogdofarnesio.com.br\/?p=119973","title":{"rendered":"IMPEACHMENT &#8220;N\u00c3O NOS TIRA DO CAOS, MAS PODE APROFUNDA-LO&#8221;, DE MARINA SILVA"},"content":{"rendered":"<div style=\"text-align: justify\">\n<h2><a title=\"Impeachment \u2018n\u00e3o nos tira do caos, mas pode aprofund\u00e1-lo\u2019, diz Marina a jornal\" href=\"http:\/\/www.folhape.com.br\/blogdafolha\/?p=200991\" rel=\"bookmark\"><a href=\"http:\/\/www.folhape.com.br\/blogdafolha\/wp-content\/uploads\/2013\/10\/0310marinasilva-e1380850085997.jpg\"><img loading=\"lazy\" decoding=\"async\" class=\"aligncenter\" title=\"0310marinasilva\" alt=\"\" src=\"http:\/\/www.folhape.com.br\/blogdafolha\/wp-content\/uploads\/2013\/10\/0310marinasilva-e1380850085997.jpg\" width=\"470\" height=\"203\" \/><\/a><\/a><\/h2>\n<\/div>\n<div style=\"text-align: justify\">\n<p>(Foto: Internet)<\/p>\n<p>A ex-candidata \u00e0 Presid\u00eancia Marina Silva voltou a se posicionar contra o impeachment da presidente Dilma Rousseff. Depois de publicar um artigo em que defendia essa posi\u00e7\u00e3o no dia 14, logo antes dos protestos, a ex-ministra afirmou em entrevista ao jornal Valor Econ\u00f4mico nesta sexta-feira (20) que um impedimento da presidente pode aprofundar o caos.<\/p>\n<p>\u201cA ideia do impeachment, sem que se tenha um fato que diga que h\u00e1 responsabilidade direta da presidente da Rep\u00fablica, n\u00e3o nos tira do caos. Pode aprofund\u00e1-lo\u201d, opinou Marina, que criticou a presidente Dilma Rousseff afirmando que durante a campanha a petista dizia que os problemas do Brasil eram \u201cs\u00f3 uma dor de cabe\u00e7a e que se iria curar com analg\u00e9sico\u201d. \u201cAgora se quer dar doses de morfina\u201d.<\/p>\n<p>Para Marina, os protestos do dia 15 foram \u201cmanifesta\u00e7\u00e3o fant\u00e1stica que extrapolou qualquer expectativa\u201d. \u201cEu brincava com o Eduardo Campos: acho que estas elei\u00e7\u00f5es s\u00e3o a chance de mudar antes de sermos mudados. Agora temos que nos preparar para ser mudados, a sociedade est\u00e1 nos mudando. Isso n\u00e3o vai parar, n\u00e3o vai arrefecer\u201d, disse Marina ao ser perguntada sobre a crise pol\u00edtica.<\/p>\n<p>Sobre sua aus\u00eancia do debate p\u00fablico depois das elei\u00e7\u00f5es de outubro, Marina disse que o afastamento n\u00e3o foi um sil\u00eancio e que se coloca em \u201cposi\u00e7\u00e3o de independ\u00eancia\u201d. Ela disse, por\u00e9m, que sua posi\u00e7\u00e3o \u00e9 parecida com a do PSB e da Rede. \u201cEu me coloco em uma posi\u00e7\u00e3o de independ\u00eancia para poder assumir posi\u00e7\u00e3o de n\u00e3o ser a priori contra ou a favor, mas olhar no m\u00e9rito as quest\u00f5es de responsabilidade com o Pa\u00eds\u201d, afirmou.<!--more--><\/p>\n<p>Marina ainda repetiu o discurso de campanha dela e de Eduardo Campos ao dizer que n\u00e3o se pode personalizar as conquistas da democracia brasileira nos \u00faltimos vinte anos. \u201cO Plano Real n\u00e3o pode ser o plano do Fernando Henrique. (\u2026) Do mesmo modo, a inclus\u00e3o social n\u00e3o \u00e9 do PT ou do Lula\u201d, disse Marina.<\/p>\n<p>(Fonte: Estad\u00e3o Conte\u00fado)<\/p>\n<\/div>\n","protected":false},"excerpt":{"rendered":"<p>(Foto: Internet) A ex-candidata \u00e0 Presid\u00eancia Marina Silva voltou a se posicionar contra o impeachment da presidente Dilma Rousseff. Depois de publicar um artigo em que defendia essa posi\u00e7\u00e3o no dia 14, logo antes dos protestos, a ex-ministra afirmou em entrevista ao jornal Valor Econ\u00f4mico nesta sexta-feira (20) que um impedimento da presidente pode aprofundar o caos. \u201cA ideia do impeachment, sem que se tenha um fato que diga que h\u00e1 responsabilidade direta da presidente da Rep\u00fablica, n\u00e3o nos tira do caos. Pode aprofund\u00e1-lo\u201d, opinou Marina, que criticou a presidente Dilma Rousseff afirmando que durante a campanha a petista dizia que os problemas do Brasil eram \u201cs\u00f3 uma dor de cabe\u00e7a e que se iria curar com analg\u00e9sico\u201d. \u201cAgora se&hellip; <\/p>\n","protected":false},"author":3,"featured_media":0,"comment_status":"open","ping_status":"open","sticky":false,"template":"","format":"standard","meta":{"_acf_changed":false,"footnotes":""},"categories":[1],"tags":[],"class_list":["post-119973","post","type-post","status-publish","format-standard","hentry","category-politica"],"acf":[],"yoast_head":"<!-- This site is optimized with the Yoast SEO plugin v27.4 - https:\/\/yoast.com\/product\/yoast-seo-wordpress\/ -->\n<title>IMPEACHMENT &quot;N\u00c3O NOS TIRA DO CAOS, MAS PODE APROFUNDA-LO&quot;, DE MARINA SILVA - Blog do Farn\u00e9sio<\/title>\n<meta name=\"robots\" content=\"index, follow, max-snippet:-1, max-image-preview:large, max-video-preview:-1\" \/>\n<link rel=\"canonical\" href=\"https:\/\/blogdofarnesio.com.br\/?p=119973\" \/>\n<meta property=\"og:locale\" content=\"pt_BR\" \/>\n<meta property=\"og:type\" content=\"article\" \/>\n<meta property=\"og:title\" content=\"IMPEACHMENT &quot;N\u00c3O NOS TIRA DO CAOS, MAS PODE APROFUNDA-LO&quot;, DE MARINA SILVA - Blog do Farn\u00e9sio\" \/>\n<meta property=\"og:description\" content=\"(Foto: Internet) A ex-candidata \u00e0 Presid\u00eancia Marina Silva voltou a se posicionar contra o impeachment da presidente Dilma Rousseff. Depois de publicar um artigo em que defendia essa posi\u00e7\u00e3o no dia 14, logo antes dos protestos, a ex-ministra afirmou em entrevista ao jornal Valor Econ\u00f4mico nesta sexta-feira (20) que um impedimento da presidente pode aprofundar o caos. \u201cA ideia do impeachment, sem que se tenha um fato que diga que h\u00e1 responsabilidade direta da presidente da Rep\u00fablica, n\u00e3o nos tira do caos. Pode aprofund\u00e1-lo\u201d, opinou Marina, que criticou a presidente Dilma Rousseff afirmando que durante a campanha a petista dizia que os problemas do Brasil eram \u201cs\u00f3 uma dor de cabe\u00e7a e que se iria curar com analg\u00e9sico\u201d. \u201cAgora se&hellip;\" \/>\n<meta property=\"og:url\" content=\"https:\/\/blogdofarnesio.com.br\/?p=119973\" \/>\n<meta property=\"og:site_name\" content=\"Blog do Farn\u00e9sio\" \/>\n<meta property=\"article:publisher\" content=\"https:\/\/www.facebook.com\/BlogQuerSaberPolitica\/\" \/>\n<meta property=\"article:published_time\" content=\"2015-03-20T20:32:16+00:00\" \/>\n<meta property=\"og:image\" content=\"http:\/\/www.folhape.com.br\/blogdafolha\/wp-content\/uploads\/2013\/10\/0310marinasilva-e1380850085997.jpg\" \/>\n<meta name=\"author\" content=\"teste\" \/>\n<meta name=\"twitter:card\" content=\"summary_large_image\" \/>\n<meta name=\"twitter:label1\" content=\"Escrito por\" \/>\n\t<meta name=\"twitter:data1\" content=\"teste\" \/>\n\t<meta name=\"twitter:label2\" content=\"Est. tempo de leitura\" \/>\n\t<meta name=\"twitter:data2\" content=\"2 minutos\" \/>\n<script type=\"application\/ld+json\" class=\"yoast-schema-graph\">{\"@context\":\"https:\\\/\\\/schema.org\",\"@graph\":[{\"@type\":\"Article\",\"@id\":\"https:\\\/\\\/blogdofarnesio.com.br\\\/?p=119973#article\",\"isPartOf\":{\"@id\":\"https:\\\/\\\/blogdofarnesio.com.br\\\/?p=119973\"},\"author\":{\"name\":\"teste\",\"@id\":\"https:\\\/\\\/blogdofarnesio.com.br\\\/#\\\/schema\\\/person\\\/dd1bf5eba40b687199ba45ca6b97dff9\"},\"headline\":\"IMPEACHMENT &#8220;N\u00c3O NOS TIRA DO CAOS, MAS PODE APROFUNDA-LO&#8221;, DE MARINA SILVA\",\"datePublished\":\"2015-03-20T20:32:16+00:00\",\"mainEntityOfPage\":{\"@id\":\"https:\\\/\\\/blogdofarnesio.com.br\\\/?p=119973\"},\"wordCount\":364,\"commentCount\":0,\"publisher\":{\"@id\":\"https:\\\/\\\/blogdofarnesio.com.br\\\/#organization\"},\"image\":{\"@id\":\"https:\\\/\\\/blogdofarnesio.com.br\\\/?p=119973#primaryimage\"},\"thumbnailUrl\":\"http:\\\/\\\/www.folhape.com.br\\\/blogdafolha\\\/wp-content\\\/uploads\\\/2013\\\/10\\\/0310marinasilva-e1380850085997.jpg\",\"articleSection\":[\"Pol\u00edtica\"],\"inLanguage\":\"pt-BR\",\"potentialAction\":[{\"@type\":\"CommentAction\",\"name\":\"Comment\",\"target\":[\"https:\\\/\\\/blogdofarnesio.com.br\\\/?p=119973#respond\"]}]},{\"@type\":\"WebPage\",\"@id\":\"https:\\\/\\\/blogdofarnesio.com.br\\\/?p=119973\",\"url\":\"https:\\\/\\\/blogdofarnesio.com.br\\\/?p=119973\",\"name\":\"IMPEACHMENT \\\"N\u00c3O NOS TIRA DO CAOS, MAS PODE APROFUNDA-LO\\\", DE MARINA SILVA - Blog do Farn\u00e9sio\",\"isPartOf\":{\"@id\":\"https:\\\/\\\/blogdofarnesio.com.br\\\/#website\"},\"primaryImageOfPage\":{\"@id\":\"https:\\\/\\\/blogdofarnesio.com.br\\\/?p=119973#primaryimage\"},\"image\":{\"@id\":\"https:\\\/\\\/blogdofarnesio.com.br\\\/?p=119973#primaryimage\"},\"thumbnailUrl\":\"http:\\\/\\\/www.folhape.com.br\\\/blogdafolha\\\/wp-content\\\/uploads\\\/2013\\\/10\\\/0310marinasilva-e1380850085997.jpg\",\"datePublished\":\"2015-03-20T20:32:16+00:00\",\"breadcrumb\":{\"@id\":\"https:\\\/\\\/blogdofarnesio.com.br\\\/?p=119973#breadcrumb\"},\"inLanguage\":\"pt-BR\",\"potentialAction\":[{\"@type\":\"ReadAction\",\"target\":[\"https:\\\/\\\/blogdofarnesio.com.br\\\/?p=119973\"]}]},{\"@type\":\"ImageObject\",\"inLanguage\":\"pt-BR\",\"@id\":\"https:\\\/\\\/blogdofarnesio.com.br\\\/?p=119973#primaryimage\",\"url\":\"http:\\\/\\\/www.folhape.com.br\\\/blogdafolha\\\/wp-content\\\/uploads\\\/2013\\\/10\\\/0310marinasilva-e1380850085997.jpg\",\"contentUrl\":\"http:\\\/\\\/www.folhape.com.br\\\/blogdafolha\\\/wp-content\\\/uploads\\\/2013\\\/10\\\/0310marinasilva-e1380850085997.jpg\"},{\"@type\":\"BreadcrumbList\",\"@id\":\"https:\\\/\\\/blogdofarnesio.com.br\\\/?p=119973#breadcrumb\",\"itemListElement\":[{\"@type\":\"ListItem\",\"position\":1,\"name\":\"In\u00edcio\",\"item\":\"https:\\\/\\\/blogdofarnesio.com.br\\\/\"},{\"@type\":\"ListItem\",\"position\":2,\"name\":\"IMPEACHMENT &#8220;N\u00c3O NOS TIRA DO CAOS, MAS PODE APROFUNDA-LO&#8221;, DE MARINA SILVA\"}]},{\"@type\":\"WebSite\",\"@id\":\"https:\\\/\\\/blogdofarnesio.com.br\\\/#website\",\"url\":\"https:\\\/\\\/blogdofarnesio.com.br\\\/\",\"name\":\"Blog do Farn\u00e9sio\",\"description\":\"Quer Saber Pol\u00edtica?\",\"publisher\":{\"@id\":\"https:\\\/\\\/blogdofarnesio.com.br\\\/#organization\"},\"potentialAction\":[{\"@type\":\"SearchAction\",\"target\":{\"@type\":\"EntryPoint\",\"urlTemplate\":\"https:\\\/\\\/blogdofarnesio.com.br\\\/?s={search_term_string}\"},\"query-input\":{\"@type\":\"PropertyValueSpecification\",\"valueRequired\":true,\"valueName\":\"search_term_string\"}}],\"inLanguage\":\"pt-BR\"},{\"@type\":\"Organization\",\"@id\":\"https:\\\/\\\/blogdofarnesio.com.br\\\/#organization\",\"name\":\"Blog do Farn\u00e9sio\",\"url\":\"https:\\\/\\\/blogdofarnesio.com.br\\\/\",\"logo\":{\"@type\":\"ImageObject\",\"inLanguage\":\"pt-BR\",\"@id\":\"https:\\\/\\\/blogdofarnesio.com.br\\\/#\\\/schema\\\/logo\\\/image\\\/\",\"url\":\"https:\\\/\\\/blogdofarnesio.com.br\\\/wp-content\\\/uploads\\\/2026\\\/03\\\/cropped-logo_new-1.png\",\"contentUrl\":\"https:\\\/\\\/blogdofarnesio.com.br\\\/wp-content\\\/uploads\\\/2026\\\/03\\\/cropped-logo_new-1.png\",\"width\":881,\"height\":685,\"caption\":\"Blog do Farn\u00e9sio\"},\"image\":{\"@id\":\"https:\\\/\\\/blogdofarnesio.com.br\\\/#\\\/schema\\\/logo\\\/image\\\/\"},\"sameAs\":[\"https:\\\/\\\/www.facebook.com\\\/BlogQuerSaberPolitica\\\/\"]},{\"@type\":\"Person\",\"@id\":\"https:\\\/\\\/blogdofarnesio.com.br\\\/#\\\/schema\\\/person\\\/dd1bf5eba40b687199ba45ca6b97dff9\",\"name\":\"teste\",\"image\":{\"@type\":\"ImageObject\",\"inLanguage\":\"pt-BR\",\"@id\":\"https:\\\/\\\/secure.gravatar.com\\\/avatar\\\/2172498d4914b51e1d89a0f97957b035ac4938723a5cac208135d389b6972a6d?s=96&d=mm&r=g\",\"url\":\"https:\\\/\\\/secure.gravatar.com\\\/avatar\\\/2172498d4914b51e1d89a0f97957b035ac4938723a5cac208135d389b6972a6d?s=96&d=mm&r=g\",\"contentUrl\":\"https:\\\/\\\/secure.gravatar.com\\\/avatar\\\/2172498d4914b51e1d89a0f97957b035ac4938723a5cac208135d389b6972a6d?s=96&d=mm&r=g\",\"caption\":\"teste\"},\"url\":\"https:\\\/\\\/blogdofarnesio.com.br\\\/?author=3\"}]}<\/script>\n<!-- \/ Yoast SEO plugin. -->","yoast_head_json":{"title":"IMPEACHMENT \"N\u00c3O NOS TIRA DO CAOS, MAS PODE APROFUNDA-LO\", DE MARINA SILVA - Blog do Farn\u00e9sio","robots":{"index":"index","follow":"follow","max-snippet":"max-snippet:-1","max-image-preview":"max-image-preview:large","max-video-preview":"max-video-preview:-1"},"canonical":"https:\/\/blogdofarnesio.com.br\/?p=119973","og_locale":"pt_BR","og_type":"article","og_title":"IMPEACHMENT \"N\u00c3O NOS TIRA DO CAOS, MAS PODE APROFUNDA-LO\", DE MARINA SILVA - Blog do Farn\u00e9sio","og_description":"(Foto: Internet) A ex-candidata \u00e0 Presid\u00eancia Marina Silva voltou a se posicionar contra o impeachment da presidente Dilma Rousseff. Depois de publicar um artigo em que defendia essa posi\u00e7\u00e3o no dia 14, logo antes dos protestos, a ex-ministra afirmou em entrevista ao jornal Valor Econ\u00f4mico nesta sexta-feira (20) que um impedimento da presidente pode aprofundar o caos. \u201cA ideia do impeachment, sem que se tenha um fato que diga que h\u00e1 responsabilidade direta da presidente da Rep\u00fablica, n\u00e3o nos tira do caos. Pode aprofund\u00e1-lo\u201d, opinou Marina, que criticou a presidente Dilma Rousseff afirmando que durante a campanha a petista dizia que os problemas do Brasil eram \u201cs\u00f3 uma dor de cabe\u00e7a e que se iria curar com analg\u00e9sico\u201d. \u201cAgora se&hellip;","og_url":"https:\/\/blogdofarnesio.com.br\/?p=119973","og_site_name":"Blog do Farn\u00e9sio","article_publisher":"https:\/\/www.facebook.com\/BlogQuerSaberPolitica\/","article_published_time":"2015-03-20T20:32:16+00:00","og_image":[{"url":"http:\/\/www.folhape.com.br\/blogdafolha\/wp-content\/uploads\/2013\/10\/0310marinasilva-e1380850085997.jpg","type":"","width":"","height":""}],"author":"teste","twitter_card":"summary_large_image","twitter_misc":{"Escrito por":"teste","Est. tempo de leitura":"2 minutos"},"schema":{"@context":"https:\/\/schema.org","@graph":[{"@type":"Article","@id":"https:\/\/blogdofarnesio.com.br\/?p=119973#article","isPartOf":{"@id":"https:\/\/blogdofarnesio.com.br\/?p=119973"},"author":{"name":"teste","@id":"https:\/\/blogdofarnesio.com.br\/#\/schema\/person\/dd1bf5eba40b687199ba45ca6b97dff9"},"headline":"IMPEACHMENT &#8220;N\u00c3O NOS TIRA DO CAOS, MAS PODE APROFUNDA-LO&#8221;, DE MARINA SILVA","datePublished":"2015-03-20T20:32:16+00:00","mainEntityOfPage":{"@id":"https:\/\/blogdofarnesio.com.br\/?p=119973"},"wordCount":364,"commentCount":0,"publisher":{"@id":"https:\/\/blogdofarnesio.com.br\/#organization"},"image":{"@id":"https:\/\/blogdofarnesio.com.br\/?p=119973#primaryimage"},"thumbnailUrl":"http:\/\/www.folhape.com.br\/blogdafolha\/wp-content\/uploads\/2013\/10\/0310marinasilva-e1380850085997.jpg","articleSection":["Pol\u00edtica"],"inLanguage":"pt-BR","potentialAction":[{"@type":"CommentAction","name":"Comment","target":["https:\/\/blogdofarnesio.com.br\/?p=119973#respond"]}]},{"@type":"WebPage","@id":"https:\/\/blogdofarnesio.com.br\/?p=119973","url":"https:\/\/blogdofarnesio.com.br\/?p=119973","name":"IMPEACHMENT \"N\u00c3O NOS TIRA DO CAOS, MAS PODE APROFUNDA-LO\", DE MARINA SILVA - Blog do Farn\u00e9sio","isPartOf":{"@id":"https:\/\/blogdofarnesio.com.br\/#website"},"primaryImageOfPage":{"@id":"https:\/\/blogdofarnesio.com.br\/?p=119973#primaryimage"},"image":{"@id":"https:\/\/blogdofarnesio.com.br\/?p=119973#primaryimage"},"thumbnailUrl":"http:\/\/www.folhape.com.br\/blogdafolha\/wp-content\/uploads\/2013\/10\/0310marinasilva-e1380850085997.jpg","datePublished":"2015-03-20T20:32:16+00:00","breadcrumb":{"@id":"https:\/\/blogdofarnesio.com.br\/?p=119973#breadcrumb"},"inLanguage":"pt-BR","potentialAction":[{"@type":"ReadAction","target":["https:\/\/blogdofarnesio.com.br\/?p=119973"]}]},{"@type":"ImageObject","inLanguage":"pt-BR","@id":"https:\/\/blogdofarnesio.com.br\/?p=119973#primaryimage","url":"http:\/\/www.folhape.com.br\/blogdafolha\/wp-content\/uploads\/2013\/10\/0310marinasilva-e1380850085997.jpg","contentUrl":"http:\/\/www.folhape.com.br\/blogdafolha\/wp-content\/uploads\/2013\/10\/0310marinasilva-e1380850085997.jpg"},{"@type":"BreadcrumbList","@id":"https:\/\/blogdofarnesio.com.br\/?p=119973#breadcrumb","itemListElement":[{"@type":"ListItem","position":1,"name":"In\u00edcio","item":"https:\/\/blogdofarnesio.com.br\/"},{"@type":"ListItem","position":2,"name":"IMPEACHMENT &#8220;N\u00c3O NOS TIRA DO CAOS, MAS PODE APROFUNDA-LO&#8221;, DE MARINA SILVA"}]},{"@type":"WebSite","@id":"https:\/\/blogdofarnesio.com.br\/#website","url":"https:\/\/blogdofarnesio.com.br\/","name":"Blog do Farn\u00e9sio","description":"Quer Saber Pol\u00edtica?","publisher":{"@id":"https:\/\/blogdofarnesio.com.br\/#organization"},"potentialAction":[{"@type":"SearchAction","target":{"@type":"EntryPoint","urlTemplate":"https:\/\/blogdofarnesio.com.br\/?s={search_term_string}"},"query-input":{"@type":"PropertyValueSpecification","valueRequired":true,"valueName":"search_term_string"}}],"inLanguage":"pt-BR"},{"@type":"Organization","@id":"https:\/\/blogdofarnesio.com.br\/#organization","name":"Blog do Farn\u00e9sio","url":"https:\/\/blogdofarnesio.com.br\/","logo":{"@type":"ImageObject","inLanguage":"pt-BR","@id":"https:\/\/blogdofarnesio.com.br\/#\/schema\/logo\/image\/","url":"https:\/\/blogdofarnesio.com.br\/wp-content\/uploads\/2026\/03\/cropped-logo_new-1.png","contentUrl":"https:\/\/blogdofarnesio.com.br\/wp-content\/uploads\/2026\/03\/cropped-logo_new-1.png","width":881,"height":685,"caption":"Blog do Farn\u00e9sio"},"image":{"@id":"https:\/\/blogdofarnesio.com.br\/#\/schema\/logo\/image\/"},"sameAs":["https:\/\/www.facebook.com\/BlogQuerSaberPolitica\/"]},{"@type":"Person","@id":"https:\/\/blogdofarnesio.com.br\/#\/schema\/person\/dd1bf5eba40b687199ba45ca6b97dff9","name":"teste","image":{"@type":"ImageObject","inLanguage":"pt-BR","@id":"https:\/\/secure.gravatar.com\/avatar\/2172498d4914b51e1d89a0f97957b035ac4938723a5cac208135d389b6972a6d?s=96&d=mm&r=g","url":"https:\/\/secure.gravatar.com\/avatar\/2172498d4914b51e1d89a0f97957b035ac4938723a5cac208135d389b6972a6d?s=96&d=mm&r=g","contentUrl":"https:\/\/secure.gravatar.com\/avatar\/2172498d4914b51e1d89a0f97957b035ac4938723a5cac208135d389b6972a6d?s=96&d=mm&r=g","caption":"teste"},"url":"https:\/\/blogdofarnesio.com.br\/?author=3"}]}},"_links":{"self":[{"href":"https:\/\/blogdofarnesio.com.br\/index.php?rest_route=\/wp\/v2\/posts\/119973","targetHints":{"allow":["GET"]}}],"collection":[{"href":"https:\/\/blogdofarnesio.com.br\/index.php?rest_route=\/wp\/v2\/posts"}],"about":[{"href":"https:\/\/blogdofarnesio.com.br\/index.php?rest_route=\/wp\/v2\/types\/post"}],"author":[{"embeddable":true,"href":"https:\/\/blogdofarnesio.com.br\/index.php?rest_route=\/wp\/v2\/users\/3"}],"replies":[{"embeddable":true,"href":"https:\/\/blogdofarnesio.com.br\/index.php?rest_route=%2Fwp%2Fv2%2Fcomments&post=119973"}],"version-history":[{"count":0,"href":"https:\/\/blogdofarnesio.com.br\/index.php?rest_route=\/wp\/v2\/posts\/119973\/revisions"}],"wp:attachment":[{"href":"https:\/\/blogdofarnesio.com.br\/index.php?rest_route=%2Fwp%2Fv2%2Fmedia&parent=119973"}],"wp:term":[{"taxonomy":"category","embeddable":true,"href":"https:\/\/blogdofarnesio.com.br\/index.php?rest_route=%2Fwp%2Fv2%2Fcategories&post=119973"},{"taxonomy":"post_tag","embeddable":true,"href":"https:\/\/blogdofarnesio.com.br\/index.php?rest_route=%2Fwp%2Fv2%2Ftags&post=119973"}],"curies":[{"name":"wp","href":"https:\/\/api.w.org\/{rel}","templated":true}]}}