{"id":119900,"date":"2015-03-20T12:00:17","date_gmt":"2015-03-20T15:00:17","guid":{"rendered":"http:\/\/www.quersaberpolitica.com.br\/?p=119900"},"modified":"2015-03-20T10:00:36","modified_gmt":"2015-03-20T13:00:36","slug":"organizacoes-do-sertao-do-sao-francisco-discutem-crise-hidrica-durante-semana-da-agua","status":"publish","type":"post","link":"https:\/\/blogdofarnesio.com.br\/?p=119900","title":{"rendered":"ORGANIZA\u00c7\u00d5ES DO SERT\u00c3O DO S\u00c3O FRANCISCO DISCUTEM CRISE H\u00cdDRICA DURANTE SEMANA DA \u00c1GUA"},"content":{"rendered":"<p style=\"text-align: justify\"><a href=\"http:\/\/www.quersaberpolitica.com.br\/2016\/wp-content\/uploads\/2015\/03\/blogqspirpaerica1.jpg\"><img loading=\"lazy\" decoding=\"async\" class=\"aligncenter size-full wp-image-119917\" alt=\"blogqspirpaerica1\" src=\"http:\/\/www.quersaberpolitica.com.br\/2016\/wp-content\/uploads\/2015\/03\/blogqspirpaerica1.jpg\" width=\"448\" height=\"219\" srcset=\"https:\/\/blogdofarnesio.com.br\/wp-content\/uploads\/2015\/03\/blogqspirpaerica1.jpg 448w, https:\/\/blogdofarnesio.com.br\/wp-content\/uploads\/2015\/03\/blogqspirpaerica1-300x146.jpg 300w\" sizes=\"auto, (max-width: 448px) 100vw, 448px\" \/><\/a>Com o tema \u201cCrise h\u00eddrica: falta \u00e1gua ou gest\u00e3o?\u201d est\u00e1 acontecendo nos munic\u00edpios do Sert\u00e3o do S\u00e3o Francisco a Semana da \u00c1gua, a\u00e7\u00e3o que lembra a passagem do Dia Mundial da \u00c1gua, 22 de mar\u00e7o, institu\u00eddo pela Organiza\u00e7\u00e3o das Na\u00e7\u00f5es Unidas (ONU) em 1992. Atrav\u00e9s de debates em escolas, interven\u00e7\u00f5es art\u00edsticas, atos p\u00fablicos, entre outras atividades, as organiza\u00e7\u00f5es envolvidas na Semana da \u00c1gua est\u00e3o discutindo com a sociedade \u00e0s causas da atual crise com rela\u00e7\u00e3o ao uso das \u00e1guas no pa\u00eds.<\/p>\n<p style=\"text-align: justify\">Segundo a Jornalista do IRPAA, Erica Daiane, durante a sua participa\u00e7\u00e3o no programa <i>Bastidores da Not\u00edcia,<\/i>\u00a0na manh\u00e3 de hoje (20), a<b> <\/b>chamada crise h\u00eddrica ganhou for\u00e7a, principalmente, a partir das estiagens na regi\u00e3o Sudeste, um fen\u00f4meno que at\u00e9 ent\u00e3o era considerado comum no Nordeste do pa\u00eds. \u201cNos \u00faltimos meses o tema tem tido bastante visibilidade e tem direcionado a\u00e7\u00f5es governamentais para minimizar os efeitos da chamada escassez.<\/p>\n<p style=\"text-align: justify\">Por\u00e9m, no entendimento das organiza\u00e7\u00f5es que est\u00e3o realizando a Semana da \u00c1gua na regi\u00e3o, a causa do problema n\u00e3o \u00e9 apenas a estiagem, mas sim a aus\u00eancia ou m\u00e1 gest\u00e3o dos recursos h\u00eddricos no pa\u00eds\u201d.<!--more--><\/p>\n<p style=\"text-align: justify\">Para a representante do IRPAA, Silva Regina, o momento ser\u00e1 de reflex\u00e3o. \u201c\u00c9 com essa vis\u00e3o que as entidades est\u00e3o provocando a sociedade a refletir sobre a crise h\u00eddrica, considerando que a abordagem comumente feita pela m\u00eddia convencional e pelos governos referem-se basicamente \u00e0s solu\u00e7\u00f5es paliativas, a exemplo da economia de \u00e1gua no consumo dom\u00e9stico, sistemas de reutiliza\u00e7\u00e3o da \u00e1gua, sem apontar as reais causas da crise\u201d.<\/p>\n<p style=\"text-align: justify\">Entidades como o Instituto Regional da Pequena Agropecu\u00e1ria Irrigada (IRPAA), Diocese de Juazeiro, sindicatos, grupos culturais, R\u00e1dios Comunit\u00e1rias, organiza\u00e7\u00f5es de jovens, associa\u00e7\u00f5es comunit\u00e1rias, movimentos populares e outras entidades com atua\u00e7\u00e3o em Juazeiro, Cura\u00e7\u00e1, Sobradinho, Casa Nova, Campo Alegre de Lourdes, Remanso, Pil\u00e3o Arcado, Uau\u00e1, Canudos, Sento S\u00e9 estiveram esta semana com uma programa\u00e7\u00e3o diversificada, levando para a sociedade a necessidade do engajamento social nesta tem\u00e1tica, a fim de contribuir significativamente com este problema social que tende a se agravar se n\u00e3o houver medidas eficazes e estruturantes de Conviv\u00eancia com os bens naturais que ora o pa\u00eds ainda disp\u00f5e.<\/p>\n","protected":false},"excerpt":{"rendered":"<p>Com o tema \u201cCrise h\u00eddrica: falta \u00e1gua ou gest\u00e3o?\u201d est\u00e1 acontecendo nos munic\u00edpios do Sert\u00e3o do S\u00e3o Francisco a Semana da \u00c1gua, a\u00e7\u00e3o que lembra a passagem do Dia Mundial da \u00c1gua, 22 de mar\u00e7o, institu\u00eddo pela Organiza\u00e7\u00e3o das Na\u00e7\u00f5es Unidas (ONU) em 1992. Atrav\u00e9s de debates em escolas, interven\u00e7\u00f5es art\u00edsticas, atos p\u00fablicos, entre outras atividades, as organiza\u00e7\u00f5es envolvidas na Semana da \u00c1gua est\u00e3o discutindo com a sociedade \u00e0s causas da atual crise com rela\u00e7\u00e3o ao uso das \u00e1guas no pa\u00eds. Segundo a Jornalista do IRPAA, Erica Daiane, durante a sua participa\u00e7\u00e3o no programa Bastidores da Not\u00edcia,\u00a0na manh\u00e3 de hoje (20), a chamada crise h\u00eddrica ganhou for\u00e7a, principalmente, a partir das estiagens na regi\u00e3o Sudeste, um fen\u00f4meno que at\u00e9 ent\u00e3o&hellip; <\/p>\n","protected":false},"author":7,"featured_media":0,"comment_status":"open","ping_status":"open","sticky":false,"template":"","format":"standard","meta":{"_acf_changed":false,"footnotes":""},"categories":[29],"tags":[],"class_list":["post-119900","post","type-post","status-publish","format-standard","hentry","category-meio-ambiente"],"acf":[],"yoast_head":"<!-- This site is optimized with the Yoast SEO plugin v27.4 - https:\/\/yoast.com\/product\/yoast-seo-wordpress\/ -->\n<title>ORGANIZA\u00c7\u00d5ES DO SERT\u00c3O DO S\u00c3O FRANCISCO DISCUTEM CRISE H\u00cdDRICA DURANTE SEMANA DA \u00c1GUA - Blog do Farn\u00e9sio<\/title>\n<meta name=\"robots\" content=\"index, follow, max-snippet:-1, max-image-preview:large, max-video-preview:-1\" \/>\n<link rel=\"canonical\" href=\"https:\/\/blogdofarnesio.com.br\/?p=119900\" \/>\n<meta property=\"og:locale\" content=\"pt_BR\" \/>\n<meta property=\"og:type\" content=\"article\" \/>\n<meta property=\"og:title\" content=\"ORGANIZA\u00c7\u00d5ES DO SERT\u00c3O DO S\u00c3O FRANCISCO DISCUTEM CRISE H\u00cdDRICA DURANTE SEMANA DA \u00c1GUA - Blog do Farn\u00e9sio\" \/>\n<meta property=\"og:description\" content=\"Com o tema \u201cCrise h\u00eddrica: falta \u00e1gua ou gest\u00e3o?\u201d est\u00e1 acontecendo nos munic\u00edpios do Sert\u00e3o do S\u00e3o Francisco a Semana da \u00c1gua, a\u00e7\u00e3o que lembra a passagem do Dia Mundial da \u00c1gua, 22 de mar\u00e7o, institu\u00eddo pela Organiza\u00e7\u00e3o das Na\u00e7\u00f5es Unidas (ONU) em 1992. Atrav\u00e9s de debates em escolas, interven\u00e7\u00f5es art\u00edsticas, atos p\u00fablicos, entre outras atividades, as organiza\u00e7\u00f5es envolvidas na Semana da \u00c1gua est\u00e3o discutindo com a sociedade \u00e0s causas da atual crise com rela\u00e7\u00e3o ao uso das \u00e1guas no pa\u00eds. Segundo a Jornalista do IRPAA, Erica Daiane, durante a sua participa\u00e7\u00e3o no programa Bastidores da Not\u00edcia,\u00a0na manh\u00e3 de hoje (20), a chamada crise h\u00eddrica ganhou for\u00e7a, principalmente, a partir das estiagens na regi\u00e3o Sudeste, um fen\u00f4meno que at\u00e9 ent\u00e3o&hellip;\" \/>\n<meta property=\"og:url\" content=\"https:\/\/blogdofarnesio.com.br\/?p=119900\" \/>\n<meta property=\"og:site_name\" content=\"Blog do Farn\u00e9sio\" \/>\n<meta property=\"article:publisher\" content=\"https:\/\/www.facebook.com\/BlogQuerSaberPolitica\/\" \/>\n<meta property=\"article:published_time\" content=\"2015-03-20T15:00:17+00:00\" \/>\n<meta property=\"og:image\" content=\"http:\/\/www.quersaberpolitica.com.br\/2016\/wp-content\/uploads\/2015\/03\/blogqspirpaerica1.jpg\" \/>\n<meta name=\"twitter:card\" content=\"summary_large_image\" \/>\n<meta name=\"twitter:label1\" content=\"Escrito por\" \/>\n\t<meta name=\"twitter:data1\" content=\"\" \/>\n\t<meta name=\"twitter:label2\" content=\"Est. tempo de leitura\" \/>\n\t<meta name=\"twitter:data2\" content=\"2 minutos\" \/>\n<script type=\"application\/ld+json\" class=\"yoast-schema-graph\">{\"@context\":\"https:\\\/\\\/schema.org\",\"@graph\":[{\"@type\":\"Article\",\"@id\":\"https:\\\/\\\/blogdofarnesio.com.br\\\/?p=119900#article\",\"isPartOf\":{\"@id\":\"https:\\\/\\\/blogdofarnesio.com.br\\\/?p=119900\"},\"author\":{\"name\":\"\",\"@id\":\"\"},\"headline\":\"ORGANIZA\u00c7\u00d5ES DO SERT\u00c3O DO S\u00c3O FRANCISCO DISCUTEM CRISE H\u00cdDRICA DURANTE SEMANA DA \u00c1GUA\",\"datePublished\":\"2015-03-20T15:00:17+00:00\",\"mainEntityOfPage\":{\"@id\":\"https:\\\/\\\/blogdofarnesio.com.br\\\/?p=119900\"},\"wordCount\":419,\"commentCount\":0,\"publisher\":{\"@id\":\"https:\\\/\\\/blogdofarnesio.com.br\\\/#organization\"},\"image\":{\"@id\":\"https:\\\/\\\/blogdofarnesio.com.br\\\/?p=119900#primaryimage\"},\"thumbnailUrl\":\"http:\\\/\\\/www.quersaberpolitica.com.br\\\/2016\\\/wp-content\\\/uploads\\\/2015\\\/03\\\/blogqspirpaerica1.jpg\",\"articleSection\":[\"Meio Ambiente\"],\"inLanguage\":\"pt-BR\",\"potentialAction\":[{\"@type\":\"CommentAction\",\"name\":\"Comment\",\"target\":[\"https:\\\/\\\/blogdofarnesio.com.br\\\/?p=119900#respond\"]}]},{\"@type\":\"WebPage\",\"@id\":\"https:\\\/\\\/blogdofarnesio.com.br\\\/?p=119900\",\"url\":\"https:\\\/\\\/blogdofarnesio.com.br\\\/?p=119900\",\"name\":\"ORGANIZA\u00c7\u00d5ES DO SERT\u00c3O DO S\u00c3O FRANCISCO DISCUTEM CRISE H\u00cdDRICA DURANTE SEMANA DA \u00c1GUA - Blog do Farn\u00e9sio\",\"isPartOf\":{\"@id\":\"https:\\\/\\\/blogdofarnesio.com.br\\\/#website\"},\"primaryImageOfPage\":{\"@id\":\"https:\\\/\\\/blogdofarnesio.com.br\\\/?p=119900#primaryimage\"},\"image\":{\"@id\":\"https:\\\/\\\/blogdofarnesio.com.br\\\/?p=119900#primaryimage\"},\"thumbnailUrl\":\"http:\\\/\\\/www.quersaberpolitica.com.br\\\/2016\\\/wp-content\\\/uploads\\\/2015\\\/03\\\/blogqspirpaerica1.jpg\",\"datePublished\":\"2015-03-20T15:00:17+00:00\",\"breadcrumb\":{\"@id\":\"https:\\\/\\\/blogdofarnesio.com.br\\\/?p=119900#breadcrumb\"},\"inLanguage\":\"pt-BR\",\"potentialAction\":[{\"@type\":\"ReadAction\",\"target\":[\"https:\\\/\\\/blogdofarnesio.com.br\\\/?p=119900\"]}]},{\"@type\":\"ImageObject\",\"inLanguage\":\"pt-BR\",\"@id\":\"https:\\\/\\\/blogdofarnesio.com.br\\\/?p=119900#primaryimage\",\"url\":\"http:\\\/\\\/www.quersaberpolitica.com.br\\\/2016\\\/wp-content\\\/uploads\\\/2015\\\/03\\\/blogqspirpaerica1.jpg\",\"contentUrl\":\"http:\\\/\\\/www.quersaberpolitica.com.br\\\/2016\\\/wp-content\\\/uploads\\\/2015\\\/03\\\/blogqspirpaerica1.jpg\"},{\"@type\":\"BreadcrumbList\",\"@id\":\"https:\\\/\\\/blogdofarnesio.com.br\\\/?p=119900#breadcrumb\",\"itemListElement\":[{\"@type\":\"ListItem\",\"position\":1,\"name\":\"In\u00edcio\",\"item\":\"https:\\\/\\\/blogdofarnesio.com.br\\\/\"},{\"@type\":\"ListItem\",\"position\":2,\"name\":\"ORGANIZA\u00c7\u00d5ES DO SERT\u00c3O DO S\u00c3O FRANCISCO DISCUTEM CRISE H\u00cdDRICA DURANTE SEMANA DA \u00c1GUA\"}]},{\"@type\":\"WebSite\",\"@id\":\"https:\\\/\\\/blogdofarnesio.com.br\\\/#website\",\"url\":\"https:\\\/\\\/blogdofarnesio.com.br\\\/\",\"name\":\"Blog do Farn\u00e9sio\",\"description\":\"Quer Saber Pol\u00edtica?\",\"publisher\":{\"@id\":\"https:\\\/\\\/blogdofarnesio.com.br\\\/#organization\"},\"potentialAction\":[{\"@type\":\"SearchAction\",\"target\":{\"@type\":\"EntryPoint\",\"urlTemplate\":\"https:\\\/\\\/blogdofarnesio.com.br\\\/?s={search_term_string}\"},\"query-input\":{\"@type\":\"PropertyValueSpecification\",\"valueRequired\":true,\"valueName\":\"search_term_string\"}}],\"inLanguage\":\"pt-BR\"},{\"@type\":\"Organization\",\"@id\":\"https:\\\/\\\/blogdofarnesio.com.br\\\/#organization\",\"name\":\"Blog do Farn\u00e9sio\",\"url\":\"https:\\\/\\\/blogdofarnesio.com.br\\\/\",\"logo\":{\"@type\":\"ImageObject\",\"inLanguage\":\"pt-BR\",\"@id\":\"https:\\\/\\\/blogdofarnesio.com.br\\\/#\\\/schema\\\/logo\\\/image\\\/\",\"url\":\"https:\\\/\\\/blogdofarnesio.com.br\\\/wp-content\\\/uploads\\\/2026\\\/03\\\/cropped-logo_new-1.png\",\"contentUrl\":\"https:\\\/\\\/blogdofarnesio.com.br\\\/wp-content\\\/uploads\\\/2026\\\/03\\\/cropped-logo_new-1.png\",\"width\":881,\"height\":685,\"caption\":\"Blog do Farn\u00e9sio\"},\"image\":{\"@id\":\"https:\\\/\\\/blogdofarnesio.com.br\\\/#\\\/schema\\\/logo\\\/image\\\/\"},\"sameAs\":[\"https:\\\/\\\/www.facebook.com\\\/BlogQuerSaberPolitica\\\/\"]},{\"@type\":\"Person\",\"@id\":\"\",\"url\":\"https:\\\/\\\/blogdofarnesio.com.br\\\/?author=7\"}]}<\/script>\n<!-- \/ Yoast SEO plugin. -->","yoast_head_json":{"title":"ORGANIZA\u00c7\u00d5ES DO SERT\u00c3O DO S\u00c3O FRANCISCO DISCUTEM CRISE H\u00cdDRICA DURANTE SEMANA DA \u00c1GUA - Blog do Farn\u00e9sio","robots":{"index":"index","follow":"follow","max-snippet":"max-snippet:-1","max-image-preview":"max-image-preview:large","max-video-preview":"max-video-preview:-1"},"canonical":"https:\/\/blogdofarnesio.com.br\/?p=119900","og_locale":"pt_BR","og_type":"article","og_title":"ORGANIZA\u00c7\u00d5ES DO SERT\u00c3O DO S\u00c3O FRANCISCO DISCUTEM CRISE H\u00cdDRICA DURANTE SEMANA DA \u00c1GUA - Blog do Farn\u00e9sio","og_description":"Com o tema \u201cCrise h\u00eddrica: falta \u00e1gua ou gest\u00e3o?\u201d est\u00e1 acontecendo nos munic\u00edpios do Sert\u00e3o do S\u00e3o Francisco a Semana da \u00c1gua, a\u00e7\u00e3o que lembra a passagem do Dia Mundial da \u00c1gua, 22 de mar\u00e7o, institu\u00eddo pela Organiza\u00e7\u00e3o das Na\u00e7\u00f5es Unidas (ONU) em 1992. Atrav\u00e9s de debates em escolas, interven\u00e7\u00f5es art\u00edsticas, atos p\u00fablicos, entre outras atividades, as organiza\u00e7\u00f5es envolvidas na Semana da \u00c1gua est\u00e3o discutindo com a sociedade \u00e0s causas da atual crise com rela\u00e7\u00e3o ao uso das \u00e1guas no pa\u00eds. Segundo a Jornalista do IRPAA, Erica Daiane, durante a sua participa\u00e7\u00e3o no programa Bastidores da Not\u00edcia,\u00a0na manh\u00e3 de hoje (20), a chamada crise h\u00eddrica ganhou for\u00e7a, principalmente, a partir das estiagens na regi\u00e3o Sudeste, um fen\u00f4meno que at\u00e9 ent\u00e3o&hellip;","og_url":"https:\/\/blogdofarnesio.com.br\/?p=119900","og_site_name":"Blog do Farn\u00e9sio","article_publisher":"https:\/\/www.facebook.com\/BlogQuerSaberPolitica\/","article_published_time":"2015-03-20T15:00:17+00:00","og_image":[{"url":"http:\/\/www.quersaberpolitica.com.br\/2016\/wp-content\/uploads\/2015\/03\/blogqspirpaerica1.jpg","type":"","width":"","height":""}],"twitter_card":"summary_large_image","twitter_misc":{"Escrito por":"","Est. tempo de leitura":"2 minutos"},"schema":{"@context":"https:\/\/schema.org","@graph":[{"@type":"Article","@id":"https:\/\/blogdofarnesio.com.br\/?p=119900#article","isPartOf":{"@id":"https:\/\/blogdofarnesio.com.br\/?p=119900"},"author":{"name":"","@id":""},"headline":"ORGANIZA\u00c7\u00d5ES DO SERT\u00c3O DO S\u00c3O FRANCISCO DISCUTEM CRISE H\u00cdDRICA DURANTE SEMANA DA \u00c1GUA","datePublished":"2015-03-20T15:00:17+00:00","mainEntityOfPage":{"@id":"https:\/\/blogdofarnesio.com.br\/?p=119900"},"wordCount":419,"commentCount":0,"publisher":{"@id":"https:\/\/blogdofarnesio.com.br\/#organization"},"image":{"@id":"https:\/\/blogdofarnesio.com.br\/?p=119900#primaryimage"},"thumbnailUrl":"http:\/\/www.quersaberpolitica.com.br\/2016\/wp-content\/uploads\/2015\/03\/blogqspirpaerica1.jpg","articleSection":["Meio Ambiente"],"inLanguage":"pt-BR","potentialAction":[{"@type":"CommentAction","name":"Comment","target":["https:\/\/blogdofarnesio.com.br\/?p=119900#respond"]}]},{"@type":"WebPage","@id":"https:\/\/blogdofarnesio.com.br\/?p=119900","url":"https:\/\/blogdofarnesio.com.br\/?p=119900","name":"ORGANIZA\u00c7\u00d5ES DO SERT\u00c3O DO S\u00c3O FRANCISCO DISCUTEM CRISE H\u00cdDRICA DURANTE SEMANA DA \u00c1GUA - Blog do Farn\u00e9sio","isPartOf":{"@id":"https:\/\/blogdofarnesio.com.br\/#website"},"primaryImageOfPage":{"@id":"https:\/\/blogdofarnesio.com.br\/?p=119900#primaryimage"},"image":{"@id":"https:\/\/blogdofarnesio.com.br\/?p=119900#primaryimage"},"thumbnailUrl":"http:\/\/www.quersaberpolitica.com.br\/2016\/wp-content\/uploads\/2015\/03\/blogqspirpaerica1.jpg","datePublished":"2015-03-20T15:00:17+00:00","breadcrumb":{"@id":"https:\/\/blogdofarnesio.com.br\/?p=119900#breadcrumb"},"inLanguage":"pt-BR","potentialAction":[{"@type":"ReadAction","target":["https:\/\/blogdofarnesio.com.br\/?p=119900"]}]},{"@type":"ImageObject","inLanguage":"pt-BR","@id":"https:\/\/blogdofarnesio.com.br\/?p=119900#primaryimage","url":"http:\/\/www.quersaberpolitica.com.br\/2016\/wp-content\/uploads\/2015\/03\/blogqspirpaerica1.jpg","contentUrl":"http:\/\/www.quersaberpolitica.com.br\/2016\/wp-content\/uploads\/2015\/03\/blogqspirpaerica1.jpg"},{"@type":"BreadcrumbList","@id":"https:\/\/blogdofarnesio.com.br\/?p=119900#breadcrumb","itemListElement":[{"@type":"ListItem","position":1,"name":"In\u00edcio","item":"https:\/\/blogdofarnesio.com.br\/"},{"@type":"ListItem","position":2,"name":"ORGANIZA\u00c7\u00d5ES DO SERT\u00c3O DO S\u00c3O FRANCISCO DISCUTEM CRISE H\u00cdDRICA DURANTE SEMANA DA \u00c1GUA"}]},{"@type":"WebSite","@id":"https:\/\/blogdofarnesio.com.br\/#website","url":"https:\/\/blogdofarnesio.com.br\/","name":"Blog do Farn\u00e9sio","description":"Quer Saber Pol\u00edtica?","publisher":{"@id":"https:\/\/blogdofarnesio.com.br\/#organization"},"potentialAction":[{"@type":"SearchAction","target":{"@type":"EntryPoint","urlTemplate":"https:\/\/blogdofarnesio.com.br\/?s={search_term_string}"},"query-input":{"@type":"PropertyValueSpecification","valueRequired":true,"valueName":"search_term_string"}}],"inLanguage":"pt-BR"},{"@type":"Organization","@id":"https:\/\/blogdofarnesio.com.br\/#organization","name":"Blog do Farn\u00e9sio","url":"https:\/\/blogdofarnesio.com.br\/","logo":{"@type":"ImageObject","inLanguage":"pt-BR","@id":"https:\/\/blogdofarnesio.com.br\/#\/schema\/logo\/image\/","url":"https:\/\/blogdofarnesio.com.br\/wp-content\/uploads\/2026\/03\/cropped-logo_new-1.png","contentUrl":"https:\/\/blogdofarnesio.com.br\/wp-content\/uploads\/2026\/03\/cropped-logo_new-1.png","width":881,"height":685,"caption":"Blog do Farn\u00e9sio"},"image":{"@id":"https:\/\/blogdofarnesio.com.br\/#\/schema\/logo\/image\/"},"sameAs":["https:\/\/www.facebook.com\/BlogQuerSaberPolitica\/"]},{"@type":"Person","@id":"","url":"https:\/\/blogdofarnesio.com.br\/?author=7"}]}},"_links":{"self":[{"href":"https:\/\/blogdofarnesio.com.br\/index.php?rest_route=\/wp\/v2\/posts\/119900","targetHints":{"allow":["GET"]}}],"collection":[{"href":"https:\/\/blogdofarnesio.com.br\/index.php?rest_route=\/wp\/v2\/posts"}],"about":[{"href":"https:\/\/blogdofarnesio.com.br\/index.php?rest_route=\/wp\/v2\/types\/post"}],"author":[{"embeddable":true,"href":"https:\/\/blogdofarnesio.com.br\/index.php?rest_route=\/wp\/v2\/users\/7"}],"replies":[{"embeddable":true,"href":"https:\/\/blogdofarnesio.com.br\/index.php?rest_route=%2Fwp%2Fv2%2Fcomments&post=119900"}],"version-history":[{"count":0,"href":"https:\/\/blogdofarnesio.com.br\/index.php?rest_route=\/wp\/v2\/posts\/119900\/revisions"}],"wp:attachment":[{"href":"https:\/\/blogdofarnesio.com.br\/index.php?rest_route=%2Fwp%2Fv2%2Fmedia&parent=119900"}],"wp:term":[{"taxonomy":"category","embeddable":true,"href":"https:\/\/blogdofarnesio.com.br\/index.php?rest_route=%2Fwp%2Fv2%2Fcategories&post=119900"},{"taxonomy":"post_tag","embeddable":true,"href":"https:\/\/blogdofarnesio.com.br\/index.php?rest_route=%2Fwp%2Fv2%2Ftags&post=119900"}],"curies":[{"name":"wp","href":"https:\/\/api.w.org\/{rel}","templated":true}]}}