{"id":119896,"date":"2015-03-20T11:32:12","date_gmt":"2015-03-20T14:32:12","guid":{"rendered":"http:\/\/www.quersaberpolitica.com.br\/?p=119896"},"modified":"2015-03-20T10:03:28","modified_gmt":"2015-03-20T13:03:28","slug":"queda-de-braco","status":"publish","type":"post","link":"https:\/\/blogdofarnesio.com.br\/?p=119896","title":{"rendered":"QUEDA DE BRA\u00c7O"},"content":{"rendered":"<p><em style=\"text-align: justify\">Olavo de Carvalho<\/em><\/p>\n<p><img loading=\"lazy\" decoding=\"async\" class=\"size-medium wp-image-114843 aligncenter\" alt=\"blogqsp.Estrela-PT\" src=\"http:\/\/www.quersaberpolitica.com.br\/2016\/wp-content\/uploads\/2015\/02\/blogqsp.Estrela-PT-300x285.gif\" width=\"300\" height=\"285\" srcset=\"https:\/\/blogdofarnesio.com.br\/wp-content\/uploads\/2015\/02\/blogqsp.Estrela-PT-300x285.gif 300w, https:\/\/blogdofarnesio.com.br\/wp-content\/uploads\/2015\/02\/blogqsp.Estrela-PT-315x300.gif 315w\" sizes=\"auto, (max-width: 300px) 100vw, 300px\" \/><\/p>\n<p style=\"text-align: justify\">Os fatos s\u00e3o patentes e ineg\u00e1veis:<\/p>\n<p style=\"text-align: justify\">1. O PT \u00e9 filiado a uma organiza\u00e7\u00e3o estrangeira, o Foro de S\u00e3o Paulo, que ele reconhece como \u201ccoordena\u00e7\u00e3o estrat\u00e9gica da esquerda na Am\u00e9rica Latina\u201d (sic) e cujas resolu\u00e7\u00f5es, unanimemente assinadas nas suas assembleias anuais, ele acata e cumpre. Consultem-se, a respeito, o v\u00eddeo do III Congresso do partido (veja aqui), as atas das assembleias do Foro de S\u00e3o Paulo (leia aqui) e o discurso comemorativo pronunciado pelo sr. Lu\u00eds In\u00e1cio Lula da Silva, ent\u00e3o presidente da Rep\u00fablica, no d\u00e9cimo-quinto anivers\u00e1rio da entidade \u2013 discurso publicado na pr\u00f3pria p\u00e1gina oficial da Presid\u00eancia, depois comentado e linkado no meu artigo (leia aqui). As provas n\u00e3o poderiam ser mais abundantes nem mais inquestion\u00e1veis.<\/p>\n<p style=\"text-align: justify\">A Lei dos Partidos Pol\u00edticos (Lei n\u00famero 9.096 de 19 de setembro de 1995) determina que o STF casse o registro desse partido, por viola\u00e7\u00e3o do artigo 28, al\u00ednea II: \u201cestar subordinado a entidade ou governo estrangeiros.\u201d<br \/>\nA viola\u00e7\u00e3o independe de o partido ter ou n\u00e3o recebido fundos dessa entidade, o que \u00e9 crime suplementar a ser investigado.<\/p>\n<p style=\"text-align: justify\">2. O PT tem sob o seu comando e alimenta com vultosas verbas p\u00fablicas uma entidade paramilitar, armada, clandestina e sem registro legal, treinada por t\u00e9cnicos estrangeiros para atividades de guerrilha, especializada em invadir e queimar propriedades rurais e em bloquear pela for\u00e7a o direito do cidad\u00e3o brasileiro de circular livremente pelo territ\u00f3rio nacional, e n\u00e3o hesita em convocar essa entidade, chamando-a mui apropriadamente de \u201cex\u00e9rcito\u201d, a mostrar o seu poder e interferir na pol\u00edtica nacional como instrumento de press\u00e3o e intimida\u00e7\u00e3o.<\/p>\n<p style=\"text-align: justify\"><!--more--><\/p>\n<p style=\"text-align: justify\">Isso viola a al\u00ednea IV da Lei dos Partidos Pol\u00edticos (\u201cmanter organiza\u00e7\u00e3o paramilitar\u201d), obrigando o STF a cancelar o registro do partido, mediante \u201cden\u00fancia de qualquer eleitor, de representante de partido, ou de representa\u00e7\u00e3o do Procurador-Geral Eleitoral\u201d.<br \/>\nO PT \u00e9 portanto um partido ilegal, cuja possibilidade de exist\u00eancia continuada s\u00f3 \u00e9 garantida por um conluio criminoso, regado a dinheiro p\u00fablico, do qual participam pol\u00edticos, ju\u00edzes e altos funcion\u00e1rios das estatais, tudo sob a prote\u00e7\u00e3o da \u201cgrande m\u00eddia\u201d.<\/p>\n<p style=\"text-align: justify\">3. O governo Dilma Rousseff concedeu empr\u00e9stimos ilegais a v\u00e1rias na\u00e7\u00f5es comunistas, violando o artigo 49 da Constitui\u00e7\u00e3o Federal, segundo o qual assinar tratados e compromissos internacionais que impliquem despesas para os cofres p\u00fablicos \u201c\u00e9 de compet\u00eancia exclusiva do Congresso Nacional\u201d. Reconhecendo cinicamente que esses empr\u00e9stimos s\u00e3o inconstitucionais e ilegais, o governo Rousseff ainda os tornou secretos, roubando ao Congresso e \u00e0 na\u00e7\u00e3o a mera possibilidade de investig\u00e1-los.<br \/>\nN\u00e3o poderia haver prova mais patente de crime de improbidade administrativa, tornando o impeachment da Sra. Rousseff n\u00e3o apenas legal, mas obrigat\u00f3rio, mesmo sem Mensal\u00e3o, Petrol\u00e3o e demais crimes coadjuvantes que esse governo jamais se eximiu de praticar.<\/p>\n<p style=\"text-align: justify\">Para maiores informa\u00e7\u00f5es, veja.<br \/>\n4. A sra. Rousseff deve o seu segundo mandato \u00e0 fraude eleitoral maci\u00e7a e ostensiva da apura\u00e7\u00e3o secreta dos votos, que nega o mais elementar princ\u00edpio de transpar\u00eancia sem o qual nenhuma elei\u00e7\u00e3o \u00e9 v\u00e1lida ou leg\u00edtima \u00e0 luz da raz\u00e3o e do Direito. Para dar viabilidade ao truque sujo, colocou na presid\u00eancia do Tribunal Eleitoral, ap\u00f3s t\u00ea-lo feito passar pelo STF, um advogado do seu partido e homem notoriamente desprovido das qualifica\u00e7\u00f5es para cargos superiores da magistratura.<\/p>\n<p style=\"text-align: justify\">Nessas condi\u00e7\u00f5es, proclamar, como o faz praticamente a totalidade da classe pol\u00edtica e da m\u00eddia, que a sra. Rousseff governa o pa\u00eds com base num mandato leg\u00edtimo e democraticamente institu\u00eddo \u00e9 atitude de uma mendacidade e de um cinismo que raiam a amoralidade psicop\u00e1tica pura e simples.<\/p>\n<p style=\"text-align: justify\">Cansados de esperar e implorar que o Congresso e as autoridades judici\u00e1rias fizessem cumprir a lei, dois ou tr\u00eas milh\u00f5es de cidad\u00e3os sa\u00edram \u00e0s ruas, no maior protesto pol\u00edtico de toda a nossa Hist\u00f3ria, apenas para ver, no dia seguinte, o governo, auxiliado pelos pol\u00edticos ditos \u201cde oposi\u00e7\u00e3o\u201d e pela m\u00eddia, tentar tirar proveito do seu pr\u00f3prio descr\u00e9dito e da sua pr\u00f3pria torpeza, utilizando-se da ira popular como pretexto para vender, de novo, a fraudulenta proposta da \u201creforma pol\u00edtica\u201d bolivariana.<br \/>\nCom toda a evid\u00eancia, a elite pol\u00edtica e midi\u00e1tica deste pa\u00eds entrou num pacto calculado para impor a autoridade do PT acima da Constitui\u00e7\u00e3o e das leis, incondicionalmente e sem possibilidade de discuss\u00e3o.<\/p>\n<p style=\"text-align: justify\">No tempo de Collor e FHC, qualquer passeata de umas dezenas de milhares de manifestantes, convocados e dirigidos por organiza\u00e7\u00f5es pol\u00edticas, era glorificada como \u201cclamor popular\u201d e alegada como raz\u00e3o iminente para um impeachment.<br \/>\nDois milh\u00f5es de pessoas clamando espontaneamente nas ruas pelo simples cumprimento das leis n\u00e3o bastam para demover essa elite da sua firme e inabal\u00e1vel decis\u00e3o de vender como \u201cdemocracia\u201d um ritual grotesco de legitima\u00e7\u00e3o do crime e da iniquidade.<\/p>\n<p style=\"text-align: justify\">A ruptura entre o povo e a elite mandante \u00e9 hoje profunda, radical e insan\u00e1vel. N\u00e3o h\u00e1 di\u00e1logo nem concilia\u00e7\u00e3o poss\u00edvel. A vida pol\u00edtica nacional tornou-se uma queda de bra\u00e7o entre os happyfew e a massa indignada, entre a palha\u00e7ada de cima e a realidade de baixo.\u00a0Mais dia, menos dia, a realidade vencer\u00e1, mas quanto sofrimento isso ainda vai custar aos brasileiros?<\/p>\n<p style=\"text-align: justify\"><em>Olavo de Carvalho<\/em><\/p>\n","protected":false},"excerpt":{"rendered":"<p>Olavo de Carvalho Os fatos s\u00e3o patentes e ineg\u00e1veis: 1. O PT \u00e9 filiado a uma organiza\u00e7\u00e3o estrangeira, o Foro de S\u00e3o Paulo, que ele reconhece como \u201ccoordena\u00e7\u00e3o estrat\u00e9gica da esquerda na Am\u00e9rica Latina\u201d (sic) e cujas resolu\u00e7\u00f5es, unanimemente assinadas nas suas assembleias anuais, ele acata e cumpre. Consultem-se, a respeito, o v\u00eddeo do III Congresso do partido (veja aqui), as atas das assembleias do Foro de S\u00e3o Paulo (leia aqui) e o discurso comemorativo pronunciado pelo sr. Lu\u00eds In\u00e1cio Lula da Silva, ent\u00e3o presidente da Rep\u00fablica, no d\u00e9cimo-quinto anivers\u00e1rio da entidade \u2013 discurso publicado na pr\u00f3pria p\u00e1gina oficial da Presid\u00eancia, depois comentado e linkado no meu artigo (leia aqui). As provas n\u00e3o poderiam ser mais abundantes nem mais inquestion\u00e1veis.&hellip; <\/p>\n","protected":false},"author":7,"featured_media":0,"comment_status":"open","ping_status":"open","sticky":false,"template":"","format":"standard","meta":{"_acf_changed":false,"footnotes":""},"categories":[30],"tags":[],"class_list":["post-119896","post","type-post","status-publish","format-standard","hentry","category-artigo"],"acf":[],"yoast_head":"<!-- This site is optimized with the Yoast SEO plugin v27.4 - https:\/\/yoast.com\/product\/yoast-seo-wordpress\/ -->\n<title>QUEDA DE BRA\u00c7O - Blog do Farn\u00e9sio<\/title>\n<meta name=\"robots\" content=\"index, follow, max-snippet:-1, max-image-preview:large, max-video-preview:-1\" \/>\n<link rel=\"canonical\" href=\"https:\/\/blogdofarnesio.com.br\/?p=119896\" \/>\n<meta property=\"og:locale\" content=\"pt_BR\" \/>\n<meta property=\"og:type\" content=\"article\" \/>\n<meta property=\"og:title\" content=\"QUEDA DE BRA\u00c7O - Blog do Farn\u00e9sio\" \/>\n<meta property=\"og:description\" content=\"Olavo de Carvalho Os fatos s\u00e3o patentes e ineg\u00e1veis: 1. O PT \u00e9 filiado a uma organiza\u00e7\u00e3o estrangeira, o Foro de S\u00e3o Paulo, que ele reconhece como \u201ccoordena\u00e7\u00e3o estrat\u00e9gica da esquerda na Am\u00e9rica Latina\u201d (sic) e cujas resolu\u00e7\u00f5es, unanimemente assinadas nas suas assembleias anuais, ele acata e cumpre. Consultem-se, a respeito, o v\u00eddeo do III Congresso do partido (veja aqui), as atas das assembleias do Foro de S\u00e3o Paulo (leia aqui) e o discurso comemorativo pronunciado pelo sr. Lu\u00eds In\u00e1cio Lula da Silva, ent\u00e3o presidente da Rep\u00fablica, no d\u00e9cimo-quinto anivers\u00e1rio da entidade \u2013 discurso publicado na pr\u00f3pria p\u00e1gina oficial da Presid\u00eancia, depois comentado e linkado no meu artigo (leia aqui). As provas n\u00e3o poderiam ser mais abundantes nem mais inquestion\u00e1veis.&hellip;\" \/>\n<meta property=\"og:url\" content=\"https:\/\/blogdofarnesio.com.br\/?p=119896\" \/>\n<meta property=\"og:site_name\" content=\"Blog do Farn\u00e9sio\" \/>\n<meta property=\"article:publisher\" content=\"https:\/\/www.facebook.com\/BlogQuerSaberPolitica\/\" \/>\n<meta property=\"article:published_time\" content=\"2015-03-20T14:32:12+00:00\" \/>\n<meta property=\"og:image\" content=\"http:\/\/www.quersaberpolitica.com.br\/2016\/wp-content\/uploads\/2015\/02\/blogqsp.Estrela-PT-300x285.gif\" \/>\n<meta name=\"twitter:card\" content=\"summary_large_image\" \/>\n<meta name=\"twitter:label1\" content=\"Escrito por\" \/>\n\t<meta name=\"twitter:data1\" content=\"\" \/>\n\t<meta name=\"twitter:label2\" content=\"Est. tempo de leitura\" \/>\n\t<meta name=\"twitter:data2\" content=\"5 minutos\" \/>\n<script type=\"application\/ld+json\" class=\"yoast-schema-graph\">{\"@context\":\"https:\\\/\\\/schema.org\",\"@graph\":[{\"@type\":\"Article\",\"@id\":\"https:\\\/\\\/blogdofarnesio.com.br\\\/?p=119896#article\",\"isPartOf\":{\"@id\":\"https:\\\/\\\/blogdofarnesio.com.br\\\/?p=119896\"},\"author\":{\"name\":\"\",\"@id\":\"\"},\"headline\":\"QUEDA DE BRA\u00c7O\",\"datePublished\":\"2015-03-20T14:32:12+00:00\",\"mainEntityOfPage\":{\"@id\":\"https:\\\/\\\/blogdofarnesio.com.br\\\/?p=119896\"},\"wordCount\":927,\"commentCount\":0,\"publisher\":{\"@id\":\"https:\\\/\\\/blogdofarnesio.com.br\\\/#organization\"},\"image\":{\"@id\":\"https:\\\/\\\/blogdofarnesio.com.br\\\/?p=119896#primaryimage\"},\"thumbnailUrl\":\"http:\\\/\\\/www.quersaberpolitica.com.br\\\/2016\\\/wp-content\\\/uploads\\\/2015\\\/02\\\/blogqsp.Estrela-PT-300x285.gif\",\"articleSection\":[\"Artigo\"],\"inLanguage\":\"pt-BR\",\"potentialAction\":[{\"@type\":\"CommentAction\",\"name\":\"Comment\",\"target\":[\"https:\\\/\\\/blogdofarnesio.com.br\\\/?p=119896#respond\"]}]},{\"@type\":\"WebPage\",\"@id\":\"https:\\\/\\\/blogdofarnesio.com.br\\\/?p=119896\",\"url\":\"https:\\\/\\\/blogdofarnesio.com.br\\\/?p=119896\",\"name\":\"QUEDA DE BRA\u00c7O - Blog do Farn\u00e9sio\",\"isPartOf\":{\"@id\":\"https:\\\/\\\/blogdofarnesio.com.br\\\/#website\"},\"primaryImageOfPage\":{\"@id\":\"https:\\\/\\\/blogdofarnesio.com.br\\\/?p=119896#primaryimage\"},\"image\":{\"@id\":\"https:\\\/\\\/blogdofarnesio.com.br\\\/?p=119896#primaryimage\"},\"thumbnailUrl\":\"http:\\\/\\\/www.quersaberpolitica.com.br\\\/2016\\\/wp-content\\\/uploads\\\/2015\\\/02\\\/blogqsp.Estrela-PT-300x285.gif\",\"datePublished\":\"2015-03-20T14:32:12+00:00\",\"breadcrumb\":{\"@id\":\"https:\\\/\\\/blogdofarnesio.com.br\\\/?p=119896#breadcrumb\"},\"inLanguage\":\"pt-BR\",\"potentialAction\":[{\"@type\":\"ReadAction\",\"target\":[\"https:\\\/\\\/blogdofarnesio.com.br\\\/?p=119896\"]}]},{\"@type\":\"ImageObject\",\"inLanguage\":\"pt-BR\",\"@id\":\"https:\\\/\\\/blogdofarnesio.com.br\\\/?p=119896#primaryimage\",\"url\":\"http:\\\/\\\/www.quersaberpolitica.com.br\\\/2016\\\/wp-content\\\/uploads\\\/2015\\\/02\\\/blogqsp.Estrela-PT-300x285.gif\",\"contentUrl\":\"http:\\\/\\\/www.quersaberpolitica.com.br\\\/2016\\\/wp-content\\\/uploads\\\/2015\\\/02\\\/blogqsp.Estrela-PT-300x285.gif\"},{\"@type\":\"BreadcrumbList\",\"@id\":\"https:\\\/\\\/blogdofarnesio.com.br\\\/?p=119896#breadcrumb\",\"itemListElement\":[{\"@type\":\"ListItem\",\"position\":1,\"name\":\"In\u00edcio\",\"item\":\"https:\\\/\\\/blogdofarnesio.com.br\\\/\"},{\"@type\":\"ListItem\",\"position\":2,\"name\":\"QUEDA DE BRA\u00c7O\"}]},{\"@type\":\"WebSite\",\"@id\":\"https:\\\/\\\/blogdofarnesio.com.br\\\/#website\",\"url\":\"https:\\\/\\\/blogdofarnesio.com.br\\\/\",\"name\":\"Blog do Farn\u00e9sio\",\"description\":\"Quer Saber Pol\u00edtica?\",\"publisher\":{\"@id\":\"https:\\\/\\\/blogdofarnesio.com.br\\\/#organization\"},\"potentialAction\":[{\"@type\":\"SearchAction\",\"target\":{\"@type\":\"EntryPoint\",\"urlTemplate\":\"https:\\\/\\\/blogdofarnesio.com.br\\\/?s={search_term_string}\"},\"query-input\":{\"@type\":\"PropertyValueSpecification\",\"valueRequired\":true,\"valueName\":\"search_term_string\"}}],\"inLanguage\":\"pt-BR\"},{\"@type\":\"Organization\",\"@id\":\"https:\\\/\\\/blogdofarnesio.com.br\\\/#organization\",\"name\":\"Blog do Farn\u00e9sio\",\"url\":\"https:\\\/\\\/blogdofarnesio.com.br\\\/\",\"logo\":{\"@type\":\"ImageObject\",\"inLanguage\":\"pt-BR\",\"@id\":\"https:\\\/\\\/blogdofarnesio.com.br\\\/#\\\/schema\\\/logo\\\/image\\\/\",\"url\":\"https:\\\/\\\/blogdofarnesio.com.br\\\/wp-content\\\/uploads\\\/2026\\\/03\\\/cropped-logo_new-1.png\",\"contentUrl\":\"https:\\\/\\\/blogdofarnesio.com.br\\\/wp-content\\\/uploads\\\/2026\\\/03\\\/cropped-logo_new-1.png\",\"width\":881,\"height\":685,\"caption\":\"Blog do Farn\u00e9sio\"},\"image\":{\"@id\":\"https:\\\/\\\/blogdofarnesio.com.br\\\/#\\\/schema\\\/logo\\\/image\\\/\"},\"sameAs\":[\"https:\\\/\\\/www.facebook.com\\\/BlogQuerSaberPolitica\\\/\"]},{\"@type\":\"Person\",\"@id\":\"\",\"url\":\"https:\\\/\\\/blogdofarnesio.com.br\\\/?author=7\"}]}<\/script>\n<!-- \/ Yoast SEO plugin. -->","yoast_head_json":{"title":"QUEDA DE BRA\u00c7O - Blog do Farn\u00e9sio","robots":{"index":"index","follow":"follow","max-snippet":"max-snippet:-1","max-image-preview":"max-image-preview:large","max-video-preview":"max-video-preview:-1"},"canonical":"https:\/\/blogdofarnesio.com.br\/?p=119896","og_locale":"pt_BR","og_type":"article","og_title":"QUEDA DE BRA\u00c7O - Blog do Farn\u00e9sio","og_description":"Olavo de Carvalho Os fatos s\u00e3o patentes e ineg\u00e1veis: 1. O PT \u00e9 filiado a uma organiza\u00e7\u00e3o estrangeira, o Foro de S\u00e3o Paulo, que ele reconhece como \u201ccoordena\u00e7\u00e3o estrat\u00e9gica da esquerda na Am\u00e9rica Latina\u201d (sic) e cujas resolu\u00e7\u00f5es, unanimemente assinadas nas suas assembleias anuais, ele acata e cumpre. Consultem-se, a respeito, o v\u00eddeo do III Congresso do partido (veja aqui), as atas das assembleias do Foro de S\u00e3o Paulo (leia aqui) e o discurso comemorativo pronunciado pelo sr. Lu\u00eds In\u00e1cio Lula da Silva, ent\u00e3o presidente da Rep\u00fablica, no d\u00e9cimo-quinto anivers\u00e1rio da entidade \u2013 discurso publicado na pr\u00f3pria p\u00e1gina oficial da Presid\u00eancia, depois comentado e linkado no meu artigo (leia aqui). As provas n\u00e3o poderiam ser mais abundantes nem mais inquestion\u00e1veis.&hellip;","og_url":"https:\/\/blogdofarnesio.com.br\/?p=119896","og_site_name":"Blog do Farn\u00e9sio","article_publisher":"https:\/\/www.facebook.com\/BlogQuerSaberPolitica\/","article_published_time":"2015-03-20T14:32:12+00:00","og_image":[{"url":"http:\/\/www.quersaberpolitica.com.br\/2016\/wp-content\/uploads\/2015\/02\/blogqsp.Estrela-PT-300x285.gif","type":"","width":"","height":""}],"twitter_card":"summary_large_image","twitter_misc":{"Escrito por":"","Est. tempo de leitura":"5 minutos"},"schema":{"@context":"https:\/\/schema.org","@graph":[{"@type":"Article","@id":"https:\/\/blogdofarnesio.com.br\/?p=119896#article","isPartOf":{"@id":"https:\/\/blogdofarnesio.com.br\/?p=119896"},"author":{"name":"","@id":""},"headline":"QUEDA DE BRA\u00c7O","datePublished":"2015-03-20T14:32:12+00:00","mainEntityOfPage":{"@id":"https:\/\/blogdofarnesio.com.br\/?p=119896"},"wordCount":927,"commentCount":0,"publisher":{"@id":"https:\/\/blogdofarnesio.com.br\/#organization"},"image":{"@id":"https:\/\/blogdofarnesio.com.br\/?p=119896#primaryimage"},"thumbnailUrl":"http:\/\/www.quersaberpolitica.com.br\/2016\/wp-content\/uploads\/2015\/02\/blogqsp.Estrela-PT-300x285.gif","articleSection":["Artigo"],"inLanguage":"pt-BR","potentialAction":[{"@type":"CommentAction","name":"Comment","target":["https:\/\/blogdofarnesio.com.br\/?p=119896#respond"]}]},{"@type":"WebPage","@id":"https:\/\/blogdofarnesio.com.br\/?p=119896","url":"https:\/\/blogdofarnesio.com.br\/?p=119896","name":"QUEDA DE BRA\u00c7O - Blog do Farn\u00e9sio","isPartOf":{"@id":"https:\/\/blogdofarnesio.com.br\/#website"},"primaryImageOfPage":{"@id":"https:\/\/blogdofarnesio.com.br\/?p=119896#primaryimage"},"image":{"@id":"https:\/\/blogdofarnesio.com.br\/?p=119896#primaryimage"},"thumbnailUrl":"http:\/\/www.quersaberpolitica.com.br\/2016\/wp-content\/uploads\/2015\/02\/blogqsp.Estrela-PT-300x285.gif","datePublished":"2015-03-20T14:32:12+00:00","breadcrumb":{"@id":"https:\/\/blogdofarnesio.com.br\/?p=119896#breadcrumb"},"inLanguage":"pt-BR","potentialAction":[{"@type":"ReadAction","target":["https:\/\/blogdofarnesio.com.br\/?p=119896"]}]},{"@type":"ImageObject","inLanguage":"pt-BR","@id":"https:\/\/blogdofarnesio.com.br\/?p=119896#primaryimage","url":"http:\/\/www.quersaberpolitica.com.br\/2016\/wp-content\/uploads\/2015\/02\/blogqsp.Estrela-PT-300x285.gif","contentUrl":"http:\/\/www.quersaberpolitica.com.br\/2016\/wp-content\/uploads\/2015\/02\/blogqsp.Estrela-PT-300x285.gif"},{"@type":"BreadcrumbList","@id":"https:\/\/blogdofarnesio.com.br\/?p=119896#breadcrumb","itemListElement":[{"@type":"ListItem","position":1,"name":"In\u00edcio","item":"https:\/\/blogdofarnesio.com.br\/"},{"@type":"ListItem","position":2,"name":"QUEDA DE BRA\u00c7O"}]},{"@type":"WebSite","@id":"https:\/\/blogdofarnesio.com.br\/#website","url":"https:\/\/blogdofarnesio.com.br\/","name":"Blog do Farn\u00e9sio","description":"Quer Saber Pol\u00edtica?","publisher":{"@id":"https:\/\/blogdofarnesio.com.br\/#organization"},"potentialAction":[{"@type":"SearchAction","target":{"@type":"EntryPoint","urlTemplate":"https:\/\/blogdofarnesio.com.br\/?s={search_term_string}"},"query-input":{"@type":"PropertyValueSpecification","valueRequired":true,"valueName":"search_term_string"}}],"inLanguage":"pt-BR"},{"@type":"Organization","@id":"https:\/\/blogdofarnesio.com.br\/#organization","name":"Blog do Farn\u00e9sio","url":"https:\/\/blogdofarnesio.com.br\/","logo":{"@type":"ImageObject","inLanguage":"pt-BR","@id":"https:\/\/blogdofarnesio.com.br\/#\/schema\/logo\/image\/","url":"https:\/\/blogdofarnesio.com.br\/wp-content\/uploads\/2026\/03\/cropped-logo_new-1.png","contentUrl":"https:\/\/blogdofarnesio.com.br\/wp-content\/uploads\/2026\/03\/cropped-logo_new-1.png","width":881,"height":685,"caption":"Blog do Farn\u00e9sio"},"image":{"@id":"https:\/\/blogdofarnesio.com.br\/#\/schema\/logo\/image\/"},"sameAs":["https:\/\/www.facebook.com\/BlogQuerSaberPolitica\/"]},{"@type":"Person","@id":"","url":"https:\/\/blogdofarnesio.com.br\/?author=7"}]}},"_links":{"self":[{"href":"https:\/\/blogdofarnesio.com.br\/index.php?rest_route=\/wp\/v2\/posts\/119896","targetHints":{"allow":["GET"]}}],"collection":[{"href":"https:\/\/blogdofarnesio.com.br\/index.php?rest_route=\/wp\/v2\/posts"}],"about":[{"href":"https:\/\/blogdofarnesio.com.br\/index.php?rest_route=\/wp\/v2\/types\/post"}],"author":[{"embeddable":true,"href":"https:\/\/blogdofarnesio.com.br\/index.php?rest_route=\/wp\/v2\/users\/7"}],"replies":[{"embeddable":true,"href":"https:\/\/blogdofarnesio.com.br\/index.php?rest_route=%2Fwp%2Fv2%2Fcomments&post=119896"}],"version-history":[{"count":0,"href":"https:\/\/blogdofarnesio.com.br\/index.php?rest_route=\/wp\/v2\/posts\/119896\/revisions"}],"wp:attachment":[{"href":"https:\/\/blogdofarnesio.com.br\/index.php?rest_route=%2Fwp%2Fv2%2Fmedia&parent=119896"}],"wp:term":[{"taxonomy":"category","embeddable":true,"href":"https:\/\/blogdofarnesio.com.br\/index.php?rest_route=%2Fwp%2Fv2%2Fcategories&post=119896"},{"taxonomy":"post_tag","embeddable":true,"href":"https:\/\/blogdofarnesio.com.br\/index.php?rest_route=%2Fwp%2Fv2%2Ftags&post=119896"}],"curies":[{"name":"wp","href":"https:\/\/api.w.org\/{rel}","templated":true}]}}