{"id":119642,"date":"2015-03-18T11:33:28","date_gmt":"2015-03-18T14:33:28","guid":{"rendered":"http:\/\/www.quersaberpolitica.com.br\/?p=119642"},"modified":"2015-03-18T09:43:18","modified_gmt":"2015-03-18T12:43:18","slug":"fernando-bezerra-coelho-propoe-ao-governo-programa-para-evitar-desemprego","status":"publish","type":"post","link":"https:\/\/blogdofarnesio.com.br\/?p=119642","title":{"rendered":"FERNANDO BEZERRA COELHO PROP\u00d5E AO GOVERNO PROGRAMA PARA EVITAR DESEMPREGO"},"content":{"rendered":"<p style=\"text-align: justify\"><a href=\"http:\/\/www.quersaberpolitica.com.br\/2016\/wp-content\/uploads\/2013\/10\/MG_4218.jpg\"><img loading=\"lazy\" decoding=\"async\" class=\"size-full wp-image-61109 alignleft\" alt=\"blogqsp.fbc\" src=\"http:\/\/www.quersaberpolitica.com.br\/2016\/wp-content\/uploads\/2013\/10\/MG_4218.jpg\" width=\"300\" height=\"200\" \/><\/a>O senador Fernando Bezerra Coelho (PSB) defendeu junto ao Governo Federal que seja desenvolvido um Programa de Sustenta\u00e7\u00e3o do Emprego, como um dos caminhos para a recupera\u00e7\u00e3o da economia brasileira.<\/p>\n<p style=\"text-align: justify\">Para o Senador, o setor produtivo deve ser poupado dos ajustes fiscais anunciados pelo Governo.<\/p>\n<p style=\"text-align: justify\">&#8220;Me parece justo e adequado\u00a0firmarmos\u00a0este ajuste fiscal apenas na \u00e1rea das despesas para n\u00e3o sobrecarregarmos a produ\u00e7\u00e3o, tendo em vista que o\u00a0ambiente de neg\u00f3cios j\u00e1 est\u00e1 t\u00e3o deteriorado&#8221;,\u00a0observou o senador,\u00a0ao demonstrar forte preocupa\u00e7\u00e3o com\u00a0um poss\u00edvel aumento do desemprego no decorrer do que ele classificou como &#8220;um ano de travessia e ajustes&#8221;.<\/p>\n<p style=\"text-align: justify\">Fernando refor\u00e7ou a\u00a0necessidade de o Governo\u00a0tamb\u00e9m garantir e ampliar\u00a0investimentos\u00a0no\u00a0setor de infraestrutura, dando prioridade\u00a0\u00e0 conclus\u00e3o de obras\u00a0abrangidas pelas fases 1 e 2 do\u00a0Programa\u00a0de Acelera\u00e7\u00e3o do Crescimento (PAC), com destaque para o\u00a0chamado PAC de Recursos H\u00eddricos. &#8220;\u00c9 preciso\u00a0dar prioridade\u00a0\u00e0 conclus\u00e3o da Transposi\u00e7\u00e3o (do Rio\u00a0S\u00e3o Francisco); do Cintur\u00e3o das \u00c1guas, no Cear\u00e1;\u00a0\u00e0 Adutora do Agreste, em Pernambuco, e \u00e0\u00a0Vertente Litor\u00e2nea, na Para\u00edba&#8221;, destacou. As propostas do Senador foram encaminhadas ao ministro do Planejamento, Nelson Barbosa, durante a reuni\u00e3o da Comiss\u00e3o de Assuntos Econ\u00f4micos do Senado, ontem em Bras\u00edlia.<\/p>\n","protected":false},"excerpt":{"rendered":"<p>O senador Fernando Bezerra Coelho (PSB) defendeu junto ao Governo Federal que seja desenvolvido um Programa de Sustenta\u00e7\u00e3o do Emprego, como um dos caminhos para a recupera\u00e7\u00e3o da economia brasileira. Para o Senador, o setor produtivo deve ser poupado dos ajustes fiscais anunciados pelo Governo. &#8220;Me parece justo e adequado\u00a0firmarmos\u00a0este ajuste fiscal apenas na \u00e1rea das despesas para n\u00e3o sobrecarregarmos a produ\u00e7\u00e3o, tendo em vista que o\u00a0ambiente de neg\u00f3cios j\u00e1 est\u00e1 t\u00e3o deteriorado&#8221;,\u00a0observou o senador,\u00a0ao demonstrar forte preocupa\u00e7\u00e3o com\u00a0um poss\u00edvel aumento do desemprego no decorrer do que ele classificou como &#8220;um ano de travessia e ajustes&#8221;. Fernando refor\u00e7ou a\u00a0necessidade de o Governo\u00a0tamb\u00e9m garantir e ampliar\u00a0investimentos\u00a0no\u00a0setor de infraestrutura, dando prioridade\u00a0\u00e0 conclus\u00e3o de obras\u00a0abrangidas pelas fases 1 e 2 do\u00a0Programa\u00a0de Acelera\u00e7\u00e3o do&hellip; <\/p>\n","protected":false},"author":7,"featured_media":0,"comment_status":"open","ping_status":"open","sticky":false,"template":"","format":"standard","meta":{"_acf_changed":false,"footnotes":""},"categories":[1],"tags":[],"class_list":["post-119642","post","type-post","status-publish","format-standard","hentry","category-politica"],"acf":[],"yoast_head":"<!-- This site is optimized with the Yoast SEO plugin v27.4 - https:\/\/yoast.com\/product\/yoast-seo-wordpress\/ -->\n<title>FERNANDO BEZERRA COELHO PROP\u00d5E AO GOVERNO PROGRAMA PARA EVITAR DESEMPREGO - Blog do Farn\u00e9sio<\/title>\n<meta name=\"robots\" content=\"index, follow, max-snippet:-1, max-image-preview:large, max-video-preview:-1\" \/>\n<link rel=\"canonical\" href=\"https:\/\/blogdofarnesio.com.br\/?p=119642\" \/>\n<meta property=\"og:locale\" content=\"pt_BR\" \/>\n<meta property=\"og:type\" content=\"article\" \/>\n<meta property=\"og:title\" content=\"FERNANDO BEZERRA COELHO PROP\u00d5E AO GOVERNO PROGRAMA PARA EVITAR DESEMPREGO - Blog do Farn\u00e9sio\" \/>\n<meta property=\"og:description\" content=\"O senador Fernando Bezerra Coelho (PSB) defendeu junto ao Governo Federal que seja desenvolvido um Programa de Sustenta\u00e7\u00e3o do Emprego, como um dos caminhos para a recupera\u00e7\u00e3o da economia brasileira. Para o Senador, o setor produtivo deve ser poupado dos ajustes fiscais anunciados pelo Governo. &#8220;Me parece justo e adequado\u00a0firmarmos\u00a0este ajuste fiscal apenas na \u00e1rea das despesas para n\u00e3o sobrecarregarmos a produ\u00e7\u00e3o, tendo em vista que o\u00a0ambiente de neg\u00f3cios j\u00e1 est\u00e1 t\u00e3o deteriorado&#8221;,\u00a0observou o senador,\u00a0ao demonstrar forte preocupa\u00e7\u00e3o com\u00a0um poss\u00edvel aumento do desemprego no decorrer do que ele classificou como &#8220;um ano de travessia e ajustes&#8221;. Fernando refor\u00e7ou a\u00a0necessidade de o Governo\u00a0tamb\u00e9m garantir e ampliar\u00a0investimentos\u00a0no\u00a0setor de infraestrutura, dando prioridade\u00a0\u00e0 conclus\u00e3o de obras\u00a0abrangidas pelas fases 1 e 2 do\u00a0Programa\u00a0de Acelera\u00e7\u00e3o do&hellip;\" \/>\n<meta property=\"og:url\" content=\"https:\/\/blogdofarnesio.com.br\/?p=119642\" \/>\n<meta property=\"og:site_name\" content=\"Blog do Farn\u00e9sio\" \/>\n<meta property=\"article:publisher\" content=\"https:\/\/www.facebook.com\/BlogQuerSaberPolitica\/\" \/>\n<meta property=\"article:published_time\" content=\"2015-03-18T14:33:28+00:00\" \/>\n<meta property=\"og:image\" content=\"http:\/\/www.quersaberpolitica.com.br\/2016\/wp-content\/uploads\/2013\/10\/MG_4218.jpg\" \/>\n<meta name=\"twitter:card\" content=\"summary_large_image\" \/>\n<meta name=\"twitter:label1\" content=\"Escrito por\" \/>\n\t<meta name=\"twitter:data1\" content=\"\" \/>\n\t<meta name=\"twitter:label2\" content=\"Est. tempo de leitura\" \/>\n\t<meta name=\"twitter:data2\" content=\"1 minuto\" \/>\n<script type=\"application\/ld+json\" class=\"yoast-schema-graph\">{\"@context\":\"https:\\\/\\\/schema.org\",\"@graph\":[{\"@type\":\"Article\",\"@id\":\"https:\\\/\\\/blogdofarnesio.com.br\\\/?p=119642#article\",\"isPartOf\":{\"@id\":\"https:\\\/\\\/blogdofarnesio.com.br\\\/?p=119642\"},\"author\":{\"name\":\"\",\"@id\":\"\"},\"headline\":\"FERNANDO BEZERRA COELHO PROP\u00d5E AO GOVERNO PROGRAMA PARA EVITAR DESEMPREGO\",\"datePublished\":\"2015-03-18T14:33:28+00:00\",\"mainEntityOfPage\":{\"@id\":\"https:\\\/\\\/blogdofarnesio.com.br\\\/?p=119642\"},\"wordCount\":229,\"commentCount\":0,\"publisher\":{\"@id\":\"https:\\\/\\\/blogdofarnesio.com.br\\\/#organization\"},\"image\":{\"@id\":\"https:\\\/\\\/blogdofarnesio.com.br\\\/?p=119642#primaryimage\"},\"thumbnailUrl\":\"http:\\\/\\\/www.quersaberpolitica.com.br\\\/2016\\\/wp-content\\\/uploads\\\/2013\\\/10\\\/MG_4218.jpg\",\"articleSection\":[\"Pol\u00edtica\"],\"inLanguage\":\"pt-BR\",\"potentialAction\":[{\"@type\":\"CommentAction\",\"name\":\"Comment\",\"target\":[\"https:\\\/\\\/blogdofarnesio.com.br\\\/?p=119642#respond\"]}]},{\"@type\":\"WebPage\",\"@id\":\"https:\\\/\\\/blogdofarnesio.com.br\\\/?p=119642\",\"url\":\"https:\\\/\\\/blogdofarnesio.com.br\\\/?p=119642\",\"name\":\"FERNANDO BEZERRA COELHO PROP\u00d5E AO GOVERNO PROGRAMA PARA EVITAR DESEMPREGO - Blog do Farn\u00e9sio\",\"isPartOf\":{\"@id\":\"https:\\\/\\\/blogdofarnesio.com.br\\\/#website\"},\"primaryImageOfPage\":{\"@id\":\"https:\\\/\\\/blogdofarnesio.com.br\\\/?p=119642#primaryimage\"},\"image\":{\"@id\":\"https:\\\/\\\/blogdofarnesio.com.br\\\/?p=119642#primaryimage\"},\"thumbnailUrl\":\"http:\\\/\\\/www.quersaberpolitica.com.br\\\/2016\\\/wp-content\\\/uploads\\\/2013\\\/10\\\/MG_4218.jpg\",\"datePublished\":\"2015-03-18T14:33:28+00:00\",\"breadcrumb\":{\"@id\":\"https:\\\/\\\/blogdofarnesio.com.br\\\/?p=119642#breadcrumb\"},\"inLanguage\":\"pt-BR\",\"potentialAction\":[{\"@type\":\"ReadAction\",\"target\":[\"https:\\\/\\\/blogdofarnesio.com.br\\\/?p=119642\"]}]},{\"@type\":\"ImageObject\",\"inLanguage\":\"pt-BR\",\"@id\":\"https:\\\/\\\/blogdofarnesio.com.br\\\/?p=119642#primaryimage\",\"url\":\"http:\\\/\\\/www.quersaberpolitica.com.br\\\/2016\\\/wp-content\\\/uploads\\\/2013\\\/10\\\/MG_4218.jpg\",\"contentUrl\":\"http:\\\/\\\/www.quersaberpolitica.com.br\\\/2016\\\/wp-content\\\/uploads\\\/2013\\\/10\\\/MG_4218.jpg\"},{\"@type\":\"BreadcrumbList\",\"@id\":\"https:\\\/\\\/blogdofarnesio.com.br\\\/?p=119642#breadcrumb\",\"itemListElement\":[{\"@type\":\"ListItem\",\"position\":1,\"name\":\"In\u00edcio\",\"item\":\"https:\\\/\\\/blogdofarnesio.com.br\\\/\"},{\"@type\":\"ListItem\",\"position\":2,\"name\":\"FERNANDO BEZERRA COELHO PROP\u00d5E AO GOVERNO PROGRAMA PARA EVITAR DESEMPREGO\"}]},{\"@type\":\"WebSite\",\"@id\":\"https:\\\/\\\/blogdofarnesio.com.br\\\/#website\",\"url\":\"https:\\\/\\\/blogdofarnesio.com.br\\\/\",\"name\":\"Blog do Farn\u00e9sio\",\"description\":\"Quer Saber Pol\u00edtica?\",\"publisher\":{\"@id\":\"https:\\\/\\\/blogdofarnesio.com.br\\\/#organization\"},\"potentialAction\":[{\"@type\":\"SearchAction\",\"target\":{\"@type\":\"EntryPoint\",\"urlTemplate\":\"https:\\\/\\\/blogdofarnesio.com.br\\\/?s={search_term_string}\"},\"query-input\":{\"@type\":\"PropertyValueSpecification\",\"valueRequired\":true,\"valueName\":\"search_term_string\"}}],\"inLanguage\":\"pt-BR\"},{\"@type\":\"Organization\",\"@id\":\"https:\\\/\\\/blogdofarnesio.com.br\\\/#organization\",\"name\":\"Blog do Farn\u00e9sio\",\"url\":\"https:\\\/\\\/blogdofarnesio.com.br\\\/\",\"logo\":{\"@type\":\"ImageObject\",\"inLanguage\":\"pt-BR\",\"@id\":\"https:\\\/\\\/blogdofarnesio.com.br\\\/#\\\/schema\\\/logo\\\/image\\\/\",\"url\":\"https:\\\/\\\/blogdofarnesio.com.br\\\/wp-content\\\/uploads\\\/2026\\\/03\\\/cropped-logo_new-1.png\",\"contentUrl\":\"https:\\\/\\\/blogdofarnesio.com.br\\\/wp-content\\\/uploads\\\/2026\\\/03\\\/cropped-logo_new-1.png\",\"width\":881,\"height\":685,\"caption\":\"Blog do Farn\u00e9sio\"},\"image\":{\"@id\":\"https:\\\/\\\/blogdofarnesio.com.br\\\/#\\\/schema\\\/logo\\\/image\\\/\"},\"sameAs\":[\"https:\\\/\\\/www.facebook.com\\\/BlogQuerSaberPolitica\\\/\"]},{\"@type\":\"Person\",\"@id\":\"\",\"url\":\"https:\\\/\\\/blogdofarnesio.com.br\\\/?author=7\"}]}<\/script>\n<!-- \/ Yoast SEO plugin. -->","yoast_head_json":{"title":"FERNANDO BEZERRA COELHO PROP\u00d5E AO GOVERNO PROGRAMA PARA EVITAR DESEMPREGO - Blog do Farn\u00e9sio","robots":{"index":"index","follow":"follow","max-snippet":"max-snippet:-1","max-image-preview":"max-image-preview:large","max-video-preview":"max-video-preview:-1"},"canonical":"https:\/\/blogdofarnesio.com.br\/?p=119642","og_locale":"pt_BR","og_type":"article","og_title":"FERNANDO BEZERRA COELHO PROP\u00d5E AO GOVERNO PROGRAMA PARA EVITAR DESEMPREGO - Blog do Farn\u00e9sio","og_description":"O senador Fernando Bezerra Coelho (PSB) defendeu junto ao Governo Federal que seja desenvolvido um Programa de Sustenta\u00e7\u00e3o do Emprego, como um dos caminhos para a recupera\u00e7\u00e3o da economia brasileira. Para o Senador, o setor produtivo deve ser poupado dos ajustes fiscais anunciados pelo Governo. &#8220;Me parece justo e adequado\u00a0firmarmos\u00a0este ajuste fiscal apenas na \u00e1rea das despesas para n\u00e3o sobrecarregarmos a produ\u00e7\u00e3o, tendo em vista que o\u00a0ambiente de neg\u00f3cios j\u00e1 est\u00e1 t\u00e3o deteriorado&#8221;,\u00a0observou o senador,\u00a0ao demonstrar forte preocupa\u00e7\u00e3o com\u00a0um poss\u00edvel aumento do desemprego no decorrer do que ele classificou como &#8220;um ano de travessia e ajustes&#8221;. Fernando refor\u00e7ou a\u00a0necessidade de o Governo\u00a0tamb\u00e9m garantir e ampliar\u00a0investimentos\u00a0no\u00a0setor de infraestrutura, dando prioridade\u00a0\u00e0 conclus\u00e3o de obras\u00a0abrangidas pelas fases 1 e 2 do\u00a0Programa\u00a0de Acelera\u00e7\u00e3o do&hellip;","og_url":"https:\/\/blogdofarnesio.com.br\/?p=119642","og_site_name":"Blog do Farn\u00e9sio","article_publisher":"https:\/\/www.facebook.com\/BlogQuerSaberPolitica\/","article_published_time":"2015-03-18T14:33:28+00:00","og_image":[{"url":"http:\/\/www.quersaberpolitica.com.br\/2016\/wp-content\/uploads\/2013\/10\/MG_4218.jpg","type":"","width":"","height":""}],"twitter_card":"summary_large_image","twitter_misc":{"Escrito por":"","Est. tempo de leitura":"1 minuto"},"schema":{"@context":"https:\/\/schema.org","@graph":[{"@type":"Article","@id":"https:\/\/blogdofarnesio.com.br\/?p=119642#article","isPartOf":{"@id":"https:\/\/blogdofarnesio.com.br\/?p=119642"},"author":{"name":"","@id":""},"headline":"FERNANDO BEZERRA COELHO PROP\u00d5E AO GOVERNO PROGRAMA PARA EVITAR DESEMPREGO","datePublished":"2015-03-18T14:33:28+00:00","mainEntityOfPage":{"@id":"https:\/\/blogdofarnesio.com.br\/?p=119642"},"wordCount":229,"commentCount":0,"publisher":{"@id":"https:\/\/blogdofarnesio.com.br\/#organization"},"image":{"@id":"https:\/\/blogdofarnesio.com.br\/?p=119642#primaryimage"},"thumbnailUrl":"http:\/\/www.quersaberpolitica.com.br\/2016\/wp-content\/uploads\/2013\/10\/MG_4218.jpg","articleSection":["Pol\u00edtica"],"inLanguage":"pt-BR","potentialAction":[{"@type":"CommentAction","name":"Comment","target":["https:\/\/blogdofarnesio.com.br\/?p=119642#respond"]}]},{"@type":"WebPage","@id":"https:\/\/blogdofarnesio.com.br\/?p=119642","url":"https:\/\/blogdofarnesio.com.br\/?p=119642","name":"FERNANDO BEZERRA COELHO PROP\u00d5E AO GOVERNO PROGRAMA PARA EVITAR DESEMPREGO - Blog do Farn\u00e9sio","isPartOf":{"@id":"https:\/\/blogdofarnesio.com.br\/#website"},"primaryImageOfPage":{"@id":"https:\/\/blogdofarnesio.com.br\/?p=119642#primaryimage"},"image":{"@id":"https:\/\/blogdofarnesio.com.br\/?p=119642#primaryimage"},"thumbnailUrl":"http:\/\/www.quersaberpolitica.com.br\/2016\/wp-content\/uploads\/2013\/10\/MG_4218.jpg","datePublished":"2015-03-18T14:33:28+00:00","breadcrumb":{"@id":"https:\/\/blogdofarnesio.com.br\/?p=119642#breadcrumb"},"inLanguage":"pt-BR","potentialAction":[{"@type":"ReadAction","target":["https:\/\/blogdofarnesio.com.br\/?p=119642"]}]},{"@type":"ImageObject","inLanguage":"pt-BR","@id":"https:\/\/blogdofarnesio.com.br\/?p=119642#primaryimage","url":"http:\/\/www.quersaberpolitica.com.br\/2016\/wp-content\/uploads\/2013\/10\/MG_4218.jpg","contentUrl":"http:\/\/www.quersaberpolitica.com.br\/2016\/wp-content\/uploads\/2013\/10\/MG_4218.jpg"},{"@type":"BreadcrumbList","@id":"https:\/\/blogdofarnesio.com.br\/?p=119642#breadcrumb","itemListElement":[{"@type":"ListItem","position":1,"name":"In\u00edcio","item":"https:\/\/blogdofarnesio.com.br\/"},{"@type":"ListItem","position":2,"name":"FERNANDO BEZERRA COELHO PROP\u00d5E AO GOVERNO PROGRAMA PARA EVITAR DESEMPREGO"}]},{"@type":"WebSite","@id":"https:\/\/blogdofarnesio.com.br\/#website","url":"https:\/\/blogdofarnesio.com.br\/","name":"Blog do Farn\u00e9sio","description":"Quer Saber Pol\u00edtica?","publisher":{"@id":"https:\/\/blogdofarnesio.com.br\/#organization"},"potentialAction":[{"@type":"SearchAction","target":{"@type":"EntryPoint","urlTemplate":"https:\/\/blogdofarnesio.com.br\/?s={search_term_string}"},"query-input":{"@type":"PropertyValueSpecification","valueRequired":true,"valueName":"search_term_string"}}],"inLanguage":"pt-BR"},{"@type":"Organization","@id":"https:\/\/blogdofarnesio.com.br\/#organization","name":"Blog do Farn\u00e9sio","url":"https:\/\/blogdofarnesio.com.br\/","logo":{"@type":"ImageObject","inLanguage":"pt-BR","@id":"https:\/\/blogdofarnesio.com.br\/#\/schema\/logo\/image\/","url":"https:\/\/blogdofarnesio.com.br\/wp-content\/uploads\/2026\/03\/cropped-logo_new-1.png","contentUrl":"https:\/\/blogdofarnesio.com.br\/wp-content\/uploads\/2026\/03\/cropped-logo_new-1.png","width":881,"height":685,"caption":"Blog do Farn\u00e9sio"},"image":{"@id":"https:\/\/blogdofarnesio.com.br\/#\/schema\/logo\/image\/"},"sameAs":["https:\/\/www.facebook.com\/BlogQuerSaberPolitica\/"]},{"@type":"Person","@id":"","url":"https:\/\/blogdofarnesio.com.br\/?author=7"}]}},"_links":{"self":[{"href":"https:\/\/blogdofarnesio.com.br\/index.php?rest_route=\/wp\/v2\/posts\/119642","targetHints":{"allow":["GET"]}}],"collection":[{"href":"https:\/\/blogdofarnesio.com.br\/index.php?rest_route=\/wp\/v2\/posts"}],"about":[{"href":"https:\/\/blogdofarnesio.com.br\/index.php?rest_route=\/wp\/v2\/types\/post"}],"author":[{"embeddable":true,"href":"https:\/\/blogdofarnesio.com.br\/index.php?rest_route=\/wp\/v2\/users\/7"}],"replies":[{"embeddable":true,"href":"https:\/\/blogdofarnesio.com.br\/index.php?rest_route=%2Fwp%2Fv2%2Fcomments&post=119642"}],"version-history":[{"count":0,"href":"https:\/\/blogdofarnesio.com.br\/index.php?rest_route=\/wp\/v2\/posts\/119642\/revisions"}],"wp:attachment":[{"href":"https:\/\/blogdofarnesio.com.br\/index.php?rest_route=%2Fwp%2Fv2%2Fmedia&parent=119642"}],"wp:term":[{"taxonomy":"category","embeddable":true,"href":"https:\/\/blogdofarnesio.com.br\/index.php?rest_route=%2Fwp%2Fv2%2Fcategories&post=119642"},{"taxonomy":"post_tag","embeddable":true,"href":"https:\/\/blogdofarnesio.com.br\/index.php?rest_route=%2Fwp%2Fv2%2Ftags&post=119642"}],"curies":[{"name":"wp","href":"https:\/\/api.w.org\/{rel}","templated":true}]}}