{"id":119635,"date":"2015-03-18T10:43:09","date_gmt":"2015-03-18T13:43:09","guid":{"rendered":"http:\/\/www.quersaberpolitica.com.br\/?p=119635"},"modified":"2015-03-18T09:40:10","modified_gmt":"2015-03-18T12:40:10","slug":"vereadores-recebem-plano-municipal-de-infancia-e-adolescencia","status":"publish","type":"post","link":"https:\/\/blogdofarnesio.com.br\/?p=119635","title":{"rendered":"VEREADORES RECEBEM PLANO MUNICIPAL DE INF\u00c2NCIA E ADOLESC\u00caNCIA"},"content":{"rendered":"<p><a href=\"http:\/\/www.quersaberpolitica.com.br\/2016\/wp-content\/uploads\/2015\/03\/blogqsp.reuni\u00e3oCMDCA.petrolina.vereadores.jpg\"><img loading=\"lazy\" decoding=\"async\" class=\"aligncenter size-full wp-image-119636\" alt=\"blogqsp.reuni\u00e3oCMDCA.petrolina.vereadores\" src=\"http:\/\/www.quersaberpolitica.com.br\/2016\/wp-content\/uploads\/2015\/03\/blogqsp.reuni\u00e3oCMDCA.petrolina.vereadores.jpg\" width=\"448\" height=\"270\" srcset=\"https:\/\/blogdofarnesio.com.br\/wp-content\/uploads\/2015\/03\/blogqsp.reuni\u00e3oCMDCA.petrolina.vereadores.jpg 448w, https:\/\/blogdofarnesio.com.br\/wp-content\/uploads\/2015\/03\/blogqsp.reuni\u00e3oCMDCA.petrolina.vereadores-300x180.jpg 300w\" sizes=\"auto, (max-width: 448px) 100vw, 448px\" \/><\/a><\/p>\n<p style=\"text-align: justify\">O Conselho dos Direitos da Crian\u00e7a e do Adolescente (CMDCA) e a Secretaria de Cidadania de Petrolina apresentaram na manh\u00e3 de ontem (17) para os Vereadores de Petrolina , o Plano Municipal de Inf\u00e2ncia e Adolesc\u00eancia (PMIA). O encontro aconteceu na C\u00e2mara de Vereadores e contou com a presen\u00e7a dos Edis, Geraldo da Acerola, Alvorlande Cruz ,Edilson do Transito, Para\u00edba e Maria Elena, como tamb\u00e9m representantes de outros gabinetes.<\/p>\n<p>O Plano Municipal da Inf\u00e2ncia e Adolesc\u00eancia (PMIA) que foi aprovado, por unanimidade pelo Conselho dos Direitos da Crian\u00e7a e do Adolescente (CMDDCA) e entregue \u00e0 C\u00e2mara dos vereadores, segue agora para plen\u00e1rio para aprova\u00e7\u00e3o para se tornar Lei municipal. O documento prev\u00ea a concep\u00e7\u00e3o de uma s\u00e9rie de pol\u00edticas p\u00fablicas voltadas para a inf\u00e2ncia e adolesc\u00eancia e \u00e9 uma das a\u00e7\u00f5es do programa &#8216;Prefeito Amigo da Crian\u00e7a&#8217;, da Funda\u00e7\u00e3o Abrinq.<\/p>\n<p style=\"text-align: justify\"><!--more--><\/p>\n<p>\u201cO plano abrange as \u00e1reas de sa\u00fade, educa\u00e7\u00e3o e prote\u00e7\u00e3o, al\u00e9m de garantir e assegurar os direitos e melhorar as condi\u00e7\u00f5es de vida das crian\u00e7as e dos adolescentes no munic\u00edpio\u201d, explicou a Presidente do CMDCA, Rozinete Coelho.<\/p>\n<p>Segundo a Secretaria de Cidadania,C\u00e9lia Regina Carvalho, o trabalho na constru\u00e7\u00e3o do PMIA, foi intenso, mas os resultados foram bastante significativos. \u201cPrimeiro identificamos os problemas enfrentados pelas crian\u00e7as e adolescentes, atrav\u00e9s de in\u00fameros relat\u00f3rios produzidos pelas secretarias municipais. Depois promovemos reuni\u00f5es com conselhos, e outras entidades para organizar algumas estrat\u00e9gias. O PMIA foi bem estruturado e bem redigido,fugindo da pr\u00e1tica da c\u00f3pia, por isso se tornar\u00e1 uma ferramenta de fundamental import\u00e2ncia para o munic\u00edpio\u201d Frisou a secret\u00e1ria.<\/p>\n<p>Para a Vereador Maria Elena, o PMIA representa o comprometimento do munic\u00edpio com a qualifica\u00e7\u00e3o das pol\u00edticas em benef\u00edcio das crian\u00e7as e adolescentes. &#8220;Esse documento, alinhado a um di\u00e1logo mais efetivo e ao comprometimento das equipes das secretarias, s\u00f3 vai beneficiar as crian\u00e7as e adolescentes de Petrolina tanto no presente quanto no futuro. Temos que nesse momento pensar na crian\u00e7a e adolescente para o futuro. &#8220;, afirmou Maria Elena .<\/p>\n<p>O prefeito de Petrolina, Julio L\u00f3ssio, falou sobre as demandas de maus tratos e abusos, e de como pretende junto com a sociedade buscar novas formas de enfrentamento da viol\u00eancia contra crian\u00e7as e adolescentes.<\/p>\n<p>&#8220;Hoje, o atendimento a algumas demandas, principalmente que envolvem maus tratos e abusos, precisam de mais efetividade e urg\u00eancia em certos casos. Queremos reunir for\u00e7as com a sociedade civil, e encontrar parcerias que garantam o acompanhamento completo para as crian\u00e7as e adolescentes maltratados para que assim, possamos dar mais celeridade ao atendimento desse p\u00fablico. \u00c8 justamente nesse ponto que o PMIA vai se tornar um grande instrumento para a sociedade como um todo, sendo Lei, ser\u00e1 forte e rico na abrang\u00eancia ao atendimento aos agentes de direito que s\u00e3o as crian\u00e7as e os adolescentes&#8221;, pontuou o Prefeito.<\/p>\n<p><em>Texto Cauby Fernandes\/ Assessoria de Comunica\u00e7\u00e3o\/ASCOM<\/em><\/p>\n","protected":false},"excerpt":{"rendered":"<p>O Conselho dos Direitos da Crian\u00e7a e do Adolescente (CMDCA) e a Secretaria de Cidadania de Petrolina apresentaram na manh\u00e3 de ontem (17) para os Vereadores de Petrolina , o Plano Municipal de Inf\u00e2ncia e Adolesc\u00eancia (PMIA). O encontro aconteceu na C\u00e2mara de Vereadores e contou com a presen\u00e7a dos Edis, Geraldo da Acerola, Alvorlande Cruz ,Edilson do Transito, Para\u00edba e Maria Elena, como tamb\u00e9m representantes de outros gabinetes. O Plano Municipal da Inf\u00e2ncia e Adolesc\u00eancia (PMIA) que foi aprovado, por unanimidade pelo Conselho dos Direitos da Crian\u00e7a e do Adolescente (CMDDCA) e entregue \u00e0 C\u00e2mara dos vereadores, segue agora para plen\u00e1rio para aprova\u00e7\u00e3o para se tornar Lei municipal. O documento prev\u00ea a concep\u00e7\u00e3o de uma s\u00e9rie de pol\u00edticas p\u00fablicas&hellip; <\/p>\n","protected":false},"author":7,"featured_media":0,"comment_status":"open","ping_status":"open","sticky":false,"template":"","format":"standard","meta":{"_acf_changed":false,"footnotes":""},"categories":[22],"tags":[],"class_list":["post-119635","post","type-post","status-publish","format-standard","hentry","category-acao-social"],"acf":[],"yoast_head":"<!-- This site is optimized with the Yoast SEO plugin v27.4 - https:\/\/yoast.com\/product\/yoast-seo-wordpress\/ -->\n<title>VEREADORES RECEBEM PLANO MUNICIPAL DE INF\u00c2NCIA E ADOLESC\u00caNCIA - Blog do Farn\u00e9sio<\/title>\n<meta name=\"robots\" content=\"index, follow, max-snippet:-1, max-image-preview:large, max-video-preview:-1\" \/>\n<link rel=\"canonical\" href=\"https:\/\/blogdofarnesio.com.br\/?p=119635\" \/>\n<meta property=\"og:locale\" content=\"pt_BR\" \/>\n<meta property=\"og:type\" content=\"article\" \/>\n<meta property=\"og:title\" content=\"VEREADORES RECEBEM PLANO MUNICIPAL DE INF\u00c2NCIA E ADOLESC\u00caNCIA - Blog do Farn\u00e9sio\" \/>\n<meta property=\"og:description\" content=\"O Conselho dos Direitos da Crian\u00e7a e do Adolescente (CMDCA) e a Secretaria de Cidadania de Petrolina apresentaram na manh\u00e3 de ontem (17) para os Vereadores de Petrolina , o Plano Municipal de Inf\u00e2ncia e Adolesc\u00eancia (PMIA). O encontro aconteceu na C\u00e2mara de Vereadores e contou com a presen\u00e7a dos Edis, Geraldo da Acerola, Alvorlande Cruz ,Edilson do Transito, Para\u00edba e Maria Elena, como tamb\u00e9m representantes de outros gabinetes. O Plano Municipal da Inf\u00e2ncia e Adolesc\u00eancia (PMIA) que foi aprovado, por unanimidade pelo Conselho dos Direitos da Crian\u00e7a e do Adolescente (CMDDCA) e entregue \u00e0 C\u00e2mara dos vereadores, segue agora para plen\u00e1rio para aprova\u00e7\u00e3o para se tornar Lei municipal. O documento prev\u00ea a concep\u00e7\u00e3o de uma s\u00e9rie de pol\u00edticas p\u00fablicas&hellip;\" \/>\n<meta property=\"og:url\" content=\"https:\/\/blogdofarnesio.com.br\/?p=119635\" \/>\n<meta property=\"og:site_name\" content=\"Blog do Farn\u00e9sio\" \/>\n<meta property=\"article:publisher\" content=\"https:\/\/www.facebook.com\/BlogQuerSaberPolitica\/\" \/>\n<meta property=\"article:published_time\" content=\"2015-03-18T13:43:09+00:00\" \/>\n<meta name=\"twitter:card\" content=\"summary_large_image\" \/>\n<meta name=\"twitter:label1\" content=\"Escrito por\" \/>\n\t<meta name=\"twitter:data1\" content=\"\" \/>\n\t<meta name=\"twitter:label2\" content=\"Est. tempo de leitura\" \/>\n\t<meta name=\"twitter:data2\" content=\"3 minutos\" \/>\n<script type=\"application\/ld+json\" class=\"yoast-schema-graph\">{\"@context\":\"https:\\\/\\\/schema.org\",\"@graph\":[{\"@type\":\"Article\",\"@id\":\"https:\\\/\\\/blogdofarnesio.com.br\\\/?p=119635#article\",\"isPartOf\":{\"@id\":\"https:\\\/\\\/blogdofarnesio.com.br\\\/?p=119635\"},\"author\":{\"name\":\"\",\"@id\":\"\"},\"headline\":\"VEREADORES RECEBEM PLANO MUNICIPAL DE INF\u00c2NCIA E ADOLESC\u00caNCIA\",\"datePublished\":\"2015-03-18T13:43:09+00:00\",\"mainEntityOfPage\":{\"@id\":\"https:\\\/\\\/blogdofarnesio.com.br\\\/?p=119635\"},\"wordCount\":528,\"commentCount\":0,\"publisher\":{\"@id\":\"https:\\\/\\\/blogdofarnesio.com.br\\\/#organization\"},\"articleSection\":[\"A\u00e7\u00e3o Social\"],\"inLanguage\":\"pt-BR\",\"potentialAction\":[{\"@type\":\"CommentAction\",\"name\":\"Comment\",\"target\":[\"https:\\\/\\\/blogdofarnesio.com.br\\\/?p=119635#respond\"]}]},{\"@type\":\"WebPage\",\"@id\":\"https:\\\/\\\/blogdofarnesio.com.br\\\/?p=119635\",\"url\":\"https:\\\/\\\/blogdofarnesio.com.br\\\/?p=119635\",\"name\":\"VEREADORES RECEBEM PLANO MUNICIPAL DE INF\u00c2NCIA E ADOLESC\u00caNCIA - Blog do Farn\u00e9sio\",\"isPartOf\":{\"@id\":\"https:\\\/\\\/blogdofarnesio.com.br\\\/#website\"},\"datePublished\":\"2015-03-18T13:43:09+00:00\",\"breadcrumb\":{\"@id\":\"https:\\\/\\\/blogdofarnesio.com.br\\\/?p=119635#breadcrumb\"},\"inLanguage\":\"pt-BR\",\"potentialAction\":[{\"@type\":\"ReadAction\",\"target\":[\"https:\\\/\\\/blogdofarnesio.com.br\\\/?p=119635\"]}]},{\"@type\":\"BreadcrumbList\",\"@id\":\"https:\\\/\\\/blogdofarnesio.com.br\\\/?p=119635#breadcrumb\",\"itemListElement\":[{\"@type\":\"ListItem\",\"position\":1,\"name\":\"In\u00edcio\",\"item\":\"https:\\\/\\\/blogdofarnesio.com.br\\\/\"},{\"@type\":\"ListItem\",\"position\":2,\"name\":\"VEREADORES RECEBEM PLANO MUNICIPAL DE INF\u00c2NCIA E ADOLESC\u00caNCIA\"}]},{\"@type\":\"WebSite\",\"@id\":\"https:\\\/\\\/blogdofarnesio.com.br\\\/#website\",\"url\":\"https:\\\/\\\/blogdofarnesio.com.br\\\/\",\"name\":\"Blog do Farn\u00e9sio\",\"description\":\"Quer Saber Pol\u00edtica?\",\"publisher\":{\"@id\":\"https:\\\/\\\/blogdofarnesio.com.br\\\/#organization\"},\"potentialAction\":[{\"@type\":\"SearchAction\",\"target\":{\"@type\":\"EntryPoint\",\"urlTemplate\":\"https:\\\/\\\/blogdofarnesio.com.br\\\/?s={search_term_string}\"},\"query-input\":{\"@type\":\"PropertyValueSpecification\",\"valueRequired\":true,\"valueName\":\"search_term_string\"}}],\"inLanguage\":\"pt-BR\"},{\"@type\":\"Organization\",\"@id\":\"https:\\\/\\\/blogdofarnesio.com.br\\\/#organization\",\"name\":\"Blog do Farn\u00e9sio\",\"url\":\"https:\\\/\\\/blogdofarnesio.com.br\\\/\",\"logo\":{\"@type\":\"ImageObject\",\"inLanguage\":\"pt-BR\",\"@id\":\"https:\\\/\\\/blogdofarnesio.com.br\\\/#\\\/schema\\\/logo\\\/image\\\/\",\"url\":\"https:\\\/\\\/blogdofarnesio.com.br\\\/wp-content\\\/uploads\\\/2026\\\/03\\\/cropped-logo_new-1.png\",\"contentUrl\":\"https:\\\/\\\/blogdofarnesio.com.br\\\/wp-content\\\/uploads\\\/2026\\\/03\\\/cropped-logo_new-1.png\",\"width\":881,\"height\":685,\"caption\":\"Blog do Farn\u00e9sio\"},\"image\":{\"@id\":\"https:\\\/\\\/blogdofarnesio.com.br\\\/#\\\/schema\\\/logo\\\/image\\\/\"},\"sameAs\":[\"https:\\\/\\\/www.facebook.com\\\/BlogQuerSaberPolitica\\\/\"]},{\"@type\":\"Person\",\"@id\":\"\",\"url\":\"https:\\\/\\\/blogdofarnesio.com.br\\\/?author=7\"}]}<\/script>\n<!-- \/ Yoast SEO plugin. -->","yoast_head_json":{"title":"VEREADORES RECEBEM PLANO MUNICIPAL DE INF\u00c2NCIA E ADOLESC\u00caNCIA - Blog do Farn\u00e9sio","robots":{"index":"index","follow":"follow","max-snippet":"max-snippet:-1","max-image-preview":"max-image-preview:large","max-video-preview":"max-video-preview:-1"},"canonical":"https:\/\/blogdofarnesio.com.br\/?p=119635","og_locale":"pt_BR","og_type":"article","og_title":"VEREADORES RECEBEM PLANO MUNICIPAL DE INF\u00c2NCIA E ADOLESC\u00caNCIA - Blog do Farn\u00e9sio","og_description":"O Conselho dos Direitos da Crian\u00e7a e do Adolescente (CMDCA) e a Secretaria de Cidadania de Petrolina apresentaram na manh\u00e3 de ontem (17) para os Vereadores de Petrolina , o Plano Municipal de Inf\u00e2ncia e Adolesc\u00eancia (PMIA). O encontro aconteceu na C\u00e2mara de Vereadores e contou com a presen\u00e7a dos Edis, Geraldo da Acerola, Alvorlande Cruz ,Edilson do Transito, Para\u00edba e Maria Elena, como tamb\u00e9m representantes de outros gabinetes. O Plano Municipal da Inf\u00e2ncia e Adolesc\u00eancia (PMIA) que foi aprovado, por unanimidade pelo Conselho dos Direitos da Crian\u00e7a e do Adolescente (CMDDCA) e entregue \u00e0 C\u00e2mara dos vereadores, segue agora para plen\u00e1rio para aprova\u00e7\u00e3o para se tornar Lei municipal. O documento prev\u00ea a concep\u00e7\u00e3o de uma s\u00e9rie de pol\u00edticas p\u00fablicas&hellip;","og_url":"https:\/\/blogdofarnesio.com.br\/?p=119635","og_site_name":"Blog do Farn\u00e9sio","article_publisher":"https:\/\/www.facebook.com\/BlogQuerSaberPolitica\/","article_published_time":"2015-03-18T13:43:09+00:00","twitter_card":"summary_large_image","twitter_misc":{"Escrito por":"","Est. tempo de leitura":"3 minutos"},"schema":{"@context":"https:\/\/schema.org","@graph":[{"@type":"Article","@id":"https:\/\/blogdofarnesio.com.br\/?p=119635#article","isPartOf":{"@id":"https:\/\/blogdofarnesio.com.br\/?p=119635"},"author":{"name":"","@id":""},"headline":"VEREADORES RECEBEM PLANO MUNICIPAL DE INF\u00c2NCIA E ADOLESC\u00caNCIA","datePublished":"2015-03-18T13:43:09+00:00","mainEntityOfPage":{"@id":"https:\/\/blogdofarnesio.com.br\/?p=119635"},"wordCount":528,"commentCount":0,"publisher":{"@id":"https:\/\/blogdofarnesio.com.br\/#organization"},"articleSection":["A\u00e7\u00e3o Social"],"inLanguage":"pt-BR","potentialAction":[{"@type":"CommentAction","name":"Comment","target":["https:\/\/blogdofarnesio.com.br\/?p=119635#respond"]}]},{"@type":"WebPage","@id":"https:\/\/blogdofarnesio.com.br\/?p=119635","url":"https:\/\/blogdofarnesio.com.br\/?p=119635","name":"VEREADORES RECEBEM PLANO MUNICIPAL DE INF\u00c2NCIA E ADOLESC\u00caNCIA - Blog do Farn\u00e9sio","isPartOf":{"@id":"https:\/\/blogdofarnesio.com.br\/#website"},"datePublished":"2015-03-18T13:43:09+00:00","breadcrumb":{"@id":"https:\/\/blogdofarnesio.com.br\/?p=119635#breadcrumb"},"inLanguage":"pt-BR","potentialAction":[{"@type":"ReadAction","target":["https:\/\/blogdofarnesio.com.br\/?p=119635"]}]},{"@type":"BreadcrumbList","@id":"https:\/\/blogdofarnesio.com.br\/?p=119635#breadcrumb","itemListElement":[{"@type":"ListItem","position":1,"name":"In\u00edcio","item":"https:\/\/blogdofarnesio.com.br\/"},{"@type":"ListItem","position":2,"name":"VEREADORES RECEBEM PLANO MUNICIPAL DE INF\u00c2NCIA E ADOLESC\u00caNCIA"}]},{"@type":"WebSite","@id":"https:\/\/blogdofarnesio.com.br\/#website","url":"https:\/\/blogdofarnesio.com.br\/","name":"Blog do Farn\u00e9sio","description":"Quer Saber Pol\u00edtica?","publisher":{"@id":"https:\/\/blogdofarnesio.com.br\/#organization"},"potentialAction":[{"@type":"SearchAction","target":{"@type":"EntryPoint","urlTemplate":"https:\/\/blogdofarnesio.com.br\/?s={search_term_string}"},"query-input":{"@type":"PropertyValueSpecification","valueRequired":true,"valueName":"search_term_string"}}],"inLanguage":"pt-BR"},{"@type":"Organization","@id":"https:\/\/blogdofarnesio.com.br\/#organization","name":"Blog do Farn\u00e9sio","url":"https:\/\/blogdofarnesio.com.br\/","logo":{"@type":"ImageObject","inLanguage":"pt-BR","@id":"https:\/\/blogdofarnesio.com.br\/#\/schema\/logo\/image\/","url":"https:\/\/blogdofarnesio.com.br\/wp-content\/uploads\/2026\/03\/cropped-logo_new-1.png","contentUrl":"https:\/\/blogdofarnesio.com.br\/wp-content\/uploads\/2026\/03\/cropped-logo_new-1.png","width":881,"height":685,"caption":"Blog do Farn\u00e9sio"},"image":{"@id":"https:\/\/blogdofarnesio.com.br\/#\/schema\/logo\/image\/"},"sameAs":["https:\/\/www.facebook.com\/BlogQuerSaberPolitica\/"]},{"@type":"Person","@id":"","url":"https:\/\/blogdofarnesio.com.br\/?author=7"}]}},"_links":{"self":[{"href":"https:\/\/blogdofarnesio.com.br\/index.php?rest_route=\/wp\/v2\/posts\/119635","targetHints":{"allow":["GET"]}}],"collection":[{"href":"https:\/\/blogdofarnesio.com.br\/index.php?rest_route=\/wp\/v2\/posts"}],"about":[{"href":"https:\/\/blogdofarnesio.com.br\/index.php?rest_route=\/wp\/v2\/types\/post"}],"author":[{"embeddable":true,"href":"https:\/\/blogdofarnesio.com.br\/index.php?rest_route=\/wp\/v2\/users\/7"}],"replies":[{"embeddable":true,"href":"https:\/\/blogdofarnesio.com.br\/index.php?rest_route=%2Fwp%2Fv2%2Fcomments&post=119635"}],"version-history":[{"count":0,"href":"https:\/\/blogdofarnesio.com.br\/index.php?rest_route=\/wp\/v2\/posts\/119635\/revisions"}],"wp:attachment":[{"href":"https:\/\/blogdofarnesio.com.br\/index.php?rest_route=%2Fwp%2Fv2%2Fmedia&parent=119635"}],"wp:term":[{"taxonomy":"category","embeddable":true,"href":"https:\/\/blogdofarnesio.com.br\/index.php?rest_route=%2Fwp%2Fv2%2Fcategories&post=119635"},{"taxonomy":"post_tag","embeddable":true,"href":"https:\/\/blogdofarnesio.com.br\/index.php?rest_route=%2Fwp%2Fv2%2Ftags&post=119635"}],"curies":[{"name":"wp","href":"https:\/\/api.w.org\/{rel}","templated":true}]}}