{"id":119565,"date":"2015-03-19T15:39:52","date_gmt":"2015-03-19T18:39:52","guid":{"rendered":"http:\/\/www.quersaberpolitica.com.br\/?p=119565"},"modified":"2015-03-19T15:39:52","modified_gmt":"2015-03-19T18:39:52","slug":"municipio-comeca-a-receber-equipamentos-do-programa-crack-e-possivel-vencer","status":"publish","type":"post","link":"https:\/\/blogdofarnesio.com.br\/?p=119565","title":{"rendered":"MUNIC\u00cdPIO COME\u00c7A A RECEBER EQUIPAMENTOS DO PROGRAMA &#8216;CRACK \u00c9 POSS\u00cdVEL VENCER&#8217;"},"content":{"rendered":"<p><a href=\"http:\/\/www.quersaberpolitica.com.br\/2016\/wp-content\/uploads\/2015\/03\/blogqsp.moto_.petrolina.jpg\"><img loading=\"lazy\" decoding=\"async\" class=\"size-medium wp-image-119566 aligncenter\" alt=\"blogqsp.moto.petrolina\" src=\"http:\/\/www.quersaberpolitica.com.br\/2016\/wp-content\/uploads\/2015\/03\/blogqsp.moto_.petrolina-300x224.jpg\" width=\"300\" height=\"224\" srcset=\"https:\/\/blogdofarnesio.com.br\/wp-content\/uploads\/2015\/03\/blogqsp.moto_.petrolina-300x224.jpg 300w, https:\/\/blogdofarnesio.com.br\/wp-content\/uploads\/2015\/03\/blogqsp.moto_.petrolina.jpg 314w\" sizes=\"auto, (max-width: 300px) 100vw, 300px\" \/><\/a><\/p>\n<p style=\"text-align: justify\">O munic\u00edpio de Petrolina come\u00e7a a receber os equipamentos para o eixo Autoridade do programa &#8216;Crack \u00e9 Poss\u00edvel Vencer&#8217;- um programa que \u00e9 coordenado a n\u00edvel nacional pelo Minist\u00e9rio da Justi\u00e7a, que foi implantado em Petrolina em 2013, e vem sendo gerido pelas secretarias municipais de Seguran\u00e7a Cidad\u00e3 (Eixo Autoridade), juntamente com a de Desenvolvimento Social e Cidadania e a Sa\u00fade no (Eixo Cuidado), e Educa\u00e7\u00e3o com o (Eixo Preven\u00e7\u00e3o).<\/p>\n<p style=\"text-align: justify\">A Secretaria de Seguran\u00e7a Cidad\u00e3, por meio da Guarda Municipal, recebeu nesta \u00faltima segunda-feira (16), duas motocicletas marca Yamaha modelo Lander vers\u00e3o XTZ 250CC, equipada com sinalizador ac\u00fastico. E a expectativa para os pr\u00f3ximos dias \u00e9 que cheguem dois ve\u00edculos tamb\u00e9m equipados, e at\u00e9 o final do ano uma base m\u00f3vel (micro-\u00f4nibus) equipado com equipamentos de videomonitoramento com 20 c\u00e2meras, que dar\u00e3o suporte as a\u00e7\u00f5es de combate ao tr\u00e1fico de drogas que ser\u00e3o desenvolvidas pela Guarda Municipal prevista no Eixo Autoridade do programa \u2018Crack, \u00e9 poss\u00edvel vencer\u2019.<\/p>\n<p style=\"text-align: justify\"><!--more--><\/p>\n<p style=\"text-align: justify\">Como gestor do munic\u00edpio, o prefeito J\u00falio L\u00f3ssio, vem concentrando parcerias e buscando recursos para melhoria da seguran\u00e7a p\u00fablica de Petrolina. \u201cO principal objetivo desse programa \u00e9 atuar na preven\u00e7\u00e3o e enfrentamento ao uso do crack, por meio do cuidado integral ao usu\u00e1rio. Porque n\u00e3o basta s\u00f3 buscar medidas de combate \u00e0s drogas, tamb\u00e9m \u00e9 necess\u00e1rio ter um cuidado voltado para a sa\u00fade dos usu\u00e1rios, j\u00e1 que entendemos que estas pessoas est\u00e3o em situa\u00e7\u00e3o de vulnerabilidade social\u201d, afirmou L\u00f3ssio.<\/p>\n<p style=\"text-align: justify\">Para o secret\u00e1rio de Ordem P\u00fablica e Seguran\u00e7a Cidad\u00e3, Jota Santos, \u201co recebimento desses equipamentos vem para fortalecer as a\u00e7\u00f5es do Eixo Autoridade, que concentrar\u00e1 for\u00e7as no enfrentamento ao crime organizado de tr\u00e1fico de drogas e no apoio as demais equipes, contando com a participa\u00e7\u00e3o do efetivo da nossa Guarda Municipal\u201d, ressaltou o secret\u00e1rio.<span style=\"color: #000000;font-family: Calibri;font-size: medium\">\u00a0<\/span><\/p>\n<p style=\"text-align: justify\"><em><span style=\"color: #000000;font-family: Calibri;font-size: medium\">Texto e Imagem: Cristiane Nogueira<\/span><\/em><\/p>\n","protected":false},"excerpt":{"rendered":"<p>O munic\u00edpio de Petrolina come\u00e7a a receber os equipamentos para o eixo Autoridade do programa &#8216;Crack \u00e9 Poss\u00edvel Vencer&#8217;- um programa que \u00e9 coordenado a n\u00edvel nacional pelo Minist\u00e9rio da Justi\u00e7a, que foi implantado em Petrolina em 2013, e vem sendo gerido pelas secretarias municipais de Seguran\u00e7a Cidad\u00e3 (Eixo Autoridade), juntamente com a de Desenvolvimento Social e Cidadania e a Sa\u00fade no (Eixo Cuidado), e Educa\u00e7\u00e3o com o (Eixo Preven\u00e7\u00e3o). A Secretaria de Seguran\u00e7a Cidad\u00e3, por meio da Guarda Municipal, recebeu nesta \u00faltima segunda-feira (16), duas motocicletas marca Yamaha modelo Lander vers\u00e3o XTZ 250CC, equipada com sinalizador ac\u00fastico. E a expectativa para os pr\u00f3ximos dias \u00e9 que cheguem dois ve\u00edculos tamb\u00e9m equipados, e at\u00e9 o final do ano uma base&hellip; <\/p>\n","protected":false},"author":7,"featured_media":0,"comment_status":"open","ping_status":"open","sticky":false,"template":"","format":"standard","meta":{"_acf_changed":false,"footnotes":""},"categories":[44,5],"tags":[],"class_list":["post-119565","post","type-post","status-publish","format-standard","hentry","category-administracao","category-seguranca"],"acf":[],"yoast_head":"<!-- This site is optimized with the Yoast SEO plugin v27.4 - https:\/\/yoast.com\/product\/yoast-seo-wordpress\/ -->\n<title>MUNIC\u00cdPIO COME\u00c7A A RECEBER EQUIPAMENTOS DO PROGRAMA &#039;CRACK \u00c9 POSS\u00cdVEL VENCER&#039; - Blog do Farn\u00e9sio<\/title>\n<meta name=\"robots\" content=\"index, follow, max-snippet:-1, max-image-preview:large, max-video-preview:-1\" \/>\n<link rel=\"canonical\" href=\"https:\/\/blogdofarnesio.com.br\/?p=119565\" \/>\n<meta property=\"og:locale\" content=\"pt_BR\" \/>\n<meta property=\"og:type\" content=\"article\" \/>\n<meta property=\"og:title\" content=\"MUNIC\u00cdPIO COME\u00c7A A RECEBER EQUIPAMENTOS DO PROGRAMA &#039;CRACK \u00c9 POSS\u00cdVEL VENCER&#039; - Blog do Farn\u00e9sio\" \/>\n<meta property=\"og:description\" content=\"O munic\u00edpio de Petrolina come\u00e7a a receber os equipamentos para o eixo Autoridade do programa &#8216;Crack \u00e9 Poss\u00edvel Vencer&#8217;- um programa que \u00e9 coordenado a n\u00edvel nacional pelo Minist\u00e9rio da Justi\u00e7a, que foi implantado em Petrolina em 2013, e vem sendo gerido pelas secretarias municipais de Seguran\u00e7a Cidad\u00e3 (Eixo Autoridade), juntamente com a de Desenvolvimento Social e Cidadania e a Sa\u00fade no (Eixo Cuidado), e Educa\u00e7\u00e3o com o (Eixo Preven\u00e7\u00e3o). A Secretaria de Seguran\u00e7a Cidad\u00e3, por meio da Guarda Municipal, recebeu nesta \u00faltima segunda-feira (16), duas motocicletas marca Yamaha modelo Lander vers\u00e3o XTZ 250CC, equipada com sinalizador ac\u00fastico. E a expectativa para os pr\u00f3ximos dias \u00e9 que cheguem dois ve\u00edculos tamb\u00e9m equipados, e at\u00e9 o final do ano uma base&hellip;\" \/>\n<meta property=\"og:url\" content=\"https:\/\/blogdofarnesio.com.br\/?p=119565\" \/>\n<meta property=\"og:site_name\" content=\"Blog do Farn\u00e9sio\" \/>\n<meta property=\"article:publisher\" content=\"https:\/\/www.facebook.com\/BlogQuerSaberPolitica\/\" \/>\n<meta property=\"article:published_time\" content=\"2015-03-19T18:39:52+00:00\" \/>\n<meta property=\"og:image\" content=\"http:\/\/www.quersaberpolitica.com.br\/2016\/wp-content\/uploads\/2015\/03\/blogqsp.moto_.petrolina-300x224.jpg\" \/>\n<meta name=\"twitter:card\" content=\"summary_large_image\" \/>\n<meta name=\"twitter:label1\" content=\"Escrito por\" \/>\n\t<meta name=\"twitter:data1\" content=\"\" \/>\n\t<meta name=\"twitter:label2\" content=\"Est. tempo de leitura\" \/>\n\t<meta name=\"twitter:data2\" content=\"2 minutos\" \/>\n<script type=\"application\/ld+json\" class=\"yoast-schema-graph\">{\"@context\":\"https:\\\/\\\/schema.org\",\"@graph\":[{\"@type\":\"Article\",\"@id\":\"https:\\\/\\\/blogdofarnesio.com.br\\\/?p=119565#article\",\"isPartOf\":{\"@id\":\"https:\\\/\\\/blogdofarnesio.com.br\\\/?p=119565\"},\"author\":{\"name\":\"\",\"@id\":\"\"},\"headline\":\"MUNIC\u00cdPIO COME\u00c7A A RECEBER EQUIPAMENTOS DO PROGRAMA &#8216;CRACK \u00c9 POSS\u00cdVEL VENCER&#8217;\",\"datePublished\":\"2015-03-19T18:39:52+00:00\",\"mainEntityOfPage\":{\"@id\":\"https:\\\/\\\/blogdofarnesio.com.br\\\/?p=119565\"},\"wordCount\":347,\"commentCount\":1,\"publisher\":{\"@id\":\"https:\\\/\\\/blogdofarnesio.com.br\\\/#organization\"},\"image\":{\"@id\":\"https:\\\/\\\/blogdofarnesio.com.br\\\/?p=119565#primaryimage\"},\"thumbnailUrl\":\"http:\\\/\\\/www.quersaberpolitica.com.br\\\/2016\\\/wp-content\\\/uploads\\\/2015\\\/03\\\/blogqsp.moto_.petrolina-300x224.jpg\",\"articleSection\":[\"Administra\u00e7\u00e3o\",\"Seguran\u00e7a\"],\"inLanguage\":\"pt-BR\",\"potentialAction\":[{\"@type\":\"CommentAction\",\"name\":\"Comment\",\"target\":[\"https:\\\/\\\/blogdofarnesio.com.br\\\/?p=119565#respond\"]}]},{\"@type\":\"WebPage\",\"@id\":\"https:\\\/\\\/blogdofarnesio.com.br\\\/?p=119565\",\"url\":\"https:\\\/\\\/blogdofarnesio.com.br\\\/?p=119565\",\"name\":\"MUNIC\u00cdPIO COME\u00c7A A RECEBER EQUIPAMENTOS DO PROGRAMA 'CRACK \u00c9 POSS\u00cdVEL VENCER' - Blog do Farn\u00e9sio\",\"isPartOf\":{\"@id\":\"https:\\\/\\\/blogdofarnesio.com.br\\\/#website\"},\"primaryImageOfPage\":{\"@id\":\"https:\\\/\\\/blogdofarnesio.com.br\\\/?p=119565#primaryimage\"},\"image\":{\"@id\":\"https:\\\/\\\/blogdofarnesio.com.br\\\/?p=119565#primaryimage\"},\"thumbnailUrl\":\"http:\\\/\\\/www.quersaberpolitica.com.br\\\/2016\\\/wp-content\\\/uploads\\\/2015\\\/03\\\/blogqsp.moto_.petrolina-300x224.jpg\",\"datePublished\":\"2015-03-19T18:39:52+00:00\",\"breadcrumb\":{\"@id\":\"https:\\\/\\\/blogdofarnesio.com.br\\\/?p=119565#breadcrumb\"},\"inLanguage\":\"pt-BR\",\"potentialAction\":[{\"@type\":\"ReadAction\",\"target\":[\"https:\\\/\\\/blogdofarnesio.com.br\\\/?p=119565\"]}]},{\"@type\":\"ImageObject\",\"inLanguage\":\"pt-BR\",\"@id\":\"https:\\\/\\\/blogdofarnesio.com.br\\\/?p=119565#primaryimage\",\"url\":\"http:\\\/\\\/www.quersaberpolitica.com.br\\\/2016\\\/wp-content\\\/uploads\\\/2015\\\/03\\\/blogqsp.moto_.petrolina-300x224.jpg\",\"contentUrl\":\"http:\\\/\\\/www.quersaberpolitica.com.br\\\/2016\\\/wp-content\\\/uploads\\\/2015\\\/03\\\/blogqsp.moto_.petrolina-300x224.jpg\"},{\"@type\":\"BreadcrumbList\",\"@id\":\"https:\\\/\\\/blogdofarnesio.com.br\\\/?p=119565#breadcrumb\",\"itemListElement\":[{\"@type\":\"ListItem\",\"position\":1,\"name\":\"In\u00edcio\",\"item\":\"https:\\\/\\\/blogdofarnesio.com.br\\\/\"},{\"@type\":\"ListItem\",\"position\":2,\"name\":\"MUNIC\u00cdPIO COME\u00c7A A RECEBER EQUIPAMENTOS DO PROGRAMA &#8216;CRACK \u00c9 POSS\u00cdVEL VENCER&#8217;\"}]},{\"@type\":\"WebSite\",\"@id\":\"https:\\\/\\\/blogdofarnesio.com.br\\\/#website\",\"url\":\"https:\\\/\\\/blogdofarnesio.com.br\\\/\",\"name\":\"Blog do Farn\u00e9sio\",\"description\":\"Quer Saber Pol\u00edtica?\",\"publisher\":{\"@id\":\"https:\\\/\\\/blogdofarnesio.com.br\\\/#organization\"},\"potentialAction\":[{\"@type\":\"SearchAction\",\"target\":{\"@type\":\"EntryPoint\",\"urlTemplate\":\"https:\\\/\\\/blogdofarnesio.com.br\\\/?s={search_term_string}\"},\"query-input\":{\"@type\":\"PropertyValueSpecification\",\"valueRequired\":true,\"valueName\":\"search_term_string\"}}],\"inLanguage\":\"pt-BR\"},{\"@type\":\"Organization\",\"@id\":\"https:\\\/\\\/blogdofarnesio.com.br\\\/#organization\",\"name\":\"Blog do Farn\u00e9sio\",\"url\":\"https:\\\/\\\/blogdofarnesio.com.br\\\/\",\"logo\":{\"@type\":\"ImageObject\",\"inLanguage\":\"pt-BR\",\"@id\":\"https:\\\/\\\/blogdofarnesio.com.br\\\/#\\\/schema\\\/logo\\\/image\\\/\",\"url\":\"https:\\\/\\\/blogdofarnesio.com.br\\\/wp-content\\\/uploads\\\/2026\\\/03\\\/cropped-logo_new-1.png\",\"contentUrl\":\"https:\\\/\\\/blogdofarnesio.com.br\\\/wp-content\\\/uploads\\\/2026\\\/03\\\/cropped-logo_new-1.png\",\"width\":881,\"height\":685,\"caption\":\"Blog do Farn\u00e9sio\"},\"image\":{\"@id\":\"https:\\\/\\\/blogdofarnesio.com.br\\\/#\\\/schema\\\/logo\\\/image\\\/\"},\"sameAs\":[\"https:\\\/\\\/www.facebook.com\\\/BlogQuerSaberPolitica\\\/\"]},{\"@type\":\"Person\",\"@id\":\"\",\"url\":\"https:\\\/\\\/blogdofarnesio.com.br\\\/?author=7\"}]}<\/script>\n<!-- \/ Yoast SEO plugin. -->","yoast_head_json":{"title":"MUNIC\u00cdPIO COME\u00c7A A RECEBER EQUIPAMENTOS DO PROGRAMA 'CRACK \u00c9 POSS\u00cdVEL VENCER' - Blog do Farn\u00e9sio","robots":{"index":"index","follow":"follow","max-snippet":"max-snippet:-1","max-image-preview":"max-image-preview:large","max-video-preview":"max-video-preview:-1"},"canonical":"https:\/\/blogdofarnesio.com.br\/?p=119565","og_locale":"pt_BR","og_type":"article","og_title":"MUNIC\u00cdPIO COME\u00c7A A RECEBER EQUIPAMENTOS DO PROGRAMA 'CRACK \u00c9 POSS\u00cdVEL VENCER' - Blog do Farn\u00e9sio","og_description":"O munic\u00edpio de Petrolina come\u00e7a a receber os equipamentos para o eixo Autoridade do programa &#8216;Crack \u00e9 Poss\u00edvel Vencer&#8217;- um programa que \u00e9 coordenado a n\u00edvel nacional pelo Minist\u00e9rio da Justi\u00e7a, que foi implantado em Petrolina em 2013, e vem sendo gerido pelas secretarias municipais de Seguran\u00e7a Cidad\u00e3 (Eixo Autoridade), juntamente com a de Desenvolvimento Social e Cidadania e a Sa\u00fade no (Eixo Cuidado), e Educa\u00e7\u00e3o com o (Eixo Preven\u00e7\u00e3o). A Secretaria de Seguran\u00e7a Cidad\u00e3, por meio da Guarda Municipal, recebeu nesta \u00faltima segunda-feira (16), duas motocicletas marca Yamaha modelo Lander vers\u00e3o XTZ 250CC, equipada com sinalizador ac\u00fastico. E a expectativa para os pr\u00f3ximos dias \u00e9 que cheguem dois ve\u00edculos tamb\u00e9m equipados, e at\u00e9 o final do ano uma base&hellip;","og_url":"https:\/\/blogdofarnesio.com.br\/?p=119565","og_site_name":"Blog do Farn\u00e9sio","article_publisher":"https:\/\/www.facebook.com\/BlogQuerSaberPolitica\/","article_published_time":"2015-03-19T18:39:52+00:00","og_image":[{"url":"http:\/\/www.quersaberpolitica.com.br\/2016\/wp-content\/uploads\/2015\/03\/blogqsp.moto_.petrolina-300x224.jpg","type":"","width":"","height":""}],"twitter_card":"summary_large_image","twitter_misc":{"Escrito por":"","Est. tempo de leitura":"2 minutos"},"schema":{"@context":"https:\/\/schema.org","@graph":[{"@type":"Article","@id":"https:\/\/blogdofarnesio.com.br\/?p=119565#article","isPartOf":{"@id":"https:\/\/blogdofarnesio.com.br\/?p=119565"},"author":{"name":"","@id":""},"headline":"MUNIC\u00cdPIO COME\u00c7A A RECEBER EQUIPAMENTOS DO PROGRAMA &#8216;CRACK \u00c9 POSS\u00cdVEL VENCER&#8217;","datePublished":"2015-03-19T18:39:52+00:00","mainEntityOfPage":{"@id":"https:\/\/blogdofarnesio.com.br\/?p=119565"},"wordCount":347,"commentCount":1,"publisher":{"@id":"https:\/\/blogdofarnesio.com.br\/#organization"},"image":{"@id":"https:\/\/blogdofarnesio.com.br\/?p=119565#primaryimage"},"thumbnailUrl":"http:\/\/www.quersaberpolitica.com.br\/2016\/wp-content\/uploads\/2015\/03\/blogqsp.moto_.petrolina-300x224.jpg","articleSection":["Administra\u00e7\u00e3o","Seguran\u00e7a"],"inLanguage":"pt-BR","potentialAction":[{"@type":"CommentAction","name":"Comment","target":["https:\/\/blogdofarnesio.com.br\/?p=119565#respond"]}]},{"@type":"WebPage","@id":"https:\/\/blogdofarnesio.com.br\/?p=119565","url":"https:\/\/blogdofarnesio.com.br\/?p=119565","name":"MUNIC\u00cdPIO COME\u00c7A A RECEBER EQUIPAMENTOS DO PROGRAMA 'CRACK \u00c9 POSS\u00cdVEL VENCER' - Blog do Farn\u00e9sio","isPartOf":{"@id":"https:\/\/blogdofarnesio.com.br\/#website"},"primaryImageOfPage":{"@id":"https:\/\/blogdofarnesio.com.br\/?p=119565#primaryimage"},"image":{"@id":"https:\/\/blogdofarnesio.com.br\/?p=119565#primaryimage"},"thumbnailUrl":"http:\/\/www.quersaberpolitica.com.br\/2016\/wp-content\/uploads\/2015\/03\/blogqsp.moto_.petrolina-300x224.jpg","datePublished":"2015-03-19T18:39:52+00:00","breadcrumb":{"@id":"https:\/\/blogdofarnesio.com.br\/?p=119565#breadcrumb"},"inLanguage":"pt-BR","potentialAction":[{"@type":"ReadAction","target":["https:\/\/blogdofarnesio.com.br\/?p=119565"]}]},{"@type":"ImageObject","inLanguage":"pt-BR","@id":"https:\/\/blogdofarnesio.com.br\/?p=119565#primaryimage","url":"http:\/\/www.quersaberpolitica.com.br\/2016\/wp-content\/uploads\/2015\/03\/blogqsp.moto_.petrolina-300x224.jpg","contentUrl":"http:\/\/www.quersaberpolitica.com.br\/2016\/wp-content\/uploads\/2015\/03\/blogqsp.moto_.petrolina-300x224.jpg"},{"@type":"BreadcrumbList","@id":"https:\/\/blogdofarnesio.com.br\/?p=119565#breadcrumb","itemListElement":[{"@type":"ListItem","position":1,"name":"In\u00edcio","item":"https:\/\/blogdofarnesio.com.br\/"},{"@type":"ListItem","position":2,"name":"MUNIC\u00cdPIO COME\u00c7A A RECEBER EQUIPAMENTOS DO PROGRAMA &#8216;CRACK \u00c9 POSS\u00cdVEL VENCER&#8217;"}]},{"@type":"WebSite","@id":"https:\/\/blogdofarnesio.com.br\/#website","url":"https:\/\/blogdofarnesio.com.br\/","name":"Blog do Farn\u00e9sio","description":"Quer Saber Pol\u00edtica?","publisher":{"@id":"https:\/\/blogdofarnesio.com.br\/#organization"},"potentialAction":[{"@type":"SearchAction","target":{"@type":"EntryPoint","urlTemplate":"https:\/\/blogdofarnesio.com.br\/?s={search_term_string}"},"query-input":{"@type":"PropertyValueSpecification","valueRequired":true,"valueName":"search_term_string"}}],"inLanguage":"pt-BR"},{"@type":"Organization","@id":"https:\/\/blogdofarnesio.com.br\/#organization","name":"Blog do Farn\u00e9sio","url":"https:\/\/blogdofarnesio.com.br\/","logo":{"@type":"ImageObject","inLanguage":"pt-BR","@id":"https:\/\/blogdofarnesio.com.br\/#\/schema\/logo\/image\/","url":"https:\/\/blogdofarnesio.com.br\/wp-content\/uploads\/2026\/03\/cropped-logo_new-1.png","contentUrl":"https:\/\/blogdofarnesio.com.br\/wp-content\/uploads\/2026\/03\/cropped-logo_new-1.png","width":881,"height":685,"caption":"Blog do Farn\u00e9sio"},"image":{"@id":"https:\/\/blogdofarnesio.com.br\/#\/schema\/logo\/image\/"},"sameAs":["https:\/\/www.facebook.com\/BlogQuerSaberPolitica\/"]},{"@type":"Person","@id":"","url":"https:\/\/blogdofarnesio.com.br\/?author=7"}]}},"_links":{"self":[{"href":"https:\/\/blogdofarnesio.com.br\/index.php?rest_route=\/wp\/v2\/posts\/119565","targetHints":{"allow":["GET"]}}],"collection":[{"href":"https:\/\/blogdofarnesio.com.br\/index.php?rest_route=\/wp\/v2\/posts"}],"about":[{"href":"https:\/\/blogdofarnesio.com.br\/index.php?rest_route=\/wp\/v2\/types\/post"}],"author":[{"embeddable":true,"href":"https:\/\/blogdofarnesio.com.br\/index.php?rest_route=\/wp\/v2\/users\/7"}],"replies":[{"embeddable":true,"href":"https:\/\/blogdofarnesio.com.br\/index.php?rest_route=%2Fwp%2Fv2%2Fcomments&post=119565"}],"version-history":[{"count":0,"href":"https:\/\/blogdofarnesio.com.br\/index.php?rest_route=\/wp\/v2\/posts\/119565\/revisions"}],"wp:attachment":[{"href":"https:\/\/blogdofarnesio.com.br\/index.php?rest_route=%2Fwp%2Fv2%2Fmedia&parent=119565"}],"wp:term":[{"taxonomy":"category","embeddable":true,"href":"https:\/\/blogdofarnesio.com.br\/index.php?rest_route=%2Fwp%2Fv2%2Fcategories&post=119565"},{"taxonomy":"post_tag","embeddable":true,"href":"https:\/\/blogdofarnesio.com.br\/index.php?rest_route=%2Fwp%2Fv2%2Ftags&post=119565"}],"curies":[{"name":"wp","href":"https:\/\/api.w.org\/{rel}","templated":true}]}}