{"id":119275,"date":"2015-03-15T11:00:19","date_gmt":"2015-03-15T14:00:19","guid":{"rendered":"http:\/\/www.quersaberpolitica.com.br\/?p=119275"},"modified":"2015-03-15T09:58:40","modified_gmt":"2015-03-15T12:58:40","slug":"confira-a-lista-de-convocacao-dos-novos-policiais-militares-da-bahia-aprovados-em-concurso","status":"publish","type":"post","link":"https:\/\/blogdofarnesio.com.br\/?p=119275","title":{"rendered":"CONFIRA A LISTA DE CONVOCA\u00c7\u00c3O DOS NOVOS POLICIAIS MILITARES DA BAHIA APROVADOS EM CONCURSO"},"content":{"rendered":"<table>\n<thead>\n<tr>\n<th scope=\"col\">\n<p style=\"text-align: center\"><img loading=\"lazy\" decoding=\"async\" class=\"aligncenter\" id=\"irc_mi\" alt=\"\" src=\"http:\/\/www.correio24horas.com.br\/uploads\/RTEmagicC_a8cf6eba32.jpg.jpg\" width=\"496\" height=\"330\" \/><\/p>\n<\/th>\n<\/tr>\n<\/thead>\n<tbody>\n<tr>\n<td style=\"text-align: center\">A lista de\u00a0<a title=\"Opens external link in new window\" href=\"http:\/\/www.correio24horas.com.br\/detalhe\/noticia\/governador-anuncia-convocacao-de-mais-dois-mil-aprovados-em-concurso-da-pm\/?cHash=7a722868a2ee93d30ed87c6d9c853a4d\" target=\"_blank\">convoca\u00e7\u00e3o dos aprovados no concurso da Pol\u00edcia Militar da Bahia (PM-BA)<\/a>, realizado em 2012, foi publicada na edi\u00e7\u00e3o deste s\u00e1bado (14), do Di\u00e1rio Oficial do Estado (DOE). Os mais dois mil pra\u00e7as selecionados v\u00e3o refor\u00e7ar a Pol\u00edcia Militar (PM) e Corpo de Bombeiros.<\/td>\n<\/tr>\n<\/tbody>\n<\/table>\n<div>\n<p style=\"text-align: justify\">Agora, os aprovados devem fazer a entrega dos documentos e realizar de exames pr\u00e9-admissionais dentro do prazo estipulado pelo edital, que come\u00e7a no dia 13 de abril. Os convocados far\u00e3o avalia\u00e7\u00e3o psicol\u00f3gica, exames m\u00e9dico-odontol\u00f3gicos, teste de aptid\u00e3o f\u00edsica e investiga\u00e7\u00e3o social.<\/p>\n<p style=\"text-align: justify\"><a title=\"Opens external link in new window\" href=\"http:\/\/www.secom.ba.gov.br\/arquivos\/File\/edital_pm.pdf\" target=\"_blank\">CLIQUE AQUI E VEJA EDITAL COM LISTA DE APROVADOS<br \/>\n<\/a><br \/>\nOs candidatos considerados aptos ingressar\u00e3o no Curso de Forma\u00e7\u00e3o de Soldados da PM, que tem dura\u00e7\u00e3o de nove meses. A data da matr\u00edcula est\u00e1 prevista para o dia 22 de junho.<\/p>\n<p style=\"text-align: justify\">O edital traz a rela\u00e7\u00e3o dos convocados por ordem de classifica\u00e7\u00e3o, regi\u00e3o e munic\u00edpio sede. Do total, 871 pra\u00e7as atuar\u00e3o em Salvador. O restante das vagas ser\u00e1 distribu\u00eddo em outras seis regi\u00f5es do estado, sendo 134 em Juazeiro, 329 em Feira de Santana, 194 em Ilh\u00e9us, 189 em Vit\u00f3ria da Conquista, 134 em Barreiras e 149 em Itaberaba.<\/p>\n<p style=\"text-align: justify\">Fonte: Correio\/AP<\/p>\n<\/div>\n","protected":false},"excerpt":{"rendered":"<p>A lista de\u00a0convoca\u00e7\u00e3o dos aprovados no concurso da Pol\u00edcia Militar da Bahia (PM-BA), realizado em 2012, foi publicada na edi\u00e7\u00e3o deste s\u00e1bado (14), do Di\u00e1rio Oficial do Estado (DOE). Os mais dois mil pra\u00e7as selecionados v\u00e3o refor\u00e7ar a Pol\u00edcia Militar (PM) e Corpo de Bombeiros. Agora, os aprovados devem fazer a entrega dos documentos e realizar de exames pr\u00e9-admissionais dentro do prazo estipulado pelo edital, que come\u00e7a no dia 13 de abril. Os convocados far\u00e3o avalia\u00e7\u00e3o psicol\u00f3gica, exames m\u00e9dico-odontol\u00f3gicos, teste de aptid\u00e3o f\u00edsica e investiga\u00e7\u00e3o social. CLIQUE AQUI E VEJA EDITAL COM LISTA DE APROVADOS Os candidatos considerados aptos ingressar\u00e3o no Curso de Forma\u00e7\u00e3o de Soldados da PM, que tem dura\u00e7\u00e3o de nove meses. A data da matr\u00edcula est\u00e1 prevista&hellip; <\/p>\n","protected":false},"author":3,"featured_media":0,"comment_status":"open","ping_status":"open","sticky":false,"template":"","format":"standard","meta":{"_acf_changed":false,"footnotes":""},"categories":[31,5],"tags":[],"class_list":["post-119275","post","type-post","status-publish","format-standard","hentry","category-concursos","category-seguranca"],"acf":[],"yoast_head":"<!-- This site is optimized with the Yoast SEO plugin v27.4 - https:\/\/yoast.com\/product\/yoast-seo-wordpress\/ -->\n<title>CONFIRA A LISTA DE CONVOCA\u00c7\u00c3O DOS NOVOS POLICIAIS MILITARES DA BAHIA APROVADOS EM CONCURSO - Blog do Farn\u00e9sio<\/title>\n<meta name=\"robots\" content=\"index, follow, max-snippet:-1, max-image-preview:large, max-video-preview:-1\" \/>\n<link rel=\"canonical\" href=\"https:\/\/blogdofarnesio.com.br\/?p=119275\" \/>\n<meta property=\"og:locale\" content=\"pt_BR\" \/>\n<meta property=\"og:type\" content=\"article\" \/>\n<meta property=\"og:title\" content=\"CONFIRA A LISTA DE CONVOCA\u00c7\u00c3O DOS NOVOS POLICIAIS MILITARES DA BAHIA APROVADOS EM CONCURSO - Blog do Farn\u00e9sio\" \/>\n<meta property=\"og:description\" content=\"A lista de\u00a0convoca\u00e7\u00e3o dos aprovados no concurso da Pol\u00edcia Militar da Bahia (PM-BA), realizado em 2012, foi publicada na edi\u00e7\u00e3o deste s\u00e1bado (14), do Di\u00e1rio Oficial do Estado (DOE). Os mais dois mil pra\u00e7as selecionados v\u00e3o refor\u00e7ar a Pol\u00edcia Militar (PM) e Corpo de Bombeiros. Agora, os aprovados devem fazer a entrega dos documentos e realizar de exames pr\u00e9-admissionais dentro do prazo estipulado pelo edital, que come\u00e7a no dia 13 de abril. Os convocados far\u00e3o avalia\u00e7\u00e3o psicol\u00f3gica, exames m\u00e9dico-odontol\u00f3gicos, teste de aptid\u00e3o f\u00edsica e investiga\u00e7\u00e3o social. CLIQUE AQUI E VEJA EDITAL COM LISTA DE APROVADOS Os candidatos considerados aptos ingressar\u00e3o no Curso de Forma\u00e7\u00e3o de Soldados da PM, que tem dura\u00e7\u00e3o de nove meses. A data da matr\u00edcula est\u00e1 prevista&hellip;\" \/>\n<meta property=\"og:url\" content=\"https:\/\/blogdofarnesio.com.br\/?p=119275\" \/>\n<meta property=\"og:site_name\" content=\"Blog do Farn\u00e9sio\" \/>\n<meta property=\"article:publisher\" content=\"https:\/\/www.facebook.com\/BlogQuerSaberPolitica\/\" \/>\n<meta property=\"article:published_time\" content=\"2015-03-15T14:00:19+00:00\" \/>\n<meta property=\"og:image\" content=\"http:\/\/www.correio24horas.com.br\/uploads\/RTEmagicC_a8cf6eba32.jpg.jpg\" \/>\n<meta name=\"author\" content=\"teste\" \/>\n<meta name=\"twitter:card\" content=\"summary_large_image\" \/>\n<meta name=\"twitter:label1\" content=\"Escrito por\" \/>\n\t<meta name=\"twitter:data1\" content=\"teste\" \/>\n\t<meta name=\"twitter:label2\" content=\"Est. tempo de leitura\" \/>\n\t<meta name=\"twitter:data2\" content=\"1 minuto\" \/>\n<script type=\"application\/ld+json\" class=\"yoast-schema-graph\">{\"@context\":\"https:\\\/\\\/schema.org\",\"@graph\":[{\"@type\":\"Article\",\"@id\":\"https:\\\/\\\/blogdofarnesio.com.br\\\/?p=119275#article\",\"isPartOf\":{\"@id\":\"https:\\\/\\\/blogdofarnesio.com.br\\\/?p=119275\"},\"author\":{\"name\":\"teste\",\"@id\":\"https:\\\/\\\/blogdofarnesio.com.br\\\/#\\\/schema\\\/person\\\/dd1bf5eba40b687199ba45ca6b97dff9\"},\"headline\":\"CONFIRA A LISTA DE CONVOCA\u00c7\u00c3O DOS NOVOS POLICIAIS MILITARES DA BAHIA APROVADOS EM CONCURSO\",\"datePublished\":\"2015-03-15T14:00:19+00:00\",\"mainEntityOfPage\":{\"@id\":\"https:\\\/\\\/blogdofarnesio.com.br\\\/?p=119275\"},\"wordCount\":225,\"commentCount\":0,\"publisher\":{\"@id\":\"https:\\\/\\\/blogdofarnesio.com.br\\\/#organization\"},\"image\":{\"@id\":\"https:\\\/\\\/blogdofarnesio.com.br\\\/?p=119275#primaryimage\"},\"thumbnailUrl\":\"http:\\\/\\\/www.correio24horas.com.br\\\/uploads\\\/RTEmagicC_a8cf6eba32.jpg.jpg\",\"articleSection\":[\"Concursos\",\"Seguran\u00e7a\"],\"inLanguage\":\"pt-BR\",\"potentialAction\":[{\"@type\":\"CommentAction\",\"name\":\"Comment\",\"target\":[\"https:\\\/\\\/blogdofarnesio.com.br\\\/?p=119275#respond\"]}]},{\"@type\":\"WebPage\",\"@id\":\"https:\\\/\\\/blogdofarnesio.com.br\\\/?p=119275\",\"url\":\"https:\\\/\\\/blogdofarnesio.com.br\\\/?p=119275\",\"name\":\"CONFIRA A LISTA DE CONVOCA\u00c7\u00c3O DOS NOVOS POLICIAIS MILITARES DA BAHIA APROVADOS EM CONCURSO - Blog do Farn\u00e9sio\",\"isPartOf\":{\"@id\":\"https:\\\/\\\/blogdofarnesio.com.br\\\/#website\"},\"primaryImageOfPage\":{\"@id\":\"https:\\\/\\\/blogdofarnesio.com.br\\\/?p=119275#primaryimage\"},\"image\":{\"@id\":\"https:\\\/\\\/blogdofarnesio.com.br\\\/?p=119275#primaryimage\"},\"thumbnailUrl\":\"http:\\\/\\\/www.correio24horas.com.br\\\/uploads\\\/RTEmagicC_a8cf6eba32.jpg.jpg\",\"datePublished\":\"2015-03-15T14:00:19+00:00\",\"breadcrumb\":{\"@id\":\"https:\\\/\\\/blogdofarnesio.com.br\\\/?p=119275#breadcrumb\"},\"inLanguage\":\"pt-BR\",\"potentialAction\":[{\"@type\":\"ReadAction\",\"target\":[\"https:\\\/\\\/blogdofarnesio.com.br\\\/?p=119275\"]}]},{\"@type\":\"ImageObject\",\"inLanguage\":\"pt-BR\",\"@id\":\"https:\\\/\\\/blogdofarnesio.com.br\\\/?p=119275#primaryimage\",\"url\":\"http:\\\/\\\/www.correio24horas.com.br\\\/uploads\\\/RTEmagicC_a8cf6eba32.jpg.jpg\",\"contentUrl\":\"http:\\\/\\\/www.correio24horas.com.br\\\/uploads\\\/RTEmagicC_a8cf6eba32.jpg.jpg\"},{\"@type\":\"BreadcrumbList\",\"@id\":\"https:\\\/\\\/blogdofarnesio.com.br\\\/?p=119275#breadcrumb\",\"itemListElement\":[{\"@type\":\"ListItem\",\"position\":1,\"name\":\"In\u00edcio\",\"item\":\"https:\\\/\\\/blogdofarnesio.com.br\\\/\"},{\"@type\":\"ListItem\",\"position\":2,\"name\":\"CONFIRA A LISTA DE CONVOCA\u00c7\u00c3O DOS NOVOS POLICIAIS MILITARES DA BAHIA APROVADOS EM CONCURSO\"}]},{\"@type\":\"WebSite\",\"@id\":\"https:\\\/\\\/blogdofarnesio.com.br\\\/#website\",\"url\":\"https:\\\/\\\/blogdofarnesio.com.br\\\/\",\"name\":\"Blog do Farn\u00e9sio\",\"description\":\"Quer Saber Pol\u00edtica?\",\"publisher\":{\"@id\":\"https:\\\/\\\/blogdofarnesio.com.br\\\/#organization\"},\"potentialAction\":[{\"@type\":\"SearchAction\",\"target\":{\"@type\":\"EntryPoint\",\"urlTemplate\":\"https:\\\/\\\/blogdofarnesio.com.br\\\/?s={search_term_string}\"},\"query-input\":{\"@type\":\"PropertyValueSpecification\",\"valueRequired\":true,\"valueName\":\"search_term_string\"}}],\"inLanguage\":\"pt-BR\"},{\"@type\":\"Organization\",\"@id\":\"https:\\\/\\\/blogdofarnesio.com.br\\\/#organization\",\"name\":\"Blog do Farn\u00e9sio\",\"url\":\"https:\\\/\\\/blogdofarnesio.com.br\\\/\",\"logo\":{\"@type\":\"ImageObject\",\"inLanguage\":\"pt-BR\",\"@id\":\"https:\\\/\\\/blogdofarnesio.com.br\\\/#\\\/schema\\\/logo\\\/image\\\/\",\"url\":\"https:\\\/\\\/blogdofarnesio.com.br\\\/wp-content\\\/uploads\\\/2026\\\/03\\\/cropped-logo_new-1.png\",\"contentUrl\":\"https:\\\/\\\/blogdofarnesio.com.br\\\/wp-content\\\/uploads\\\/2026\\\/03\\\/cropped-logo_new-1.png\",\"width\":881,\"height\":685,\"caption\":\"Blog do Farn\u00e9sio\"},\"image\":{\"@id\":\"https:\\\/\\\/blogdofarnesio.com.br\\\/#\\\/schema\\\/logo\\\/image\\\/\"},\"sameAs\":[\"https:\\\/\\\/www.facebook.com\\\/BlogQuerSaberPolitica\\\/\"]},{\"@type\":\"Person\",\"@id\":\"https:\\\/\\\/blogdofarnesio.com.br\\\/#\\\/schema\\\/person\\\/dd1bf5eba40b687199ba45ca6b97dff9\",\"name\":\"teste\",\"image\":{\"@type\":\"ImageObject\",\"inLanguage\":\"pt-BR\",\"@id\":\"https:\\\/\\\/secure.gravatar.com\\\/avatar\\\/2172498d4914b51e1d89a0f97957b035ac4938723a5cac208135d389b6972a6d?s=96&d=mm&r=g\",\"url\":\"https:\\\/\\\/secure.gravatar.com\\\/avatar\\\/2172498d4914b51e1d89a0f97957b035ac4938723a5cac208135d389b6972a6d?s=96&d=mm&r=g\",\"contentUrl\":\"https:\\\/\\\/secure.gravatar.com\\\/avatar\\\/2172498d4914b51e1d89a0f97957b035ac4938723a5cac208135d389b6972a6d?s=96&d=mm&r=g\",\"caption\":\"teste\"},\"url\":\"https:\\\/\\\/blogdofarnesio.com.br\\\/?author=3\"}]}<\/script>\n<!-- \/ Yoast SEO plugin. -->","yoast_head_json":{"title":"CONFIRA A LISTA DE CONVOCA\u00c7\u00c3O DOS NOVOS POLICIAIS MILITARES DA BAHIA APROVADOS EM CONCURSO - Blog do Farn\u00e9sio","robots":{"index":"index","follow":"follow","max-snippet":"max-snippet:-1","max-image-preview":"max-image-preview:large","max-video-preview":"max-video-preview:-1"},"canonical":"https:\/\/blogdofarnesio.com.br\/?p=119275","og_locale":"pt_BR","og_type":"article","og_title":"CONFIRA A LISTA DE CONVOCA\u00c7\u00c3O DOS NOVOS POLICIAIS MILITARES DA BAHIA APROVADOS EM CONCURSO - Blog do Farn\u00e9sio","og_description":"A lista de\u00a0convoca\u00e7\u00e3o dos aprovados no concurso da Pol\u00edcia Militar da Bahia (PM-BA), realizado em 2012, foi publicada na edi\u00e7\u00e3o deste s\u00e1bado (14), do Di\u00e1rio Oficial do Estado (DOE). Os mais dois mil pra\u00e7as selecionados v\u00e3o refor\u00e7ar a Pol\u00edcia Militar (PM) e Corpo de Bombeiros. Agora, os aprovados devem fazer a entrega dos documentos e realizar de exames pr\u00e9-admissionais dentro do prazo estipulado pelo edital, que come\u00e7a no dia 13 de abril. Os convocados far\u00e3o avalia\u00e7\u00e3o psicol\u00f3gica, exames m\u00e9dico-odontol\u00f3gicos, teste de aptid\u00e3o f\u00edsica e investiga\u00e7\u00e3o social. CLIQUE AQUI E VEJA EDITAL COM LISTA DE APROVADOS Os candidatos considerados aptos ingressar\u00e3o no Curso de Forma\u00e7\u00e3o de Soldados da PM, que tem dura\u00e7\u00e3o de nove meses. A data da matr\u00edcula est\u00e1 prevista&hellip;","og_url":"https:\/\/blogdofarnesio.com.br\/?p=119275","og_site_name":"Blog do Farn\u00e9sio","article_publisher":"https:\/\/www.facebook.com\/BlogQuerSaberPolitica\/","article_published_time":"2015-03-15T14:00:19+00:00","og_image":[{"url":"http:\/\/www.correio24horas.com.br\/uploads\/RTEmagicC_a8cf6eba32.jpg.jpg","type":"","width":"","height":""}],"author":"teste","twitter_card":"summary_large_image","twitter_misc":{"Escrito por":"teste","Est. tempo de leitura":"1 minuto"},"schema":{"@context":"https:\/\/schema.org","@graph":[{"@type":"Article","@id":"https:\/\/blogdofarnesio.com.br\/?p=119275#article","isPartOf":{"@id":"https:\/\/blogdofarnesio.com.br\/?p=119275"},"author":{"name":"teste","@id":"https:\/\/blogdofarnesio.com.br\/#\/schema\/person\/dd1bf5eba40b687199ba45ca6b97dff9"},"headline":"CONFIRA A LISTA DE CONVOCA\u00c7\u00c3O DOS NOVOS POLICIAIS MILITARES DA BAHIA APROVADOS EM CONCURSO","datePublished":"2015-03-15T14:00:19+00:00","mainEntityOfPage":{"@id":"https:\/\/blogdofarnesio.com.br\/?p=119275"},"wordCount":225,"commentCount":0,"publisher":{"@id":"https:\/\/blogdofarnesio.com.br\/#organization"},"image":{"@id":"https:\/\/blogdofarnesio.com.br\/?p=119275#primaryimage"},"thumbnailUrl":"http:\/\/www.correio24horas.com.br\/uploads\/RTEmagicC_a8cf6eba32.jpg.jpg","articleSection":["Concursos","Seguran\u00e7a"],"inLanguage":"pt-BR","potentialAction":[{"@type":"CommentAction","name":"Comment","target":["https:\/\/blogdofarnesio.com.br\/?p=119275#respond"]}]},{"@type":"WebPage","@id":"https:\/\/blogdofarnesio.com.br\/?p=119275","url":"https:\/\/blogdofarnesio.com.br\/?p=119275","name":"CONFIRA A LISTA DE CONVOCA\u00c7\u00c3O DOS NOVOS POLICIAIS MILITARES DA BAHIA APROVADOS EM CONCURSO - Blog do Farn\u00e9sio","isPartOf":{"@id":"https:\/\/blogdofarnesio.com.br\/#website"},"primaryImageOfPage":{"@id":"https:\/\/blogdofarnesio.com.br\/?p=119275#primaryimage"},"image":{"@id":"https:\/\/blogdofarnesio.com.br\/?p=119275#primaryimage"},"thumbnailUrl":"http:\/\/www.correio24horas.com.br\/uploads\/RTEmagicC_a8cf6eba32.jpg.jpg","datePublished":"2015-03-15T14:00:19+00:00","breadcrumb":{"@id":"https:\/\/blogdofarnesio.com.br\/?p=119275#breadcrumb"},"inLanguage":"pt-BR","potentialAction":[{"@type":"ReadAction","target":["https:\/\/blogdofarnesio.com.br\/?p=119275"]}]},{"@type":"ImageObject","inLanguage":"pt-BR","@id":"https:\/\/blogdofarnesio.com.br\/?p=119275#primaryimage","url":"http:\/\/www.correio24horas.com.br\/uploads\/RTEmagicC_a8cf6eba32.jpg.jpg","contentUrl":"http:\/\/www.correio24horas.com.br\/uploads\/RTEmagicC_a8cf6eba32.jpg.jpg"},{"@type":"BreadcrumbList","@id":"https:\/\/blogdofarnesio.com.br\/?p=119275#breadcrumb","itemListElement":[{"@type":"ListItem","position":1,"name":"In\u00edcio","item":"https:\/\/blogdofarnesio.com.br\/"},{"@type":"ListItem","position":2,"name":"CONFIRA A LISTA DE CONVOCA\u00c7\u00c3O DOS NOVOS POLICIAIS MILITARES DA BAHIA APROVADOS EM CONCURSO"}]},{"@type":"WebSite","@id":"https:\/\/blogdofarnesio.com.br\/#website","url":"https:\/\/blogdofarnesio.com.br\/","name":"Blog do Farn\u00e9sio","description":"Quer Saber Pol\u00edtica?","publisher":{"@id":"https:\/\/blogdofarnesio.com.br\/#organization"},"potentialAction":[{"@type":"SearchAction","target":{"@type":"EntryPoint","urlTemplate":"https:\/\/blogdofarnesio.com.br\/?s={search_term_string}"},"query-input":{"@type":"PropertyValueSpecification","valueRequired":true,"valueName":"search_term_string"}}],"inLanguage":"pt-BR"},{"@type":"Organization","@id":"https:\/\/blogdofarnesio.com.br\/#organization","name":"Blog do Farn\u00e9sio","url":"https:\/\/blogdofarnesio.com.br\/","logo":{"@type":"ImageObject","inLanguage":"pt-BR","@id":"https:\/\/blogdofarnesio.com.br\/#\/schema\/logo\/image\/","url":"https:\/\/blogdofarnesio.com.br\/wp-content\/uploads\/2026\/03\/cropped-logo_new-1.png","contentUrl":"https:\/\/blogdofarnesio.com.br\/wp-content\/uploads\/2026\/03\/cropped-logo_new-1.png","width":881,"height":685,"caption":"Blog do Farn\u00e9sio"},"image":{"@id":"https:\/\/blogdofarnesio.com.br\/#\/schema\/logo\/image\/"},"sameAs":["https:\/\/www.facebook.com\/BlogQuerSaberPolitica\/"]},{"@type":"Person","@id":"https:\/\/blogdofarnesio.com.br\/#\/schema\/person\/dd1bf5eba40b687199ba45ca6b97dff9","name":"teste","image":{"@type":"ImageObject","inLanguage":"pt-BR","@id":"https:\/\/secure.gravatar.com\/avatar\/2172498d4914b51e1d89a0f97957b035ac4938723a5cac208135d389b6972a6d?s=96&d=mm&r=g","url":"https:\/\/secure.gravatar.com\/avatar\/2172498d4914b51e1d89a0f97957b035ac4938723a5cac208135d389b6972a6d?s=96&d=mm&r=g","contentUrl":"https:\/\/secure.gravatar.com\/avatar\/2172498d4914b51e1d89a0f97957b035ac4938723a5cac208135d389b6972a6d?s=96&d=mm&r=g","caption":"teste"},"url":"https:\/\/blogdofarnesio.com.br\/?author=3"}]}},"_links":{"self":[{"href":"https:\/\/blogdofarnesio.com.br\/index.php?rest_route=\/wp\/v2\/posts\/119275","targetHints":{"allow":["GET"]}}],"collection":[{"href":"https:\/\/blogdofarnesio.com.br\/index.php?rest_route=\/wp\/v2\/posts"}],"about":[{"href":"https:\/\/blogdofarnesio.com.br\/index.php?rest_route=\/wp\/v2\/types\/post"}],"author":[{"embeddable":true,"href":"https:\/\/blogdofarnesio.com.br\/index.php?rest_route=\/wp\/v2\/users\/3"}],"replies":[{"embeddable":true,"href":"https:\/\/blogdofarnesio.com.br\/index.php?rest_route=%2Fwp%2Fv2%2Fcomments&post=119275"}],"version-history":[{"count":0,"href":"https:\/\/blogdofarnesio.com.br\/index.php?rest_route=\/wp\/v2\/posts\/119275\/revisions"}],"wp:attachment":[{"href":"https:\/\/blogdofarnesio.com.br\/index.php?rest_route=%2Fwp%2Fv2%2Fmedia&parent=119275"}],"wp:term":[{"taxonomy":"category","embeddable":true,"href":"https:\/\/blogdofarnesio.com.br\/index.php?rest_route=%2Fwp%2Fv2%2Fcategories&post=119275"},{"taxonomy":"post_tag","embeddable":true,"href":"https:\/\/blogdofarnesio.com.br\/index.php?rest_route=%2Fwp%2Fv2%2Ftags&post=119275"}],"curies":[{"name":"wp","href":"https:\/\/api.w.org\/{rel}","templated":true}]}}