{"id":119207,"date":"2015-03-14T09:00:39","date_gmt":"2015-03-14T12:00:39","guid":{"rendered":"http:\/\/www.quersaberpolitica.com.br\/?p=119207"},"modified":"2015-03-13T21:40:08","modified_gmt":"2015-03-14T00:40:08","slug":"dia-da-poesia-em-juazeiro-vai-da-praca-a-feira","status":"publish","type":"post","link":"https:\/\/blogdofarnesio.com.br\/?p=119207","title":{"rendered":"DIA DA POESIA EM JUAZEIRO VAI DA PRA\u00c7A \u00c0 FEIRA"},"content":{"rendered":"<p><a href=\"http:\/\/www.quersaberpolitica.com.br\/2016\/wp-content\/uploads\/2015\/03\/blogqsp.Ant\u00f4nio-Vieira.jpg\"><img loading=\"lazy\" decoding=\"async\" class=\"size-medium wp-image-119208 aligncenter\" alt=\"blogqsp.Ant\u00f4nio Vieira\" src=\"http:\/\/www.quersaberpolitica.com.br\/2016\/wp-content\/uploads\/2015\/03\/blogqsp.Ant\u00f4nio-Vieira-300x224.jpg\" width=\"300\" height=\"224\" srcset=\"https:\/\/blogdofarnesio.com.br\/wp-content\/uploads\/2015\/03\/blogqsp.Ant\u00f4nio-Vieira-300x224.jpg 300w, https:\/\/blogdofarnesio.com.br\/wp-content\/uploads\/2015\/03\/blogqsp.Ant\u00f4nio-Vieira-400x300.jpg 400w, https:\/\/blogdofarnesio.com.br\/wp-content\/uploads\/2015\/03\/blogqsp.Ant\u00f4nio-Vieira.jpg 448w\" sizes=\"auto, (max-width: 300px) 100vw, 300px\" \/><\/a><\/p>\n<p style=\"text-align: justify\">Com o apoio da prefeitura municipal, atrav\u00e9s da secretaria de Cultura e Juventude (SECJU) pra\u00e7a, feira livre e barquinhas ser\u00e3o palcos para o 1\u00b0 Encontro de Poetas e Repentistas de Juazeiro, em homenagem\u00a0ao poeta Castro Alves e a poesia popular, como o repente e a literatura de cordel, que na avalia\u00e7\u00e3o do poeta Valdir Lemos, \u201cCastro Alves tinha uma vis\u00e3o gigantesca. O poeta mais pr\u00f3ximo dos repentistas\u201d.<\/p>\n<p style=\"text-align: justify\">O objetivo desse encontro nas pra\u00e7as da cidade, segundo Valdir, \u00e9 aproximar as pessoas da poesia de cordel. Ele que se apresenta com o tamb\u00e9m poeta e cantador Ant\u00f4nio Vieira, vai reunir em Juazeiro da Bahia, os maiores nomes da cantoria e do repente do Nordeste Brasileiro.<\/p>\n<p style=\"text-align: justify\">Mais de 10 poetas, repentistas, violeiros e cantadores v\u00e3o mostrar na Pra\u00e7a Bar\u00e3o do Rio Branco (Pra\u00e7a do Pa\u00e7o Municipal), e tamb\u00e9m na feira livre da cidade, dia 14 (s\u00e1bado), a partir das 8 horas, o melhor da poesia de cordel e da cultura popular nordestina. \u201cVenham prestigiar os melhores artistas do nordeste brasileiro\u201d, convida o poeta Valdir, que ainda adianta que no evento haver\u00e1 exposi\u00e7\u00e3o, mostra e comercializa\u00e7\u00e3o dos produtos art\u00edsticos, como CDs, DVDs, livros e cord\u00e9is, \u201ctudo a pre\u00e7o popular\u201d, garante.<\/p>\n<p style=\"text-align: justify\"><!--more--><\/p>\n<p style=\"text-align: justify\">Participam do Encontro, poetas da Para\u00edba, Pernambuco, Cear\u00e1, Bahia e Piau\u00ed, todos articulados pelo <b>Projeto \u201cSert\u00e3o, Viola e Poesia\u201d<\/b>, que tem a coordena\u00e7\u00e3o do Valdir Lemos. Segundo o poeta, o projeto foi criado dia 05 de maio de 2013, juntamente com a poetisa e escritora Graciele Castro, (Recife), \u201cque tamb\u00e9m vai est\u00e1 no evento em Juazeiro\u201d, lembra Valdir. A escritora Graciele est\u00e1 no seu 4\u00ba livro de cordel, e junto com a tamb\u00e9m poetisa Tamires Alves, estar\u00e3o no evento como \u201cconvidadas especiais\u201d.<\/p>\n<p style=\"text-align: justify\">Outra novidade para o Dia Nacional da Poesia em Juazeiro, desenvolvido pelo Projeto \u201cSert\u00e3o, Viola e Poesia\u201d em parceria com a prefeitura municipal, atrav\u00e9s da SECJU, \u00e9 a apresenta\u00e7\u00e3o de duplas de repentistas se revezando na <b>travessia das barquinhas<\/b>. \u201cEntre as duas cidades, Juazeiro e Petrolina, trazendo a beleza da poesia popular para o sert\u00e3o sanfranciscano\u201d, destacou o titular da SECJU, Donizete Menezes, que aproveitou para convidar a popula\u00e7\u00e3o juazeirense a prestigiar e comemorar o Dia da Poesia na cidade.<\/p>\n<p style=\"text-align: justify\">A programa\u00e7\u00e3o come\u00e7a a partir das 8 horas, na feira livre da cidade, e se estende at\u00e9 \u00e0s 14 horas, finalizando na Pra\u00e7a do Pa\u00e7o Municipal, Centro.<\/p>\n<p><em><b>Paulo Carvalho\/SECJU\u00a0<\/b><\/em><\/p>\n","protected":false},"excerpt":{"rendered":"<p>Com o apoio da prefeitura municipal, atrav\u00e9s da secretaria de Cultura e Juventude (SECJU) pra\u00e7a, feira livre e barquinhas ser\u00e3o palcos para o 1\u00b0 Encontro de Poetas e Repentistas de Juazeiro, em homenagem\u00a0ao poeta Castro Alves e a poesia popular, como o repente e a literatura de cordel, que na avalia\u00e7\u00e3o do poeta Valdir Lemos, \u201cCastro Alves tinha uma vis\u00e3o gigantesca. O poeta mais pr\u00f3ximo dos repentistas\u201d. O objetivo desse encontro nas pra\u00e7as da cidade, segundo Valdir, \u00e9 aproximar as pessoas da poesia de cordel. Ele que se apresenta com o tamb\u00e9m poeta e cantador Ant\u00f4nio Vieira, vai reunir em Juazeiro da Bahia, os maiores nomes da cantoria e do repente do Nordeste Brasileiro. Mais de 10 poetas, repentistas, violeiros&hellip; <\/p>\n","protected":false},"author":7,"featured_media":0,"comment_status":"open","ping_status":"open","sticky":false,"template":"","format":"standard","meta":{"_acf_changed":false,"footnotes":""},"categories":[10],"tags":[],"class_list":["post-119207","post","type-post","status-publish","format-standard","hentry","category-cultura"],"acf":[],"yoast_head":"<!-- This site is optimized with the Yoast SEO plugin v27.4 - https:\/\/yoast.com\/product\/yoast-seo-wordpress\/ -->\n<title>DIA DA POESIA EM JUAZEIRO VAI DA PRA\u00c7A \u00c0 FEIRA - Blog do Farn\u00e9sio<\/title>\n<meta name=\"robots\" content=\"index, follow, max-snippet:-1, max-image-preview:large, max-video-preview:-1\" \/>\n<link rel=\"canonical\" href=\"https:\/\/blogdofarnesio.com.br\/?p=119207\" \/>\n<meta property=\"og:locale\" content=\"pt_BR\" \/>\n<meta property=\"og:type\" content=\"article\" \/>\n<meta property=\"og:title\" content=\"DIA DA POESIA EM JUAZEIRO VAI DA PRA\u00c7A \u00c0 FEIRA - Blog do Farn\u00e9sio\" \/>\n<meta property=\"og:description\" content=\"Com o apoio da prefeitura municipal, atrav\u00e9s da secretaria de Cultura e Juventude (SECJU) pra\u00e7a, feira livre e barquinhas ser\u00e3o palcos para o 1\u00b0 Encontro de Poetas e Repentistas de Juazeiro, em homenagem\u00a0ao poeta Castro Alves e a poesia popular, como o repente e a literatura de cordel, que na avalia\u00e7\u00e3o do poeta Valdir Lemos, \u201cCastro Alves tinha uma vis\u00e3o gigantesca. O poeta mais pr\u00f3ximo dos repentistas\u201d. O objetivo desse encontro nas pra\u00e7as da cidade, segundo Valdir, \u00e9 aproximar as pessoas da poesia de cordel. Ele que se apresenta com o tamb\u00e9m poeta e cantador Ant\u00f4nio Vieira, vai reunir em Juazeiro da Bahia, os maiores nomes da cantoria e do repente do Nordeste Brasileiro. Mais de 10 poetas, repentistas, violeiros&hellip;\" \/>\n<meta property=\"og:url\" content=\"https:\/\/blogdofarnesio.com.br\/?p=119207\" \/>\n<meta property=\"og:site_name\" content=\"Blog do Farn\u00e9sio\" \/>\n<meta property=\"article:publisher\" content=\"https:\/\/www.facebook.com\/BlogQuerSaberPolitica\/\" \/>\n<meta property=\"article:published_time\" content=\"2015-03-14T12:00:39+00:00\" \/>\n<meta name=\"twitter:card\" content=\"summary_large_image\" \/>\n<meta name=\"twitter:label1\" content=\"Escrito por\" \/>\n\t<meta name=\"twitter:data1\" content=\"\" \/>\n\t<meta name=\"twitter:label2\" content=\"Est. tempo de leitura\" \/>\n\t<meta name=\"twitter:data2\" content=\"2 minutos\" \/>\n<script type=\"application\/ld+json\" class=\"yoast-schema-graph\">{\"@context\":\"https:\\\/\\\/schema.org\",\"@graph\":[{\"@type\":\"Article\",\"@id\":\"https:\\\/\\\/blogdofarnesio.com.br\\\/?p=119207#article\",\"isPartOf\":{\"@id\":\"https:\\\/\\\/blogdofarnesio.com.br\\\/?p=119207\"},\"author\":{\"name\":\"\",\"@id\":\"\"},\"headline\":\"DIA DA POESIA EM JUAZEIRO VAI DA PRA\u00c7A \u00c0 FEIRA\",\"datePublished\":\"2015-03-14T12:00:39+00:00\",\"mainEntityOfPage\":{\"@id\":\"https:\\\/\\\/blogdofarnesio.com.br\\\/?p=119207\"},\"wordCount\":425,\"commentCount\":0,\"publisher\":{\"@id\":\"https:\\\/\\\/blogdofarnesio.com.br\\\/#organization\"},\"articleSection\":[\"Cultura\"],\"inLanguage\":\"pt-BR\",\"potentialAction\":[{\"@type\":\"CommentAction\",\"name\":\"Comment\",\"target\":[\"https:\\\/\\\/blogdofarnesio.com.br\\\/?p=119207#respond\"]}]},{\"@type\":\"WebPage\",\"@id\":\"https:\\\/\\\/blogdofarnesio.com.br\\\/?p=119207\",\"url\":\"https:\\\/\\\/blogdofarnesio.com.br\\\/?p=119207\",\"name\":\"DIA DA POESIA EM JUAZEIRO VAI DA PRA\u00c7A \u00c0 FEIRA - Blog do Farn\u00e9sio\",\"isPartOf\":{\"@id\":\"https:\\\/\\\/blogdofarnesio.com.br\\\/#website\"},\"datePublished\":\"2015-03-14T12:00:39+00:00\",\"breadcrumb\":{\"@id\":\"https:\\\/\\\/blogdofarnesio.com.br\\\/?p=119207#breadcrumb\"},\"inLanguage\":\"pt-BR\",\"potentialAction\":[{\"@type\":\"ReadAction\",\"target\":[\"https:\\\/\\\/blogdofarnesio.com.br\\\/?p=119207\"]}]},{\"@type\":\"BreadcrumbList\",\"@id\":\"https:\\\/\\\/blogdofarnesio.com.br\\\/?p=119207#breadcrumb\",\"itemListElement\":[{\"@type\":\"ListItem\",\"position\":1,\"name\":\"In\u00edcio\",\"item\":\"https:\\\/\\\/blogdofarnesio.com.br\\\/\"},{\"@type\":\"ListItem\",\"position\":2,\"name\":\"DIA DA POESIA EM JUAZEIRO VAI DA PRA\u00c7A \u00c0 FEIRA\"}]},{\"@type\":\"WebSite\",\"@id\":\"https:\\\/\\\/blogdofarnesio.com.br\\\/#website\",\"url\":\"https:\\\/\\\/blogdofarnesio.com.br\\\/\",\"name\":\"Blog do Farn\u00e9sio\",\"description\":\"Quer Saber Pol\u00edtica?\",\"publisher\":{\"@id\":\"https:\\\/\\\/blogdofarnesio.com.br\\\/#organization\"},\"potentialAction\":[{\"@type\":\"SearchAction\",\"target\":{\"@type\":\"EntryPoint\",\"urlTemplate\":\"https:\\\/\\\/blogdofarnesio.com.br\\\/?s={search_term_string}\"},\"query-input\":{\"@type\":\"PropertyValueSpecification\",\"valueRequired\":true,\"valueName\":\"search_term_string\"}}],\"inLanguage\":\"pt-BR\"},{\"@type\":\"Organization\",\"@id\":\"https:\\\/\\\/blogdofarnesio.com.br\\\/#organization\",\"name\":\"Blog do Farn\u00e9sio\",\"url\":\"https:\\\/\\\/blogdofarnesio.com.br\\\/\",\"logo\":{\"@type\":\"ImageObject\",\"inLanguage\":\"pt-BR\",\"@id\":\"https:\\\/\\\/blogdofarnesio.com.br\\\/#\\\/schema\\\/logo\\\/image\\\/\",\"url\":\"https:\\\/\\\/blogdofarnesio.com.br\\\/wp-content\\\/uploads\\\/2026\\\/03\\\/cropped-logo_new-1.png\",\"contentUrl\":\"https:\\\/\\\/blogdofarnesio.com.br\\\/wp-content\\\/uploads\\\/2026\\\/03\\\/cropped-logo_new-1.png\",\"width\":881,\"height\":685,\"caption\":\"Blog do Farn\u00e9sio\"},\"image\":{\"@id\":\"https:\\\/\\\/blogdofarnesio.com.br\\\/#\\\/schema\\\/logo\\\/image\\\/\"},\"sameAs\":[\"https:\\\/\\\/www.facebook.com\\\/BlogQuerSaberPolitica\\\/\"]},{\"@type\":\"Person\",\"@id\":\"\",\"url\":\"https:\\\/\\\/blogdofarnesio.com.br\\\/?author=7\"}]}<\/script>\n<!-- \/ Yoast SEO plugin. -->","yoast_head_json":{"title":"DIA DA POESIA EM JUAZEIRO VAI DA PRA\u00c7A \u00c0 FEIRA - Blog do Farn\u00e9sio","robots":{"index":"index","follow":"follow","max-snippet":"max-snippet:-1","max-image-preview":"max-image-preview:large","max-video-preview":"max-video-preview:-1"},"canonical":"https:\/\/blogdofarnesio.com.br\/?p=119207","og_locale":"pt_BR","og_type":"article","og_title":"DIA DA POESIA EM JUAZEIRO VAI DA PRA\u00c7A \u00c0 FEIRA - Blog do Farn\u00e9sio","og_description":"Com o apoio da prefeitura municipal, atrav\u00e9s da secretaria de Cultura e Juventude (SECJU) pra\u00e7a, feira livre e barquinhas ser\u00e3o palcos para o 1\u00b0 Encontro de Poetas e Repentistas de Juazeiro, em homenagem\u00a0ao poeta Castro Alves e a poesia popular, como o repente e a literatura de cordel, que na avalia\u00e7\u00e3o do poeta Valdir Lemos, \u201cCastro Alves tinha uma vis\u00e3o gigantesca. O poeta mais pr\u00f3ximo dos repentistas\u201d. O objetivo desse encontro nas pra\u00e7as da cidade, segundo Valdir, \u00e9 aproximar as pessoas da poesia de cordel. Ele que se apresenta com o tamb\u00e9m poeta e cantador Ant\u00f4nio Vieira, vai reunir em Juazeiro da Bahia, os maiores nomes da cantoria e do repente do Nordeste Brasileiro. Mais de 10 poetas, repentistas, violeiros&hellip;","og_url":"https:\/\/blogdofarnesio.com.br\/?p=119207","og_site_name":"Blog do Farn\u00e9sio","article_publisher":"https:\/\/www.facebook.com\/BlogQuerSaberPolitica\/","article_published_time":"2015-03-14T12:00:39+00:00","twitter_card":"summary_large_image","twitter_misc":{"Escrito por":"","Est. tempo de leitura":"2 minutos"},"schema":{"@context":"https:\/\/schema.org","@graph":[{"@type":"Article","@id":"https:\/\/blogdofarnesio.com.br\/?p=119207#article","isPartOf":{"@id":"https:\/\/blogdofarnesio.com.br\/?p=119207"},"author":{"name":"","@id":""},"headline":"DIA DA POESIA EM JUAZEIRO VAI DA PRA\u00c7A \u00c0 FEIRA","datePublished":"2015-03-14T12:00:39+00:00","mainEntityOfPage":{"@id":"https:\/\/blogdofarnesio.com.br\/?p=119207"},"wordCount":425,"commentCount":0,"publisher":{"@id":"https:\/\/blogdofarnesio.com.br\/#organization"},"articleSection":["Cultura"],"inLanguage":"pt-BR","potentialAction":[{"@type":"CommentAction","name":"Comment","target":["https:\/\/blogdofarnesio.com.br\/?p=119207#respond"]}]},{"@type":"WebPage","@id":"https:\/\/blogdofarnesio.com.br\/?p=119207","url":"https:\/\/blogdofarnesio.com.br\/?p=119207","name":"DIA DA POESIA EM JUAZEIRO VAI DA PRA\u00c7A \u00c0 FEIRA - Blog do Farn\u00e9sio","isPartOf":{"@id":"https:\/\/blogdofarnesio.com.br\/#website"},"datePublished":"2015-03-14T12:00:39+00:00","breadcrumb":{"@id":"https:\/\/blogdofarnesio.com.br\/?p=119207#breadcrumb"},"inLanguage":"pt-BR","potentialAction":[{"@type":"ReadAction","target":["https:\/\/blogdofarnesio.com.br\/?p=119207"]}]},{"@type":"BreadcrumbList","@id":"https:\/\/blogdofarnesio.com.br\/?p=119207#breadcrumb","itemListElement":[{"@type":"ListItem","position":1,"name":"In\u00edcio","item":"https:\/\/blogdofarnesio.com.br\/"},{"@type":"ListItem","position":2,"name":"DIA DA POESIA EM JUAZEIRO VAI DA PRA\u00c7A \u00c0 FEIRA"}]},{"@type":"WebSite","@id":"https:\/\/blogdofarnesio.com.br\/#website","url":"https:\/\/blogdofarnesio.com.br\/","name":"Blog do Farn\u00e9sio","description":"Quer Saber Pol\u00edtica?","publisher":{"@id":"https:\/\/blogdofarnesio.com.br\/#organization"},"potentialAction":[{"@type":"SearchAction","target":{"@type":"EntryPoint","urlTemplate":"https:\/\/blogdofarnesio.com.br\/?s={search_term_string}"},"query-input":{"@type":"PropertyValueSpecification","valueRequired":true,"valueName":"search_term_string"}}],"inLanguage":"pt-BR"},{"@type":"Organization","@id":"https:\/\/blogdofarnesio.com.br\/#organization","name":"Blog do Farn\u00e9sio","url":"https:\/\/blogdofarnesio.com.br\/","logo":{"@type":"ImageObject","inLanguage":"pt-BR","@id":"https:\/\/blogdofarnesio.com.br\/#\/schema\/logo\/image\/","url":"https:\/\/blogdofarnesio.com.br\/wp-content\/uploads\/2026\/03\/cropped-logo_new-1.png","contentUrl":"https:\/\/blogdofarnesio.com.br\/wp-content\/uploads\/2026\/03\/cropped-logo_new-1.png","width":881,"height":685,"caption":"Blog do Farn\u00e9sio"},"image":{"@id":"https:\/\/blogdofarnesio.com.br\/#\/schema\/logo\/image\/"},"sameAs":["https:\/\/www.facebook.com\/BlogQuerSaberPolitica\/"]},{"@type":"Person","@id":"","url":"https:\/\/blogdofarnesio.com.br\/?author=7"}]}},"_links":{"self":[{"href":"https:\/\/blogdofarnesio.com.br\/index.php?rest_route=\/wp\/v2\/posts\/119207","targetHints":{"allow":["GET"]}}],"collection":[{"href":"https:\/\/blogdofarnesio.com.br\/index.php?rest_route=\/wp\/v2\/posts"}],"about":[{"href":"https:\/\/blogdofarnesio.com.br\/index.php?rest_route=\/wp\/v2\/types\/post"}],"author":[{"embeddable":true,"href":"https:\/\/blogdofarnesio.com.br\/index.php?rest_route=\/wp\/v2\/users\/7"}],"replies":[{"embeddable":true,"href":"https:\/\/blogdofarnesio.com.br\/index.php?rest_route=%2Fwp%2Fv2%2Fcomments&post=119207"}],"version-history":[{"count":0,"href":"https:\/\/blogdofarnesio.com.br\/index.php?rest_route=\/wp\/v2\/posts\/119207\/revisions"}],"wp:attachment":[{"href":"https:\/\/blogdofarnesio.com.br\/index.php?rest_route=%2Fwp%2Fv2%2Fmedia&parent=119207"}],"wp:term":[{"taxonomy":"category","embeddable":true,"href":"https:\/\/blogdofarnesio.com.br\/index.php?rest_route=%2Fwp%2Fv2%2Fcategories&post=119207"},{"taxonomy":"post_tag","embeddable":true,"href":"https:\/\/blogdofarnesio.com.br\/index.php?rest_route=%2Fwp%2Fv2%2Ftags&post=119207"}],"curies":[{"name":"wp","href":"https:\/\/api.w.org\/{rel}","templated":true}]}}