{"id":119202,"date":"2015-03-18T09:22:52","date_gmt":"2015-03-18T12:22:52","guid":{"rendered":"http:\/\/www.quersaberpolitica.com.br\/?p=119202"},"modified":"2015-03-17T21:56:38","modified_gmt":"2015-03-18T00:56:38","slug":"ultimo-dia-de-matricula-para-o-curso-pre-vestibular-em-juazeiro","status":"publish","type":"post","link":"https:\/\/blogdofarnesio.com.br\/?p=119202","title":{"rendered":"\u00daLTIMO DIA DE MATR\u00cdCULA PARA O CURSO PR\u00c9-VESTIBULAR EM JUAZEIRO"},"content":{"rendered":"<p><a href=\"http:\/\/www.quersaberpolitica.com.br\/2016\/wp-content\/uploads\/2015\/01\/blogqsp.matriculas.jpg\"><img loading=\"lazy\" decoding=\"async\" class=\"size-medium wp-image-112447 alignleft\" alt=\"blogqsp.matriculas\" src=\"http:\/\/www.quersaberpolitica.com.br\/2016\/wp-content\/uploads\/2015\/01\/blogqsp.matriculas-300x184.jpg\" width=\"300\" height=\"184\" srcset=\"https:\/\/blogdofarnesio.com.br\/wp-content\/uploads\/2015\/01\/blogqsp.matriculas-300x184.jpg 300w, https:\/\/blogdofarnesio.com.br\/wp-content\/uploads\/2015\/01\/blogqsp.matriculas.jpg 448w\" sizes=\"auto, (max-width: 300px) 100vw, 300px\" \/><\/a><\/p>\n<p style=\"text-align: justify\">A matr\u00edcula do curso pr\u00e9-vestibular do munic\u00edpio de Juazeiro foi prorrogada para o dia 18 (quarta-feira).<\/p>\n<p style=\"text-align: justify\">Sendo assim, os estudantes interessados devem se dirigir ao Col\u00e9gio Municipal Paulo VI, das 19h \u00e0s 21h, para fazer a inscri\u00e7\u00e3o.<\/p>\n<p style=\"text-align: justify\">No ato da matr\u00edcula, o aluno dever\u00e1 levar a xerox da identidade e a ficha dezenove, ou uma declara\u00e7\u00e3o do col\u00e9gio de que ainda cursa o terceiro ano.<\/p>\n<p style=\"text-align: justify\">O curso pr\u00e9\u2013vestibular Prepara ir\u00e1 iniciar as aulas no dia 30 de mar\u00e7o e ter\u00e1 dura\u00e7\u00e3o at\u00e9 o m\u00eas de novembro, com aulas de segunda a sexta-feira, com expectativa de 300 alunos. De acordo com o Coordenador Adonilson Sousa, o motivo da prorroga\u00e7\u00e3o da matr\u00edcula \u00e9 que a agenda dos candidatos interessados est\u00e1 chocando com o calend\u00e1rio letivo das escolas do Estado. \u201cOs nossos alunos do cursinho s\u00e3o, em sua grande maioria, concluintes do 3\u00ba ano. Ent\u00e3o eles acabaram n\u00e3o conseguindo completar todo o processo da matr\u00edcula, como quest\u00f5es de documentos que a escola precisa disponibilizar para efetuar a matr\u00edcula do aluno conosco\u201d, explica Adonilson.<\/p>\n<p style=\"text-align: justify\"><!--more--><\/p>\n<p style=\"text-align: justify\">Ap\u00f3s a inscri\u00e7\u00e3o, haver\u00e1 uma sele\u00e7\u00e3o dos alunos que apresentarem melhor desempenho para participar do curso. As melhores notas de Matem\u00e1tica e Portugu\u00eas ser\u00e3o escolhidas e essa m\u00e9dia ser\u00e1 somada \u00e0 nota que ser\u00e1 dada na entrevista. Depois os coordenadores pedir\u00e3o que o candidato redija um texto de 10 a 15 linhas falando da import\u00e2ncia do curso preparat\u00f3rio. Da soma de todo o processo sair\u00e1 uma m\u00e9dia do estudante e a certeza se ele est\u00e1 apto ou n\u00e3o para o curso. Os candidatos que forem selecionados para a matr\u00edcula, ser\u00e3o comunicados atrav\u00e9s da Coordena\u00e7\u00e3o do curso.<\/p>\n<div><\/div>\n","protected":false},"excerpt":{"rendered":"<p>A matr\u00edcula do curso pr\u00e9-vestibular do munic\u00edpio de Juazeiro foi prorrogada para o dia 18 (quarta-feira). Sendo assim, os estudantes interessados devem se dirigir ao Col\u00e9gio Municipal Paulo VI, das 19h \u00e0s 21h, para fazer a inscri\u00e7\u00e3o. No ato da matr\u00edcula, o aluno dever\u00e1 levar a xerox da identidade e a ficha dezenove, ou uma declara\u00e7\u00e3o do col\u00e9gio de que ainda cursa o terceiro ano. O curso pr\u00e9\u2013vestibular Prepara ir\u00e1 iniciar as aulas no dia 30 de mar\u00e7o e ter\u00e1 dura\u00e7\u00e3o at\u00e9 o m\u00eas de novembro, com aulas de segunda a sexta-feira, com expectativa de 300 alunos. De acordo com o Coordenador Adonilson Sousa, o motivo da prorroga\u00e7\u00e3o da matr\u00edcula \u00e9 que a agenda dos candidatos interessados est\u00e1 chocando com&hellip; <\/p>\n","protected":false},"author":7,"featured_media":0,"comment_status":"open","ping_status":"open","sticky":false,"template":"","format":"standard","meta":{"_acf_changed":false,"footnotes":""},"categories":[6],"tags":[],"class_list":["post-119202","post","type-post","status-publish","format-standard","hentry","category-educacao"],"acf":[],"yoast_head":"<!-- This site is optimized with the Yoast SEO plugin v27.4 - https:\/\/yoast.com\/product\/yoast-seo-wordpress\/ -->\n<title>\u00daLTIMO DIA DE MATR\u00cdCULA PARA O CURSO PR\u00c9-VESTIBULAR EM JUAZEIRO - Blog do Farn\u00e9sio<\/title>\n<meta name=\"robots\" content=\"index, follow, max-snippet:-1, max-image-preview:large, max-video-preview:-1\" \/>\n<link rel=\"canonical\" href=\"https:\/\/blogdofarnesio.com.br\/?p=119202\" \/>\n<meta property=\"og:locale\" content=\"pt_BR\" \/>\n<meta property=\"og:type\" content=\"article\" \/>\n<meta property=\"og:title\" content=\"\u00daLTIMO DIA DE MATR\u00cdCULA PARA O CURSO PR\u00c9-VESTIBULAR EM JUAZEIRO - Blog do Farn\u00e9sio\" \/>\n<meta property=\"og:description\" content=\"A matr\u00edcula do curso pr\u00e9-vestibular do munic\u00edpio de Juazeiro foi prorrogada para o dia 18 (quarta-feira). Sendo assim, os estudantes interessados devem se dirigir ao Col\u00e9gio Municipal Paulo VI, das 19h \u00e0s 21h, para fazer a inscri\u00e7\u00e3o. No ato da matr\u00edcula, o aluno dever\u00e1 levar a xerox da identidade e a ficha dezenove, ou uma declara\u00e7\u00e3o do col\u00e9gio de que ainda cursa o terceiro ano. O curso pr\u00e9\u2013vestibular Prepara ir\u00e1 iniciar as aulas no dia 30 de mar\u00e7o e ter\u00e1 dura\u00e7\u00e3o at\u00e9 o m\u00eas de novembro, com aulas de segunda a sexta-feira, com expectativa de 300 alunos. De acordo com o Coordenador Adonilson Sousa, o motivo da prorroga\u00e7\u00e3o da matr\u00edcula \u00e9 que a agenda dos candidatos interessados est\u00e1 chocando com&hellip;\" \/>\n<meta property=\"og:url\" content=\"https:\/\/blogdofarnesio.com.br\/?p=119202\" \/>\n<meta property=\"og:site_name\" content=\"Blog do Farn\u00e9sio\" \/>\n<meta property=\"article:publisher\" content=\"https:\/\/www.facebook.com\/BlogQuerSaberPolitica\/\" \/>\n<meta property=\"article:published_time\" content=\"2015-03-18T12:22:52+00:00\" \/>\n<meta property=\"og:image\" content=\"http:\/\/www.quersaberpolitica.com.br\/2016\/wp-content\/uploads\/2015\/01\/blogqsp.matriculas-300x184.jpg\" \/>\n<meta name=\"twitter:card\" content=\"summary_large_image\" \/>\n<meta name=\"twitter:label1\" content=\"Escrito por\" \/>\n\t<meta name=\"twitter:data1\" content=\"\" \/>\n\t<meta name=\"twitter:label2\" content=\"Est. tempo de leitura\" \/>\n\t<meta name=\"twitter:data2\" content=\"1 minuto\" \/>\n<script type=\"application\/ld+json\" class=\"yoast-schema-graph\">{\"@context\":\"https:\\\/\\\/schema.org\",\"@graph\":[{\"@type\":\"Article\",\"@id\":\"https:\\\/\\\/blogdofarnesio.com.br\\\/?p=119202#article\",\"isPartOf\":{\"@id\":\"https:\\\/\\\/blogdofarnesio.com.br\\\/?p=119202\"},\"author\":{\"name\":\"\",\"@id\":\"\"},\"headline\":\"\u00daLTIMO DIA DE MATR\u00cdCULA PARA O CURSO PR\u00c9-VESTIBULAR EM JUAZEIRO\",\"datePublished\":\"2015-03-18T12:22:52+00:00\",\"mainEntityOfPage\":{\"@id\":\"https:\\\/\\\/blogdofarnesio.com.br\\\/?p=119202\"},\"wordCount\":307,\"commentCount\":0,\"publisher\":{\"@id\":\"https:\\\/\\\/blogdofarnesio.com.br\\\/#organization\"},\"image\":{\"@id\":\"https:\\\/\\\/blogdofarnesio.com.br\\\/?p=119202#primaryimage\"},\"thumbnailUrl\":\"http:\\\/\\\/www.quersaberpolitica.com.br\\\/2016\\\/wp-content\\\/uploads\\\/2015\\\/01\\\/blogqsp.matriculas-300x184.jpg\",\"articleSection\":[\"Educa\u00e7\u00e3o\"],\"inLanguage\":\"pt-BR\",\"potentialAction\":[{\"@type\":\"CommentAction\",\"name\":\"Comment\",\"target\":[\"https:\\\/\\\/blogdofarnesio.com.br\\\/?p=119202#respond\"]}]},{\"@type\":\"WebPage\",\"@id\":\"https:\\\/\\\/blogdofarnesio.com.br\\\/?p=119202\",\"url\":\"https:\\\/\\\/blogdofarnesio.com.br\\\/?p=119202\",\"name\":\"\u00daLTIMO DIA DE MATR\u00cdCULA PARA O CURSO PR\u00c9-VESTIBULAR EM JUAZEIRO - Blog do Farn\u00e9sio\",\"isPartOf\":{\"@id\":\"https:\\\/\\\/blogdofarnesio.com.br\\\/#website\"},\"primaryImageOfPage\":{\"@id\":\"https:\\\/\\\/blogdofarnesio.com.br\\\/?p=119202#primaryimage\"},\"image\":{\"@id\":\"https:\\\/\\\/blogdofarnesio.com.br\\\/?p=119202#primaryimage\"},\"thumbnailUrl\":\"http:\\\/\\\/www.quersaberpolitica.com.br\\\/2016\\\/wp-content\\\/uploads\\\/2015\\\/01\\\/blogqsp.matriculas-300x184.jpg\",\"datePublished\":\"2015-03-18T12:22:52+00:00\",\"breadcrumb\":{\"@id\":\"https:\\\/\\\/blogdofarnesio.com.br\\\/?p=119202#breadcrumb\"},\"inLanguage\":\"pt-BR\",\"potentialAction\":[{\"@type\":\"ReadAction\",\"target\":[\"https:\\\/\\\/blogdofarnesio.com.br\\\/?p=119202\"]}]},{\"@type\":\"ImageObject\",\"inLanguage\":\"pt-BR\",\"@id\":\"https:\\\/\\\/blogdofarnesio.com.br\\\/?p=119202#primaryimage\",\"url\":\"http:\\\/\\\/www.quersaberpolitica.com.br\\\/2016\\\/wp-content\\\/uploads\\\/2015\\\/01\\\/blogqsp.matriculas-300x184.jpg\",\"contentUrl\":\"http:\\\/\\\/www.quersaberpolitica.com.br\\\/2016\\\/wp-content\\\/uploads\\\/2015\\\/01\\\/blogqsp.matriculas-300x184.jpg\"},{\"@type\":\"BreadcrumbList\",\"@id\":\"https:\\\/\\\/blogdofarnesio.com.br\\\/?p=119202#breadcrumb\",\"itemListElement\":[{\"@type\":\"ListItem\",\"position\":1,\"name\":\"In\u00edcio\",\"item\":\"https:\\\/\\\/blogdofarnesio.com.br\\\/\"},{\"@type\":\"ListItem\",\"position\":2,\"name\":\"\u00daLTIMO DIA DE MATR\u00cdCULA PARA O CURSO PR\u00c9-VESTIBULAR EM JUAZEIRO\"}]},{\"@type\":\"WebSite\",\"@id\":\"https:\\\/\\\/blogdofarnesio.com.br\\\/#website\",\"url\":\"https:\\\/\\\/blogdofarnesio.com.br\\\/\",\"name\":\"Blog do Farn\u00e9sio\",\"description\":\"Quer Saber Pol\u00edtica?\",\"publisher\":{\"@id\":\"https:\\\/\\\/blogdofarnesio.com.br\\\/#organization\"},\"potentialAction\":[{\"@type\":\"SearchAction\",\"target\":{\"@type\":\"EntryPoint\",\"urlTemplate\":\"https:\\\/\\\/blogdofarnesio.com.br\\\/?s={search_term_string}\"},\"query-input\":{\"@type\":\"PropertyValueSpecification\",\"valueRequired\":true,\"valueName\":\"search_term_string\"}}],\"inLanguage\":\"pt-BR\"},{\"@type\":\"Organization\",\"@id\":\"https:\\\/\\\/blogdofarnesio.com.br\\\/#organization\",\"name\":\"Blog do Farn\u00e9sio\",\"url\":\"https:\\\/\\\/blogdofarnesio.com.br\\\/\",\"logo\":{\"@type\":\"ImageObject\",\"inLanguage\":\"pt-BR\",\"@id\":\"https:\\\/\\\/blogdofarnesio.com.br\\\/#\\\/schema\\\/logo\\\/image\\\/\",\"url\":\"https:\\\/\\\/blogdofarnesio.com.br\\\/wp-content\\\/uploads\\\/2026\\\/03\\\/cropped-logo_new-1.png\",\"contentUrl\":\"https:\\\/\\\/blogdofarnesio.com.br\\\/wp-content\\\/uploads\\\/2026\\\/03\\\/cropped-logo_new-1.png\",\"width\":881,\"height\":685,\"caption\":\"Blog do Farn\u00e9sio\"},\"image\":{\"@id\":\"https:\\\/\\\/blogdofarnesio.com.br\\\/#\\\/schema\\\/logo\\\/image\\\/\"},\"sameAs\":[\"https:\\\/\\\/www.facebook.com\\\/BlogQuerSaberPolitica\\\/\"]},{\"@type\":\"Person\",\"@id\":\"\",\"url\":\"https:\\\/\\\/blogdofarnesio.com.br\\\/?author=7\"}]}<\/script>\n<!-- \/ Yoast SEO plugin. -->","yoast_head_json":{"title":"\u00daLTIMO DIA DE MATR\u00cdCULA PARA O CURSO PR\u00c9-VESTIBULAR EM JUAZEIRO - Blog do Farn\u00e9sio","robots":{"index":"index","follow":"follow","max-snippet":"max-snippet:-1","max-image-preview":"max-image-preview:large","max-video-preview":"max-video-preview:-1"},"canonical":"https:\/\/blogdofarnesio.com.br\/?p=119202","og_locale":"pt_BR","og_type":"article","og_title":"\u00daLTIMO DIA DE MATR\u00cdCULA PARA O CURSO PR\u00c9-VESTIBULAR EM JUAZEIRO - Blog do Farn\u00e9sio","og_description":"A matr\u00edcula do curso pr\u00e9-vestibular do munic\u00edpio de Juazeiro foi prorrogada para o dia 18 (quarta-feira). Sendo assim, os estudantes interessados devem se dirigir ao Col\u00e9gio Municipal Paulo VI, das 19h \u00e0s 21h, para fazer a inscri\u00e7\u00e3o. No ato da matr\u00edcula, o aluno dever\u00e1 levar a xerox da identidade e a ficha dezenove, ou uma declara\u00e7\u00e3o do col\u00e9gio de que ainda cursa o terceiro ano. O curso pr\u00e9\u2013vestibular Prepara ir\u00e1 iniciar as aulas no dia 30 de mar\u00e7o e ter\u00e1 dura\u00e7\u00e3o at\u00e9 o m\u00eas de novembro, com aulas de segunda a sexta-feira, com expectativa de 300 alunos. De acordo com o Coordenador Adonilson Sousa, o motivo da prorroga\u00e7\u00e3o da matr\u00edcula \u00e9 que a agenda dos candidatos interessados est\u00e1 chocando com&hellip;","og_url":"https:\/\/blogdofarnesio.com.br\/?p=119202","og_site_name":"Blog do Farn\u00e9sio","article_publisher":"https:\/\/www.facebook.com\/BlogQuerSaberPolitica\/","article_published_time":"2015-03-18T12:22:52+00:00","og_image":[{"url":"http:\/\/www.quersaberpolitica.com.br\/2016\/wp-content\/uploads\/2015\/01\/blogqsp.matriculas-300x184.jpg","type":"","width":"","height":""}],"twitter_card":"summary_large_image","twitter_misc":{"Escrito por":"","Est. tempo de leitura":"1 minuto"},"schema":{"@context":"https:\/\/schema.org","@graph":[{"@type":"Article","@id":"https:\/\/blogdofarnesio.com.br\/?p=119202#article","isPartOf":{"@id":"https:\/\/blogdofarnesio.com.br\/?p=119202"},"author":{"name":"","@id":""},"headline":"\u00daLTIMO DIA DE MATR\u00cdCULA PARA O CURSO PR\u00c9-VESTIBULAR EM JUAZEIRO","datePublished":"2015-03-18T12:22:52+00:00","mainEntityOfPage":{"@id":"https:\/\/blogdofarnesio.com.br\/?p=119202"},"wordCount":307,"commentCount":0,"publisher":{"@id":"https:\/\/blogdofarnesio.com.br\/#organization"},"image":{"@id":"https:\/\/blogdofarnesio.com.br\/?p=119202#primaryimage"},"thumbnailUrl":"http:\/\/www.quersaberpolitica.com.br\/2016\/wp-content\/uploads\/2015\/01\/blogqsp.matriculas-300x184.jpg","articleSection":["Educa\u00e7\u00e3o"],"inLanguage":"pt-BR","potentialAction":[{"@type":"CommentAction","name":"Comment","target":["https:\/\/blogdofarnesio.com.br\/?p=119202#respond"]}]},{"@type":"WebPage","@id":"https:\/\/blogdofarnesio.com.br\/?p=119202","url":"https:\/\/blogdofarnesio.com.br\/?p=119202","name":"\u00daLTIMO DIA DE MATR\u00cdCULA PARA O CURSO PR\u00c9-VESTIBULAR EM JUAZEIRO - Blog do Farn\u00e9sio","isPartOf":{"@id":"https:\/\/blogdofarnesio.com.br\/#website"},"primaryImageOfPage":{"@id":"https:\/\/blogdofarnesio.com.br\/?p=119202#primaryimage"},"image":{"@id":"https:\/\/blogdofarnesio.com.br\/?p=119202#primaryimage"},"thumbnailUrl":"http:\/\/www.quersaberpolitica.com.br\/2016\/wp-content\/uploads\/2015\/01\/blogqsp.matriculas-300x184.jpg","datePublished":"2015-03-18T12:22:52+00:00","breadcrumb":{"@id":"https:\/\/blogdofarnesio.com.br\/?p=119202#breadcrumb"},"inLanguage":"pt-BR","potentialAction":[{"@type":"ReadAction","target":["https:\/\/blogdofarnesio.com.br\/?p=119202"]}]},{"@type":"ImageObject","inLanguage":"pt-BR","@id":"https:\/\/blogdofarnesio.com.br\/?p=119202#primaryimage","url":"http:\/\/www.quersaberpolitica.com.br\/2016\/wp-content\/uploads\/2015\/01\/blogqsp.matriculas-300x184.jpg","contentUrl":"http:\/\/www.quersaberpolitica.com.br\/2016\/wp-content\/uploads\/2015\/01\/blogqsp.matriculas-300x184.jpg"},{"@type":"BreadcrumbList","@id":"https:\/\/blogdofarnesio.com.br\/?p=119202#breadcrumb","itemListElement":[{"@type":"ListItem","position":1,"name":"In\u00edcio","item":"https:\/\/blogdofarnesio.com.br\/"},{"@type":"ListItem","position":2,"name":"\u00daLTIMO DIA DE MATR\u00cdCULA PARA O CURSO PR\u00c9-VESTIBULAR EM JUAZEIRO"}]},{"@type":"WebSite","@id":"https:\/\/blogdofarnesio.com.br\/#website","url":"https:\/\/blogdofarnesio.com.br\/","name":"Blog do Farn\u00e9sio","description":"Quer Saber Pol\u00edtica?","publisher":{"@id":"https:\/\/blogdofarnesio.com.br\/#organization"},"potentialAction":[{"@type":"SearchAction","target":{"@type":"EntryPoint","urlTemplate":"https:\/\/blogdofarnesio.com.br\/?s={search_term_string}"},"query-input":{"@type":"PropertyValueSpecification","valueRequired":true,"valueName":"search_term_string"}}],"inLanguage":"pt-BR"},{"@type":"Organization","@id":"https:\/\/blogdofarnesio.com.br\/#organization","name":"Blog do Farn\u00e9sio","url":"https:\/\/blogdofarnesio.com.br\/","logo":{"@type":"ImageObject","inLanguage":"pt-BR","@id":"https:\/\/blogdofarnesio.com.br\/#\/schema\/logo\/image\/","url":"https:\/\/blogdofarnesio.com.br\/wp-content\/uploads\/2026\/03\/cropped-logo_new-1.png","contentUrl":"https:\/\/blogdofarnesio.com.br\/wp-content\/uploads\/2026\/03\/cropped-logo_new-1.png","width":881,"height":685,"caption":"Blog do Farn\u00e9sio"},"image":{"@id":"https:\/\/blogdofarnesio.com.br\/#\/schema\/logo\/image\/"},"sameAs":["https:\/\/www.facebook.com\/BlogQuerSaberPolitica\/"]},{"@type":"Person","@id":"","url":"https:\/\/blogdofarnesio.com.br\/?author=7"}]}},"_links":{"self":[{"href":"https:\/\/blogdofarnesio.com.br\/index.php?rest_route=\/wp\/v2\/posts\/119202","targetHints":{"allow":["GET"]}}],"collection":[{"href":"https:\/\/blogdofarnesio.com.br\/index.php?rest_route=\/wp\/v2\/posts"}],"about":[{"href":"https:\/\/blogdofarnesio.com.br\/index.php?rest_route=\/wp\/v2\/types\/post"}],"author":[{"embeddable":true,"href":"https:\/\/blogdofarnesio.com.br\/index.php?rest_route=\/wp\/v2\/users\/7"}],"replies":[{"embeddable":true,"href":"https:\/\/blogdofarnesio.com.br\/index.php?rest_route=%2Fwp%2Fv2%2Fcomments&post=119202"}],"version-history":[{"count":0,"href":"https:\/\/blogdofarnesio.com.br\/index.php?rest_route=\/wp\/v2\/posts\/119202\/revisions"}],"wp:attachment":[{"href":"https:\/\/blogdofarnesio.com.br\/index.php?rest_route=%2Fwp%2Fv2%2Fmedia&parent=119202"}],"wp:term":[{"taxonomy":"category","embeddable":true,"href":"https:\/\/blogdofarnesio.com.br\/index.php?rest_route=%2Fwp%2Fv2%2Fcategories&post=119202"},{"taxonomy":"post_tag","embeddable":true,"href":"https:\/\/blogdofarnesio.com.br\/index.php?rest_route=%2Fwp%2Fv2%2Ftags&post=119202"}],"curies":[{"name":"wp","href":"https:\/\/api.w.org\/{rel}","templated":true}]}}