{"id":119195,"date":"2015-03-13T16:43:35","date_gmt":"2015-03-13T19:43:35","guid":{"rendered":"http:\/\/www.quersaberpolitica.com.br\/?p=119195"},"modified":"2015-03-13T15:52:25","modified_gmt":"2015-03-13T18:52:25","slug":"funase-ganha-reforco-de-novos-agentes-e-assistentes-socioeducativos","status":"publish","type":"post","link":"https:\/\/blogdofarnesio.com.br\/2015\/03\/funase-ganha-reforco-de-novos-agentes-e-assistentes-socioeducativos\/","title":{"rendered":"FUNASE GANHA REFOR\u00c7O DE NOVOS AGENTES E ASSISTENTES SOCIOEDUCATIVOS"},"content":{"rendered":"<div>\n<p><a href=\"http:\/\/www.quersaberpolitica.com.br\/2016\/wp-content\/uploads\/2015\/03\/blogqsp.funase.jpg\"><img loading=\"lazy\" decoding=\"async\" class=\"size-medium wp-image-119196 aligncenter\" alt=\"blogqsp.funase\" src=\"http:\/\/www.quersaberpolitica.com.br\/2016\/wp-content\/uploads\/2015\/03\/blogqsp.funase-300x166.jpg\" width=\"300\" height=\"166\" srcset=\"https:\/\/blogdofarnesio.com.br\/wp-content\/uploads\/2015\/03\/blogqsp.funase-300x166.jpg 300w, https:\/\/blogdofarnesio.com.br\/wp-content\/uploads\/2015\/03\/blogqsp.funase.jpg 448w\" sizes=\"auto, (max-width: 300px) 100vw, 300px\" \/><\/a><\/p>\n<p style=\"text-align: justify\"><span style=\"font-family: arial, helvetica, sans-serif\">Tr\u00eas unidades da Funase do interior de Pernambuco v\u00e3o receber, a partir da pr\u00f3xima semana, o refor\u00e7o de novos agentes e assistentes socioeducativos. Ao todo, 21 candidatos aprovados nas sele\u00e7\u00f5es p\u00fablicas simplificadas realizadas em 2013 e 2014 atenderam a convoca\u00e7\u00e3o. Os 14 agentes e sete assistentes v\u00e3o trabalhar nas unidades de Timba\u00faba, Garanhuns e Arcoverde.<\/span><span style=\"font-family: arial, helvetica, sans-serif\">\u00a0<\/span><\/p>\n<p style=\"text-align: justify\"><span style=\"font-family: arial, helvetica, sans-serif\">Durante toda esta semana (09 a 13 de mar\u00e7o) eles receberam capacita\u00e7\u00e3o no Centro de Atendimento Socioeducativo (Case) Timba\u00faba. As instru\u00e7\u00f5es foram divididas em tr\u00eas m\u00f3dulos: gest\u00e3o comportamental, desenvolvimento t\u00e9cnico operacional e procedimentos de seguran\u00e7a. Todas as etapas da capacita\u00e7\u00e3o s\u00e3o coordenadas pela Assessoria T\u00e9cnica de Gest\u00e3o de Pessoas da Funase.<\/span><span style=\"font-family: arial, helvetica, sans-serif\">\u00a0<\/span><\/p>\n<p style=\"text-align: justify\"><span style=\"font-family: arial, helvetica, sans-serif\">Entre os assuntos abordados, est\u00e3o: relacionamento interpessoal; \u00e9tica; conhecendo a Funase; ECA\/Sinase; plano de atendimento socioeducativo; gerenciamento de crises; seguran\u00e7a cidad\u00e3; combate a inc\u00eandio; e primeiros socorros. O \u00faltimo m\u00f3dulo \u00e9 realizado pela Ger\u00eancia T\u00e9cnica de Seguran\u00e7a da Funase e pelo Corpo de Bombeiros.<\/span><span style=\"font-family: arial, helvetica, sans-serif\">\u00a0<\/span><\/p>\n<p style=\"text-align: justify\"><!--more--><\/p>\n<p style=\"text-align: justify\"><span style=\"font-family: arial, helvetica, sans-serif\">Na pr\u00f3xima semana os novos agentes e assistentes socioeducativos ser\u00e3o encaminhados para as unidades em que ser\u00e3o lotados. De 16 a 19 de mar\u00e7o participam da \u00faltima parte da capacita\u00e7\u00e3o: a viv\u00eancia pr\u00e1tica. Na ocasi\u00e3o, visitar\u00e3o todas as instala\u00e7\u00f5es das unidades, assim como saber\u00e3o como funciona a rotina e a din\u00e2mica de cada espa\u00e7o. Al\u00e9m disso, ser\u00e3o orientados sobre como s\u00e3o realizadas revistas, conduta para cust\u00f3dia e audi\u00eancia.<\/span><span style=\"font-family: arial, helvetica, sans-serif\">\u00a0<\/span><\/p>\n<p style=\"text-align: justify\"><span style=\"font-family: arial, helvetica, sans-serif\">A partir do dia 20, eles passam a ser inseridos nos plant\u00f5es de acordo com o perfil de cada um e da demanda de cada unidade de atendimento socioeducativo. O prazo m\u00e1ximo de um servidor de contrato tempor\u00e1rio em Pernambuco \u00e9 de seis anos, conforme consta na\u00a0Lei Estadual n\u00ba 14.547, de 21 de dezembro de 2011.<\/span><\/p>\n<\/div>\n<div style=\"text-align: justify\"><em>\u00a0<\/em><\/div>\n<div>\n<div style=\"text-align: justify\"><em><span style=\"font-family: arial, helvetica, sans-serif;font-size: large\">\u200bFoto: Ray Evllyn\/Funase\u200b (foto do Case Timba\u00faba como sugest\u00e3o para ilustrar a mat\u00e9ria)<\/span><\/em><\/div>\n<p style=\"text-align: justify\"><span style=\"font-family: arial, helvetica, sans-serif;font-size: large\">\u00a0<\/span><\/p>\n<\/div>\n","protected":false},"excerpt":{"rendered":"<p>Tr\u00eas unidades da Funase do interior de Pernambuco v\u00e3o receber, a partir da pr\u00f3xima semana, o refor\u00e7o de novos agentes e assistentes socioeducativos. Ao todo, 21 candidatos aprovados nas sele\u00e7\u00f5es p\u00fablicas simplificadas realizadas em 2013 e 2014 atenderam a convoca\u00e7\u00e3o. Os 14 agentes e sete assistentes v\u00e3o trabalhar nas unidades de Timba\u00faba, Garanhuns e Arcoverde.\u00a0 Durante toda esta semana (09 a 13 de mar\u00e7o) eles receberam capacita\u00e7\u00e3o no Centro de Atendimento Socioeducativo (Case) Timba\u00faba. As instru\u00e7\u00f5es foram divididas em tr\u00eas m\u00f3dulos: gest\u00e3o comportamental, desenvolvimento t\u00e9cnico operacional e procedimentos de seguran\u00e7a. Todas as etapas da capacita\u00e7\u00e3o s\u00e3o coordenadas pela Assessoria T\u00e9cnica de Gest\u00e3o de Pessoas da Funase.\u00a0 Entre os assuntos abordados, est\u00e3o: relacionamento interpessoal; \u00e9tica; conhecendo a Funase; ECA\/Sinase; plano de&hellip; <\/p>\n","protected":false},"author":7,"featured_media":0,"comment_status":"open","ping_status":"open","sticky":false,"template":"","format":"standard","meta":{"_acf_changed":false,"footnotes":""},"categories":[5],"tags":[],"class_list":["post-119195","post","type-post","status-publish","format-standard","hentry","category-seguranca"],"acf":[],"yoast_head":"<!-- This site is optimized with the Yoast SEO plugin v27.5 - https:\/\/yoast.com\/product\/yoast-seo-wordpress\/ -->\n<title>FUNASE GANHA REFOR\u00c7O DE NOVOS AGENTES E ASSISTENTES SOCIOEDUCATIVOS - Blog do Farn\u00e9sio<\/title>\n<meta name=\"robots\" content=\"index, follow, max-snippet:-1, max-image-preview:large, max-video-preview:-1\" \/>\n<link rel=\"canonical\" href=\"https:\/\/blogdofarnesio.com.br\/2015\/03\/funase-ganha-reforco-de-novos-agentes-e-assistentes-socioeducativos\/\" \/>\n<meta property=\"og:locale\" content=\"pt_BR\" \/>\n<meta property=\"og:type\" content=\"article\" \/>\n<meta property=\"og:title\" content=\"FUNASE GANHA REFOR\u00c7O DE NOVOS AGENTES E ASSISTENTES SOCIOEDUCATIVOS - Blog do Farn\u00e9sio\" \/>\n<meta property=\"og:description\" content=\"Tr\u00eas unidades da Funase do interior de Pernambuco v\u00e3o receber, a partir da pr\u00f3xima semana, o refor\u00e7o de novos agentes e assistentes socioeducativos. Ao todo, 21 candidatos aprovados nas sele\u00e7\u00f5es p\u00fablicas simplificadas realizadas em 2013 e 2014 atenderam a convoca\u00e7\u00e3o. Os 14 agentes e sete assistentes v\u00e3o trabalhar nas unidades de Timba\u00faba, Garanhuns e Arcoverde.\u00a0 Durante toda esta semana (09 a 13 de mar\u00e7o) eles receberam capacita\u00e7\u00e3o no Centro de Atendimento Socioeducativo (Case) Timba\u00faba. As instru\u00e7\u00f5es foram divididas em tr\u00eas m\u00f3dulos: gest\u00e3o comportamental, desenvolvimento t\u00e9cnico operacional e procedimentos de seguran\u00e7a. Todas as etapas da capacita\u00e7\u00e3o s\u00e3o coordenadas pela Assessoria T\u00e9cnica de Gest\u00e3o de Pessoas da Funase.\u00a0 Entre os assuntos abordados, est\u00e3o: relacionamento interpessoal; \u00e9tica; conhecendo a Funase; ECA\/Sinase; plano de&hellip;\" \/>\n<meta property=\"og:url\" content=\"https:\/\/blogdofarnesio.com.br\/2015\/03\/funase-ganha-reforco-de-novos-agentes-e-assistentes-socioeducativos\/\" \/>\n<meta property=\"og:site_name\" content=\"Blog do Farn\u00e9sio\" \/>\n<meta property=\"article:publisher\" content=\"https:\/\/www.facebook.com\/BlogQuerSaberPolitica\/\" \/>\n<meta property=\"article:published_time\" content=\"2015-03-13T19:43:35+00:00\" \/>\n<meta property=\"og:image\" content=\"http:\/\/www.quersaberpolitica.com.br\/2016\/wp-content\/uploads\/2015\/03\/blogqsp.funase-300x166.jpg\" \/>\n<meta name=\"twitter:card\" content=\"summary_large_image\" \/>\n<meta name=\"twitter:label1\" content=\"Escrito por\" \/>\n\t<meta name=\"twitter:data1\" content=\"\" \/>\n\t<meta name=\"twitter:label2\" content=\"Est. tempo de leitura\" \/>\n\t<meta name=\"twitter:data2\" content=\"2 minutos\" \/>\n<script type=\"application\/ld+json\" class=\"yoast-schema-graph\">{\"@context\":\"https:\\\/\\\/schema.org\",\"@graph\":[{\"@type\":\"Article\",\"@id\":\"https:\\\/\\\/blogdofarnesio.com.br\\\/2015\\\/03\\\/funase-ganha-reforco-de-novos-agentes-e-assistentes-socioeducativos\\\/#article\",\"isPartOf\":{\"@id\":\"https:\\\/\\\/blogdofarnesio.com.br\\\/2015\\\/03\\\/funase-ganha-reforco-de-novos-agentes-e-assistentes-socioeducativos\\\/\"},\"author\":{\"name\":\"\",\"@id\":\"\"},\"headline\":\"FUNASE GANHA REFOR\u00c7O DE NOVOS AGENTES E ASSISTENTES SOCIOEDUCATIVOS\",\"datePublished\":\"2015-03-13T19:43:35+00:00\",\"mainEntityOfPage\":{\"@id\":\"https:\\\/\\\/blogdofarnesio.com.br\\\/2015\\\/03\\\/funase-ganha-reforco-de-novos-agentes-e-assistentes-socioeducativos\\\/\"},\"wordCount\":339,\"commentCount\":0,\"publisher\":{\"@id\":\"https:\\\/\\\/blogdofarnesio.com.br\\\/#organization\"},\"image\":{\"@id\":\"https:\\\/\\\/blogdofarnesio.com.br\\\/2015\\\/03\\\/funase-ganha-reforco-de-novos-agentes-e-assistentes-socioeducativos\\\/#primaryimage\"},\"thumbnailUrl\":\"http:\\\/\\\/www.quersaberpolitica.com.br\\\/2016\\\/wp-content\\\/uploads\\\/2015\\\/03\\\/blogqsp.funase-300x166.jpg\",\"articleSection\":[\"Seguran\u00e7a\"],\"inLanguage\":\"pt-BR\",\"potentialAction\":[{\"@type\":\"CommentAction\",\"name\":\"Comment\",\"target\":[\"https:\\\/\\\/blogdofarnesio.com.br\\\/2015\\\/03\\\/funase-ganha-reforco-de-novos-agentes-e-assistentes-socioeducativos\\\/#respond\"]}]},{\"@type\":\"WebPage\",\"@id\":\"https:\\\/\\\/blogdofarnesio.com.br\\\/2015\\\/03\\\/funase-ganha-reforco-de-novos-agentes-e-assistentes-socioeducativos\\\/\",\"url\":\"https:\\\/\\\/blogdofarnesio.com.br\\\/2015\\\/03\\\/funase-ganha-reforco-de-novos-agentes-e-assistentes-socioeducativos\\\/\",\"name\":\"FUNASE GANHA REFOR\u00c7O DE NOVOS AGENTES E ASSISTENTES SOCIOEDUCATIVOS - Blog do Farn\u00e9sio\",\"isPartOf\":{\"@id\":\"https:\\\/\\\/blogdofarnesio.com.br\\\/#website\"},\"primaryImageOfPage\":{\"@id\":\"https:\\\/\\\/blogdofarnesio.com.br\\\/2015\\\/03\\\/funase-ganha-reforco-de-novos-agentes-e-assistentes-socioeducativos\\\/#primaryimage\"},\"image\":{\"@id\":\"https:\\\/\\\/blogdofarnesio.com.br\\\/2015\\\/03\\\/funase-ganha-reforco-de-novos-agentes-e-assistentes-socioeducativos\\\/#primaryimage\"},\"thumbnailUrl\":\"http:\\\/\\\/www.quersaberpolitica.com.br\\\/2016\\\/wp-content\\\/uploads\\\/2015\\\/03\\\/blogqsp.funase-300x166.jpg\",\"datePublished\":\"2015-03-13T19:43:35+00:00\",\"breadcrumb\":{\"@id\":\"https:\\\/\\\/blogdofarnesio.com.br\\\/2015\\\/03\\\/funase-ganha-reforco-de-novos-agentes-e-assistentes-socioeducativos\\\/#breadcrumb\"},\"inLanguage\":\"pt-BR\",\"potentialAction\":[{\"@type\":\"ReadAction\",\"target\":[\"https:\\\/\\\/blogdofarnesio.com.br\\\/2015\\\/03\\\/funase-ganha-reforco-de-novos-agentes-e-assistentes-socioeducativos\\\/\"]}]},{\"@type\":\"ImageObject\",\"inLanguage\":\"pt-BR\",\"@id\":\"https:\\\/\\\/blogdofarnesio.com.br\\\/2015\\\/03\\\/funase-ganha-reforco-de-novos-agentes-e-assistentes-socioeducativos\\\/#primaryimage\",\"url\":\"http:\\\/\\\/www.quersaberpolitica.com.br\\\/2016\\\/wp-content\\\/uploads\\\/2015\\\/03\\\/blogqsp.funase-300x166.jpg\",\"contentUrl\":\"http:\\\/\\\/www.quersaberpolitica.com.br\\\/2016\\\/wp-content\\\/uploads\\\/2015\\\/03\\\/blogqsp.funase-300x166.jpg\"},{\"@type\":\"BreadcrumbList\",\"@id\":\"https:\\\/\\\/blogdofarnesio.com.br\\\/2015\\\/03\\\/funase-ganha-reforco-de-novos-agentes-e-assistentes-socioeducativos\\\/#breadcrumb\",\"itemListElement\":[{\"@type\":\"ListItem\",\"position\":1,\"name\":\"In\u00edcio\",\"item\":\"https:\\\/\\\/blogdofarnesio.com.br\\\/\"},{\"@type\":\"ListItem\",\"position\":2,\"name\":\"FUNASE GANHA REFOR\u00c7O DE NOVOS AGENTES E ASSISTENTES SOCIOEDUCATIVOS\"}]},{\"@type\":\"WebSite\",\"@id\":\"https:\\\/\\\/blogdofarnesio.com.br\\\/#website\",\"url\":\"https:\\\/\\\/blogdofarnesio.com.br\\\/\",\"name\":\"Blog do Farn\u00e9sio\",\"description\":\"Quer Saber Pol\u00edtica?\",\"publisher\":{\"@id\":\"https:\\\/\\\/blogdofarnesio.com.br\\\/#organization\"},\"potentialAction\":[{\"@type\":\"SearchAction\",\"target\":{\"@type\":\"EntryPoint\",\"urlTemplate\":\"https:\\\/\\\/blogdofarnesio.com.br\\\/?s={search_term_string}\"},\"query-input\":{\"@type\":\"PropertyValueSpecification\",\"valueRequired\":true,\"valueName\":\"search_term_string\"}}],\"inLanguage\":\"pt-BR\"},{\"@type\":\"Organization\",\"@id\":\"https:\\\/\\\/blogdofarnesio.com.br\\\/#organization\",\"name\":\"Blog do Farn\u00e9sio\",\"url\":\"https:\\\/\\\/blogdofarnesio.com.br\\\/\",\"logo\":{\"@type\":\"ImageObject\",\"inLanguage\":\"pt-BR\",\"@id\":\"https:\\\/\\\/blogdofarnesio.com.br\\\/#\\\/schema\\\/logo\\\/image\\\/\",\"url\":\"https:\\\/\\\/blogdofarnesio.com.br\\\/wp-content\\\/uploads\\\/2026\\\/03\\\/cropped-logo_new-1.png\",\"contentUrl\":\"https:\\\/\\\/blogdofarnesio.com.br\\\/wp-content\\\/uploads\\\/2026\\\/03\\\/cropped-logo_new-1.png\",\"width\":881,\"height\":685,\"caption\":\"Blog do Farn\u00e9sio\"},\"image\":{\"@id\":\"https:\\\/\\\/blogdofarnesio.com.br\\\/#\\\/schema\\\/logo\\\/image\\\/\"},\"sameAs\":[\"https:\\\/\\\/www.facebook.com\\\/BlogQuerSaberPolitica\\\/\"]},{\"@type\":\"Person\",\"@id\":\"\",\"url\":\"https:\\\/\\\/blogdofarnesio.com.br\\\/author\\\/\"}]}<\/script>\n<!-- \/ Yoast SEO plugin. -->","yoast_head_json":{"title":"FUNASE GANHA REFOR\u00c7O DE NOVOS AGENTES E ASSISTENTES SOCIOEDUCATIVOS - Blog do Farn\u00e9sio","robots":{"index":"index","follow":"follow","max-snippet":"max-snippet:-1","max-image-preview":"max-image-preview:large","max-video-preview":"max-video-preview:-1"},"canonical":"https:\/\/blogdofarnesio.com.br\/2015\/03\/funase-ganha-reforco-de-novos-agentes-e-assistentes-socioeducativos\/","og_locale":"pt_BR","og_type":"article","og_title":"FUNASE GANHA REFOR\u00c7O DE NOVOS AGENTES E ASSISTENTES SOCIOEDUCATIVOS - Blog do Farn\u00e9sio","og_description":"Tr\u00eas unidades da Funase do interior de Pernambuco v\u00e3o receber, a partir da pr\u00f3xima semana, o refor\u00e7o de novos agentes e assistentes socioeducativos. Ao todo, 21 candidatos aprovados nas sele\u00e7\u00f5es p\u00fablicas simplificadas realizadas em 2013 e 2014 atenderam a convoca\u00e7\u00e3o. Os 14 agentes e sete assistentes v\u00e3o trabalhar nas unidades de Timba\u00faba, Garanhuns e Arcoverde.\u00a0 Durante toda esta semana (09 a 13 de mar\u00e7o) eles receberam capacita\u00e7\u00e3o no Centro de Atendimento Socioeducativo (Case) Timba\u00faba. As instru\u00e7\u00f5es foram divididas em tr\u00eas m\u00f3dulos: gest\u00e3o comportamental, desenvolvimento t\u00e9cnico operacional e procedimentos de seguran\u00e7a. Todas as etapas da capacita\u00e7\u00e3o s\u00e3o coordenadas pela Assessoria T\u00e9cnica de Gest\u00e3o de Pessoas da Funase.\u00a0 Entre os assuntos abordados, est\u00e3o: relacionamento interpessoal; \u00e9tica; conhecendo a Funase; ECA\/Sinase; plano de&hellip;","og_url":"https:\/\/blogdofarnesio.com.br\/2015\/03\/funase-ganha-reforco-de-novos-agentes-e-assistentes-socioeducativos\/","og_site_name":"Blog do Farn\u00e9sio","article_publisher":"https:\/\/www.facebook.com\/BlogQuerSaberPolitica\/","article_published_time":"2015-03-13T19:43:35+00:00","og_image":[{"url":"http:\/\/www.quersaberpolitica.com.br\/2016\/wp-content\/uploads\/2015\/03\/blogqsp.funase-300x166.jpg","type":"","width":"","height":""}],"twitter_card":"summary_large_image","twitter_misc":{"Escrito por":"","Est. tempo de leitura":"2 minutos"},"schema":{"@context":"https:\/\/schema.org","@graph":[{"@type":"Article","@id":"https:\/\/blogdofarnesio.com.br\/2015\/03\/funase-ganha-reforco-de-novos-agentes-e-assistentes-socioeducativos\/#article","isPartOf":{"@id":"https:\/\/blogdofarnesio.com.br\/2015\/03\/funase-ganha-reforco-de-novos-agentes-e-assistentes-socioeducativos\/"},"author":{"name":"","@id":""},"headline":"FUNASE GANHA REFOR\u00c7O DE NOVOS AGENTES E ASSISTENTES SOCIOEDUCATIVOS","datePublished":"2015-03-13T19:43:35+00:00","mainEntityOfPage":{"@id":"https:\/\/blogdofarnesio.com.br\/2015\/03\/funase-ganha-reforco-de-novos-agentes-e-assistentes-socioeducativos\/"},"wordCount":339,"commentCount":0,"publisher":{"@id":"https:\/\/blogdofarnesio.com.br\/#organization"},"image":{"@id":"https:\/\/blogdofarnesio.com.br\/2015\/03\/funase-ganha-reforco-de-novos-agentes-e-assistentes-socioeducativos\/#primaryimage"},"thumbnailUrl":"http:\/\/www.quersaberpolitica.com.br\/2016\/wp-content\/uploads\/2015\/03\/blogqsp.funase-300x166.jpg","articleSection":["Seguran\u00e7a"],"inLanguage":"pt-BR","potentialAction":[{"@type":"CommentAction","name":"Comment","target":["https:\/\/blogdofarnesio.com.br\/2015\/03\/funase-ganha-reforco-de-novos-agentes-e-assistentes-socioeducativos\/#respond"]}]},{"@type":"WebPage","@id":"https:\/\/blogdofarnesio.com.br\/2015\/03\/funase-ganha-reforco-de-novos-agentes-e-assistentes-socioeducativos\/","url":"https:\/\/blogdofarnesio.com.br\/2015\/03\/funase-ganha-reforco-de-novos-agentes-e-assistentes-socioeducativos\/","name":"FUNASE GANHA REFOR\u00c7O DE NOVOS AGENTES E ASSISTENTES SOCIOEDUCATIVOS - Blog do Farn\u00e9sio","isPartOf":{"@id":"https:\/\/blogdofarnesio.com.br\/#website"},"primaryImageOfPage":{"@id":"https:\/\/blogdofarnesio.com.br\/2015\/03\/funase-ganha-reforco-de-novos-agentes-e-assistentes-socioeducativos\/#primaryimage"},"image":{"@id":"https:\/\/blogdofarnesio.com.br\/2015\/03\/funase-ganha-reforco-de-novos-agentes-e-assistentes-socioeducativos\/#primaryimage"},"thumbnailUrl":"http:\/\/www.quersaberpolitica.com.br\/2016\/wp-content\/uploads\/2015\/03\/blogqsp.funase-300x166.jpg","datePublished":"2015-03-13T19:43:35+00:00","breadcrumb":{"@id":"https:\/\/blogdofarnesio.com.br\/2015\/03\/funase-ganha-reforco-de-novos-agentes-e-assistentes-socioeducativos\/#breadcrumb"},"inLanguage":"pt-BR","potentialAction":[{"@type":"ReadAction","target":["https:\/\/blogdofarnesio.com.br\/2015\/03\/funase-ganha-reforco-de-novos-agentes-e-assistentes-socioeducativos\/"]}]},{"@type":"ImageObject","inLanguage":"pt-BR","@id":"https:\/\/blogdofarnesio.com.br\/2015\/03\/funase-ganha-reforco-de-novos-agentes-e-assistentes-socioeducativos\/#primaryimage","url":"http:\/\/www.quersaberpolitica.com.br\/2016\/wp-content\/uploads\/2015\/03\/blogqsp.funase-300x166.jpg","contentUrl":"http:\/\/www.quersaberpolitica.com.br\/2016\/wp-content\/uploads\/2015\/03\/blogqsp.funase-300x166.jpg"},{"@type":"BreadcrumbList","@id":"https:\/\/blogdofarnesio.com.br\/2015\/03\/funase-ganha-reforco-de-novos-agentes-e-assistentes-socioeducativos\/#breadcrumb","itemListElement":[{"@type":"ListItem","position":1,"name":"In\u00edcio","item":"https:\/\/blogdofarnesio.com.br\/"},{"@type":"ListItem","position":2,"name":"FUNASE GANHA REFOR\u00c7O DE NOVOS AGENTES E ASSISTENTES SOCIOEDUCATIVOS"}]},{"@type":"WebSite","@id":"https:\/\/blogdofarnesio.com.br\/#website","url":"https:\/\/blogdofarnesio.com.br\/","name":"Blog do Farn\u00e9sio","description":"Quer Saber Pol\u00edtica?","publisher":{"@id":"https:\/\/blogdofarnesio.com.br\/#organization"},"potentialAction":[{"@type":"SearchAction","target":{"@type":"EntryPoint","urlTemplate":"https:\/\/blogdofarnesio.com.br\/?s={search_term_string}"},"query-input":{"@type":"PropertyValueSpecification","valueRequired":true,"valueName":"search_term_string"}}],"inLanguage":"pt-BR"},{"@type":"Organization","@id":"https:\/\/blogdofarnesio.com.br\/#organization","name":"Blog do Farn\u00e9sio","url":"https:\/\/blogdofarnesio.com.br\/","logo":{"@type":"ImageObject","inLanguage":"pt-BR","@id":"https:\/\/blogdofarnesio.com.br\/#\/schema\/logo\/image\/","url":"https:\/\/blogdofarnesio.com.br\/wp-content\/uploads\/2026\/03\/cropped-logo_new-1.png","contentUrl":"https:\/\/blogdofarnesio.com.br\/wp-content\/uploads\/2026\/03\/cropped-logo_new-1.png","width":881,"height":685,"caption":"Blog do Farn\u00e9sio"},"image":{"@id":"https:\/\/blogdofarnesio.com.br\/#\/schema\/logo\/image\/"},"sameAs":["https:\/\/www.facebook.com\/BlogQuerSaberPolitica\/"]},{"@type":"Person","@id":"","url":"https:\/\/blogdofarnesio.com.br\/author\/"}]}},"_links":{"self":[{"href":"https:\/\/blogdofarnesio.com.br\/wp-json\/wp\/v2\/posts\/119195","targetHints":{"allow":["GET"]}}],"collection":[{"href":"https:\/\/blogdofarnesio.com.br\/wp-json\/wp\/v2\/posts"}],"about":[{"href":"https:\/\/blogdofarnesio.com.br\/wp-json\/wp\/v2\/types\/post"}],"author":[{"embeddable":true,"href":"https:\/\/blogdofarnesio.com.br\/wp-json\/wp\/v2\/users\/7"}],"replies":[{"embeddable":true,"href":"https:\/\/blogdofarnesio.com.br\/wp-json\/wp\/v2\/comments?post=119195"}],"version-history":[{"count":0,"href":"https:\/\/blogdofarnesio.com.br\/wp-json\/wp\/v2\/posts\/119195\/revisions"}],"wp:attachment":[{"href":"https:\/\/blogdofarnesio.com.br\/wp-json\/wp\/v2\/media?parent=119195"}],"wp:term":[{"taxonomy":"category","embeddable":true,"href":"https:\/\/blogdofarnesio.com.br\/wp-json\/wp\/v2\/categories?post=119195"},{"taxonomy":"post_tag","embeddable":true,"href":"https:\/\/blogdofarnesio.com.br\/wp-json\/wp\/v2\/tags?post=119195"}],"curies":[{"name":"wp","href":"https:\/\/api.w.org\/{rel}","templated":true}]}}