{"id":118549,"date":"2015-03-08T18:29:51","date_gmt":"2015-03-08T21:29:51","guid":{"rendered":"http:\/\/www.quersaberpolitica.com.br\/?p=118549"},"modified":"2015-03-08T18:30:46","modified_gmt":"2015-03-08T21:30:46","slug":"reflexao-sobre-o-dia-internacional-da-mulher","status":"publish","type":"post","link":"https:\/\/blogdofarnesio.com.br\/?p=118549","title":{"rendered":"REFLEX\u00c3O SOBRE O DIA INTERNACIONAL DA MULHER"},"content":{"rendered":"<p style=\"text-align: justify\">\n<p style=\"text-align: justify\">\n<p style=\"text-align: justify\"><strong>*Andr\u00e9a Leal Barros de Melo<\/strong><\/p>\n<p><a style=\"font-style: normal;line-height: 24.375px;text-decoration: underline;text-align: justify\" href=\"http:\/\/www.quersaberpolitica.com.br\/2016\/wp-content\/uploads\/2013\/03\/blogqspmae4.jpg\"><img loading=\"lazy\" decoding=\"async\" class=\"aligncenter size-full wp-image-29922\" style=\"border-color: #bbbbbb;margin-top: 0.4em;background: #eeeeee\" alt=\"blogqspmae4\" src=\"http:\/\/www.quersaberpolitica.com.br\/2016\/wp-content\/uploads\/2013\/03\/blogqspmae4.jpg\" width=\"468\" height=\"336\" srcset=\"https:\/\/blogdofarnesio.com.br\/wp-content\/uploads\/2013\/03\/blogqspmae4.jpg 468w, https:\/\/blogdofarnesio.com.br\/wp-content\/uploads\/2013\/03\/blogqspmae4-300x215.jpg 300w, https:\/\/blogdofarnesio.com.br\/wp-content\/uploads\/2013\/03\/blogqspmae4-417x300.jpg 417w\" sizes=\"auto, (max-width: 468px) 100vw, 468px\" \/><\/a><\/p>\n<p style=\"text-align: justify\">O estabelecimento de uma data oficial em homenagem \u00e0s mulheres remonta ao contexto da Primeira Guerra Mundial e Segunda Revolu\u00e7\u00e3o Industrial, no in\u00edcio do s\u00e9culo 20, decorrente da luta feminina por melhores condi\u00e7\u00f5es de trabalho na ind\u00fastria. A primeira institui\u00e7\u00e3o de data ocorreu no dia 28 de fevereiro nos Estados Unidos, por iniciativa do Partido Socialista da Am\u00e9rica.<\/p>\n<p style=\"text-align: justify\">O dia foi marcado por protestos contra as prec\u00e1rias condi\u00e7\u00f5es de trabalho, sal\u00e1rios desproporcionais entre trabalhadores do sexo masculino e feminino, carga hor\u00e1ria desumana, p\u00e9ssimas condi\u00e7\u00f5es de seguran\u00e7a e salubridade nas ind\u00fastrias. Posteriormente, foi adotado o dia 8 de mar\u00e7o pelas Na\u00e7\u00f5es Unidas como dia da causa e homenagem \u00e0 luta feminina.<\/p>\n<p style=\"text-align: justify\">Entretanto, cabe frisar que para grande parcela da sociedade ocidental a data est\u00e1 relacionada ao dia 25 de Mar\u00e7o de 1911, no qual ocorreu a trag\u00e9dia mundialmente conhecida \u0336 o inc\u00eandio da f\u00e1brica t\u00eaxtil \u201cTriangle Shirtwaist\u201d em Nova York \u0336 , resultante na morte de cerca de 130 oper\u00e1rias que ficaram presas no local tendo sido pisoteadas e carbonizadas, al\u00e9m das que se atiraram pelas janelas do edif\u00edcio.<\/p>\n<p style=\"text-align: justify\">O fato ocorreu logo ap\u00f3s terem protestado por igualdade de direitos trabalhistas em rela\u00e7\u00e3o aos homens, n\u00e3o havendo consenso quanto ao inc\u00eandio ter sido acidental ou proposital. De qualquer forma esse triste evento tornou-se um inesquec\u00edvel marco na trajet\u00f3ria da luta feminina, movimento que se intensificou no final do s\u00e9culo 19 e que permanece at\u00e9 os dias de hoje&#8230;<\/p>\n<p style=\"text-align: justify\">Inobstante, o prop\u00f3sito desse artigo n\u00e3o \u00e9 expor a linha historiogr\u00e1fica do movimento feminista, mas propor a reflex\u00e3o do papel da sociedade na percep\u00e7\u00e3o do valor da mulher, muito al\u00e9m de uma simples data comemorativa.<\/p>\n<p style=\"text-align: justify\">Hoje venho prestar uma singela homenagem a todas as mulheres, convocando-as a refletir sobre a contribui\u00e7\u00e3o que precisam empreender no processo de se fazerem mais valorizadas e reconhecidas.<\/p>\n<p style=\"text-align: justify\">Em especial almejo felicitar as mulheres brasileiras de destaque dentro do movimento feminista, como: Maria Am\u00e9lia, N\u00edsia Floresta, Bertha Luz, Jer\u00f4nima Mesquita, Carlota Pereira, Rosa Luxemburgo, Maria da Penha, entre tantos nomes memor\u00e1veis.<\/p>\n<p style=\"text-align: justify\">\u00c9 certo que sem suas interven\u00e7\u00f5es o avan\u00e7o rumo \u00e0 igualdade n\u00e3o teria ocorrido. Sobretudo, destaco o papel daquelas que mesmo sem se tornarem conhecidas, fizeram e fazem a diferen\u00e7a onde estiverem, desempenhando exaustivamente pap\u00e9is e faces diversas do &#8220;ser mulher&#8221;, seja na fam\u00edlia, na sociedade, no trabalho ou na pol\u00edtica.<\/p>\n<p style=\"text-align: justify\">Essas que guerreiam incansavelmente por seus direitos, pois percebem que a luta pela igualdade requer batalhas di\u00e1rias, at\u00e9 que finalmente, seja uma realidade em todos os \u00e2mbitos e contextos. Homenageio em especial a mulher nordestina, a sertaneja valente, que at\u00e9 mesmo pelas circunst\u00e2ncias ambientais em que est\u00e1 inserida, sabe bem o que \u00e9 ser guerreira.<\/p>\n<p style=\"text-align: justify\">As donas de casa, m\u00e3es, rendeiras, cozinheiras, feirantes, empres\u00e1rias, profissionais da educa\u00e7\u00e3o e a sa\u00fade, aut\u00f4nomas, dom\u00e9sticas, assalariadas em geral, professoras, servidoras p\u00fablicas, jornalistas, artistas e estudantes, &#8211; por elas e com elas &#8211; hoje convido voc\u00ea a refletir tamb\u00e9m sobre o dia 08 de mar\u00e7o, n\u00e3o como mais um dia no calend\u00e1rio de movimenta\u00e7\u00e3o mercadol\u00f3gica.<\/p>\n<p style=\"text-align: justify\">Anseio que cada membro da nossa sociedade, a qual anela pela realiza\u00e7\u00e3o do ideal de justi\u00e7a, n\u00e3o necessite de datas para relembrar a necessidade de valorizar seu semelhante.<\/p>\n<p style=\"text-align: justify\"><strong>*Andr\u00e9a Leal Barros de Melo<\/strong> Graduanda em Hist\u00f3ria pela Universidade de Pernambuco, Servidora da Universidade Federal do Vale do S\u00e3o Francisco e acima de tudo, Mulher<\/p>\n","protected":false},"excerpt":{"rendered":"<p>*Andr\u00e9a Leal Barros de Melo O estabelecimento de uma data oficial em homenagem \u00e0s mulheres remonta ao contexto da Primeira Guerra Mundial e Segunda Revolu\u00e7\u00e3o Industrial, no in\u00edcio do s\u00e9culo 20, decorrente da luta feminina por melhores condi\u00e7\u00f5es de trabalho na ind\u00fastria. A primeira institui\u00e7\u00e3o de data ocorreu no dia 28 de fevereiro nos Estados Unidos, por iniciativa do Partido Socialista da Am\u00e9rica. O dia foi marcado por protestos contra as prec\u00e1rias condi\u00e7\u00f5es de trabalho, sal\u00e1rios desproporcionais entre trabalhadores do sexo masculino e feminino, carga hor\u00e1ria desumana, p\u00e9ssimas condi\u00e7\u00f5es de seguran\u00e7a e salubridade nas ind\u00fastrias. Posteriormente, foi adotado o dia 8 de mar\u00e7o pelas Na\u00e7\u00f5es Unidas como dia da causa e homenagem \u00e0 luta feminina. Entretanto, cabe frisar que para&hellip; <\/p>\n","protected":false},"author":7,"featured_media":0,"comment_status":"open","ping_status":"open","sticky":false,"template":"","format":"standard","meta":{"_acf_changed":false,"footnotes":""},"categories":[30],"tags":[],"class_list":["post-118549","post","type-post","status-publish","format-standard","hentry","category-artigo"],"acf":[],"yoast_head":"<!-- This site is optimized with the Yoast SEO plugin v27.4 - https:\/\/yoast.com\/product\/yoast-seo-wordpress\/ -->\n<title>REFLEX\u00c3O SOBRE O DIA INTERNACIONAL DA MULHER - Blog do Farn\u00e9sio<\/title>\n<meta name=\"robots\" content=\"index, follow, max-snippet:-1, max-image-preview:large, max-video-preview:-1\" \/>\n<link rel=\"canonical\" href=\"https:\/\/blogdofarnesio.com.br\/?p=118549\" \/>\n<meta property=\"og:locale\" content=\"pt_BR\" \/>\n<meta property=\"og:type\" content=\"article\" \/>\n<meta property=\"og:title\" content=\"REFLEX\u00c3O SOBRE O DIA INTERNACIONAL DA MULHER - Blog do Farn\u00e9sio\" \/>\n<meta property=\"og:description\" content=\"*Andr\u00e9a Leal Barros de Melo O estabelecimento de uma data oficial em homenagem \u00e0s mulheres remonta ao contexto da Primeira Guerra Mundial e Segunda Revolu\u00e7\u00e3o Industrial, no in\u00edcio do s\u00e9culo 20, decorrente da luta feminina por melhores condi\u00e7\u00f5es de trabalho na ind\u00fastria. A primeira institui\u00e7\u00e3o de data ocorreu no dia 28 de fevereiro nos Estados Unidos, por iniciativa do Partido Socialista da Am\u00e9rica. O dia foi marcado por protestos contra as prec\u00e1rias condi\u00e7\u00f5es de trabalho, sal\u00e1rios desproporcionais entre trabalhadores do sexo masculino e feminino, carga hor\u00e1ria desumana, p\u00e9ssimas condi\u00e7\u00f5es de seguran\u00e7a e salubridade nas ind\u00fastrias. Posteriormente, foi adotado o dia 8 de mar\u00e7o pelas Na\u00e7\u00f5es Unidas como dia da causa e homenagem \u00e0 luta feminina. Entretanto, cabe frisar que para&hellip;\" \/>\n<meta property=\"og:url\" content=\"https:\/\/blogdofarnesio.com.br\/?p=118549\" \/>\n<meta property=\"og:site_name\" content=\"Blog do Farn\u00e9sio\" \/>\n<meta property=\"article:publisher\" content=\"https:\/\/www.facebook.com\/BlogQuerSaberPolitica\/\" \/>\n<meta property=\"article:published_time\" content=\"2015-03-08T21:29:51+00:00\" \/>\n<meta property=\"article:modified_time\" content=\"2015-03-08T21:30:46+00:00\" \/>\n<meta property=\"og:image\" content=\"http:\/\/www.quersaberpolitica.com.br\/2016\/wp-content\/uploads\/2013\/03\/blogqspmae4.jpg\" \/>\n<meta name=\"twitter:card\" content=\"summary_large_image\" \/>\n<meta name=\"twitter:label1\" content=\"Escrito por\" \/>\n\t<meta name=\"twitter:data1\" content=\"\" \/>\n\t<meta name=\"twitter:label2\" content=\"Est. tempo de leitura\" \/>\n\t<meta name=\"twitter:data2\" content=\"3 minutos\" \/>\n<script type=\"application\/ld+json\" class=\"yoast-schema-graph\">{\"@context\":\"https:\\\/\\\/schema.org\",\"@graph\":[{\"@type\":\"Article\",\"@id\":\"https:\\\/\\\/blogdofarnesio.com.br\\\/?p=118549#article\",\"isPartOf\":{\"@id\":\"https:\\\/\\\/blogdofarnesio.com.br\\\/?p=118549\"},\"author\":{\"name\":\"\",\"@id\":\"\"},\"headline\":\"REFLEX\u00c3O SOBRE O DIA INTERNACIONAL DA MULHER\",\"datePublished\":\"2015-03-08T21:29:51+00:00\",\"dateModified\":\"2015-03-08T21:30:46+00:00\",\"mainEntityOfPage\":{\"@id\":\"https:\\\/\\\/blogdofarnesio.com.br\\\/?p=118549\"},\"wordCount\":618,\"commentCount\":0,\"publisher\":{\"@id\":\"https:\\\/\\\/blogdofarnesio.com.br\\\/#organization\"},\"image\":{\"@id\":\"https:\\\/\\\/blogdofarnesio.com.br\\\/?p=118549#primaryimage\"},\"thumbnailUrl\":\"http:\\\/\\\/www.quersaberpolitica.com.br\\\/2016\\\/wp-content\\\/uploads\\\/2013\\\/03\\\/blogqspmae4.jpg\",\"articleSection\":[\"Artigo\"],\"inLanguage\":\"pt-BR\",\"potentialAction\":[{\"@type\":\"CommentAction\",\"name\":\"Comment\",\"target\":[\"https:\\\/\\\/blogdofarnesio.com.br\\\/?p=118549#respond\"]}]},{\"@type\":\"WebPage\",\"@id\":\"https:\\\/\\\/blogdofarnesio.com.br\\\/?p=118549\",\"url\":\"https:\\\/\\\/blogdofarnesio.com.br\\\/?p=118549\",\"name\":\"REFLEX\u00c3O SOBRE O DIA INTERNACIONAL DA MULHER - Blog do Farn\u00e9sio\",\"isPartOf\":{\"@id\":\"https:\\\/\\\/blogdofarnesio.com.br\\\/#website\"},\"primaryImageOfPage\":{\"@id\":\"https:\\\/\\\/blogdofarnesio.com.br\\\/?p=118549#primaryimage\"},\"image\":{\"@id\":\"https:\\\/\\\/blogdofarnesio.com.br\\\/?p=118549#primaryimage\"},\"thumbnailUrl\":\"http:\\\/\\\/www.quersaberpolitica.com.br\\\/2016\\\/wp-content\\\/uploads\\\/2013\\\/03\\\/blogqspmae4.jpg\",\"datePublished\":\"2015-03-08T21:29:51+00:00\",\"dateModified\":\"2015-03-08T21:30:46+00:00\",\"breadcrumb\":{\"@id\":\"https:\\\/\\\/blogdofarnesio.com.br\\\/?p=118549#breadcrumb\"},\"inLanguage\":\"pt-BR\",\"potentialAction\":[{\"@type\":\"ReadAction\",\"target\":[\"https:\\\/\\\/blogdofarnesio.com.br\\\/?p=118549\"]}]},{\"@type\":\"ImageObject\",\"inLanguage\":\"pt-BR\",\"@id\":\"https:\\\/\\\/blogdofarnesio.com.br\\\/?p=118549#primaryimage\",\"url\":\"http:\\\/\\\/www.quersaberpolitica.com.br\\\/2016\\\/wp-content\\\/uploads\\\/2013\\\/03\\\/blogqspmae4.jpg\",\"contentUrl\":\"http:\\\/\\\/www.quersaberpolitica.com.br\\\/2016\\\/wp-content\\\/uploads\\\/2013\\\/03\\\/blogqspmae4.jpg\"},{\"@type\":\"BreadcrumbList\",\"@id\":\"https:\\\/\\\/blogdofarnesio.com.br\\\/?p=118549#breadcrumb\",\"itemListElement\":[{\"@type\":\"ListItem\",\"position\":1,\"name\":\"In\u00edcio\",\"item\":\"https:\\\/\\\/blogdofarnesio.com.br\\\/\"},{\"@type\":\"ListItem\",\"position\":2,\"name\":\"REFLEX\u00c3O SOBRE O DIA INTERNACIONAL DA MULHER\"}]},{\"@type\":\"WebSite\",\"@id\":\"https:\\\/\\\/blogdofarnesio.com.br\\\/#website\",\"url\":\"https:\\\/\\\/blogdofarnesio.com.br\\\/\",\"name\":\"Blog do Farn\u00e9sio\",\"description\":\"Quer Saber Pol\u00edtica?\",\"publisher\":{\"@id\":\"https:\\\/\\\/blogdofarnesio.com.br\\\/#organization\"},\"potentialAction\":[{\"@type\":\"SearchAction\",\"target\":{\"@type\":\"EntryPoint\",\"urlTemplate\":\"https:\\\/\\\/blogdofarnesio.com.br\\\/?s={search_term_string}\"},\"query-input\":{\"@type\":\"PropertyValueSpecification\",\"valueRequired\":true,\"valueName\":\"search_term_string\"}}],\"inLanguage\":\"pt-BR\"},{\"@type\":\"Organization\",\"@id\":\"https:\\\/\\\/blogdofarnesio.com.br\\\/#organization\",\"name\":\"Blog do Farn\u00e9sio\",\"url\":\"https:\\\/\\\/blogdofarnesio.com.br\\\/\",\"logo\":{\"@type\":\"ImageObject\",\"inLanguage\":\"pt-BR\",\"@id\":\"https:\\\/\\\/blogdofarnesio.com.br\\\/#\\\/schema\\\/logo\\\/image\\\/\",\"url\":\"https:\\\/\\\/blogdofarnesio.com.br\\\/wp-content\\\/uploads\\\/2026\\\/03\\\/cropped-logo_new-1.png\",\"contentUrl\":\"https:\\\/\\\/blogdofarnesio.com.br\\\/wp-content\\\/uploads\\\/2026\\\/03\\\/cropped-logo_new-1.png\",\"width\":881,\"height\":685,\"caption\":\"Blog do Farn\u00e9sio\"},\"image\":{\"@id\":\"https:\\\/\\\/blogdofarnesio.com.br\\\/#\\\/schema\\\/logo\\\/image\\\/\"},\"sameAs\":[\"https:\\\/\\\/www.facebook.com\\\/BlogQuerSaberPolitica\\\/\"]},{\"@type\":\"Person\",\"@id\":\"\",\"url\":\"https:\\\/\\\/blogdofarnesio.com.br\\\/?author=7\"}]}<\/script>\n<!-- \/ Yoast SEO plugin. -->","yoast_head_json":{"title":"REFLEX\u00c3O SOBRE O DIA INTERNACIONAL DA MULHER - Blog do Farn\u00e9sio","robots":{"index":"index","follow":"follow","max-snippet":"max-snippet:-1","max-image-preview":"max-image-preview:large","max-video-preview":"max-video-preview:-1"},"canonical":"https:\/\/blogdofarnesio.com.br\/?p=118549","og_locale":"pt_BR","og_type":"article","og_title":"REFLEX\u00c3O SOBRE O DIA INTERNACIONAL DA MULHER - Blog do Farn\u00e9sio","og_description":"*Andr\u00e9a Leal Barros de Melo O estabelecimento de uma data oficial em homenagem \u00e0s mulheres remonta ao contexto da Primeira Guerra Mundial e Segunda Revolu\u00e7\u00e3o Industrial, no in\u00edcio do s\u00e9culo 20, decorrente da luta feminina por melhores condi\u00e7\u00f5es de trabalho na ind\u00fastria. A primeira institui\u00e7\u00e3o de data ocorreu no dia 28 de fevereiro nos Estados Unidos, por iniciativa do Partido Socialista da Am\u00e9rica. O dia foi marcado por protestos contra as prec\u00e1rias condi\u00e7\u00f5es de trabalho, sal\u00e1rios desproporcionais entre trabalhadores do sexo masculino e feminino, carga hor\u00e1ria desumana, p\u00e9ssimas condi\u00e7\u00f5es de seguran\u00e7a e salubridade nas ind\u00fastrias. Posteriormente, foi adotado o dia 8 de mar\u00e7o pelas Na\u00e7\u00f5es Unidas como dia da causa e homenagem \u00e0 luta feminina. Entretanto, cabe frisar que para&hellip;","og_url":"https:\/\/blogdofarnesio.com.br\/?p=118549","og_site_name":"Blog do Farn\u00e9sio","article_publisher":"https:\/\/www.facebook.com\/BlogQuerSaberPolitica\/","article_published_time":"2015-03-08T21:29:51+00:00","article_modified_time":"2015-03-08T21:30:46+00:00","og_image":[{"url":"http:\/\/www.quersaberpolitica.com.br\/2016\/wp-content\/uploads\/2013\/03\/blogqspmae4.jpg","type":"","width":"","height":""}],"twitter_card":"summary_large_image","twitter_misc":{"Escrito por":"","Est. tempo de leitura":"3 minutos"},"schema":{"@context":"https:\/\/schema.org","@graph":[{"@type":"Article","@id":"https:\/\/blogdofarnesio.com.br\/?p=118549#article","isPartOf":{"@id":"https:\/\/blogdofarnesio.com.br\/?p=118549"},"author":{"name":"","@id":""},"headline":"REFLEX\u00c3O SOBRE O DIA INTERNACIONAL DA MULHER","datePublished":"2015-03-08T21:29:51+00:00","dateModified":"2015-03-08T21:30:46+00:00","mainEntityOfPage":{"@id":"https:\/\/blogdofarnesio.com.br\/?p=118549"},"wordCount":618,"commentCount":0,"publisher":{"@id":"https:\/\/blogdofarnesio.com.br\/#organization"},"image":{"@id":"https:\/\/blogdofarnesio.com.br\/?p=118549#primaryimage"},"thumbnailUrl":"http:\/\/www.quersaberpolitica.com.br\/2016\/wp-content\/uploads\/2013\/03\/blogqspmae4.jpg","articleSection":["Artigo"],"inLanguage":"pt-BR","potentialAction":[{"@type":"CommentAction","name":"Comment","target":["https:\/\/blogdofarnesio.com.br\/?p=118549#respond"]}]},{"@type":"WebPage","@id":"https:\/\/blogdofarnesio.com.br\/?p=118549","url":"https:\/\/blogdofarnesio.com.br\/?p=118549","name":"REFLEX\u00c3O SOBRE O DIA INTERNACIONAL DA MULHER - Blog do Farn\u00e9sio","isPartOf":{"@id":"https:\/\/blogdofarnesio.com.br\/#website"},"primaryImageOfPage":{"@id":"https:\/\/blogdofarnesio.com.br\/?p=118549#primaryimage"},"image":{"@id":"https:\/\/blogdofarnesio.com.br\/?p=118549#primaryimage"},"thumbnailUrl":"http:\/\/www.quersaberpolitica.com.br\/2016\/wp-content\/uploads\/2013\/03\/blogqspmae4.jpg","datePublished":"2015-03-08T21:29:51+00:00","dateModified":"2015-03-08T21:30:46+00:00","breadcrumb":{"@id":"https:\/\/blogdofarnesio.com.br\/?p=118549#breadcrumb"},"inLanguage":"pt-BR","potentialAction":[{"@type":"ReadAction","target":["https:\/\/blogdofarnesio.com.br\/?p=118549"]}]},{"@type":"ImageObject","inLanguage":"pt-BR","@id":"https:\/\/blogdofarnesio.com.br\/?p=118549#primaryimage","url":"http:\/\/www.quersaberpolitica.com.br\/2016\/wp-content\/uploads\/2013\/03\/blogqspmae4.jpg","contentUrl":"http:\/\/www.quersaberpolitica.com.br\/2016\/wp-content\/uploads\/2013\/03\/blogqspmae4.jpg"},{"@type":"BreadcrumbList","@id":"https:\/\/blogdofarnesio.com.br\/?p=118549#breadcrumb","itemListElement":[{"@type":"ListItem","position":1,"name":"In\u00edcio","item":"https:\/\/blogdofarnesio.com.br\/"},{"@type":"ListItem","position":2,"name":"REFLEX\u00c3O SOBRE O DIA INTERNACIONAL DA MULHER"}]},{"@type":"WebSite","@id":"https:\/\/blogdofarnesio.com.br\/#website","url":"https:\/\/blogdofarnesio.com.br\/","name":"Blog do Farn\u00e9sio","description":"Quer Saber Pol\u00edtica?","publisher":{"@id":"https:\/\/blogdofarnesio.com.br\/#organization"},"potentialAction":[{"@type":"SearchAction","target":{"@type":"EntryPoint","urlTemplate":"https:\/\/blogdofarnesio.com.br\/?s={search_term_string}"},"query-input":{"@type":"PropertyValueSpecification","valueRequired":true,"valueName":"search_term_string"}}],"inLanguage":"pt-BR"},{"@type":"Organization","@id":"https:\/\/blogdofarnesio.com.br\/#organization","name":"Blog do Farn\u00e9sio","url":"https:\/\/blogdofarnesio.com.br\/","logo":{"@type":"ImageObject","inLanguage":"pt-BR","@id":"https:\/\/blogdofarnesio.com.br\/#\/schema\/logo\/image\/","url":"https:\/\/blogdofarnesio.com.br\/wp-content\/uploads\/2026\/03\/cropped-logo_new-1.png","contentUrl":"https:\/\/blogdofarnesio.com.br\/wp-content\/uploads\/2026\/03\/cropped-logo_new-1.png","width":881,"height":685,"caption":"Blog do Farn\u00e9sio"},"image":{"@id":"https:\/\/blogdofarnesio.com.br\/#\/schema\/logo\/image\/"},"sameAs":["https:\/\/www.facebook.com\/BlogQuerSaberPolitica\/"]},{"@type":"Person","@id":"","url":"https:\/\/blogdofarnesio.com.br\/?author=7"}]}},"_links":{"self":[{"href":"https:\/\/blogdofarnesio.com.br\/index.php?rest_route=\/wp\/v2\/posts\/118549","targetHints":{"allow":["GET"]}}],"collection":[{"href":"https:\/\/blogdofarnesio.com.br\/index.php?rest_route=\/wp\/v2\/posts"}],"about":[{"href":"https:\/\/blogdofarnesio.com.br\/index.php?rest_route=\/wp\/v2\/types\/post"}],"author":[{"embeddable":true,"href":"https:\/\/blogdofarnesio.com.br\/index.php?rest_route=\/wp\/v2\/users\/7"}],"replies":[{"embeddable":true,"href":"https:\/\/blogdofarnesio.com.br\/index.php?rest_route=%2Fwp%2Fv2%2Fcomments&post=118549"}],"version-history":[{"count":0,"href":"https:\/\/blogdofarnesio.com.br\/index.php?rest_route=\/wp\/v2\/posts\/118549\/revisions"}],"wp:attachment":[{"href":"https:\/\/blogdofarnesio.com.br\/index.php?rest_route=%2Fwp%2Fv2%2Fmedia&parent=118549"}],"wp:term":[{"taxonomy":"category","embeddable":true,"href":"https:\/\/blogdofarnesio.com.br\/index.php?rest_route=%2Fwp%2Fv2%2Fcategories&post=118549"},{"taxonomy":"post_tag","embeddable":true,"href":"https:\/\/blogdofarnesio.com.br\/index.php?rest_route=%2Fwp%2Fv2%2Ftags&post=118549"}],"curies":[{"name":"wp","href":"https:\/\/api.w.org\/{rel}","templated":true}]}}