{"id":118547,"date":"2015-03-08T17:24:30","date_gmt":"2015-03-08T20:24:30","guid":{"rendered":"http:\/\/www.quersaberpolitica.com.br\/?p=118547"},"modified":"2015-03-08T17:24:30","modified_gmt":"2015-03-08T20:24:30","slug":"presidente-damiao-medrado-sauda-mulheres-no-8-de-marco","status":"publish","type":"post","link":"https:\/\/blogdofarnesio.com.br\/?p=118547","title":{"rendered":"PRESIDENTE DAMI\u00c3O MEDRADO SA\u00daDA MULHERES NO 8 DE MAR\u00c7O"},"content":{"rendered":"<p><a href=\"http:\/\/www.quersaberpolitica.com.br\/2016\/wp-content\/uploads\/2013\/08\/DAMI\u00c3O-MEDRADO-PSD.jpg\"><img loading=\"lazy\" decoding=\"async\" class=\"size-medium wp-image-53081 aligncenter\" alt=\"BLOGQSP DAMI\u00c3O-MEDRADO-(PSD)\" src=\"http:\/\/www.quersaberpolitica.com.br\/2016\/wp-content\/uploads\/2013\/08\/DAMI\u00c3O-MEDRADO-PSD-300x216.jpg\" width=\"300\" height=\"216\" srcset=\"https:\/\/blogdofarnesio.com.br\/wp-content\/uploads\/2013\/08\/DAMI\u00c3O-MEDRADO-PSD-300x216.jpg 300w, https:\/\/blogdofarnesio.com.br\/wp-content\/uploads\/2013\/08\/DAMI\u00c3O-MEDRADO-PSD-415x300.jpg 415w, https:\/\/blogdofarnesio.com.br\/wp-content\/uploads\/2013\/08\/DAMI\u00c3O-MEDRADO-PSD.jpg 600w\" sizes=\"auto, (max-width: 300px) 100vw, 300px\" \/><\/a><\/p>\n<p style=\"text-align: justify\">O Presidente da C\u00e2mara de Vereadores, Dami\u00e3o Medrado, enviou mensagem de sauda\u00e7\u00e3o \u00e0s mulheres de Juazeiro neste 8 de Mar\u00e7o, quando se comemora o Dia Internacional das Mulheres.<\/p>\n<p style=\"text-align: justify\">Na mensagem reitera o \u201ccompromisso, enquanto Presidente do Legislativo Municipal, de apoiar e incentivar toda e qualquer iniciativa que possa contribuir para a melhoria da vida, para a consolida\u00e7\u00e3o de seus direitos e amplia\u00e7\u00e3o dos seus espa\u00e7os na sociedade\u201d e a \u201cdedica\u00e7\u00e3o, compromisso e compreens\u00e3o\u201d da esposa, filha e nora \u201ccom a nossa vida de militante\u201d.<\/p>\n<p style=\"text-align: justify\">Para o Presidente a luta das mulheres \u00e9 parte integrante do processo de consolida\u00e7\u00e3o da democracia e sempre um avan\u00e7o na melhoria da sociedade.<\/p>\n<p style=\"text-align: justify\"><b>\u00cdntegra da Mensagem:<\/b><\/p>\n<p style=\"text-align: justify\">\n<p style=\"text-align: justify\">Neste Oito de Mar\u00e7o, quando se relembra as grandes lutas das mulheres por igualdade; renovo meu compromisso, enquanto Presidente do Legislativo Municipal, de apoiar e incentivar toda e qualquer iniciativa que possa contribuir para a melhoria da vida, para a consolida\u00e7\u00e3o de seus direitos e amplia\u00e7\u00e3o dos seus espa\u00e7os na sociedade.<\/p>\n<p style=\"text-align: justify\">As mulheres de Juazeiro, que nestes \u00faltimos anos mostraram organiza\u00e7\u00e3o, se mobilizaram e conscientes, exigem o melhor para si, para seus filhos e companheiros; que estiveram na mesma trincheira das vit\u00f3rias que conquistamos; merecem mais e melhor. Estaremos juntos em todas as lutas.<\/p>\n<p style=\"text-align: justify\">Em meu nome e do Legislativo Municipal, quero saudar as bravas companheiras de Parlamento; a todas as mulheres de Juazeiro, da jovem adolescente \u00e0 mais idosa; da oper\u00e1ria \u00e0 empres\u00e1ria; da que se ocupa do lar \u00e0 que cuida de nossa sa\u00fade e seguran\u00e7a. Sa\u00fado a todas, agradecendo \u00e0 minha esposa, filha e nora, por sua dedica\u00e7\u00e3o, compromisso e compreens\u00e3o com a nossa vida de militante. Que Deus continue a nos guiar.<\/p>\n<p style=\"text-align: justify\">Salve 8 de Mar\u00e7o!<\/p>\n<p style=\"text-align: justify\"><b>Dami\u00e3o de Almeida Medrado<\/b><\/p>\n<p style=\"text-align: justify\">Presidente da C\u00e2mara Municipal de Juazeiro<\/p>\n","protected":false},"excerpt":{"rendered":"<p>O Presidente da C\u00e2mara de Vereadores, Dami\u00e3o Medrado, enviou mensagem de sauda\u00e7\u00e3o \u00e0s mulheres de Juazeiro neste 8 de Mar\u00e7o, quando se comemora o Dia Internacional das Mulheres. Na mensagem reitera o \u201ccompromisso, enquanto Presidente do Legislativo Municipal, de apoiar e incentivar toda e qualquer iniciativa que possa contribuir para a melhoria da vida, para a consolida\u00e7\u00e3o de seus direitos e amplia\u00e7\u00e3o dos seus espa\u00e7os na sociedade\u201d e a \u201cdedica\u00e7\u00e3o, compromisso e compreens\u00e3o\u201d da esposa, filha e nora \u201ccom a nossa vida de militante\u201d. Para o Presidente a luta das mulheres \u00e9 parte integrante do processo de consolida\u00e7\u00e3o da democracia e sempre um avan\u00e7o na melhoria da sociedade. \u00cdntegra da Mensagem: Neste Oito de Mar\u00e7o, quando se relembra as grandes&hellip; <\/p>\n","protected":false},"author":7,"featured_media":0,"comment_status":"open","ping_status":"open","sticky":false,"template":"","format":"standard","meta":{"_acf_changed":false,"footnotes":""},"categories":[32],"tags":[],"class_list":["post-118547","post","type-post","status-publish","format-standard","hentry","category-costumes"],"acf":[],"yoast_head":"<!-- This site is optimized with the Yoast SEO plugin v27.4 - https:\/\/yoast.com\/product\/yoast-seo-wordpress\/ -->\n<title>PRESIDENTE DAMI\u00c3O MEDRADO SA\u00daDA MULHERES NO 8 DE MAR\u00c7O - Blog do Farn\u00e9sio<\/title>\n<meta name=\"robots\" content=\"index, follow, max-snippet:-1, max-image-preview:large, max-video-preview:-1\" \/>\n<link rel=\"canonical\" href=\"https:\/\/blogdofarnesio.com.br\/?p=118547\" \/>\n<meta property=\"og:locale\" content=\"pt_BR\" \/>\n<meta property=\"og:type\" content=\"article\" \/>\n<meta property=\"og:title\" content=\"PRESIDENTE DAMI\u00c3O MEDRADO SA\u00daDA MULHERES NO 8 DE MAR\u00c7O - Blog do Farn\u00e9sio\" \/>\n<meta property=\"og:description\" content=\"O Presidente da C\u00e2mara de Vereadores, Dami\u00e3o Medrado, enviou mensagem de sauda\u00e7\u00e3o \u00e0s mulheres de Juazeiro neste 8 de Mar\u00e7o, quando se comemora o Dia Internacional das Mulheres. Na mensagem reitera o \u201ccompromisso, enquanto Presidente do Legislativo Municipal, de apoiar e incentivar toda e qualquer iniciativa que possa contribuir para a melhoria da vida, para a consolida\u00e7\u00e3o de seus direitos e amplia\u00e7\u00e3o dos seus espa\u00e7os na sociedade\u201d e a \u201cdedica\u00e7\u00e3o, compromisso e compreens\u00e3o\u201d da esposa, filha e nora \u201ccom a nossa vida de militante\u201d. Para o Presidente a luta das mulheres \u00e9 parte integrante do processo de consolida\u00e7\u00e3o da democracia e sempre um avan\u00e7o na melhoria da sociedade. \u00cdntegra da Mensagem: Neste Oito de Mar\u00e7o, quando se relembra as grandes&hellip;\" \/>\n<meta property=\"og:url\" content=\"https:\/\/blogdofarnesio.com.br\/?p=118547\" \/>\n<meta property=\"og:site_name\" content=\"Blog do Farn\u00e9sio\" \/>\n<meta property=\"article:publisher\" content=\"https:\/\/www.facebook.com\/BlogQuerSaberPolitica\/\" \/>\n<meta property=\"article:published_time\" content=\"2015-03-08T20:24:30+00:00\" \/>\n<meta name=\"twitter:card\" content=\"summary_large_image\" \/>\n<meta name=\"twitter:label1\" content=\"Escrito por\" \/>\n\t<meta name=\"twitter:data1\" content=\"\" \/>\n\t<meta name=\"twitter:label2\" content=\"Est. tempo de leitura\" \/>\n\t<meta name=\"twitter:data2\" content=\"2 minutos\" \/>\n<script type=\"application\/ld+json\" class=\"yoast-schema-graph\">{\"@context\":\"https:\\\/\\\/schema.org\",\"@graph\":[{\"@type\":\"Article\",\"@id\":\"https:\\\/\\\/blogdofarnesio.com.br\\\/?p=118547#article\",\"isPartOf\":{\"@id\":\"https:\\\/\\\/blogdofarnesio.com.br\\\/?p=118547\"},\"author\":{\"name\":\"\",\"@id\":\"\"},\"headline\":\"PRESIDENTE DAMI\u00c3O MEDRADO SA\u00daDA MULHERES NO 8 DE MAR\u00c7O\",\"datePublished\":\"2015-03-08T20:24:30+00:00\",\"mainEntityOfPage\":{\"@id\":\"https:\\\/\\\/blogdofarnesio.com.br\\\/?p=118547\"},\"wordCount\":322,\"commentCount\":0,\"publisher\":{\"@id\":\"https:\\\/\\\/blogdofarnesio.com.br\\\/#organization\"},\"articleSection\":[\"Costumes\"],\"inLanguage\":\"pt-BR\",\"potentialAction\":[{\"@type\":\"CommentAction\",\"name\":\"Comment\",\"target\":[\"https:\\\/\\\/blogdofarnesio.com.br\\\/?p=118547#respond\"]}]},{\"@type\":\"WebPage\",\"@id\":\"https:\\\/\\\/blogdofarnesio.com.br\\\/?p=118547\",\"url\":\"https:\\\/\\\/blogdofarnesio.com.br\\\/?p=118547\",\"name\":\"PRESIDENTE DAMI\u00c3O MEDRADO SA\u00daDA MULHERES NO 8 DE MAR\u00c7O - Blog do Farn\u00e9sio\",\"isPartOf\":{\"@id\":\"https:\\\/\\\/blogdofarnesio.com.br\\\/#website\"},\"datePublished\":\"2015-03-08T20:24:30+00:00\",\"breadcrumb\":{\"@id\":\"https:\\\/\\\/blogdofarnesio.com.br\\\/?p=118547#breadcrumb\"},\"inLanguage\":\"pt-BR\",\"potentialAction\":[{\"@type\":\"ReadAction\",\"target\":[\"https:\\\/\\\/blogdofarnesio.com.br\\\/?p=118547\"]}]},{\"@type\":\"BreadcrumbList\",\"@id\":\"https:\\\/\\\/blogdofarnesio.com.br\\\/?p=118547#breadcrumb\",\"itemListElement\":[{\"@type\":\"ListItem\",\"position\":1,\"name\":\"In\u00edcio\",\"item\":\"https:\\\/\\\/blogdofarnesio.com.br\\\/\"},{\"@type\":\"ListItem\",\"position\":2,\"name\":\"PRESIDENTE DAMI\u00c3O MEDRADO SA\u00daDA MULHERES NO 8 DE MAR\u00c7O\"}]},{\"@type\":\"WebSite\",\"@id\":\"https:\\\/\\\/blogdofarnesio.com.br\\\/#website\",\"url\":\"https:\\\/\\\/blogdofarnesio.com.br\\\/\",\"name\":\"Blog do Farn\u00e9sio\",\"description\":\"Quer Saber Pol\u00edtica?\",\"publisher\":{\"@id\":\"https:\\\/\\\/blogdofarnesio.com.br\\\/#organization\"},\"potentialAction\":[{\"@type\":\"SearchAction\",\"target\":{\"@type\":\"EntryPoint\",\"urlTemplate\":\"https:\\\/\\\/blogdofarnesio.com.br\\\/?s={search_term_string}\"},\"query-input\":{\"@type\":\"PropertyValueSpecification\",\"valueRequired\":true,\"valueName\":\"search_term_string\"}}],\"inLanguage\":\"pt-BR\"},{\"@type\":\"Organization\",\"@id\":\"https:\\\/\\\/blogdofarnesio.com.br\\\/#organization\",\"name\":\"Blog do Farn\u00e9sio\",\"url\":\"https:\\\/\\\/blogdofarnesio.com.br\\\/\",\"logo\":{\"@type\":\"ImageObject\",\"inLanguage\":\"pt-BR\",\"@id\":\"https:\\\/\\\/blogdofarnesio.com.br\\\/#\\\/schema\\\/logo\\\/image\\\/\",\"url\":\"https:\\\/\\\/blogdofarnesio.com.br\\\/wp-content\\\/uploads\\\/2026\\\/03\\\/cropped-logo_new-1.png\",\"contentUrl\":\"https:\\\/\\\/blogdofarnesio.com.br\\\/wp-content\\\/uploads\\\/2026\\\/03\\\/cropped-logo_new-1.png\",\"width\":881,\"height\":685,\"caption\":\"Blog do Farn\u00e9sio\"},\"image\":{\"@id\":\"https:\\\/\\\/blogdofarnesio.com.br\\\/#\\\/schema\\\/logo\\\/image\\\/\"},\"sameAs\":[\"https:\\\/\\\/www.facebook.com\\\/BlogQuerSaberPolitica\\\/\"]},{\"@type\":\"Person\",\"@id\":\"\",\"url\":\"https:\\\/\\\/blogdofarnesio.com.br\\\/?author=7\"}]}<\/script>\n<!-- \/ Yoast SEO plugin. -->","yoast_head_json":{"title":"PRESIDENTE DAMI\u00c3O MEDRADO SA\u00daDA MULHERES NO 8 DE MAR\u00c7O - Blog do Farn\u00e9sio","robots":{"index":"index","follow":"follow","max-snippet":"max-snippet:-1","max-image-preview":"max-image-preview:large","max-video-preview":"max-video-preview:-1"},"canonical":"https:\/\/blogdofarnesio.com.br\/?p=118547","og_locale":"pt_BR","og_type":"article","og_title":"PRESIDENTE DAMI\u00c3O MEDRADO SA\u00daDA MULHERES NO 8 DE MAR\u00c7O - Blog do Farn\u00e9sio","og_description":"O Presidente da C\u00e2mara de Vereadores, Dami\u00e3o Medrado, enviou mensagem de sauda\u00e7\u00e3o \u00e0s mulheres de Juazeiro neste 8 de Mar\u00e7o, quando se comemora o Dia Internacional das Mulheres. Na mensagem reitera o \u201ccompromisso, enquanto Presidente do Legislativo Municipal, de apoiar e incentivar toda e qualquer iniciativa que possa contribuir para a melhoria da vida, para a consolida\u00e7\u00e3o de seus direitos e amplia\u00e7\u00e3o dos seus espa\u00e7os na sociedade\u201d e a \u201cdedica\u00e7\u00e3o, compromisso e compreens\u00e3o\u201d da esposa, filha e nora \u201ccom a nossa vida de militante\u201d. Para o Presidente a luta das mulheres \u00e9 parte integrante do processo de consolida\u00e7\u00e3o da democracia e sempre um avan\u00e7o na melhoria da sociedade. \u00cdntegra da Mensagem: Neste Oito de Mar\u00e7o, quando se relembra as grandes&hellip;","og_url":"https:\/\/blogdofarnesio.com.br\/?p=118547","og_site_name":"Blog do Farn\u00e9sio","article_publisher":"https:\/\/www.facebook.com\/BlogQuerSaberPolitica\/","article_published_time":"2015-03-08T20:24:30+00:00","twitter_card":"summary_large_image","twitter_misc":{"Escrito por":"","Est. tempo de leitura":"2 minutos"},"schema":{"@context":"https:\/\/schema.org","@graph":[{"@type":"Article","@id":"https:\/\/blogdofarnesio.com.br\/?p=118547#article","isPartOf":{"@id":"https:\/\/blogdofarnesio.com.br\/?p=118547"},"author":{"name":"","@id":""},"headline":"PRESIDENTE DAMI\u00c3O MEDRADO SA\u00daDA MULHERES NO 8 DE MAR\u00c7O","datePublished":"2015-03-08T20:24:30+00:00","mainEntityOfPage":{"@id":"https:\/\/blogdofarnesio.com.br\/?p=118547"},"wordCount":322,"commentCount":0,"publisher":{"@id":"https:\/\/blogdofarnesio.com.br\/#organization"},"articleSection":["Costumes"],"inLanguage":"pt-BR","potentialAction":[{"@type":"CommentAction","name":"Comment","target":["https:\/\/blogdofarnesio.com.br\/?p=118547#respond"]}]},{"@type":"WebPage","@id":"https:\/\/blogdofarnesio.com.br\/?p=118547","url":"https:\/\/blogdofarnesio.com.br\/?p=118547","name":"PRESIDENTE DAMI\u00c3O MEDRADO SA\u00daDA MULHERES NO 8 DE MAR\u00c7O - Blog do Farn\u00e9sio","isPartOf":{"@id":"https:\/\/blogdofarnesio.com.br\/#website"},"datePublished":"2015-03-08T20:24:30+00:00","breadcrumb":{"@id":"https:\/\/blogdofarnesio.com.br\/?p=118547#breadcrumb"},"inLanguage":"pt-BR","potentialAction":[{"@type":"ReadAction","target":["https:\/\/blogdofarnesio.com.br\/?p=118547"]}]},{"@type":"BreadcrumbList","@id":"https:\/\/blogdofarnesio.com.br\/?p=118547#breadcrumb","itemListElement":[{"@type":"ListItem","position":1,"name":"In\u00edcio","item":"https:\/\/blogdofarnesio.com.br\/"},{"@type":"ListItem","position":2,"name":"PRESIDENTE DAMI\u00c3O MEDRADO SA\u00daDA MULHERES NO 8 DE MAR\u00c7O"}]},{"@type":"WebSite","@id":"https:\/\/blogdofarnesio.com.br\/#website","url":"https:\/\/blogdofarnesio.com.br\/","name":"Blog do Farn\u00e9sio","description":"Quer Saber Pol\u00edtica?","publisher":{"@id":"https:\/\/blogdofarnesio.com.br\/#organization"},"potentialAction":[{"@type":"SearchAction","target":{"@type":"EntryPoint","urlTemplate":"https:\/\/blogdofarnesio.com.br\/?s={search_term_string}"},"query-input":{"@type":"PropertyValueSpecification","valueRequired":true,"valueName":"search_term_string"}}],"inLanguage":"pt-BR"},{"@type":"Organization","@id":"https:\/\/blogdofarnesio.com.br\/#organization","name":"Blog do Farn\u00e9sio","url":"https:\/\/blogdofarnesio.com.br\/","logo":{"@type":"ImageObject","inLanguage":"pt-BR","@id":"https:\/\/blogdofarnesio.com.br\/#\/schema\/logo\/image\/","url":"https:\/\/blogdofarnesio.com.br\/wp-content\/uploads\/2026\/03\/cropped-logo_new-1.png","contentUrl":"https:\/\/blogdofarnesio.com.br\/wp-content\/uploads\/2026\/03\/cropped-logo_new-1.png","width":881,"height":685,"caption":"Blog do Farn\u00e9sio"},"image":{"@id":"https:\/\/blogdofarnesio.com.br\/#\/schema\/logo\/image\/"},"sameAs":["https:\/\/www.facebook.com\/BlogQuerSaberPolitica\/"]},{"@type":"Person","@id":"","url":"https:\/\/blogdofarnesio.com.br\/?author=7"}]}},"_links":{"self":[{"href":"https:\/\/blogdofarnesio.com.br\/index.php?rest_route=\/wp\/v2\/posts\/118547","targetHints":{"allow":["GET"]}}],"collection":[{"href":"https:\/\/blogdofarnesio.com.br\/index.php?rest_route=\/wp\/v2\/posts"}],"about":[{"href":"https:\/\/blogdofarnesio.com.br\/index.php?rest_route=\/wp\/v2\/types\/post"}],"author":[{"embeddable":true,"href":"https:\/\/blogdofarnesio.com.br\/index.php?rest_route=\/wp\/v2\/users\/7"}],"replies":[{"embeddable":true,"href":"https:\/\/blogdofarnesio.com.br\/index.php?rest_route=%2Fwp%2Fv2%2Fcomments&post=118547"}],"version-history":[{"count":0,"href":"https:\/\/blogdofarnesio.com.br\/index.php?rest_route=\/wp\/v2\/posts\/118547\/revisions"}],"wp:attachment":[{"href":"https:\/\/blogdofarnesio.com.br\/index.php?rest_route=%2Fwp%2Fv2%2Fmedia&parent=118547"}],"wp:term":[{"taxonomy":"category","embeddable":true,"href":"https:\/\/blogdofarnesio.com.br\/index.php?rest_route=%2Fwp%2Fv2%2Fcategories&post=118547"},{"taxonomy":"post_tag","embeddable":true,"href":"https:\/\/blogdofarnesio.com.br\/index.php?rest_route=%2Fwp%2Fv2%2Ftags&post=118547"}],"curies":[{"name":"wp","href":"https:\/\/api.w.org\/{rel}","templated":true}]}}