{"id":118032,"date":"2015-03-04T08:03:14","date_gmt":"2015-03-04T11:03:14","guid":{"rendered":"http:\/\/www.quersaberpolitica.com.br\/?p=118032"},"modified":"2015-03-03T21:01:12","modified_gmt":"2015-03-04T00:01:12","slug":"renan-calheiros-e-eduardo-cunha-foram-avisados-que-estao-na-lista-da-lava-jato","status":"publish","type":"post","link":"https:\/\/blogdofarnesio.com.br\/?p=118032","title":{"rendered":"RENAN CALHEIROS E EDUARDO CUNHA FORAM AVISADOS QUE EST\u00c3O NA LISTA DA LAVA-JATO"},"content":{"rendered":"<header>\n<p style=\"text-align: justify\"><img loading=\"lazy\" decoding=\"async\" class=\"aligncenter\" title=\"O Procurador Geral da Rep\u00fablica, Rodrigo Janot concede coletiva de imprensa, em Curitiba (PR), sobre os indiciados na Opera\u00e7\u00e3o Lava Jato - 11\/12\/2014\" alt=\"O Procurador Geral da Rep\u00fablica, Rodrigo Janot concede coletiva de imprensa, em Curitiba (PR), sobre os indiciados na Opera\u00e7\u00e3o Lava Jato - 11\/12\/2014\" src=\"http:\/\/msalx.veja.abril.com.br\/2014\/12\/11\/1621\/pe6Cx\/alx_brasil-rodrigo-janot-procurador-geral-da-republica-20141211-001_original.jpeg?1418322034\" width=\"442\" height=\"331\" \/>O Procurador Geral da Rep\u00fablica, Rodrigo Janot concede coletiva de imprensa, em Curitiba (PR), sobre os indiciados na Opera\u00e7\u00e3o Lava Jato &#8211; 11\/12\/2014(Vagner Rosario\/Futura Press)<\/p>\n<p style=\"text-align: justify\">Quase um ano depois da descoberta do maior propinoduto que se tem not\u00edcia na hist\u00f3ria do Brasil, o procurador-geral da Rep\u00fablica, Rodrigo Janot, encaminhou nesta ter\u00e7a-feira ao Supremo Tribunal Federal (STF) 28 pedidos de investiga\u00e7\u00e3o contra pol\u00edticos suspeitos de ter se beneficiado do esquema que assaltou os cofres da Petrobras.<\/p>\n<p style=\"text-align: justify\">Os pedidos de abertura de inqu\u00e9rito foram protocolados \u00e0s 20h11 no Supremo. Em nenhum momento do dia, Janot esteve no tribunal para levar os processos referentes do petrol\u00e3o. O procurador tamb\u00e9m recomendou \u00e0 corte o arquivamento de sete casos. No total, 54 pessoas, com e sem foro privilegiado &#8211; ou seja, pol\u00edticos com mandato &#8211; devem ser investigadas em inqu\u00e9ritos da Opera\u00e7\u00e3o Lava Jato da Pol\u00edcia Federal.<\/p>\n<p style=\"text-align: justify\">A identidade de deputados e senadores ainda \u00e9 mantida em sigilo. O relator do caso no STF, ministro Teori Zavascki, fez um acordo com Janot e pretende dar publicidade aos nomes nos pr\u00f3ximos dias, determinando que permane\u00e7am em segredo apenas os casos que possam atrapalhar o andamento das apura\u00e7\u00f5es &#8211; como quebras de sigilo, escutas telef\u00f4nicas e buscas e apreens\u00f5es.<\/p>\n<p style=\"text-align: justify\"><strong>Veja<!--more--><\/strong><\/p>\n<\/header>\n<header><img loading=\"lazy\" decoding=\"async\" class=\"aligncenter\" alt=\"renan-and-cunha\" src=\"http:\/\/blogs.ne10.uol.com.br\/jamildo\/wp-content\/uploads\/2015\/03\/renan-and-cunha-624x375.jpg\" width=\"499\" height=\"300\" \/><\/header>\n<div style=\"text-align: justify\">\n<p style=\"text-align: justify\">Os presidentes da C\u00e2mara, deputado Eduardo Cunha, e do Senado, senador Renan Calheiros (PMDB-AL), ambos do PMDB foram informados que estar\u00e3o na lista que o procurador-geral da Rep\u00fablica, Rodrigo Janot, vai enviar ao Supremo Tribunal Federal (STF). A informa\u00e7\u00e3o foi confirmada por assessores do Planalto.<\/p>\n<p style=\"text-align: justify\">Renan n\u00e3o quis confirmar se foi avisado que ser\u00e1 citado pelo Minist\u00e9rio P\u00fablico. Em entrevista, ao ser perguntado, Renan respondeu:<\/p>\n<p style=\"text-align: justify\">\u2014 N\u00e3o tenho nenhuma informa\u00e7\u00e3o.<\/p>\n<p style=\"text-align: justify\">Procurado, o presidente da C\u00e2mara informou por mensagem que n\u00e3o recebeu aviso.\u00a0\u201cN\u00e3o fui avisado por ningu\u00e9m. Isso \u00e9 mentira\u201d, escreveu Cunha.<\/p>\n<p style=\"text-align: justify\">Rodrigo Janot enviou os pedidos de abertura de inqu\u00e9rito relacionados \u00e0s autoridades supostamente benefici\u00e1rias dos desvios de dinheiro da Petrobras. Ele tamb\u00e9m deve pedir para o relator dos casos, ministro Teori Zavascki, derrubar o sigilo das investiga\u00e7\u00f5es, tornando p\u00fablico todo o conte\u00fado dos inqu\u00e9ritos.<\/p>\n<p style=\"text-align: justify\">Desde a semana passada o presidente do Senado come\u00e7ou a dar sinais de irrita\u00e7\u00e3o com o governo. Na segunda-feira, por exemplo, Renan n\u00e3o participou do jantar oferecido pela presidente Dilma Rousseff \u00e0 c\u00fapula do PMDB. Na semana passada, o senador chamou a coaliza\u00e7\u00e3o do governo Dilma de \u201ccapenga\u201d e depois afirmou que houve um \u201cescorregad\u00e3o\u201d na pol\u00edtica econ\u00f4mica e fiscal.\u00a0<a href=\"http:\/\/oglobo.globo.com\/brasil\/renan-eduardo-cunha-foram-avisados-de-que-estao-na-lista-de-politicos-da-lava-jato-15490277\">Leia mais aqui.<\/a><\/p>\n<p style=\"text-align: justify\">Blogdejamildo<\/p>\n<\/div>\n","protected":false},"excerpt":{"rendered":"<p>O Procurador Geral da Rep\u00fablica, Rodrigo Janot concede coletiva de imprensa, em Curitiba (PR), sobre os indiciados na Opera\u00e7\u00e3o Lava Jato &#8211; 11\/12\/2014(Vagner Rosario\/Futura Press) Quase um ano depois da descoberta do maior propinoduto que se tem not\u00edcia na hist\u00f3ria do Brasil, o procurador-geral da Rep\u00fablica, Rodrigo Janot, encaminhou nesta ter\u00e7a-feira ao Supremo Tribunal Federal (STF) 28 pedidos de investiga\u00e7\u00e3o contra pol\u00edticos suspeitos de ter se beneficiado do esquema que assaltou os cofres da Petrobras. Os pedidos de abertura de inqu\u00e9rito foram protocolados \u00e0s 20h11 no Supremo. Em nenhum momento do dia, Janot esteve no tribunal para levar os processos referentes do petrol\u00e3o. O procurador tamb\u00e9m recomendou \u00e0 corte o arquivamento de sete casos. No total, 54 pessoas, com e&hellip; <\/p>\n","protected":false},"author":3,"featured_media":0,"comment_status":"open","ping_status":"open","sticky":false,"template":"","format":"standard","meta":{"_acf_changed":false,"footnotes":""},"categories":[23,1],"tags":[],"class_list":["post-118032","post","type-post","status-publish","format-standard","hentry","category-justica","category-politica"],"acf":[],"yoast_head":"<!-- This site is optimized with the Yoast SEO plugin v27.4 - https:\/\/yoast.com\/product\/yoast-seo-wordpress\/ -->\n<title>RENAN CALHEIROS E EDUARDO CUNHA FORAM AVISADOS QUE EST\u00c3O NA LISTA DA LAVA-JATO - Blog do Farn\u00e9sio<\/title>\n<meta name=\"robots\" content=\"index, follow, max-snippet:-1, max-image-preview:large, max-video-preview:-1\" \/>\n<link rel=\"canonical\" href=\"https:\/\/blogdofarnesio.com.br\/?p=118032\" \/>\n<meta property=\"og:locale\" content=\"pt_BR\" \/>\n<meta property=\"og:type\" content=\"article\" \/>\n<meta property=\"og:title\" content=\"RENAN CALHEIROS E EDUARDO CUNHA FORAM AVISADOS QUE EST\u00c3O NA LISTA DA LAVA-JATO - Blog do Farn\u00e9sio\" \/>\n<meta property=\"og:description\" content=\"O Procurador Geral da Rep\u00fablica, Rodrigo Janot concede coletiva de imprensa, em Curitiba (PR), sobre os indiciados na Opera\u00e7\u00e3o Lava Jato &#8211; 11\/12\/2014(Vagner Rosario\/Futura Press) Quase um ano depois da descoberta do maior propinoduto que se tem not\u00edcia na hist\u00f3ria do Brasil, o procurador-geral da Rep\u00fablica, Rodrigo Janot, encaminhou nesta ter\u00e7a-feira ao Supremo Tribunal Federal (STF) 28 pedidos de investiga\u00e7\u00e3o contra pol\u00edticos suspeitos de ter se beneficiado do esquema que assaltou os cofres da Petrobras. Os pedidos de abertura de inqu\u00e9rito foram protocolados \u00e0s 20h11 no Supremo. Em nenhum momento do dia, Janot esteve no tribunal para levar os processos referentes do petrol\u00e3o. O procurador tamb\u00e9m recomendou \u00e0 corte o arquivamento de sete casos. No total, 54 pessoas, com e&hellip;\" \/>\n<meta property=\"og:url\" content=\"https:\/\/blogdofarnesio.com.br\/?p=118032\" \/>\n<meta property=\"og:site_name\" content=\"Blog do Farn\u00e9sio\" \/>\n<meta property=\"article:publisher\" content=\"https:\/\/www.facebook.com\/BlogQuerSaberPolitica\/\" \/>\n<meta property=\"article:published_time\" content=\"2015-03-04T11:03:14+00:00\" \/>\n<meta property=\"og:image\" content=\"http:\/\/msalx.veja.abril.com.br\/2014\/12\/11\/1621\/pe6Cx\/alx_brasil-rodrigo-janot-procurador-geral-da-republica-20141211-001_original.jpeg?1418322034\" \/>\n<meta name=\"author\" content=\"teste\" \/>\n<meta name=\"twitter:card\" content=\"summary_large_image\" \/>\n<meta name=\"twitter:label1\" content=\"Escrito por\" \/>\n\t<meta name=\"twitter:data1\" content=\"teste\" \/>\n\t<meta name=\"twitter:label2\" content=\"Est. tempo de leitura\" \/>\n\t<meta name=\"twitter:data2\" content=\"2 minutos\" \/>\n<script type=\"application\/ld+json\" class=\"yoast-schema-graph\">{\"@context\":\"https:\\\/\\\/schema.org\",\"@graph\":[{\"@type\":\"Article\",\"@id\":\"https:\\\/\\\/blogdofarnesio.com.br\\\/?p=118032#article\",\"isPartOf\":{\"@id\":\"https:\\\/\\\/blogdofarnesio.com.br\\\/?p=118032\"},\"author\":{\"name\":\"teste\",\"@id\":\"https:\\\/\\\/blogdofarnesio.com.br\\\/#\\\/schema\\\/person\\\/dd1bf5eba40b687199ba45ca6b97dff9\"},\"headline\":\"RENAN CALHEIROS E EDUARDO CUNHA FORAM AVISADOS QUE EST\u00c3O NA LISTA DA LAVA-JATO\",\"datePublished\":\"2015-03-04T11:03:14+00:00\",\"mainEntityOfPage\":{\"@id\":\"https:\\\/\\\/blogdofarnesio.com.br\\\/?p=118032\"},\"wordCount\":459,\"commentCount\":0,\"publisher\":{\"@id\":\"https:\\\/\\\/blogdofarnesio.com.br\\\/#organization\"},\"image\":{\"@id\":\"https:\\\/\\\/blogdofarnesio.com.br\\\/?p=118032#primaryimage\"},\"thumbnailUrl\":\"http:\\\/\\\/msalx.veja.abril.com.br\\\/2014\\\/12\\\/11\\\/1621\\\/pe6Cx\\\/alx_brasil-rodrigo-janot-procurador-geral-da-republica-20141211-001_original.jpeg?1418322034\",\"articleSection\":[\"Justi\u00e7a\",\"Pol\u00edtica\"],\"inLanguage\":\"pt-BR\",\"potentialAction\":[{\"@type\":\"CommentAction\",\"name\":\"Comment\",\"target\":[\"https:\\\/\\\/blogdofarnesio.com.br\\\/?p=118032#respond\"]}]},{\"@type\":\"WebPage\",\"@id\":\"https:\\\/\\\/blogdofarnesio.com.br\\\/?p=118032\",\"url\":\"https:\\\/\\\/blogdofarnesio.com.br\\\/?p=118032\",\"name\":\"RENAN CALHEIROS E EDUARDO CUNHA FORAM AVISADOS QUE EST\u00c3O NA LISTA DA LAVA-JATO - Blog do Farn\u00e9sio\",\"isPartOf\":{\"@id\":\"https:\\\/\\\/blogdofarnesio.com.br\\\/#website\"},\"primaryImageOfPage\":{\"@id\":\"https:\\\/\\\/blogdofarnesio.com.br\\\/?p=118032#primaryimage\"},\"image\":{\"@id\":\"https:\\\/\\\/blogdofarnesio.com.br\\\/?p=118032#primaryimage\"},\"thumbnailUrl\":\"http:\\\/\\\/msalx.veja.abril.com.br\\\/2014\\\/12\\\/11\\\/1621\\\/pe6Cx\\\/alx_brasil-rodrigo-janot-procurador-geral-da-republica-20141211-001_original.jpeg?1418322034\",\"datePublished\":\"2015-03-04T11:03:14+00:00\",\"breadcrumb\":{\"@id\":\"https:\\\/\\\/blogdofarnesio.com.br\\\/?p=118032#breadcrumb\"},\"inLanguage\":\"pt-BR\",\"potentialAction\":[{\"@type\":\"ReadAction\",\"target\":[\"https:\\\/\\\/blogdofarnesio.com.br\\\/?p=118032\"]}]},{\"@type\":\"ImageObject\",\"inLanguage\":\"pt-BR\",\"@id\":\"https:\\\/\\\/blogdofarnesio.com.br\\\/?p=118032#primaryimage\",\"url\":\"http:\\\/\\\/msalx.veja.abril.com.br\\\/2014\\\/12\\\/11\\\/1621\\\/pe6Cx\\\/alx_brasil-rodrigo-janot-procurador-geral-da-republica-20141211-001_original.jpeg?1418322034\",\"contentUrl\":\"http:\\\/\\\/msalx.veja.abril.com.br\\\/2014\\\/12\\\/11\\\/1621\\\/pe6Cx\\\/alx_brasil-rodrigo-janot-procurador-geral-da-republica-20141211-001_original.jpeg?1418322034\"},{\"@type\":\"BreadcrumbList\",\"@id\":\"https:\\\/\\\/blogdofarnesio.com.br\\\/?p=118032#breadcrumb\",\"itemListElement\":[{\"@type\":\"ListItem\",\"position\":1,\"name\":\"In\u00edcio\",\"item\":\"https:\\\/\\\/blogdofarnesio.com.br\\\/\"},{\"@type\":\"ListItem\",\"position\":2,\"name\":\"RENAN CALHEIROS E EDUARDO CUNHA FORAM AVISADOS QUE EST\u00c3O NA LISTA DA LAVA-JATO\"}]},{\"@type\":\"WebSite\",\"@id\":\"https:\\\/\\\/blogdofarnesio.com.br\\\/#website\",\"url\":\"https:\\\/\\\/blogdofarnesio.com.br\\\/\",\"name\":\"Blog do Farn\u00e9sio\",\"description\":\"Quer Saber Pol\u00edtica?\",\"publisher\":{\"@id\":\"https:\\\/\\\/blogdofarnesio.com.br\\\/#organization\"},\"potentialAction\":[{\"@type\":\"SearchAction\",\"target\":{\"@type\":\"EntryPoint\",\"urlTemplate\":\"https:\\\/\\\/blogdofarnesio.com.br\\\/?s={search_term_string}\"},\"query-input\":{\"@type\":\"PropertyValueSpecification\",\"valueRequired\":true,\"valueName\":\"search_term_string\"}}],\"inLanguage\":\"pt-BR\"},{\"@type\":\"Organization\",\"@id\":\"https:\\\/\\\/blogdofarnesio.com.br\\\/#organization\",\"name\":\"Blog do Farn\u00e9sio\",\"url\":\"https:\\\/\\\/blogdofarnesio.com.br\\\/\",\"logo\":{\"@type\":\"ImageObject\",\"inLanguage\":\"pt-BR\",\"@id\":\"https:\\\/\\\/blogdofarnesio.com.br\\\/#\\\/schema\\\/logo\\\/image\\\/\",\"url\":\"https:\\\/\\\/blogdofarnesio.com.br\\\/wp-content\\\/uploads\\\/2026\\\/03\\\/cropped-logo_new-1.png\",\"contentUrl\":\"https:\\\/\\\/blogdofarnesio.com.br\\\/wp-content\\\/uploads\\\/2026\\\/03\\\/cropped-logo_new-1.png\",\"width\":881,\"height\":685,\"caption\":\"Blog do Farn\u00e9sio\"},\"image\":{\"@id\":\"https:\\\/\\\/blogdofarnesio.com.br\\\/#\\\/schema\\\/logo\\\/image\\\/\"},\"sameAs\":[\"https:\\\/\\\/www.facebook.com\\\/BlogQuerSaberPolitica\\\/\"]},{\"@type\":\"Person\",\"@id\":\"https:\\\/\\\/blogdofarnesio.com.br\\\/#\\\/schema\\\/person\\\/dd1bf5eba40b687199ba45ca6b97dff9\",\"name\":\"teste\",\"image\":{\"@type\":\"ImageObject\",\"inLanguage\":\"pt-BR\",\"@id\":\"https:\\\/\\\/secure.gravatar.com\\\/avatar\\\/2172498d4914b51e1d89a0f97957b035ac4938723a5cac208135d389b6972a6d?s=96&d=mm&r=g\",\"url\":\"https:\\\/\\\/secure.gravatar.com\\\/avatar\\\/2172498d4914b51e1d89a0f97957b035ac4938723a5cac208135d389b6972a6d?s=96&d=mm&r=g\",\"contentUrl\":\"https:\\\/\\\/secure.gravatar.com\\\/avatar\\\/2172498d4914b51e1d89a0f97957b035ac4938723a5cac208135d389b6972a6d?s=96&d=mm&r=g\",\"caption\":\"teste\"},\"url\":\"https:\\\/\\\/blogdofarnesio.com.br\\\/?author=3\"}]}<\/script>\n<!-- \/ Yoast SEO plugin. -->","yoast_head_json":{"title":"RENAN CALHEIROS E EDUARDO CUNHA FORAM AVISADOS QUE EST\u00c3O NA LISTA DA LAVA-JATO - Blog do Farn\u00e9sio","robots":{"index":"index","follow":"follow","max-snippet":"max-snippet:-1","max-image-preview":"max-image-preview:large","max-video-preview":"max-video-preview:-1"},"canonical":"https:\/\/blogdofarnesio.com.br\/?p=118032","og_locale":"pt_BR","og_type":"article","og_title":"RENAN CALHEIROS E EDUARDO CUNHA FORAM AVISADOS QUE EST\u00c3O NA LISTA DA LAVA-JATO - Blog do Farn\u00e9sio","og_description":"O Procurador Geral da Rep\u00fablica, Rodrigo Janot concede coletiva de imprensa, em Curitiba (PR), sobre os indiciados na Opera\u00e7\u00e3o Lava Jato &#8211; 11\/12\/2014(Vagner Rosario\/Futura Press) Quase um ano depois da descoberta do maior propinoduto que se tem not\u00edcia na hist\u00f3ria do Brasil, o procurador-geral da Rep\u00fablica, Rodrigo Janot, encaminhou nesta ter\u00e7a-feira ao Supremo Tribunal Federal (STF) 28 pedidos de investiga\u00e7\u00e3o contra pol\u00edticos suspeitos de ter se beneficiado do esquema que assaltou os cofres da Petrobras. Os pedidos de abertura de inqu\u00e9rito foram protocolados \u00e0s 20h11 no Supremo. Em nenhum momento do dia, Janot esteve no tribunal para levar os processos referentes do petrol\u00e3o. O procurador tamb\u00e9m recomendou \u00e0 corte o arquivamento de sete casos. No total, 54 pessoas, com e&hellip;","og_url":"https:\/\/blogdofarnesio.com.br\/?p=118032","og_site_name":"Blog do Farn\u00e9sio","article_publisher":"https:\/\/www.facebook.com\/BlogQuerSaberPolitica\/","article_published_time":"2015-03-04T11:03:14+00:00","og_image":[{"url":"http:\/\/msalx.veja.abril.com.br\/2014\/12\/11\/1621\/pe6Cx\/alx_brasil-rodrigo-janot-procurador-geral-da-republica-20141211-001_original.jpeg?1418322034","type":"","width":"","height":""}],"author":"teste","twitter_card":"summary_large_image","twitter_misc":{"Escrito por":"teste","Est. tempo de leitura":"2 minutos"},"schema":{"@context":"https:\/\/schema.org","@graph":[{"@type":"Article","@id":"https:\/\/blogdofarnesio.com.br\/?p=118032#article","isPartOf":{"@id":"https:\/\/blogdofarnesio.com.br\/?p=118032"},"author":{"name":"teste","@id":"https:\/\/blogdofarnesio.com.br\/#\/schema\/person\/dd1bf5eba40b687199ba45ca6b97dff9"},"headline":"RENAN CALHEIROS E EDUARDO CUNHA FORAM AVISADOS QUE EST\u00c3O NA LISTA DA LAVA-JATO","datePublished":"2015-03-04T11:03:14+00:00","mainEntityOfPage":{"@id":"https:\/\/blogdofarnesio.com.br\/?p=118032"},"wordCount":459,"commentCount":0,"publisher":{"@id":"https:\/\/blogdofarnesio.com.br\/#organization"},"image":{"@id":"https:\/\/blogdofarnesio.com.br\/?p=118032#primaryimage"},"thumbnailUrl":"http:\/\/msalx.veja.abril.com.br\/2014\/12\/11\/1621\/pe6Cx\/alx_brasil-rodrigo-janot-procurador-geral-da-republica-20141211-001_original.jpeg?1418322034","articleSection":["Justi\u00e7a","Pol\u00edtica"],"inLanguage":"pt-BR","potentialAction":[{"@type":"CommentAction","name":"Comment","target":["https:\/\/blogdofarnesio.com.br\/?p=118032#respond"]}]},{"@type":"WebPage","@id":"https:\/\/blogdofarnesio.com.br\/?p=118032","url":"https:\/\/blogdofarnesio.com.br\/?p=118032","name":"RENAN CALHEIROS E EDUARDO CUNHA FORAM AVISADOS QUE EST\u00c3O NA LISTA DA LAVA-JATO - Blog do Farn\u00e9sio","isPartOf":{"@id":"https:\/\/blogdofarnesio.com.br\/#website"},"primaryImageOfPage":{"@id":"https:\/\/blogdofarnesio.com.br\/?p=118032#primaryimage"},"image":{"@id":"https:\/\/blogdofarnesio.com.br\/?p=118032#primaryimage"},"thumbnailUrl":"http:\/\/msalx.veja.abril.com.br\/2014\/12\/11\/1621\/pe6Cx\/alx_brasil-rodrigo-janot-procurador-geral-da-republica-20141211-001_original.jpeg?1418322034","datePublished":"2015-03-04T11:03:14+00:00","breadcrumb":{"@id":"https:\/\/blogdofarnesio.com.br\/?p=118032#breadcrumb"},"inLanguage":"pt-BR","potentialAction":[{"@type":"ReadAction","target":["https:\/\/blogdofarnesio.com.br\/?p=118032"]}]},{"@type":"ImageObject","inLanguage":"pt-BR","@id":"https:\/\/blogdofarnesio.com.br\/?p=118032#primaryimage","url":"http:\/\/msalx.veja.abril.com.br\/2014\/12\/11\/1621\/pe6Cx\/alx_brasil-rodrigo-janot-procurador-geral-da-republica-20141211-001_original.jpeg?1418322034","contentUrl":"http:\/\/msalx.veja.abril.com.br\/2014\/12\/11\/1621\/pe6Cx\/alx_brasil-rodrigo-janot-procurador-geral-da-republica-20141211-001_original.jpeg?1418322034"},{"@type":"BreadcrumbList","@id":"https:\/\/blogdofarnesio.com.br\/?p=118032#breadcrumb","itemListElement":[{"@type":"ListItem","position":1,"name":"In\u00edcio","item":"https:\/\/blogdofarnesio.com.br\/"},{"@type":"ListItem","position":2,"name":"RENAN CALHEIROS E EDUARDO CUNHA FORAM AVISADOS QUE EST\u00c3O NA LISTA DA LAVA-JATO"}]},{"@type":"WebSite","@id":"https:\/\/blogdofarnesio.com.br\/#website","url":"https:\/\/blogdofarnesio.com.br\/","name":"Blog do Farn\u00e9sio","description":"Quer Saber Pol\u00edtica?","publisher":{"@id":"https:\/\/blogdofarnesio.com.br\/#organization"},"potentialAction":[{"@type":"SearchAction","target":{"@type":"EntryPoint","urlTemplate":"https:\/\/blogdofarnesio.com.br\/?s={search_term_string}"},"query-input":{"@type":"PropertyValueSpecification","valueRequired":true,"valueName":"search_term_string"}}],"inLanguage":"pt-BR"},{"@type":"Organization","@id":"https:\/\/blogdofarnesio.com.br\/#organization","name":"Blog do Farn\u00e9sio","url":"https:\/\/blogdofarnesio.com.br\/","logo":{"@type":"ImageObject","inLanguage":"pt-BR","@id":"https:\/\/blogdofarnesio.com.br\/#\/schema\/logo\/image\/","url":"https:\/\/blogdofarnesio.com.br\/wp-content\/uploads\/2026\/03\/cropped-logo_new-1.png","contentUrl":"https:\/\/blogdofarnesio.com.br\/wp-content\/uploads\/2026\/03\/cropped-logo_new-1.png","width":881,"height":685,"caption":"Blog do Farn\u00e9sio"},"image":{"@id":"https:\/\/blogdofarnesio.com.br\/#\/schema\/logo\/image\/"},"sameAs":["https:\/\/www.facebook.com\/BlogQuerSaberPolitica\/"]},{"@type":"Person","@id":"https:\/\/blogdofarnesio.com.br\/#\/schema\/person\/dd1bf5eba40b687199ba45ca6b97dff9","name":"teste","image":{"@type":"ImageObject","inLanguage":"pt-BR","@id":"https:\/\/secure.gravatar.com\/avatar\/2172498d4914b51e1d89a0f97957b035ac4938723a5cac208135d389b6972a6d?s=96&d=mm&r=g","url":"https:\/\/secure.gravatar.com\/avatar\/2172498d4914b51e1d89a0f97957b035ac4938723a5cac208135d389b6972a6d?s=96&d=mm&r=g","contentUrl":"https:\/\/secure.gravatar.com\/avatar\/2172498d4914b51e1d89a0f97957b035ac4938723a5cac208135d389b6972a6d?s=96&d=mm&r=g","caption":"teste"},"url":"https:\/\/blogdofarnesio.com.br\/?author=3"}]}},"_links":{"self":[{"href":"https:\/\/blogdofarnesio.com.br\/index.php?rest_route=\/wp\/v2\/posts\/118032","targetHints":{"allow":["GET"]}}],"collection":[{"href":"https:\/\/blogdofarnesio.com.br\/index.php?rest_route=\/wp\/v2\/posts"}],"about":[{"href":"https:\/\/blogdofarnesio.com.br\/index.php?rest_route=\/wp\/v2\/types\/post"}],"author":[{"embeddable":true,"href":"https:\/\/blogdofarnesio.com.br\/index.php?rest_route=\/wp\/v2\/users\/3"}],"replies":[{"embeddable":true,"href":"https:\/\/blogdofarnesio.com.br\/index.php?rest_route=%2Fwp%2Fv2%2Fcomments&post=118032"}],"version-history":[{"count":0,"href":"https:\/\/blogdofarnesio.com.br\/index.php?rest_route=\/wp\/v2\/posts\/118032\/revisions"}],"wp:attachment":[{"href":"https:\/\/blogdofarnesio.com.br\/index.php?rest_route=%2Fwp%2Fv2%2Fmedia&parent=118032"}],"wp:term":[{"taxonomy":"category","embeddable":true,"href":"https:\/\/blogdofarnesio.com.br\/index.php?rest_route=%2Fwp%2Fv2%2Fcategories&post=118032"},{"taxonomy":"post_tag","embeddable":true,"href":"https:\/\/blogdofarnesio.com.br\/index.php?rest_route=%2Fwp%2Fv2%2Ftags&post=118032"}],"curies":[{"name":"wp","href":"https:\/\/api.w.org\/{rel}","templated":true}]}}