{"id":118028,"date":"2015-03-04T07:00:43","date_gmt":"2015-03-04T10:00:43","guid":{"rendered":"http:\/\/www.quersaberpolitica.com.br\/?p=118028"},"modified":"2015-03-03T20:48:55","modified_gmt":"2015-03-03T23:48:55","slug":"universidades-pernambucanas-acusam-governo-dilma-de-limitar-fies-prejudicando-milhares-de-alunos-e-instituicoes","status":"publish","type":"post","link":"https:\/\/blogdofarnesio.com.br\/?p=118028","title":{"rendered":"UNIVERSIDADES PERNAMBUCANAS ACUSAM GOVERNO DILMA DE LIMITAR FIES PREJUDICANDO MILHARES DE ALUNOS E INSTITUI\u00c7\u00d5ES"},"content":{"rendered":"<div style=\"text-align: justify\">\n<p style=\"text-align: center\"><a href=\"http:\/\/blogs.ne10.uol.com.br\/jamildo\/wp-content\/uploads\/2015\/03\/fiesdilma.jpg\"><img loading=\"lazy\" decoding=\"async\" class=\"aligncenter\" alt=\"fiesdilma\" src=\"http:\/\/blogs.ne10.uol.com.br\/jamildo\/wp-content\/uploads\/2015\/03\/fiesdilma.jpg\" width=\"384\" height=\"288\" \/><\/a><\/p>\n<p><strong>Veja o comunicado oficial<\/strong><\/p>\n<p>O Sindicato das Institui\u00e7\u00f5es Particulares de Ensino Superior de Pernambuco esclarece que as faculdades e universidades particulares vinculadas \u00e0 institui\u00e7\u00e3o est\u00e3o realizando normalmente as matr\u00edculas de todos os seus alunos para primeiro semestre do ano letivo de 2015, inclusive daqueles que optaram pelo Fundo de Financiamento Estudantil \u2013 Fies.<\/p>\n<p>Infelizmente, um n\u00famero alto de alunos, sobretudo os que est\u00e3o se matriculando pela primeira vez, n\u00e3o tem conseguido concretizar o financiamento atrav\u00e9s do programa e que \u00e9 realizado pelo sistema online, operado Fundo Nacional de Educa\u00e7\u00e3o (FNDE), \u00f3rg\u00e3o do governo federal.<\/p>\n<p>Os problemas iniciaram-se no final de 2014, quando o sistema Sisfies passou a estar inoperante, permanecendo inacess\u00edvel durante v\u00e1rios dias no come\u00e7o de 2015 e ainda apresentando in\u00fameros problemas para aqueles que tentam acess\u00e1-lo. Os problemas acontecem tanto para os alunos que est\u00e3o acessando o financiamento pela primeira vez, quanto os que precisam renovar seus contratos para voltar \u00e0s salas de aula.<\/p>\n<p>H\u00e1 alguns anos, o governo federal, atrav\u00e9s dos programas de incentivo ao desenvolvimento \u00e0 educa\u00e7\u00e3o, vinha conseguindo elevar os n\u00fameros e se aproximado das metas impostas pelo Plano Nacional de Educa\u00e7\u00e3o \u2013 PNE.<\/p>\n<p>Entretanto, ao contr\u00e1rio dos anos anteriores, em que o MEC\/FNDE estimulavam as institui\u00e7\u00f5es a aumentar o n\u00famero de vagas, o setor educacional foi surpreendido pelas mudan\u00e7as que incluem a restri\u00e7\u00e3o das vagas, conforme tem sido noticiado pela imprensa. Este processo tem sido dificultado pelas constantes mudan\u00e7as realizadas no programa pelo Minist\u00e9rio da Educa\u00e7\u00e3o.<\/p>\n<p>Relatamos, tamb\u00e9m, que o sistema Sisfies tem ficado frequentemente fora do ar, tem sofrido instabilidades, lentid\u00e3o, recusado pedidos de financiamento sem explica\u00e7\u00e3o e apresentado mensagens de erro de dif\u00edcil compreens\u00e3o para os estudantes.<\/p>\n<p>O resultado disto \u00e9 que o acesso ao financiamento oficial do governo para milhares de alunos est\u00e1 limitado e milhares de estudantes est\u00e3o com suas situa\u00e7\u00f5es pendentes em rela\u00e7\u00e3o ao financiamento estudantil de 2015.<!--more--><\/p>\n<p>Ressaltamos que as dificuldades em rela\u00e7\u00e3o ao Sisfies surgiram ap\u00f3s uma sequ\u00eancia de mudan\u00e7as introduzidas no programa de financiamento do governo, determinadas por meio de portarias durante a virada do ano e que pegaram institui\u00e7\u00f5es e alunos de surpresa, porque n\u00e3o foram colocadas em discuss\u00e3o e tampouco comunicadas previamente \u00e0s partes envolvidas.<\/p>\n<p>As institui\u00e7\u00f5es filiadas ao Sindicato das Institui\u00e7\u00f5es Particulares de Ensino Superior de Pernambuco s\u00e3o solid\u00e1rias aos seus alunos e n\u00e3o t\u00eam responsabilidade sobre o que est\u00e1 acontecendo, porque toda a opera\u00e7\u00e3o do Sisfies est\u00e1 a cargo e sob controle do FNDE, \u00f3rg\u00e3o do governo.<\/p>\n<p>Mesmo ap\u00f3s o in\u00edcio de negocia\u00e7\u00f5es e mesmo tendo participado de reuni\u00f5es quase semanais com o governo, em busca de uma solu\u00e7\u00e3o equilibrada para ambos os lados, os representantes das institui\u00e7\u00f5es de ensino n\u00e3o conseguiram obter respostas objetivas sobre crit\u00e9rios, prazos e justificativas para as mudan\u00e7as que permitam a elas planejar o semestre letivo, contratar professores e formar novas turmas. Um retrocesso em rela\u00e7\u00e3o ao que se espera do desenvolvimento educacional do Pa\u00eds.<\/p>\n<p>Ainda em rela\u00e7\u00e3o \u00e0s mudan\u00e7as, no que se refere \u00e0 nota de corte de 450 pontos no Enem para a consecu\u00e7\u00e3o do financiamento, anunciada para este ano, ela n\u00e3o representa um problema para as institui\u00e7\u00f5es particulares, uma vez que a maioria das institui\u00e7\u00f5es j\u00e1 adota o procedimento.<\/p>\n<p>Por fim, ressaltamos que as institui\u00e7\u00f5es particulares de ensino superior, s\u00e3o respons\u00e1veis por cerca de 70% dos universit\u00e1rios do pa\u00eds. E refor\u00e7amos nosso compromisso com a qualidade do ensino, com a boa gest\u00e3o de seus m\u00e9todos e a regularidade de suas atividades, cientes de suas responsabilidades sociais.<\/p>\n<p>Prezamos pela manuten\u00e7\u00e3o e pelo bom andamento do Fies, programa que tem permitido a inclus\u00e3o de milhares de estudantes nos mais diversos pontos do pa\u00eds. Alunos que, sem acesso ao financiamento estudantil, estar\u00e3o exclu\u00eddos do direito de estudar, uma vez que n\u00e3o conseguem ser atendidos satisfatoriamente pela rede p\u00fablica de ensino, carente de vagas.<\/p>\n<\/div>\n","protected":false},"excerpt":{"rendered":"<p>Veja o comunicado oficial O Sindicato das Institui\u00e7\u00f5es Particulares de Ensino Superior de Pernambuco esclarece que as faculdades e universidades particulares vinculadas \u00e0 institui\u00e7\u00e3o est\u00e3o realizando normalmente as matr\u00edculas de todos os seus alunos para primeiro semestre do ano letivo de 2015, inclusive daqueles que optaram pelo Fundo de Financiamento Estudantil \u2013 Fies. Infelizmente, um n\u00famero alto de alunos, sobretudo os que est\u00e3o se matriculando pela primeira vez, n\u00e3o tem conseguido concretizar o financiamento atrav\u00e9s do programa e que \u00e9 realizado pelo sistema online, operado Fundo Nacional de Educa\u00e7\u00e3o (FNDE), \u00f3rg\u00e3o do governo federal. Os problemas iniciaram-se no final de 2014, quando o sistema Sisfies passou a estar inoperante, permanecendo inacess\u00edvel durante v\u00e1rios dias no come\u00e7o de 2015 e ainda&hellip; <\/p>\n","protected":false},"author":3,"featured_media":0,"comment_status":"open","ping_status":"open","sticky":false,"template":"","format":"standard","meta":{"_acf_changed":false,"footnotes":""},"categories":[1],"tags":[],"class_list":["post-118028","post","type-post","status-publish","format-standard","hentry","category-politica"],"acf":[],"yoast_head":"<!-- This site is optimized with the Yoast SEO plugin v27.4 - https:\/\/yoast.com\/product\/yoast-seo-wordpress\/ -->\n<title>UNIVERSIDADES PERNAMBUCANAS ACUSAM GOVERNO DILMA DE LIMITAR FIES PREJUDICANDO MILHARES DE ALUNOS E INSTITUI\u00c7\u00d5ES  - Blog do Farn\u00e9sio<\/title>\n<meta name=\"robots\" content=\"index, follow, max-snippet:-1, max-image-preview:large, max-video-preview:-1\" \/>\n<link rel=\"canonical\" href=\"https:\/\/blogdofarnesio.com.br\/?p=118028\" \/>\n<meta property=\"og:locale\" content=\"pt_BR\" \/>\n<meta property=\"og:type\" content=\"article\" \/>\n<meta property=\"og:title\" content=\"UNIVERSIDADES PERNAMBUCANAS ACUSAM GOVERNO DILMA DE LIMITAR FIES PREJUDICANDO MILHARES DE ALUNOS E INSTITUI\u00c7\u00d5ES  - Blog do Farn\u00e9sio\" \/>\n<meta property=\"og:description\" content=\"Veja o comunicado oficial O Sindicato das Institui\u00e7\u00f5es Particulares de Ensino Superior de Pernambuco esclarece que as faculdades e universidades particulares vinculadas \u00e0 institui\u00e7\u00e3o est\u00e3o realizando normalmente as matr\u00edculas de todos os seus alunos para primeiro semestre do ano letivo de 2015, inclusive daqueles que optaram pelo Fundo de Financiamento Estudantil \u2013 Fies. Infelizmente, um n\u00famero alto de alunos, sobretudo os que est\u00e3o se matriculando pela primeira vez, n\u00e3o tem conseguido concretizar o financiamento atrav\u00e9s do programa e que \u00e9 realizado pelo sistema online, operado Fundo Nacional de Educa\u00e7\u00e3o (FNDE), \u00f3rg\u00e3o do governo federal. Os problemas iniciaram-se no final de 2014, quando o sistema Sisfies passou a estar inoperante, permanecendo inacess\u00edvel durante v\u00e1rios dias no come\u00e7o de 2015 e ainda&hellip;\" \/>\n<meta property=\"og:url\" content=\"https:\/\/blogdofarnesio.com.br\/?p=118028\" \/>\n<meta property=\"og:site_name\" content=\"Blog do Farn\u00e9sio\" \/>\n<meta property=\"article:publisher\" content=\"https:\/\/www.facebook.com\/BlogQuerSaberPolitica\/\" \/>\n<meta property=\"article:published_time\" content=\"2015-03-04T10:00:43+00:00\" \/>\n<meta property=\"og:image\" content=\"http:\/\/blogs.ne10.uol.com.br\/jamildo\/wp-content\/uploads\/2015\/03\/fiesdilma.jpg\" \/>\n<meta name=\"author\" content=\"teste\" \/>\n<meta name=\"twitter:card\" content=\"summary_large_image\" \/>\n<meta name=\"twitter:label1\" content=\"Escrito por\" \/>\n\t<meta name=\"twitter:data1\" content=\"teste\" \/>\n\t<meta name=\"twitter:label2\" content=\"Est. tempo de leitura\" \/>\n\t<meta name=\"twitter:data2\" content=\"3 minutos\" \/>\n<script type=\"application\/ld+json\" class=\"yoast-schema-graph\">{\"@context\":\"https:\\\/\\\/schema.org\",\"@graph\":[{\"@type\":\"Article\",\"@id\":\"https:\\\/\\\/blogdofarnesio.com.br\\\/?p=118028#article\",\"isPartOf\":{\"@id\":\"https:\\\/\\\/blogdofarnesio.com.br\\\/?p=118028\"},\"author\":{\"name\":\"teste\",\"@id\":\"https:\\\/\\\/blogdofarnesio.com.br\\\/#\\\/schema\\\/person\\\/dd1bf5eba40b687199ba45ca6b97dff9\"},\"headline\":\"UNIVERSIDADES PERNAMBUCANAS ACUSAM GOVERNO DILMA DE LIMITAR FIES PREJUDICANDO MILHARES DE ALUNOS E INSTITUI\u00c7\u00d5ES\",\"datePublished\":\"2015-03-04T10:00:43+00:00\",\"mainEntityOfPage\":{\"@id\":\"https:\\\/\\\/blogdofarnesio.com.br\\\/?p=118028\"},\"wordCount\":712,\"commentCount\":0,\"publisher\":{\"@id\":\"https:\\\/\\\/blogdofarnesio.com.br\\\/#organization\"},\"image\":{\"@id\":\"https:\\\/\\\/blogdofarnesio.com.br\\\/?p=118028#primaryimage\"},\"thumbnailUrl\":\"http:\\\/\\\/blogs.ne10.uol.com.br\\\/jamildo\\\/wp-content\\\/uploads\\\/2015\\\/03\\\/fiesdilma.jpg\",\"articleSection\":[\"Pol\u00edtica\"],\"inLanguage\":\"pt-BR\",\"potentialAction\":[{\"@type\":\"CommentAction\",\"name\":\"Comment\",\"target\":[\"https:\\\/\\\/blogdofarnesio.com.br\\\/?p=118028#respond\"]}]},{\"@type\":\"WebPage\",\"@id\":\"https:\\\/\\\/blogdofarnesio.com.br\\\/?p=118028\",\"url\":\"https:\\\/\\\/blogdofarnesio.com.br\\\/?p=118028\",\"name\":\"UNIVERSIDADES PERNAMBUCANAS ACUSAM GOVERNO DILMA DE LIMITAR FIES PREJUDICANDO MILHARES DE ALUNOS E INSTITUI\u00c7\u00d5ES - Blog do Farn\u00e9sio\",\"isPartOf\":{\"@id\":\"https:\\\/\\\/blogdofarnesio.com.br\\\/#website\"},\"primaryImageOfPage\":{\"@id\":\"https:\\\/\\\/blogdofarnesio.com.br\\\/?p=118028#primaryimage\"},\"image\":{\"@id\":\"https:\\\/\\\/blogdofarnesio.com.br\\\/?p=118028#primaryimage\"},\"thumbnailUrl\":\"http:\\\/\\\/blogs.ne10.uol.com.br\\\/jamildo\\\/wp-content\\\/uploads\\\/2015\\\/03\\\/fiesdilma.jpg\",\"datePublished\":\"2015-03-04T10:00:43+00:00\",\"breadcrumb\":{\"@id\":\"https:\\\/\\\/blogdofarnesio.com.br\\\/?p=118028#breadcrumb\"},\"inLanguage\":\"pt-BR\",\"potentialAction\":[{\"@type\":\"ReadAction\",\"target\":[\"https:\\\/\\\/blogdofarnesio.com.br\\\/?p=118028\"]}]},{\"@type\":\"ImageObject\",\"inLanguage\":\"pt-BR\",\"@id\":\"https:\\\/\\\/blogdofarnesio.com.br\\\/?p=118028#primaryimage\",\"url\":\"http:\\\/\\\/blogs.ne10.uol.com.br\\\/jamildo\\\/wp-content\\\/uploads\\\/2015\\\/03\\\/fiesdilma.jpg\",\"contentUrl\":\"http:\\\/\\\/blogs.ne10.uol.com.br\\\/jamildo\\\/wp-content\\\/uploads\\\/2015\\\/03\\\/fiesdilma.jpg\"},{\"@type\":\"BreadcrumbList\",\"@id\":\"https:\\\/\\\/blogdofarnesio.com.br\\\/?p=118028#breadcrumb\",\"itemListElement\":[{\"@type\":\"ListItem\",\"position\":1,\"name\":\"In\u00edcio\",\"item\":\"https:\\\/\\\/blogdofarnesio.com.br\\\/\"},{\"@type\":\"ListItem\",\"position\":2,\"name\":\"UNIVERSIDADES PERNAMBUCANAS ACUSAM GOVERNO DILMA DE LIMITAR FIES PREJUDICANDO MILHARES DE ALUNOS E INSTITUI\u00c7\u00d5ES\"}]},{\"@type\":\"WebSite\",\"@id\":\"https:\\\/\\\/blogdofarnesio.com.br\\\/#website\",\"url\":\"https:\\\/\\\/blogdofarnesio.com.br\\\/\",\"name\":\"Blog do Farn\u00e9sio\",\"description\":\"Quer Saber Pol\u00edtica?\",\"publisher\":{\"@id\":\"https:\\\/\\\/blogdofarnesio.com.br\\\/#organization\"},\"potentialAction\":[{\"@type\":\"SearchAction\",\"target\":{\"@type\":\"EntryPoint\",\"urlTemplate\":\"https:\\\/\\\/blogdofarnesio.com.br\\\/?s={search_term_string}\"},\"query-input\":{\"@type\":\"PropertyValueSpecification\",\"valueRequired\":true,\"valueName\":\"search_term_string\"}}],\"inLanguage\":\"pt-BR\"},{\"@type\":\"Organization\",\"@id\":\"https:\\\/\\\/blogdofarnesio.com.br\\\/#organization\",\"name\":\"Blog do Farn\u00e9sio\",\"url\":\"https:\\\/\\\/blogdofarnesio.com.br\\\/\",\"logo\":{\"@type\":\"ImageObject\",\"inLanguage\":\"pt-BR\",\"@id\":\"https:\\\/\\\/blogdofarnesio.com.br\\\/#\\\/schema\\\/logo\\\/image\\\/\",\"url\":\"https:\\\/\\\/blogdofarnesio.com.br\\\/wp-content\\\/uploads\\\/2026\\\/03\\\/cropped-logo_new-1.png\",\"contentUrl\":\"https:\\\/\\\/blogdofarnesio.com.br\\\/wp-content\\\/uploads\\\/2026\\\/03\\\/cropped-logo_new-1.png\",\"width\":881,\"height\":685,\"caption\":\"Blog do Farn\u00e9sio\"},\"image\":{\"@id\":\"https:\\\/\\\/blogdofarnesio.com.br\\\/#\\\/schema\\\/logo\\\/image\\\/\"},\"sameAs\":[\"https:\\\/\\\/www.facebook.com\\\/BlogQuerSaberPolitica\\\/\"]},{\"@type\":\"Person\",\"@id\":\"https:\\\/\\\/blogdofarnesio.com.br\\\/#\\\/schema\\\/person\\\/dd1bf5eba40b687199ba45ca6b97dff9\",\"name\":\"teste\",\"image\":{\"@type\":\"ImageObject\",\"inLanguage\":\"pt-BR\",\"@id\":\"https:\\\/\\\/secure.gravatar.com\\\/avatar\\\/2172498d4914b51e1d89a0f97957b035ac4938723a5cac208135d389b6972a6d?s=96&d=mm&r=g\",\"url\":\"https:\\\/\\\/secure.gravatar.com\\\/avatar\\\/2172498d4914b51e1d89a0f97957b035ac4938723a5cac208135d389b6972a6d?s=96&d=mm&r=g\",\"contentUrl\":\"https:\\\/\\\/secure.gravatar.com\\\/avatar\\\/2172498d4914b51e1d89a0f97957b035ac4938723a5cac208135d389b6972a6d?s=96&d=mm&r=g\",\"caption\":\"teste\"},\"url\":\"https:\\\/\\\/blogdofarnesio.com.br\\\/?author=3\"}]}<\/script>\n<!-- \/ Yoast SEO plugin. -->","yoast_head_json":{"title":"UNIVERSIDADES PERNAMBUCANAS ACUSAM GOVERNO DILMA DE LIMITAR FIES PREJUDICANDO MILHARES DE ALUNOS E INSTITUI\u00c7\u00d5ES  - Blog do Farn\u00e9sio","robots":{"index":"index","follow":"follow","max-snippet":"max-snippet:-1","max-image-preview":"max-image-preview:large","max-video-preview":"max-video-preview:-1"},"canonical":"https:\/\/blogdofarnesio.com.br\/?p=118028","og_locale":"pt_BR","og_type":"article","og_title":"UNIVERSIDADES PERNAMBUCANAS ACUSAM GOVERNO DILMA DE LIMITAR FIES PREJUDICANDO MILHARES DE ALUNOS E INSTITUI\u00c7\u00d5ES  - Blog do Farn\u00e9sio","og_description":"Veja o comunicado oficial O Sindicato das Institui\u00e7\u00f5es Particulares de Ensino Superior de Pernambuco esclarece que as faculdades e universidades particulares vinculadas \u00e0 institui\u00e7\u00e3o est\u00e3o realizando normalmente as matr\u00edculas de todos os seus alunos para primeiro semestre do ano letivo de 2015, inclusive daqueles que optaram pelo Fundo de Financiamento Estudantil \u2013 Fies. Infelizmente, um n\u00famero alto de alunos, sobretudo os que est\u00e3o se matriculando pela primeira vez, n\u00e3o tem conseguido concretizar o financiamento atrav\u00e9s do programa e que \u00e9 realizado pelo sistema online, operado Fundo Nacional de Educa\u00e7\u00e3o (FNDE), \u00f3rg\u00e3o do governo federal. Os problemas iniciaram-se no final de 2014, quando o sistema Sisfies passou a estar inoperante, permanecendo inacess\u00edvel durante v\u00e1rios dias no come\u00e7o de 2015 e ainda&hellip;","og_url":"https:\/\/blogdofarnesio.com.br\/?p=118028","og_site_name":"Blog do Farn\u00e9sio","article_publisher":"https:\/\/www.facebook.com\/BlogQuerSaberPolitica\/","article_published_time":"2015-03-04T10:00:43+00:00","og_image":[{"url":"http:\/\/blogs.ne10.uol.com.br\/jamildo\/wp-content\/uploads\/2015\/03\/fiesdilma.jpg","type":"","width":"","height":""}],"author":"teste","twitter_card":"summary_large_image","twitter_misc":{"Escrito por":"teste","Est. tempo de leitura":"3 minutos"},"schema":{"@context":"https:\/\/schema.org","@graph":[{"@type":"Article","@id":"https:\/\/blogdofarnesio.com.br\/?p=118028#article","isPartOf":{"@id":"https:\/\/blogdofarnesio.com.br\/?p=118028"},"author":{"name":"teste","@id":"https:\/\/blogdofarnesio.com.br\/#\/schema\/person\/dd1bf5eba40b687199ba45ca6b97dff9"},"headline":"UNIVERSIDADES PERNAMBUCANAS ACUSAM GOVERNO DILMA DE LIMITAR FIES PREJUDICANDO MILHARES DE ALUNOS E INSTITUI\u00c7\u00d5ES","datePublished":"2015-03-04T10:00:43+00:00","mainEntityOfPage":{"@id":"https:\/\/blogdofarnesio.com.br\/?p=118028"},"wordCount":712,"commentCount":0,"publisher":{"@id":"https:\/\/blogdofarnesio.com.br\/#organization"},"image":{"@id":"https:\/\/blogdofarnesio.com.br\/?p=118028#primaryimage"},"thumbnailUrl":"http:\/\/blogs.ne10.uol.com.br\/jamildo\/wp-content\/uploads\/2015\/03\/fiesdilma.jpg","articleSection":["Pol\u00edtica"],"inLanguage":"pt-BR","potentialAction":[{"@type":"CommentAction","name":"Comment","target":["https:\/\/blogdofarnesio.com.br\/?p=118028#respond"]}]},{"@type":"WebPage","@id":"https:\/\/blogdofarnesio.com.br\/?p=118028","url":"https:\/\/blogdofarnesio.com.br\/?p=118028","name":"UNIVERSIDADES PERNAMBUCANAS ACUSAM GOVERNO DILMA DE LIMITAR FIES PREJUDICANDO MILHARES DE ALUNOS E INSTITUI\u00c7\u00d5ES - Blog do Farn\u00e9sio","isPartOf":{"@id":"https:\/\/blogdofarnesio.com.br\/#website"},"primaryImageOfPage":{"@id":"https:\/\/blogdofarnesio.com.br\/?p=118028#primaryimage"},"image":{"@id":"https:\/\/blogdofarnesio.com.br\/?p=118028#primaryimage"},"thumbnailUrl":"http:\/\/blogs.ne10.uol.com.br\/jamildo\/wp-content\/uploads\/2015\/03\/fiesdilma.jpg","datePublished":"2015-03-04T10:00:43+00:00","breadcrumb":{"@id":"https:\/\/blogdofarnesio.com.br\/?p=118028#breadcrumb"},"inLanguage":"pt-BR","potentialAction":[{"@type":"ReadAction","target":["https:\/\/blogdofarnesio.com.br\/?p=118028"]}]},{"@type":"ImageObject","inLanguage":"pt-BR","@id":"https:\/\/blogdofarnesio.com.br\/?p=118028#primaryimage","url":"http:\/\/blogs.ne10.uol.com.br\/jamildo\/wp-content\/uploads\/2015\/03\/fiesdilma.jpg","contentUrl":"http:\/\/blogs.ne10.uol.com.br\/jamildo\/wp-content\/uploads\/2015\/03\/fiesdilma.jpg"},{"@type":"BreadcrumbList","@id":"https:\/\/blogdofarnesio.com.br\/?p=118028#breadcrumb","itemListElement":[{"@type":"ListItem","position":1,"name":"In\u00edcio","item":"https:\/\/blogdofarnesio.com.br\/"},{"@type":"ListItem","position":2,"name":"UNIVERSIDADES PERNAMBUCANAS ACUSAM GOVERNO DILMA DE LIMITAR FIES PREJUDICANDO MILHARES DE ALUNOS E INSTITUI\u00c7\u00d5ES"}]},{"@type":"WebSite","@id":"https:\/\/blogdofarnesio.com.br\/#website","url":"https:\/\/blogdofarnesio.com.br\/","name":"Blog do Farn\u00e9sio","description":"Quer Saber Pol\u00edtica?","publisher":{"@id":"https:\/\/blogdofarnesio.com.br\/#organization"},"potentialAction":[{"@type":"SearchAction","target":{"@type":"EntryPoint","urlTemplate":"https:\/\/blogdofarnesio.com.br\/?s={search_term_string}"},"query-input":{"@type":"PropertyValueSpecification","valueRequired":true,"valueName":"search_term_string"}}],"inLanguage":"pt-BR"},{"@type":"Organization","@id":"https:\/\/blogdofarnesio.com.br\/#organization","name":"Blog do Farn\u00e9sio","url":"https:\/\/blogdofarnesio.com.br\/","logo":{"@type":"ImageObject","inLanguage":"pt-BR","@id":"https:\/\/blogdofarnesio.com.br\/#\/schema\/logo\/image\/","url":"https:\/\/blogdofarnesio.com.br\/wp-content\/uploads\/2026\/03\/cropped-logo_new-1.png","contentUrl":"https:\/\/blogdofarnesio.com.br\/wp-content\/uploads\/2026\/03\/cropped-logo_new-1.png","width":881,"height":685,"caption":"Blog do Farn\u00e9sio"},"image":{"@id":"https:\/\/blogdofarnesio.com.br\/#\/schema\/logo\/image\/"},"sameAs":["https:\/\/www.facebook.com\/BlogQuerSaberPolitica\/"]},{"@type":"Person","@id":"https:\/\/blogdofarnesio.com.br\/#\/schema\/person\/dd1bf5eba40b687199ba45ca6b97dff9","name":"teste","image":{"@type":"ImageObject","inLanguage":"pt-BR","@id":"https:\/\/secure.gravatar.com\/avatar\/2172498d4914b51e1d89a0f97957b035ac4938723a5cac208135d389b6972a6d?s=96&d=mm&r=g","url":"https:\/\/secure.gravatar.com\/avatar\/2172498d4914b51e1d89a0f97957b035ac4938723a5cac208135d389b6972a6d?s=96&d=mm&r=g","contentUrl":"https:\/\/secure.gravatar.com\/avatar\/2172498d4914b51e1d89a0f97957b035ac4938723a5cac208135d389b6972a6d?s=96&d=mm&r=g","caption":"teste"},"url":"https:\/\/blogdofarnesio.com.br\/?author=3"}]}},"_links":{"self":[{"href":"https:\/\/blogdofarnesio.com.br\/index.php?rest_route=\/wp\/v2\/posts\/118028","targetHints":{"allow":["GET"]}}],"collection":[{"href":"https:\/\/blogdofarnesio.com.br\/index.php?rest_route=\/wp\/v2\/posts"}],"about":[{"href":"https:\/\/blogdofarnesio.com.br\/index.php?rest_route=\/wp\/v2\/types\/post"}],"author":[{"embeddable":true,"href":"https:\/\/blogdofarnesio.com.br\/index.php?rest_route=\/wp\/v2\/users\/3"}],"replies":[{"embeddable":true,"href":"https:\/\/blogdofarnesio.com.br\/index.php?rest_route=%2Fwp%2Fv2%2Fcomments&post=118028"}],"version-history":[{"count":0,"href":"https:\/\/blogdofarnesio.com.br\/index.php?rest_route=\/wp\/v2\/posts\/118028\/revisions"}],"wp:attachment":[{"href":"https:\/\/blogdofarnesio.com.br\/index.php?rest_route=%2Fwp%2Fv2%2Fmedia&parent=118028"}],"wp:term":[{"taxonomy":"category","embeddable":true,"href":"https:\/\/blogdofarnesio.com.br\/index.php?rest_route=%2Fwp%2Fv2%2Fcategories&post=118028"},{"taxonomy":"post_tag","embeddable":true,"href":"https:\/\/blogdofarnesio.com.br\/index.php?rest_route=%2Fwp%2Fv2%2Ftags&post=118028"}],"curies":[{"name":"wp","href":"https:\/\/api.w.org\/{rel}","templated":true}]}}