{"id":117985,"date":"2015-03-09T09:23:37","date_gmt":"2015-03-09T12:23:37","guid":{"rendered":"http:\/\/www.quersaberpolitica.com.br\/?p=117985"},"modified":"2015-03-08T18:37:27","modified_gmt":"2015-03-08T21:37:27","slug":"audiencia-publica-com-representante-da-codevasf-vai-discutir-distritos-de-irrigacao-do-vale-do-sao-francisco","status":"publish","type":"post","link":"https:\/\/blogdofarnesio.com.br\/?p=117985","title":{"rendered":"AUDI\u00caNCIA P\u00daBLICA COM REPRESENTANTE DA CODEVASF\/JUAZEIRO VAI DISCUTIR DISTRITOS DE IRRIGA\u00c7\u00c3O DO VALE DO S\u00c3O FRANCISCO"},"content":{"rendered":"<p><a href=\"http:\/\/www.quersaberpolitica.com.br\/2016\/wp-content\/uploads\/2014\/02\/blogqspeduardosalles-Foto-QSP.jpg\"><img loading=\"lazy\" decoding=\"async\" class=\"aligncenter size-full wp-image-74391\" alt=\"blogqspeduardosalles Foto QSP\" src=\"http:\/\/www.quersaberpolitica.com.br\/2016\/wp-content\/uploads\/2014\/02\/blogqspeduardosalles-Foto-QSP.jpg\" width=\"448\" height=\"228\" srcset=\"https:\/\/blogdofarnesio.com.br\/wp-content\/uploads\/2014\/02\/blogqspeduardosalles-Foto-QSP.jpg 448w, https:\/\/blogdofarnesio.com.br\/wp-content\/uploads\/2014\/02\/blogqspeduardosalles-Foto-QSP-300x152.jpg 300w\" sizes=\"auto, (max-width: 448px) 100vw, 448px\" \/><\/a><\/p>\n<p style=\"text-align: justify\">Os deputados estaduais da Comiss\u00e3o de Agricultura e Pol\u00edtica Rural, da ALBA (Assembleia Legislativa da Bahia), aprovaram o convite a um representante da diretoria da 6\u00aa Regi\u00e3o da CODEVASF (Companhia de Desenvolvimento dos Vale do S\u00e3o Francisco e do Parna\u00edba) de\u00a0<span style=\"color: #333333;font-style: normal;line-height: 24.375px\">Juazeiro,<\/span>\u00a0para audi\u00eancia p\u00fablica no dia 17 de mar\u00e7o, \u00e0s 09h, na Casa.<\/p>\n<p style=\"text-align: justify\">O encontro vai debater os territ\u00f3rios irrigados pelo rio S\u00e3o Francisco, mais especificamente os distritos de irriga\u00e7\u00e3o de Juazeiro e munic\u00edpios do entorno.<\/p>\n<p style=\"text-align: justify\">Ex-secret\u00e1rio estadual de Agricultura e engenheiro agr\u00f4nomo com mestrado em irriga\u00e7\u00e3o, o deputado estadual Eduardo Salles (PP) votou favor\u00e1vel \u00e0 audi\u00eancia e comentou a import\u00e2ncia do encontro. \u201cTemos diversos problemas important\u00edssimos discutidos em rela\u00e7\u00e3o \u00e0 sustentabilidade da agricultura irrigada no Vale do S\u00e3o Francisco\u201d, disse.<\/p>\n<p style=\"text-align: justify\"><!--more--><\/p>\n<p style=\"text-align: justify\">Eduardo Salles chama a aten\u00e7\u00e3o para a import\u00e2ncia de pr\u00e1ticas adequadas para recuperar os recursos h\u00eddricos, fundamentais para o consumo humano e \u00e0 economia. \u201cOs custos da irriga\u00e7\u00e3o, por exemplo, podem comprometer nossa competitividade na produ\u00e7\u00e3o de frutas\u201d, alertou o parlamentar.<\/p>\n<p>&nbsp;<\/p>\n","protected":false},"excerpt":{"rendered":"<p>Os deputados estaduais da Comiss\u00e3o de Agricultura e Pol\u00edtica Rural, da ALBA (Assembleia Legislativa da Bahia), aprovaram o convite a um representante da diretoria da 6\u00aa Regi\u00e3o da CODEVASF (Companhia de Desenvolvimento dos Vale do S\u00e3o Francisco e do Parna\u00edba) de\u00a0Juazeiro,\u00a0para audi\u00eancia p\u00fablica no dia 17 de mar\u00e7o, \u00e0s 09h, na Casa. O encontro vai debater os territ\u00f3rios irrigados pelo rio S\u00e3o Francisco, mais especificamente os distritos de irriga\u00e7\u00e3o de Juazeiro e munic\u00edpios do entorno. Ex-secret\u00e1rio estadual de Agricultura e engenheiro agr\u00f4nomo com mestrado em irriga\u00e7\u00e3o, o deputado estadual Eduardo Salles (PP) votou favor\u00e1vel \u00e0 audi\u00eancia e comentou a import\u00e2ncia do encontro. \u201cTemos diversos problemas important\u00edssimos discutidos em rela\u00e7\u00e3o \u00e0 sustentabilidade da agricultura irrigada no Vale do S\u00e3o Francisco\u201d, disse.<\/p>\n","protected":false},"author":7,"featured_media":0,"comment_status":"open","ping_status":"open","sticky":false,"template":"","format":"standard","meta":{"_acf_changed":false,"footnotes":""},"categories":[13,1],"tags":[],"class_list":["post-117985","post","type-post","status-publish","format-standard","hentry","category-fruticultura","category-politica"],"acf":[],"yoast_head":"<!-- This site is optimized with the Yoast SEO plugin v27.4 - https:\/\/yoast.com\/product\/yoast-seo-wordpress\/ -->\n<title>AUDI\u00caNCIA P\u00daBLICA COM REPRESENTANTE DA CODEVASF\/JUAZEIRO VAI DISCUTIR DISTRITOS DE IRRIGA\u00c7\u00c3O DO VALE DO S\u00c3O FRANCISCO - Blog do Farn\u00e9sio<\/title>\n<meta name=\"robots\" content=\"index, follow, max-snippet:-1, max-image-preview:large, max-video-preview:-1\" \/>\n<link rel=\"canonical\" href=\"https:\/\/blogdofarnesio.com.br\/?p=117985\" \/>\n<meta property=\"og:locale\" content=\"pt_BR\" \/>\n<meta property=\"og:type\" content=\"article\" \/>\n<meta property=\"og:title\" content=\"AUDI\u00caNCIA P\u00daBLICA COM REPRESENTANTE DA CODEVASF\/JUAZEIRO VAI DISCUTIR DISTRITOS DE IRRIGA\u00c7\u00c3O DO VALE DO S\u00c3O FRANCISCO - Blog do Farn\u00e9sio\" \/>\n<meta property=\"og:description\" content=\"Os deputados estaduais da Comiss\u00e3o de Agricultura e Pol\u00edtica Rural, da ALBA (Assembleia Legislativa da Bahia), aprovaram o convite a um representante da diretoria da 6\u00aa Regi\u00e3o da CODEVASF (Companhia de Desenvolvimento dos Vale do S\u00e3o Francisco e do Parna\u00edba) de\u00a0Juazeiro,\u00a0para audi\u00eancia p\u00fablica no dia 17 de mar\u00e7o, \u00e0s 09h, na Casa. O encontro vai debater os territ\u00f3rios irrigados pelo rio S\u00e3o Francisco, mais especificamente os distritos de irriga\u00e7\u00e3o de Juazeiro e munic\u00edpios do entorno. Ex-secret\u00e1rio estadual de Agricultura e engenheiro agr\u00f4nomo com mestrado em irriga\u00e7\u00e3o, o deputado estadual Eduardo Salles (PP) votou favor\u00e1vel \u00e0 audi\u00eancia e comentou a import\u00e2ncia do encontro. \u201cTemos diversos problemas important\u00edssimos discutidos em rela\u00e7\u00e3o \u00e0 sustentabilidade da agricultura irrigada no Vale do S\u00e3o Francisco\u201d, disse.\" \/>\n<meta property=\"og:url\" content=\"https:\/\/blogdofarnesio.com.br\/?p=117985\" \/>\n<meta property=\"og:site_name\" content=\"Blog do Farn\u00e9sio\" \/>\n<meta property=\"article:publisher\" content=\"https:\/\/www.facebook.com\/BlogQuerSaberPolitica\/\" \/>\n<meta property=\"article:published_time\" content=\"2015-03-09T12:23:37+00:00\" \/>\n<meta property=\"og:image\" content=\"http:\/\/www.quersaberpolitica.com.br\/2016\/wp-content\/uploads\/2014\/02\/blogqspeduardosalles-Foto-QSP.jpg\" \/>\n<meta name=\"twitter:card\" content=\"summary_large_image\" \/>\n<meta name=\"twitter:label1\" content=\"Escrito por\" \/>\n\t<meta name=\"twitter:data1\" content=\"\" \/>\n\t<meta name=\"twitter:label2\" content=\"Est. tempo de leitura\" \/>\n\t<meta name=\"twitter:data2\" content=\"1 minuto\" \/>\n<script type=\"application\/ld+json\" class=\"yoast-schema-graph\">{\"@context\":\"https:\\\/\\\/schema.org\",\"@graph\":[{\"@type\":\"Article\",\"@id\":\"https:\\\/\\\/blogdofarnesio.com.br\\\/?p=117985#article\",\"isPartOf\":{\"@id\":\"https:\\\/\\\/blogdofarnesio.com.br\\\/?p=117985\"},\"author\":{\"name\":\"\",\"@id\":\"\"},\"headline\":\"AUDI\u00caNCIA P\u00daBLICA COM REPRESENTANTE DA CODEVASF\\\/JUAZEIRO VAI DISCUTIR DISTRITOS DE IRRIGA\u00c7\u00c3O DO VALE DO S\u00c3O FRANCISCO\",\"datePublished\":\"2015-03-09T12:23:37+00:00\",\"mainEntityOfPage\":{\"@id\":\"https:\\\/\\\/blogdofarnesio.com.br\\\/?p=117985\"},\"wordCount\":207,\"commentCount\":1,\"publisher\":{\"@id\":\"https:\\\/\\\/blogdofarnesio.com.br\\\/#organization\"},\"image\":{\"@id\":\"https:\\\/\\\/blogdofarnesio.com.br\\\/?p=117985#primaryimage\"},\"thumbnailUrl\":\"http:\\\/\\\/www.quersaberpolitica.com.br\\\/2016\\\/wp-content\\\/uploads\\\/2014\\\/02\\\/blogqspeduardosalles-Foto-QSP.jpg\",\"articleSection\":[\"Fruticultura\",\"Pol\u00edtica\"],\"inLanguage\":\"pt-BR\",\"potentialAction\":[{\"@type\":\"CommentAction\",\"name\":\"Comment\",\"target\":[\"https:\\\/\\\/blogdofarnesio.com.br\\\/?p=117985#respond\"]}]},{\"@type\":\"WebPage\",\"@id\":\"https:\\\/\\\/blogdofarnesio.com.br\\\/?p=117985\",\"url\":\"https:\\\/\\\/blogdofarnesio.com.br\\\/?p=117985\",\"name\":\"AUDI\u00caNCIA P\u00daBLICA COM REPRESENTANTE DA CODEVASF\\\/JUAZEIRO VAI DISCUTIR DISTRITOS DE IRRIGA\u00c7\u00c3O DO VALE DO S\u00c3O FRANCISCO - Blog do Farn\u00e9sio\",\"isPartOf\":{\"@id\":\"https:\\\/\\\/blogdofarnesio.com.br\\\/#website\"},\"primaryImageOfPage\":{\"@id\":\"https:\\\/\\\/blogdofarnesio.com.br\\\/?p=117985#primaryimage\"},\"image\":{\"@id\":\"https:\\\/\\\/blogdofarnesio.com.br\\\/?p=117985#primaryimage\"},\"thumbnailUrl\":\"http:\\\/\\\/www.quersaberpolitica.com.br\\\/2016\\\/wp-content\\\/uploads\\\/2014\\\/02\\\/blogqspeduardosalles-Foto-QSP.jpg\",\"datePublished\":\"2015-03-09T12:23:37+00:00\",\"breadcrumb\":{\"@id\":\"https:\\\/\\\/blogdofarnesio.com.br\\\/?p=117985#breadcrumb\"},\"inLanguage\":\"pt-BR\",\"potentialAction\":[{\"@type\":\"ReadAction\",\"target\":[\"https:\\\/\\\/blogdofarnesio.com.br\\\/?p=117985\"]}]},{\"@type\":\"ImageObject\",\"inLanguage\":\"pt-BR\",\"@id\":\"https:\\\/\\\/blogdofarnesio.com.br\\\/?p=117985#primaryimage\",\"url\":\"http:\\\/\\\/www.quersaberpolitica.com.br\\\/2016\\\/wp-content\\\/uploads\\\/2014\\\/02\\\/blogqspeduardosalles-Foto-QSP.jpg\",\"contentUrl\":\"http:\\\/\\\/www.quersaberpolitica.com.br\\\/2016\\\/wp-content\\\/uploads\\\/2014\\\/02\\\/blogqspeduardosalles-Foto-QSP.jpg\"},{\"@type\":\"BreadcrumbList\",\"@id\":\"https:\\\/\\\/blogdofarnesio.com.br\\\/?p=117985#breadcrumb\",\"itemListElement\":[{\"@type\":\"ListItem\",\"position\":1,\"name\":\"In\u00edcio\",\"item\":\"https:\\\/\\\/blogdofarnesio.com.br\\\/\"},{\"@type\":\"ListItem\",\"position\":2,\"name\":\"AUDI\u00caNCIA P\u00daBLICA COM REPRESENTANTE DA CODEVASF\\\/JUAZEIRO VAI DISCUTIR DISTRITOS DE IRRIGA\u00c7\u00c3O DO VALE DO S\u00c3O FRANCISCO\"}]},{\"@type\":\"WebSite\",\"@id\":\"https:\\\/\\\/blogdofarnesio.com.br\\\/#website\",\"url\":\"https:\\\/\\\/blogdofarnesio.com.br\\\/\",\"name\":\"Blog do Farn\u00e9sio\",\"description\":\"Quer Saber Pol\u00edtica?\",\"publisher\":{\"@id\":\"https:\\\/\\\/blogdofarnesio.com.br\\\/#organization\"},\"potentialAction\":[{\"@type\":\"SearchAction\",\"target\":{\"@type\":\"EntryPoint\",\"urlTemplate\":\"https:\\\/\\\/blogdofarnesio.com.br\\\/?s={search_term_string}\"},\"query-input\":{\"@type\":\"PropertyValueSpecification\",\"valueRequired\":true,\"valueName\":\"search_term_string\"}}],\"inLanguage\":\"pt-BR\"},{\"@type\":\"Organization\",\"@id\":\"https:\\\/\\\/blogdofarnesio.com.br\\\/#organization\",\"name\":\"Blog do Farn\u00e9sio\",\"url\":\"https:\\\/\\\/blogdofarnesio.com.br\\\/\",\"logo\":{\"@type\":\"ImageObject\",\"inLanguage\":\"pt-BR\",\"@id\":\"https:\\\/\\\/blogdofarnesio.com.br\\\/#\\\/schema\\\/logo\\\/image\\\/\",\"url\":\"https:\\\/\\\/blogdofarnesio.com.br\\\/wp-content\\\/uploads\\\/2026\\\/03\\\/cropped-logo_new-1.png\",\"contentUrl\":\"https:\\\/\\\/blogdofarnesio.com.br\\\/wp-content\\\/uploads\\\/2026\\\/03\\\/cropped-logo_new-1.png\",\"width\":881,\"height\":685,\"caption\":\"Blog do Farn\u00e9sio\"},\"image\":{\"@id\":\"https:\\\/\\\/blogdofarnesio.com.br\\\/#\\\/schema\\\/logo\\\/image\\\/\"},\"sameAs\":[\"https:\\\/\\\/www.facebook.com\\\/BlogQuerSaberPolitica\\\/\"]},{\"@type\":\"Person\",\"@id\":\"\",\"url\":\"https:\\\/\\\/blogdofarnesio.com.br\\\/?author=7\"}]}<\/script>\n<!-- \/ Yoast SEO plugin. -->","yoast_head_json":{"title":"AUDI\u00caNCIA P\u00daBLICA COM REPRESENTANTE DA CODEVASF\/JUAZEIRO VAI DISCUTIR DISTRITOS DE IRRIGA\u00c7\u00c3O DO VALE DO S\u00c3O FRANCISCO - Blog do Farn\u00e9sio","robots":{"index":"index","follow":"follow","max-snippet":"max-snippet:-1","max-image-preview":"max-image-preview:large","max-video-preview":"max-video-preview:-1"},"canonical":"https:\/\/blogdofarnesio.com.br\/?p=117985","og_locale":"pt_BR","og_type":"article","og_title":"AUDI\u00caNCIA P\u00daBLICA COM REPRESENTANTE DA CODEVASF\/JUAZEIRO VAI DISCUTIR DISTRITOS DE IRRIGA\u00c7\u00c3O DO VALE DO S\u00c3O FRANCISCO - Blog do Farn\u00e9sio","og_description":"Os deputados estaduais da Comiss\u00e3o de Agricultura e Pol\u00edtica Rural, da ALBA (Assembleia Legislativa da Bahia), aprovaram o convite a um representante da diretoria da 6\u00aa Regi\u00e3o da CODEVASF (Companhia de Desenvolvimento dos Vale do S\u00e3o Francisco e do Parna\u00edba) de\u00a0Juazeiro,\u00a0para audi\u00eancia p\u00fablica no dia 17 de mar\u00e7o, \u00e0s 09h, na Casa. O encontro vai debater os territ\u00f3rios irrigados pelo rio S\u00e3o Francisco, mais especificamente os distritos de irriga\u00e7\u00e3o de Juazeiro e munic\u00edpios do entorno. Ex-secret\u00e1rio estadual de Agricultura e engenheiro agr\u00f4nomo com mestrado em irriga\u00e7\u00e3o, o deputado estadual Eduardo Salles (PP) votou favor\u00e1vel \u00e0 audi\u00eancia e comentou a import\u00e2ncia do encontro. \u201cTemos diversos problemas important\u00edssimos discutidos em rela\u00e7\u00e3o \u00e0 sustentabilidade da agricultura irrigada no Vale do S\u00e3o Francisco\u201d, disse.","og_url":"https:\/\/blogdofarnesio.com.br\/?p=117985","og_site_name":"Blog do Farn\u00e9sio","article_publisher":"https:\/\/www.facebook.com\/BlogQuerSaberPolitica\/","article_published_time":"2015-03-09T12:23:37+00:00","og_image":[{"url":"http:\/\/www.quersaberpolitica.com.br\/2016\/wp-content\/uploads\/2014\/02\/blogqspeduardosalles-Foto-QSP.jpg","type":"","width":"","height":""}],"twitter_card":"summary_large_image","twitter_misc":{"Escrito por":"","Est. tempo de leitura":"1 minuto"},"schema":{"@context":"https:\/\/schema.org","@graph":[{"@type":"Article","@id":"https:\/\/blogdofarnesio.com.br\/?p=117985#article","isPartOf":{"@id":"https:\/\/blogdofarnesio.com.br\/?p=117985"},"author":{"name":"","@id":""},"headline":"AUDI\u00caNCIA P\u00daBLICA COM REPRESENTANTE DA CODEVASF\/JUAZEIRO VAI DISCUTIR DISTRITOS DE IRRIGA\u00c7\u00c3O DO VALE DO S\u00c3O FRANCISCO","datePublished":"2015-03-09T12:23:37+00:00","mainEntityOfPage":{"@id":"https:\/\/blogdofarnesio.com.br\/?p=117985"},"wordCount":207,"commentCount":1,"publisher":{"@id":"https:\/\/blogdofarnesio.com.br\/#organization"},"image":{"@id":"https:\/\/blogdofarnesio.com.br\/?p=117985#primaryimage"},"thumbnailUrl":"http:\/\/www.quersaberpolitica.com.br\/2016\/wp-content\/uploads\/2014\/02\/blogqspeduardosalles-Foto-QSP.jpg","articleSection":["Fruticultura","Pol\u00edtica"],"inLanguage":"pt-BR","potentialAction":[{"@type":"CommentAction","name":"Comment","target":["https:\/\/blogdofarnesio.com.br\/?p=117985#respond"]}]},{"@type":"WebPage","@id":"https:\/\/blogdofarnesio.com.br\/?p=117985","url":"https:\/\/blogdofarnesio.com.br\/?p=117985","name":"AUDI\u00caNCIA P\u00daBLICA COM REPRESENTANTE DA CODEVASF\/JUAZEIRO VAI DISCUTIR DISTRITOS DE IRRIGA\u00c7\u00c3O DO VALE DO S\u00c3O FRANCISCO - Blog do Farn\u00e9sio","isPartOf":{"@id":"https:\/\/blogdofarnesio.com.br\/#website"},"primaryImageOfPage":{"@id":"https:\/\/blogdofarnesio.com.br\/?p=117985#primaryimage"},"image":{"@id":"https:\/\/blogdofarnesio.com.br\/?p=117985#primaryimage"},"thumbnailUrl":"http:\/\/www.quersaberpolitica.com.br\/2016\/wp-content\/uploads\/2014\/02\/blogqspeduardosalles-Foto-QSP.jpg","datePublished":"2015-03-09T12:23:37+00:00","breadcrumb":{"@id":"https:\/\/blogdofarnesio.com.br\/?p=117985#breadcrumb"},"inLanguage":"pt-BR","potentialAction":[{"@type":"ReadAction","target":["https:\/\/blogdofarnesio.com.br\/?p=117985"]}]},{"@type":"ImageObject","inLanguage":"pt-BR","@id":"https:\/\/blogdofarnesio.com.br\/?p=117985#primaryimage","url":"http:\/\/www.quersaberpolitica.com.br\/2016\/wp-content\/uploads\/2014\/02\/blogqspeduardosalles-Foto-QSP.jpg","contentUrl":"http:\/\/www.quersaberpolitica.com.br\/2016\/wp-content\/uploads\/2014\/02\/blogqspeduardosalles-Foto-QSP.jpg"},{"@type":"BreadcrumbList","@id":"https:\/\/blogdofarnesio.com.br\/?p=117985#breadcrumb","itemListElement":[{"@type":"ListItem","position":1,"name":"In\u00edcio","item":"https:\/\/blogdofarnesio.com.br\/"},{"@type":"ListItem","position":2,"name":"AUDI\u00caNCIA P\u00daBLICA COM REPRESENTANTE DA CODEVASF\/JUAZEIRO VAI DISCUTIR DISTRITOS DE IRRIGA\u00c7\u00c3O DO VALE DO S\u00c3O FRANCISCO"}]},{"@type":"WebSite","@id":"https:\/\/blogdofarnesio.com.br\/#website","url":"https:\/\/blogdofarnesio.com.br\/","name":"Blog do Farn\u00e9sio","description":"Quer Saber Pol\u00edtica?","publisher":{"@id":"https:\/\/blogdofarnesio.com.br\/#organization"},"potentialAction":[{"@type":"SearchAction","target":{"@type":"EntryPoint","urlTemplate":"https:\/\/blogdofarnesio.com.br\/?s={search_term_string}"},"query-input":{"@type":"PropertyValueSpecification","valueRequired":true,"valueName":"search_term_string"}}],"inLanguage":"pt-BR"},{"@type":"Organization","@id":"https:\/\/blogdofarnesio.com.br\/#organization","name":"Blog do Farn\u00e9sio","url":"https:\/\/blogdofarnesio.com.br\/","logo":{"@type":"ImageObject","inLanguage":"pt-BR","@id":"https:\/\/blogdofarnesio.com.br\/#\/schema\/logo\/image\/","url":"https:\/\/blogdofarnesio.com.br\/wp-content\/uploads\/2026\/03\/cropped-logo_new-1.png","contentUrl":"https:\/\/blogdofarnesio.com.br\/wp-content\/uploads\/2026\/03\/cropped-logo_new-1.png","width":881,"height":685,"caption":"Blog do Farn\u00e9sio"},"image":{"@id":"https:\/\/blogdofarnesio.com.br\/#\/schema\/logo\/image\/"},"sameAs":["https:\/\/www.facebook.com\/BlogQuerSaberPolitica\/"]},{"@type":"Person","@id":"","url":"https:\/\/blogdofarnesio.com.br\/?author=7"}]}},"_links":{"self":[{"href":"https:\/\/blogdofarnesio.com.br\/index.php?rest_route=\/wp\/v2\/posts\/117985","targetHints":{"allow":["GET"]}}],"collection":[{"href":"https:\/\/blogdofarnesio.com.br\/index.php?rest_route=\/wp\/v2\/posts"}],"about":[{"href":"https:\/\/blogdofarnesio.com.br\/index.php?rest_route=\/wp\/v2\/types\/post"}],"author":[{"embeddable":true,"href":"https:\/\/blogdofarnesio.com.br\/index.php?rest_route=\/wp\/v2\/users\/7"}],"replies":[{"embeddable":true,"href":"https:\/\/blogdofarnesio.com.br\/index.php?rest_route=%2Fwp%2Fv2%2Fcomments&post=117985"}],"version-history":[{"count":0,"href":"https:\/\/blogdofarnesio.com.br\/index.php?rest_route=\/wp\/v2\/posts\/117985\/revisions"}],"wp:attachment":[{"href":"https:\/\/blogdofarnesio.com.br\/index.php?rest_route=%2Fwp%2Fv2%2Fmedia&parent=117985"}],"wp:term":[{"taxonomy":"category","embeddable":true,"href":"https:\/\/blogdofarnesio.com.br\/index.php?rest_route=%2Fwp%2Fv2%2Fcategories&post=117985"},{"taxonomy":"post_tag","embeddable":true,"href":"https:\/\/blogdofarnesio.com.br\/index.php?rest_route=%2Fwp%2Fv2%2Ftags&post=117985"}],"curies":[{"name":"wp","href":"https:\/\/api.w.org\/{rel}","templated":true}]}}