{"id":117971,"date":"2015-03-04T09:43:06","date_gmt":"2015-03-04T12:43:06","guid":{"rendered":"http:\/\/www.quersaberpolitica.com.br\/?p=117971"},"modified":"2015-03-03T21:07:51","modified_gmt":"2015-03-04T00:07:51","slug":"epttc-vai-orientar-direcao-preventiva-no-dia-dedicado-a-mulher","status":"publish","type":"post","link":"https:\/\/blogdofarnesio.com.br\/?p=117971","title":{"rendered":"EPTTC VAI ORIENTAR DIRE\u00c7\u00c3O PREVENTIVA NO DIA DEDICADO A MULHER"},"content":{"rendered":"<div id=\":pv\">\n<div dir=\"ltr\"><a href=\"http:\/\/www.quersaberpolitica.com.br\/2016\/wp-content\/uploads\/2015\/03\/blogqsp.Epttc_.mulher.volante.jpg\"><img loading=\"lazy\" decoding=\"async\" class=\"size-medium wp-image-117974 alignleft\" alt=\"blogqsp.Epttc.mulher.volante\" src=\"http:\/\/www.quersaberpolitica.com.br\/2016\/wp-content\/uploads\/2015\/03\/blogqsp.Epttc_.mulher.volante-300x224.jpg\" width=\"300\" height=\"224\" srcset=\"https:\/\/blogdofarnesio.com.br\/wp-content\/uploads\/2015\/03\/blogqsp.Epttc_.mulher.volante-300x224.jpg 300w, https:\/\/blogdofarnesio.com.br\/wp-content\/uploads\/2015\/03\/blogqsp.Epttc_.mulher.volante.jpg 314w\" sizes=\"auto, (max-width: 300px) 100vw, 300px\" \/><\/a><\/div>\n<div dir=\"ltr\" style=\"text-align: justify\">\u201cMulher no volante, perigo constante\u201d? N\u00e3o \u00e9 bem assim. Durante muitos anos esse era um senso comum entre pessoas.<\/div>\n<div dir=\"ltr\" style=\"text-align: justify\"><\/div>\n<div dir=\"ltr\" style=\"text-align: justify\">Entretanto, dados da Seguradora L\u00edder \u2013 DPVAT apontam que no \u00faltimo ano a maior incid\u00eancia de indeniza\u00e7\u00f5es pagas do Seguro DPVAT foi para v\u00edtimas do sexo masculino: 77%. E apenas 23% foram para mulheres.Para comemorar o Dia Internacional da Mulher, no s\u00e1bado 8, \u00e0s 9hs,\u00a0 a Prefeitura de Petrolina, atrav\u00e9s da EPTTC-Empresa Petrolinense de Tr\u00e2nsito e Transporte Coletivo, vai realizar uma Campanha\u00a0 Educativa, na Avenida Souza Filho (Pra\u00e7a do Bambuzinho).<\/p>\n<p>Na oportunidade as mulheres\u00a0 v\u00e3o receber orienta\u00e7\u00f5es sobre pr\u00e1ticas de comportamento no\u00a0 tr\u00e2nsito seguro e ganhar rosas simbolizando a paz e o amor necess\u00e1rios nas ruas, avenidas e brs. Agentes de Tr\u00e2nsito do sexo feminino prestar\u00e3o as orienta\u00e7\u00f5es.<\/p>\n<\/div>\n<div dir=\"ltr\" style=\"text-align: justify\"><!--more--><br \/>\nEspecialistas indicam que as mulheres s\u00e3o mais atentas ao volante, menos agressivas e se arriscam menos. Outro motivo \u00e9 que muitas dirigem com crian\u00e7as no autom\u00f3vel, fator que aumenta a cautela feminina.Os acidentes com ve\u00edculos de duas rodas tamb\u00e9m t\u00eam alto risco para o sexo feminino: 66% das indeniza\u00e7\u00f5es por invalidez permanente foram pagas em acidentes envolvendo motocicletas. J\u00e1 nos casos de indeniza\u00e7\u00f5es por morte, 57% foram pagas por ocorr\u00eancias envolvendo autom\u00f3veis.<\/p>\n<p>A maior incid\u00eancia de indeniza\u00e7\u00f5es de morte de mulheres est\u00e1 presente na faixa et\u00e1ria de 45 a 65 anos. \u201cEmbora as mulheres representem um n\u00famero menor de mortes comparado aos homens, o envolvimento em acidentes de tr\u00e2nsito tamb\u00e9m \u00e9 preocupante\u201d, explica o diretor-presidente da Seguradora L\u00edder DPVAT, Ricardo Xavier.<\/p>\n<p>Nos casos de invalidez permanente, a maior incid\u00eancia ocorre na faixa et\u00e1ria dos 18 aos 34 anos, correspondendo a 47% das indeniza\u00e7\u00f5es pagas.<\/p>\n<p><em>Ascom EPTTC<\/em><\/p>\n<\/div>\n<\/div>\n","protected":false},"excerpt":{"rendered":"<p>\u201cMulher no volante, perigo constante\u201d? N\u00e3o \u00e9 bem assim. Durante muitos anos esse era um senso comum entre pessoas. Entretanto, dados da Seguradora L\u00edder \u2013 DPVAT apontam que no \u00faltimo ano a maior incid\u00eancia de indeniza\u00e7\u00f5es pagas do Seguro DPVAT foi para v\u00edtimas do sexo masculino: 77%. E apenas 23% foram para mulheres.Para comemorar o Dia Internacional da Mulher, no s\u00e1bado 8, \u00e0s 9hs,\u00a0 a Prefeitura de Petrolina, atrav\u00e9s da EPTTC-Empresa Petrolinense de Tr\u00e2nsito e Transporte Coletivo, vai realizar uma Campanha\u00a0 Educativa, na Avenida Souza Filho (Pra\u00e7a do Bambuzinho). Na oportunidade as mulheres\u00a0 v\u00e3o receber orienta\u00e7\u00f5es sobre pr\u00e1ticas de comportamento no\u00a0 tr\u00e2nsito seguro e ganhar rosas simbolizando a paz e o amor necess\u00e1rios nas ruas, avenidas e brs. Agentes de&hellip; <\/p>\n","protected":false},"author":7,"featured_media":0,"comment_status":"open","ping_status":"open","sticky":false,"template":"","format":"standard","meta":{"_acf_changed":false,"footnotes":""},"categories":[21],"tags":[],"class_list":["post-117971","post","type-post","status-publish","format-standard","hentry","category-transito"],"acf":[],"yoast_head":"<!-- This site is optimized with the Yoast SEO plugin v27.4 - https:\/\/yoast.com\/product\/yoast-seo-wordpress\/ -->\n<title>EPTTC VAI ORIENTAR DIRE\u00c7\u00c3O PREVENTIVA NO DIA DEDICADO A MULHER - Blog do Farn\u00e9sio<\/title>\n<meta name=\"robots\" content=\"index, follow, max-snippet:-1, max-image-preview:large, max-video-preview:-1\" \/>\n<link rel=\"canonical\" href=\"https:\/\/blogdofarnesio.com.br\/?p=117971\" \/>\n<meta property=\"og:locale\" content=\"pt_BR\" \/>\n<meta property=\"og:type\" content=\"article\" \/>\n<meta property=\"og:title\" content=\"EPTTC VAI ORIENTAR DIRE\u00c7\u00c3O PREVENTIVA NO DIA DEDICADO A MULHER - Blog do Farn\u00e9sio\" \/>\n<meta property=\"og:description\" content=\"\u201cMulher no volante, perigo constante\u201d? N\u00e3o \u00e9 bem assim. Durante muitos anos esse era um senso comum entre pessoas. Entretanto, dados da Seguradora L\u00edder \u2013 DPVAT apontam que no \u00faltimo ano a maior incid\u00eancia de indeniza\u00e7\u00f5es pagas do Seguro DPVAT foi para v\u00edtimas do sexo masculino: 77%. E apenas 23% foram para mulheres.Para comemorar o Dia Internacional da Mulher, no s\u00e1bado 8, \u00e0s 9hs,\u00a0 a Prefeitura de Petrolina, atrav\u00e9s da EPTTC-Empresa Petrolinense de Tr\u00e2nsito e Transporte Coletivo, vai realizar uma Campanha\u00a0 Educativa, na Avenida Souza Filho (Pra\u00e7a do Bambuzinho). Na oportunidade as mulheres\u00a0 v\u00e3o receber orienta\u00e7\u00f5es sobre pr\u00e1ticas de comportamento no\u00a0 tr\u00e2nsito seguro e ganhar rosas simbolizando a paz e o amor necess\u00e1rios nas ruas, avenidas e brs. Agentes de&hellip;\" \/>\n<meta property=\"og:url\" content=\"https:\/\/blogdofarnesio.com.br\/?p=117971\" \/>\n<meta property=\"og:site_name\" content=\"Blog do Farn\u00e9sio\" \/>\n<meta property=\"article:publisher\" content=\"https:\/\/www.facebook.com\/BlogQuerSaberPolitica\/\" \/>\n<meta property=\"article:published_time\" content=\"2015-03-04T12:43:06+00:00\" \/>\n<meta property=\"og:image\" content=\"http:\/\/www.quersaberpolitica.com.br\/2016\/wp-content\/uploads\/2015\/03\/blogqsp.Epttc_.mulher.volante-300x224.jpg\" \/>\n<meta name=\"twitter:card\" content=\"summary_large_image\" \/>\n<meta name=\"twitter:label1\" content=\"Escrito por\" \/>\n\t<meta name=\"twitter:data1\" content=\"\" \/>\n\t<meta name=\"twitter:label2\" content=\"Est. tempo de leitura\" \/>\n\t<meta name=\"twitter:data2\" content=\"1 minuto\" \/>\n<script type=\"application\/ld+json\" class=\"yoast-schema-graph\">{\"@context\":\"https:\\\/\\\/schema.org\",\"@graph\":[{\"@type\":\"Article\",\"@id\":\"https:\\\/\\\/blogdofarnesio.com.br\\\/?p=117971#article\",\"isPartOf\":{\"@id\":\"https:\\\/\\\/blogdofarnesio.com.br\\\/?p=117971\"},\"author\":{\"name\":\"\",\"@id\":\"\"},\"headline\":\"EPTTC VAI ORIENTAR DIRE\u00c7\u00c3O PREVENTIVA NO DIA DEDICADO A MULHER\",\"datePublished\":\"2015-03-04T12:43:06+00:00\",\"mainEntityOfPage\":{\"@id\":\"https:\\\/\\\/blogdofarnesio.com.br\\\/?p=117971\"},\"wordCount\":309,\"commentCount\":0,\"publisher\":{\"@id\":\"https:\\\/\\\/blogdofarnesio.com.br\\\/#organization\"},\"image\":{\"@id\":\"https:\\\/\\\/blogdofarnesio.com.br\\\/?p=117971#primaryimage\"},\"thumbnailUrl\":\"http:\\\/\\\/www.quersaberpolitica.com.br\\\/2016\\\/wp-content\\\/uploads\\\/2015\\\/03\\\/blogqsp.Epttc_.mulher.volante-300x224.jpg\",\"articleSection\":[\"Tr\u00e2nsito\"],\"inLanguage\":\"pt-BR\",\"potentialAction\":[{\"@type\":\"CommentAction\",\"name\":\"Comment\",\"target\":[\"https:\\\/\\\/blogdofarnesio.com.br\\\/?p=117971#respond\"]}]},{\"@type\":\"WebPage\",\"@id\":\"https:\\\/\\\/blogdofarnesio.com.br\\\/?p=117971\",\"url\":\"https:\\\/\\\/blogdofarnesio.com.br\\\/?p=117971\",\"name\":\"EPTTC VAI ORIENTAR DIRE\u00c7\u00c3O PREVENTIVA NO DIA DEDICADO A MULHER - Blog do Farn\u00e9sio\",\"isPartOf\":{\"@id\":\"https:\\\/\\\/blogdofarnesio.com.br\\\/#website\"},\"primaryImageOfPage\":{\"@id\":\"https:\\\/\\\/blogdofarnesio.com.br\\\/?p=117971#primaryimage\"},\"image\":{\"@id\":\"https:\\\/\\\/blogdofarnesio.com.br\\\/?p=117971#primaryimage\"},\"thumbnailUrl\":\"http:\\\/\\\/www.quersaberpolitica.com.br\\\/2016\\\/wp-content\\\/uploads\\\/2015\\\/03\\\/blogqsp.Epttc_.mulher.volante-300x224.jpg\",\"datePublished\":\"2015-03-04T12:43:06+00:00\",\"breadcrumb\":{\"@id\":\"https:\\\/\\\/blogdofarnesio.com.br\\\/?p=117971#breadcrumb\"},\"inLanguage\":\"pt-BR\",\"potentialAction\":[{\"@type\":\"ReadAction\",\"target\":[\"https:\\\/\\\/blogdofarnesio.com.br\\\/?p=117971\"]}]},{\"@type\":\"ImageObject\",\"inLanguage\":\"pt-BR\",\"@id\":\"https:\\\/\\\/blogdofarnesio.com.br\\\/?p=117971#primaryimage\",\"url\":\"http:\\\/\\\/www.quersaberpolitica.com.br\\\/2016\\\/wp-content\\\/uploads\\\/2015\\\/03\\\/blogqsp.Epttc_.mulher.volante-300x224.jpg\",\"contentUrl\":\"http:\\\/\\\/www.quersaberpolitica.com.br\\\/2016\\\/wp-content\\\/uploads\\\/2015\\\/03\\\/blogqsp.Epttc_.mulher.volante-300x224.jpg\"},{\"@type\":\"BreadcrumbList\",\"@id\":\"https:\\\/\\\/blogdofarnesio.com.br\\\/?p=117971#breadcrumb\",\"itemListElement\":[{\"@type\":\"ListItem\",\"position\":1,\"name\":\"In\u00edcio\",\"item\":\"https:\\\/\\\/blogdofarnesio.com.br\\\/\"},{\"@type\":\"ListItem\",\"position\":2,\"name\":\"EPTTC VAI ORIENTAR DIRE\u00c7\u00c3O PREVENTIVA NO DIA DEDICADO A MULHER\"}]},{\"@type\":\"WebSite\",\"@id\":\"https:\\\/\\\/blogdofarnesio.com.br\\\/#website\",\"url\":\"https:\\\/\\\/blogdofarnesio.com.br\\\/\",\"name\":\"Blog do Farn\u00e9sio\",\"description\":\"Quer Saber Pol\u00edtica?\",\"publisher\":{\"@id\":\"https:\\\/\\\/blogdofarnesio.com.br\\\/#organization\"},\"potentialAction\":[{\"@type\":\"SearchAction\",\"target\":{\"@type\":\"EntryPoint\",\"urlTemplate\":\"https:\\\/\\\/blogdofarnesio.com.br\\\/?s={search_term_string}\"},\"query-input\":{\"@type\":\"PropertyValueSpecification\",\"valueRequired\":true,\"valueName\":\"search_term_string\"}}],\"inLanguage\":\"pt-BR\"},{\"@type\":\"Organization\",\"@id\":\"https:\\\/\\\/blogdofarnesio.com.br\\\/#organization\",\"name\":\"Blog do Farn\u00e9sio\",\"url\":\"https:\\\/\\\/blogdofarnesio.com.br\\\/\",\"logo\":{\"@type\":\"ImageObject\",\"inLanguage\":\"pt-BR\",\"@id\":\"https:\\\/\\\/blogdofarnesio.com.br\\\/#\\\/schema\\\/logo\\\/image\\\/\",\"url\":\"https:\\\/\\\/blogdofarnesio.com.br\\\/wp-content\\\/uploads\\\/2026\\\/03\\\/cropped-logo_new-1.png\",\"contentUrl\":\"https:\\\/\\\/blogdofarnesio.com.br\\\/wp-content\\\/uploads\\\/2026\\\/03\\\/cropped-logo_new-1.png\",\"width\":881,\"height\":685,\"caption\":\"Blog do Farn\u00e9sio\"},\"image\":{\"@id\":\"https:\\\/\\\/blogdofarnesio.com.br\\\/#\\\/schema\\\/logo\\\/image\\\/\"},\"sameAs\":[\"https:\\\/\\\/www.facebook.com\\\/BlogQuerSaberPolitica\\\/\"]},{\"@type\":\"Person\",\"@id\":\"\",\"url\":\"https:\\\/\\\/blogdofarnesio.com.br\\\/?author=7\"}]}<\/script>\n<!-- \/ Yoast SEO plugin. -->","yoast_head_json":{"title":"EPTTC VAI ORIENTAR DIRE\u00c7\u00c3O PREVENTIVA NO DIA DEDICADO A MULHER - Blog do Farn\u00e9sio","robots":{"index":"index","follow":"follow","max-snippet":"max-snippet:-1","max-image-preview":"max-image-preview:large","max-video-preview":"max-video-preview:-1"},"canonical":"https:\/\/blogdofarnesio.com.br\/?p=117971","og_locale":"pt_BR","og_type":"article","og_title":"EPTTC VAI ORIENTAR DIRE\u00c7\u00c3O PREVENTIVA NO DIA DEDICADO A MULHER - Blog do Farn\u00e9sio","og_description":"\u201cMulher no volante, perigo constante\u201d? N\u00e3o \u00e9 bem assim. Durante muitos anos esse era um senso comum entre pessoas. Entretanto, dados da Seguradora L\u00edder \u2013 DPVAT apontam que no \u00faltimo ano a maior incid\u00eancia de indeniza\u00e7\u00f5es pagas do Seguro DPVAT foi para v\u00edtimas do sexo masculino: 77%. E apenas 23% foram para mulheres.Para comemorar o Dia Internacional da Mulher, no s\u00e1bado 8, \u00e0s 9hs,\u00a0 a Prefeitura de Petrolina, atrav\u00e9s da EPTTC-Empresa Petrolinense de Tr\u00e2nsito e Transporte Coletivo, vai realizar uma Campanha\u00a0 Educativa, na Avenida Souza Filho (Pra\u00e7a do Bambuzinho). Na oportunidade as mulheres\u00a0 v\u00e3o receber orienta\u00e7\u00f5es sobre pr\u00e1ticas de comportamento no\u00a0 tr\u00e2nsito seguro e ganhar rosas simbolizando a paz e o amor necess\u00e1rios nas ruas, avenidas e brs. Agentes de&hellip;","og_url":"https:\/\/blogdofarnesio.com.br\/?p=117971","og_site_name":"Blog do Farn\u00e9sio","article_publisher":"https:\/\/www.facebook.com\/BlogQuerSaberPolitica\/","article_published_time":"2015-03-04T12:43:06+00:00","og_image":[{"url":"http:\/\/www.quersaberpolitica.com.br\/2016\/wp-content\/uploads\/2015\/03\/blogqsp.Epttc_.mulher.volante-300x224.jpg","type":"","width":"","height":""}],"twitter_card":"summary_large_image","twitter_misc":{"Escrito por":"","Est. tempo de leitura":"1 minuto"},"schema":{"@context":"https:\/\/schema.org","@graph":[{"@type":"Article","@id":"https:\/\/blogdofarnesio.com.br\/?p=117971#article","isPartOf":{"@id":"https:\/\/blogdofarnesio.com.br\/?p=117971"},"author":{"name":"","@id":""},"headline":"EPTTC VAI ORIENTAR DIRE\u00c7\u00c3O PREVENTIVA NO DIA DEDICADO A MULHER","datePublished":"2015-03-04T12:43:06+00:00","mainEntityOfPage":{"@id":"https:\/\/blogdofarnesio.com.br\/?p=117971"},"wordCount":309,"commentCount":0,"publisher":{"@id":"https:\/\/blogdofarnesio.com.br\/#organization"},"image":{"@id":"https:\/\/blogdofarnesio.com.br\/?p=117971#primaryimage"},"thumbnailUrl":"http:\/\/www.quersaberpolitica.com.br\/2016\/wp-content\/uploads\/2015\/03\/blogqsp.Epttc_.mulher.volante-300x224.jpg","articleSection":["Tr\u00e2nsito"],"inLanguage":"pt-BR","potentialAction":[{"@type":"CommentAction","name":"Comment","target":["https:\/\/blogdofarnesio.com.br\/?p=117971#respond"]}]},{"@type":"WebPage","@id":"https:\/\/blogdofarnesio.com.br\/?p=117971","url":"https:\/\/blogdofarnesio.com.br\/?p=117971","name":"EPTTC VAI ORIENTAR DIRE\u00c7\u00c3O PREVENTIVA NO DIA DEDICADO A MULHER - Blog do Farn\u00e9sio","isPartOf":{"@id":"https:\/\/blogdofarnesio.com.br\/#website"},"primaryImageOfPage":{"@id":"https:\/\/blogdofarnesio.com.br\/?p=117971#primaryimage"},"image":{"@id":"https:\/\/blogdofarnesio.com.br\/?p=117971#primaryimage"},"thumbnailUrl":"http:\/\/www.quersaberpolitica.com.br\/2016\/wp-content\/uploads\/2015\/03\/blogqsp.Epttc_.mulher.volante-300x224.jpg","datePublished":"2015-03-04T12:43:06+00:00","breadcrumb":{"@id":"https:\/\/blogdofarnesio.com.br\/?p=117971#breadcrumb"},"inLanguage":"pt-BR","potentialAction":[{"@type":"ReadAction","target":["https:\/\/blogdofarnesio.com.br\/?p=117971"]}]},{"@type":"ImageObject","inLanguage":"pt-BR","@id":"https:\/\/blogdofarnesio.com.br\/?p=117971#primaryimage","url":"http:\/\/www.quersaberpolitica.com.br\/2016\/wp-content\/uploads\/2015\/03\/blogqsp.Epttc_.mulher.volante-300x224.jpg","contentUrl":"http:\/\/www.quersaberpolitica.com.br\/2016\/wp-content\/uploads\/2015\/03\/blogqsp.Epttc_.mulher.volante-300x224.jpg"},{"@type":"BreadcrumbList","@id":"https:\/\/blogdofarnesio.com.br\/?p=117971#breadcrumb","itemListElement":[{"@type":"ListItem","position":1,"name":"In\u00edcio","item":"https:\/\/blogdofarnesio.com.br\/"},{"@type":"ListItem","position":2,"name":"EPTTC VAI ORIENTAR DIRE\u00c7\u00c3O PREVENTIVA NO DIA DEDICADO A MULHER"}]},{"@type":"WebSite","@id":"https:\/\/blogdofarnesio.com.br\/#website","url":"https:\/\/blogdofarnesio.com.br\/","name":"Blog do Farn\u00e9sio","description":"Quer Saber Pol\u00edtica?","publisher":{"@id":"https:\/\/blogdofarnesio.com.br\/#organization"},"potentialAction":[{"@type":"SearchAction","target":{"@type":"EntryPoint","urlTemplate":"https:\/\/blogdofarnesio.com.br\/?s={search_term_string}"},"query-input":{"@type":"PropertyValueSpecification","valueRequired":true,"valueName":"search_term_string"}}],"inLanguage":"pt-BR"},{"@type":"Organization","@id":"https:\/\/blogdofarnesio.com.br\/#organization","name":"Blog do Farn\u00e9sio","url":"https:\/\/blogdofarnesio.com.br\/","logo":{"@type":"ImageObject","inLanguage":"pt-BR","@id":"https:\/\/blogdofarnesio.com.br\/#\/schema\/logo\/image\/","url":"https:\/\/blogdofarnesio.com.br\/wp-content\/uploads\/2026\/03\/cropped-logo_new-1.png","contentUrl":"https:\/\/blogdofarnesio.com.br\/wp-content\/uploads\/2026\/03\/cropped-logo_new-1.png","width":881,"height":685,"caption":"Blog do Farn\u00e9sio"},"image":{"@id":"https:\/\/blogdofarnesio.com.br\/#\/schema\/logo\/image\/"},"sameAs":["https:\/\/www.facebook.com\/BlogQuerSaberPolitica\/"]},{"@type":"Person","@id":"","url":"https:\/\/blogdofarnesio.com.br\/?author=7"}]}},"_links":{"self":[{"href":"https:\/\/blogdofarnesio.com.br\/index.php?rest_route=\/wp\/v2\/posts\/117971","targetHints":{"allow":["GET"]}}],"collection":[{"href":"https:\/\/blogdofarnesio.com.br\/index.php?rest_route=\/wp\/v2\/posts"}],"about":[{"href":"https:\/\/blogdofarnesio.com.br\/index.php?rest_route=\/wp\/v2\/types\/post"}],"author":[{"embeddable":true,"href":"https:\/\/blogdofarnesio.com.br\/index.php?rest_route=\/wp\/v2\/users\/7"}],"replies":[{"embeddable":true,"href":"https:\/\/blogdofarnesio.com.br\/index.php?rest_route=%2Fwp%2Fv2%2Fcomments&post=117971"}],"version-history":[{"count":0,"href":"https:\/\/blogdofarnesio.com.br\/index.php?rest_route=\/wp\/v2\/posts\/117971\/revisions"}],"wp:attachment":[{"href":"https:\/\/blogdofarnesio.com.br\/index.php?rest_route=%2Fwp%2Fv2%2Fmedia&parent=117971"}],"wp:term":[{"taxonomy":"category","embeddable":true,"href":"https:\/\/blogdofarnesio.com.br\/index.php?rest_route=%2Fwp%2Fv2%2Fcategories&post=117971"},{"taxonomy":"post_tag","embeddable":true,"href":"https:\/\/blogdofarnesio.com.br\/index.php?rest_route=%2Fwp%2Fv2%2Ftags&post=117971"}],"curies":[{"name":"wp","href":"https:\/\/api.w.org\/{rel}","templated":true}]}}