{"id":117898,"date":"2015-03-04T07:23:19","date_gmt":"2015-03-04T10:23:19","guid":{"rendered":"http:\/\/www.quersaberpolitica.com.br\/?p=117898"},"modified":"2015-03-03T10:53:45","modified_gmt":"2015-03-03T13:53:45","slug":"escolas-do-semiarido-vao-receber-cisternas","status":"publish","type":"post","link":"https:\/\/blogdofarnesio.com.br\/?p=117898","title":{"rendered":"ESCOLAS DO SEMI\u00c1RIDO V\u00c3O RECEBER CISTERNAS"},"content":{"rendered":"<p style=\"text-align: justify\"><a href=\"http:\/\/www.quersaberpolitica.com.br\/2016\/wp-content\/uploads\/2015\/03\/blogqsp.escolas.combateafome..jpg\"><img loading=\"lazy\" decoding=\"async\" class=\"aligncenter size-full wp-image-117899\" alt=\"blogqsp.escolas.combateafome.\" src=\"http:\/\/www.quersaberpolitica.com.br\/2016\/wp-content\/uploads\/2015\/03\/blogqsp.escolas.combateafome..jpg\" width=\"395\" height=\"262\" srcset=\"https:\/\/blogdofarnesio.com.br\/wp-content\/uploads\/2015\/03\/blogqsp.escolas.combateafome..jpg 395w, https:\/\/blogdofarnesio.com.br\/wp-content\/uploads\/2015\/03\/blogqsp.escolas.combateafome.-300x198.jpg 300w\" sizes=\"auto, (max-width: 395px) 100vw, 395px\" \/><\/a><\/p>\n<p style=\"text-align: justify\">As escolas p\u00fablicas do Semi\u00e1rido v\u00e3o receber um importante instrumento para a garantia da seguran\u00e7a alimentar das crian\u00e7as que estudam nelas. Parceria entre o Minist\u00e9rio do Desenvolvimento Social e Combate \u00e0 Fome (MDS) e a Articula\u00e7\u00e3o no Semi\u00e1rido Brasileiro (ASA) vai permitir a constru\u00e7\u00e3o de 5 mil cisternas nas unidades de ensino, para capta\u00e7\u00e3o e armazenagem de \u00e1gua da chuva, que podem ser usados nos per\u00edodos de estiagem.<\/p>\n<p style=\"text-align: justify\">A partir desta ter\u00e7a-feira (3) at\u00e9 quinta-feira (5), o MDS, a Asa e as entidades que v\u00e3o executar as obras estar\u00e3o reunidos em Juazeiro (BA), para debater as metas e as estrat\u00e9gias para levar os reservat\u00f3rios para as unidades escolares.<\/p>\n<p style=\"text-align: justify\">Ao todo, o MDS est\u00e1 investindo, at\u00e9 o final de 2015, R$ 69 milh\u00f5es nesta a\u00e7\u00e3o, que permite o abastecimento de \u00e1gua pr\u00f3pria para consumo em mais de 50% das escolas p\u00fablicas sem liga\u00e7\u00e3o \u00e0 rede de abastecimento da \u00e1rea rural da regi\u00e3o. \u201cCom a condicionalidade de educa\u00e7\u00e3o do Programa Bolsa Fam\u00edlia, as crian\u00e7as j\u00e1 est\u00e3o onde elas deveriam estar: na escola. Agora, a constru\u00e7\u00e3o destas cisternas vai garantir ainda mais seguran\u00e7a alimentar aos alunos\u201d, afirma a ministra do Desenvolvimento Social e Combate \u00e0 Fome, Tereza Campello.<\/p>\n<p style=\"text-align: justify\"><!--more--><\/p>\n<p style=\"text-align: justify\" align=\"center\"><img loading=\"lazy\" decoding=\"async\" id=\"ecxImagem_x0020_1\" alt=\"\" src=\"https:\/\/bay177.afx.ms\/att\/GetInline.aspx?messageid=ba35ca56-c0f0-11e4-9102-002264c2c15c&amp;attindex=1&amp;cp=-1&amp;attdepth=1&amp;imgsrc=cid:image002.jpg%4001D054E0.63C6E110&amp;cid=0fa311b2d3c20c68&amp;shared=1&amp;hm__login=acaopopularnet&amp;hm__domain=hotmail.com&amp;ip=10.148.2.8&amp;d=d3879&amp;mf=0&amp;hm__ts=Tue%2c%2003%20Mar%202015%2010:08:16%20GMT&amp;st=acaopopularnet&amp;hm__ha=01_4041a82b19803773fdee998cd611571f8f3dfbb4251c9897affe6ea9b888119d&amp;oneredir=1\" width=\"432\" height=\"201\" \/><\/p>\n<p style=\"text-align: justify\" align=\"center\">A cisterna escolar \u00e9 constru\u00edda com placas de cimento e tem capacidade para armazenar 52 mil litros, o que pode garantir o acesso \u00e0 \u00e1gua por at\u00e9 8 meses. \u201cA escola vai poder armazenar \u00e1gua para o consumo das crian\u00e7as e para o preparo da merenda, evitando interrup\u00e7\u00f5es durante a seca\u201d, destaca Tereza Campello. Al\u00e9m disso, lembra, as prefeituras poder\u00e3o reabastecer a escola com carros pipa, o que n\u00e3o \u00e9 poss\u00edvel sem uma cisterna. A sele\u00e7\u00e3o das unidades de ensino est\u00e1 sendo feita a partir de levantamento do Censo Escolar de 2013.<\/p>\n<p style=\"text-align: justify\">O valor para a constru\u00e7\u00e3o de cada cisterna \u00e9 de aproximadamente R$ 13 mil, que inclui ainda a implanta\u00e7\u00e3o tamb\u00e9m de bomba el\u00e9trica e a compra de filtros de barro para utiliza\u00e7\u00e3o e tratamento da \u00e1gua coletada, bem como a capacita\u00e7\u00e3o de gestores e professores para a gest\u00e3o da \u00e1gua armazenada e sobre a import\u00e2ncia da educa\u00e7\u00e3o alimentar e nutricional e temas de conviv\u00eancia com o Semi\u00e1rido a serem desenvolvidos com as crian\u00e7as.<\/p>\n<p style=\"text-align: justify\"><b>Servi\u00e7o<\/b><\/p>\n<p style=\"text-align: justify\">Reuni\u00e3o t\u00e9cnica Cisternas nas Escolas<\/p>\n<p style=\"text-align: justify\"><b>Quando:<\/b>\u00a0de ter\u00e7a (3) a quinta-feira (5)<\/p>\n<p style=\"text-align: justify\"><b>Onde:<\/b>\u00a0Grande Hotel Juazeiro &#8211; Rua Jos\u00e9 Petitinga, 466 &#8211; Santo Ant\u00f4nio &#8211; Juazeiro (BA)<\/p>\n<p style=\"text-align: justify\"><em>Ascom\/MDS<\/em><\/p>\n","protected":false},"excerpt":{"rendered":"<p>As escolas p\u00fablicas do Semi\u00e1rido v\u00e3o receber um importante instrumento para a garantia da seguran\u00e7a alimentar das crian\u00e7as que estudam nelas. Parceria entre o Minist\u00e9rio do Desenvolvimento Social e Combate \u00e0 Fome (MDS) e a Articula\u00e7\u00e3o no Semi\u00e1rido Brasileiro (ASA) vai permitir a constru\u00e7\u00e3o de 5 mil cisternas nas unidades de ensino, para capta\u00e7\u00e3o e armazenagem de \u00e1gua da chuva, que podem ser usados nos per\u00edodos de estiagem. A partir desta ter\u00e7a-feira (3) at\u00e9 quinta-feira (5), o MDS, a Asa e as entidades que v\u00e3o executar as obras estar\u00e3o reunidos em Juazeiro (BA), para debater as metas e as estrat\u00e9gias para levar os reservat\u00f3rios para as unidades escolares. Ao todo, o MDS est\u00e1 investindo, at\u00e9 o final de 2015, R$&hellip; <\/p>\n","protected":false},"author":7,"featured_media":117899,"comment_status":"open","ping_status":"open","sticky":false,"template":"","format":"standard","meta":{"_acf_changed":false,"footnotes":""},"categories":[22,6],"tags":[],"class_list":["post-117898","post","type-post","status-publish","format-standard","has-post-thumbnail","hentry","category-acao-social","category-educacao"],"acf":[],"yoast_head":"<!-- This site is optimized with the Yoast SEO plugin v27.4 - https:\/\/yoast.com\/product\/yoast-seo-wordpress\/ -->\n<title>ESCOLAS DO SEMI\u00c1RIDO V\u00c3O RECEBER CISTERNAS - Blog do Farn\u00e9sio<\/title>\n<meta name=\"robots\" content=\"index, follow, max-snippet:-1, max-image-preview:large, max-video-preview:-1\" \/>\n<link rel=\"canonical\" href=\"https:\/\/blogdofarnesio.com.br\/?p=117898\" \/>\n<meta property=\"og:locale\" content=\"pt_BR\" \/>\n<meta property=\"og:type\" content=\"article\" \/>\n<meta property=\"og:title\" content=\"ESCOLAS DO SEMI\u00c1RIDO V\u00c3O RECEBER CISTERNAS - Blog do Farn\u00e9sio\" \/>\n<meta property=\"og:description\" content=\"As escolas p\u00fablicas do Semi\u00e1rido v\u00e3o receber um importante instrumento para a garantia da seguran\u00e7a alimentar das crian\u00e7as que estudam nelas. Parceria entre o Minist\u00e9rio do Desenvolvimento Social e Combate \u00e0 Fome (MDS) e a Articula\u00e7\u00e3o no Semi\u00e1rido Brasileiro (ASA) vai permitir a constru\u00e7\u00e3o de 5 mil cisternas nas unidades de ensino, para capta\u00e7\u00e3o e armazenagem de \u00e1gua da chuva, que podem ser usados nos per\u00edodos de estiagem. A partir desta ter\u00e7a-feira (3) at\u00e9 quinta-feira (5), o MDS, a Asa e as entidades que v\u00e3o executar as obras estar\u00e3o reunidos em Juazeiro (BA), para debater as metas e as estrat\u00e9gias para levar os reservat\u00f3rios para as unidades escolares. Ao todo, o MDS est\u00e1 investindo, at\u00e9 o final de 2015, R$&hellip;\" \/>\n<meta property=\"og:url\" content=\"https:\/\/blogdofarnesio.com.br\/?p=117898\" \/>\n<meta property=\"og:site_name\" content=\"Blog do Farn\u00e9sio\" \/>\n<meta property=\"article:publisher\" content=\"https:\/\/www.facebook.com\/BlogQuerSaberPolitica\/\" \/>\n<meta property=\"article:published_time\" content=\"2015-03-04T10:23:19+00:00\" \/>\n<meta property=\"og:image\" content=\"https:\/\/blogdofarnesio.com.br\/wp-content\/uploads\/2015\/03\/blogqsp.escolas.combateafome..jpg\" \/>\n\t<meta property=\"og:image:width\" content=\"395\" \/>\n\t<meta property=\"og:image:height\" content=\"262\" \/>\n\t<meta property=\"og:image:type\" content=\"image\/jpeg\" \/>\n<meta name=\"twitter:card\" content=\"summary_large_image\" \/>\n<meta name=\"twitter:label1\" content=\"Escrito por\" \/>\n\t<meta name=\"twitter:data1\" content=\"\" \/>\n\t<meta name=\"twitter:label2\" content=\"Est. tempo de leitura\" \/>\n\t<meta name=\"twitter:data2\" content=\"2 minutos\" \/>\n<script type=\"application\/ld+json\" class=\"yoast-schema-graph\">{\"@context\":\"https:\\\/\\\/schema.org\",\"@graph\":[{\"@type\":\"Article\",\"@id\":\"https:\\\/\\\/blogdofarnesio.com.br\\\/?p=117898#article\",\"isPartOf\":{\"@id\":\"https:\\\/\\\/blogdofarnesio.com.br\\\/?p=117898\"},\"author\":{\"name\":\"\",\"@id\":\"\"},\"headline\":\"ESCOLAS DO SEMI\u00c1RIDO V\u00c3O RECEBER CISTERNAS\",\"datePublished\":\"2015-03-04T10:23:19+00:00\",\"mainEntityOfPage\":{\"@id\":\"https:\\\/\\\/blogdofarnesio.com.br\\\/?p=117898\"},\"wordCount\":431,\"commentCount\":0,\"publisher\":{\"@id\":\"https:\\\/\\\/blogdofarnesio.com.br\\\/#organization\"},\"image\":{\"@id\":\"https:\\\/\\\/blogdofarnesio.com.br\\\/?p=117898#primaryimage\"},\"thumbnailUrl\":\"https:\\\/\\\/blogdofarnesio.com.br\\\/wp-content\\\/uploads\\\/2015\\\/03\\\/blogqsp.escolas.combateafome..jpg\",\"articleSection\":[\"A\u00e7\u00e3o Social\",\"Educa\u00e7\u00e3o\"],\"inLanguage\":\"pt-BR\",\"potentialAction\":[{\"@type\":\"CommentAction\",\"name\":\"Comment\",\"target\":[\"https:\\\/\\\/blogdofarnesio.com.br\\\/?p=117898#respond\"]}]},{\"@type\":\"WebPage\",\"@id\":\"https:\\\/\\\/blogdofarnesio.com.br\\\/?p=117898\",\"url\":\"https:\\\/\\\/blogdofarnesio.com.br\\\/?p=117898\",\"name\":\"ESCOLAS DO SEMI\u00c1RIDO V\u00c3O RECEBER CISTERNAS - Blog do Farn\u00e9sio\",\"isPartOf\":{\"@id\":\"https:\\\/\\\/blogdofarnesio.com.br\\\/#website\"},\"primaryImageOfPage\":{\"@id\":\"https:\\\/\\\/blogdofarnesio.com.br\\\/?p=117898#primaryimage\"},\"image\":{\"@id\":\"https:\\\/\\\/blogdofarnesio.com.br\\\/?p=117898#primaryimage\"},\"thumbnailUrl\":\"https:\\\/\\\/blogdofarnesio.com.br\\\/wp-content\\\/uploads\\\/2015\\\/03\\\/blogqsp.escolas.combateafome..jpg\",\"datePublished\":\"2015-03-04T10:23:19+00:00\",\"breadcrumb\":{\"@id\":\"https:\\\/\\\/blogdofarnesio.com.br\\\/?p=117898#breadcrumb\"},\"inLanguage\":\"pt-BR\",\"potentialAction\":[{\"@type\":\"ReadAction\",\"target\":[\"https:\\\/\\\/blogdofarnesio.com.br\\\/?p=117898\"]}]},{\"@type\":\"ImageObject\",\"inLanguage\":\"pt-BR\",\"@id\":\"https:\\\/\\\/blogdofarnesio.com.br\\\/?p=117898#primaryimage\",\"url\":\"https:\\\/\\\/blogdofarnesio.com.br\\\/wp-content\\\/uploads\\\/2015\\\/03\\\/blogqsp.escolas.combateafome..jpg\",\"contentUrl\":\"https:\\\/\\\/blogdofarnesio.com.br\\\/wp-content\\\/uploads\\\/2015\\\/03\\\/blogqsp.escolas.combateafome..jpg\",\"width\":395,\"height\":262},{\"@type\":\"BreadcrumbList\",\"@id\":\"https:\\\/\\\/blogdofarnesio.com.br\\\/?p=117898#breadcrumb\",\"itemListElement\":[{\"@type\":\"ListItem\",\"position\":1,\"name\":\"In\u00edcio\",\"item\":\"https:\\\/\\\/blogdofarnesio.com.br\\\/\"},{\"@type\":\"ListItem\",\"position\":2,\"name\":\"ESCOLAS DO SEMI\u00c1RIDO V\u00c3O RECEBER CISTERNAS\"}]},{\"@type\":\"WebSite\",\"@id\":\"https:\\\/\\\/blogdofarnesio.com.br\\\/#website\",\"url\":\"https:\\\/\\\/blogdofarnesio.com.br\\\/\",\"name\":\"Blog do Farn\u00e9sio\",\"description\":\"Quer Saber Pol\u00edtica?\",\"publisher\":{\"@id\":\"https:\\\/\\\/blogdofarnesio.com.br\\\/#organization\"},\"potentialAction\":[{\"@type\":\"SearchAction\",\"target\":{\"@type\":\"EntryPoint\",\"urlTemplate\":\"https:\\\/\\\/blogdofarnesio.com.br\\\/?s={search_term_string}\"},\"query-input\":{\"@type\":\"PropertyValueSpecification\",\"valueRequired\":true,\"valueName\":\"search_term_string\"}}],\"inLanguage\":\"pt-BR\"},{\"@type\":\"Organization\",\"@id\":\"https:\\\/\\\/blogdofarnesio.com.br\\\/#organization\",\"name\":\"Blog do Farn\u00e9sio\",\"url\":\"https:\\\/\\\/blogdofarnesio.com.br\\\/\",\"logo\":{\"@type\":\"ImageObject\",\"inLanguage\":\"pt-BR\",\"@id\":\"https:\\\/\\\/blogdofarnesio.com.br\\\/#\\\/schema\\\/logo\\\/image\\\/\",\"url\":\"https:\\\/\\\/blogdofarnesio.com.br\\\/wp-content\\\/uploads\\\/2026\\\/03\\\/cropped-logo_new-1.png\",\"contentUrl\":\"https:\\\/\\\/blogdofarnesio.com.br\\\/wp-content\\\/uploads\\\/2026\\\/03\\\/cropped-logo_new-1.png\",\"width\":881,\"height\":685,\"caption\":\"Blog do Farn\u00e9sio\"},\"image\":{\"@id\":\"https:\\\/\\\/blogdofarnesio.com.br\\\/#\\\/schema\\\/logo\\\/image\\\/\"},\"sameAs\":[\"https:\\\/\\\/www.facebook.com\\\/BlogQuerSaberPolitica\\\/\"]},{\"@type\":\"Person\",\"@id\":\"\",\"url\":\"https:\\\/\\\/blogdofarnesio.com.br\\\/?author=7\"}]}<\/script>\n<!-- \/ Yoast SEO plugin. -->","yoast_head_json":{"title":"ESCOLAS DO SEMI\u00c1RIDO V\u00c3O RECEBER CISTERNAS - Blog do Farn\u00e9sio","robots":{"index":"index","follow":"follow","max-snippet":"max-snippet:-1","max-image-preview":"max-image-preview:large","max-video-preview":"max-video-preview:-1"},"canonical":"https:\/\/blogdofarnesio.com.br\/?p=117898","og_locale":"pt_BR","og_type":"article","og_title":"ESCOLAS DO SEMI\u00c1RIDO V\u00c3O RECEBER CISTERNAS - Blog do Farn\u00e9sio","og_description":"As escolas p\u00fablicas do Semi\u00e1rido v\u00e3o receber um importante instrumento para a garantia da seguran\u00e7a alimentar das crian\u00e7as que estudam nelas. Parceria entre o Minist\u00e9rio do Desenvolvimento Social e Combate \u00e0 Fome (MDS) e a Articula\u00e7\u00e3o no Semi\u00e1rido Brasileiro (ASA) vai permitir a constru\u00e7\u00e3o de 5 mil cisternas nas unidades de ensino, para capta\u00e7\u00e3o e armazenagem de \u00e1gua da chuva, que podem ser usados nos per\u00edodos de estiagem. A partir desta ter\u00e7a-feira (3) at\u00e9 quinta-feira (5), o MDS, a Asa e as entidades que v\u00e3o executar as obras estar\u00e3o reunidos em Juazeiro (BA), para debater as metas e as estrat\u00e9gias para levar os reservat\u00f3rios para as unidades escolares. Ao todo, o MDS est\u00e1 investindo, at\u00e9 o final de 2015, R$&hellip;","og_url":"https:\/\/blogdofarnesio.com.br\/?p=117898","og_site_name":"Blog do Farn\u00e9sio","article_publisher":"https:\/\/www.facebook.com\/BlogQuerSaberPolitica\/","article_published_time":"2015-03-04T10:23:19+00:00","og_image":[{"width":395,"height":262,"url":"https:\/\/blogdofarnesio.com.br\/wp-content\/uploads\/2015\/03\/blogqsp.escolas.combateafome..jpg","type":"image\/jpeg"}],"twitter_card":"summary_large_image","twitter_misc":{"Escrito por":"","Est. tempo de leitura":"2 minutos"},"schema":{"@context":"https:\/\/schema.org","@graph":[{"@type":"Article","@id":"https:\/\/blogdofarnesio.com.br\/?p=117898#article","isPartOf":{"@id":"https:\/\/blogdofarnesio.com.br\/?p=117898"},"author":{"name":"","@id":""},"headline":"ESCOLAS DO SEMI\u00c1RIDO V\u00c3O RECEBER CISTERNAS","datePublished":"2015-03-04T10:23:19+00:00","mainEntityOfPage":{"@id":"https:\/\/blogdofarnesio.com.br\/?p=117898"},"wordCount":431,"commentCount":0,"publisher":{"@id":"https:\/\/blogdofarnesio.com.br\/#organization"},"image":{"@id":"https:\/\/blogdofarnesio.com.br\/?p=117898#primaryimage"},"thumbnailUrl":"https:\/\/blogdofarnesio.com.br\/wp-content\/uploads\/2015\/03\/blogqsp.escolas.combateafome..jpg","articleSection":["A\u00e7\u00e3o Social","Educa\u00e7\u00e3o"],"inLanguage":"pt-BR","potentialAction":[{"@type":"CommentAction","name":"Comment","target":["https:\/\/blogdofarnesio.com.br\/?p=117898#respond"]}]},{"@type":"WebPage","@id":"https:\/\/blogdofarnesio.com.br\/?p=117898","url":"https:\/\/blogdofarnesio.com.br\/?p=117898","name":"ESCOLAS DO SEMI\u00c1RIDO V\u00c3O RECEBER CISTERNAS - Blog do Farn\u00e9sio","isPartOf":{"@id":"https:\/\/blogdofarnesio.com.br\/#website"},"primaryImageOfPage":{"@id":"https:\/\/blogdofarnesio.com.br\/?p=117898#primaryimage"},"image":{"@id":"https:\/\/blogdofarnesio.com.br\/?p=117898#primaryimage"},"thumbnailUrl":"https:\/\/blogdofarnesio.com.br\/wp-content\/uploads\/2015\/03\/blogqsp.escolas.combateafome..jpg","datePublished":"2015-03-04T10:23:19+00:00","breadcrumb":{"@id":"https:\/\/blogdofarnesio.com.br\/?p=117898#breadcrumb"},"inLanguage":"pt-BR","potentialAction":[{"@type":"ReadAction","target":["https:\/\/blogdofarnesio.com.br\/?p=117898"]}]},{"@type":"ImageObject","inLanguage":"pt-BR","@id":"https:\/\/blogdofarnesio.com.br\/?p=117898#primaryimage","url":"https:\/\/blogdofarnesio.com.br\/wp-content\/uploads\/2015\/03\/blogqsp.escolas.combateafome..jpg","contentUrl":"https:\/\/blogdofarnesio.com.br\/wp-content\/uploads\/2015\/03\/blogqsp.escolas.combateafome..jpg","width":395,"height":262},{"@type":"BreadcrumbList","@id":"https:\/\/blogdofarnesio.com.br\/?p=117898#breadcrumb","itemListElement":[{"@type":"ListItem","position":1,"name":"In\u00edcio","item":"https:\/\/blogdofarnesio.com.br\/"},{"@type":"ListItem","position":2,"name":"ESCOLAS DO SEMI\u00c1RIDO V\u00c3O RECEBER CISTERNAS"}]},{"@type":"WebSite","@id":"https:\/\/blogdofarnesio.com.br\/#website","url":"https:\/\/blogdofarnesio.com.br\/","name":"Blog do Farn\u00e9sio","description":"Quer Saber Pol\u00edtica?","publisher":{"@id":"https:\/\/blogdofarnesio.com.br\/#organization"},"potentialAction":[{"@type":"SearchAction","target":{"@type":"EntryPoint","urlTemplate":"https:\/\/blogdofarnesio.com.br\/?s={search_term_string}"},"query-input":{"@type":"PropertyValueSpecification","valueRequired":true,"valueName":"search_term_string"}}],"inLanguage":"pt-BR"},{"@type":"Organization","@id":"https:\/\/blogdofarnesio.com.br\/#organization","name":"Blog do Farn\u00e9sio","url":"https:\/\/blogdofarnesio.com.br\/","logo":{"@type":"ImageObject","inLanguage":"pt-BR","@id":"https:\/\/blogdofarnesio.com.br\/#\/schema\/logo\/image\/","url":"https:\/\/blogdofarnesio.com.br\/wp-content\/uploads\/2026\/03\/cropped-logo_new-1.png","contentUrl":"https:\/\/blogdofarnesio.com.br\/wp-content\/uploads\/2026\/03\/cropped-logo_new-1.png","width":881,"height":685,"caption":"Blog do Farn\u00e9sio"},"image":{"@id":"https:\/\/blogdofarnesio.com.br\/#\/schema\/logo\/image\/"},"sameAs":["https:\/\/www.facebook.com\/BlogQuerSaberPolitica\/"]},{"@type":"Person","@id":"","url":"https:\/\/blogdofarnesio.com.br\/?author=7"}]}},"_links":{"self":[{"href":"https:\/\/blogdofarnesio.com.br\/index.php?rest_route=\/wp\/v2\/posts\/117898","targetHints":{"allow":["GET"]}}],"collection":[{"href":"https:\/\/blogdofarnesio.com.br\/index.php?rest_route=\/wp\/v2\/posts"}],"about":[{"href":"https:\/\/blogdofarnesio.com.br\/index.php?rest_route=\/wp\/v2\/types\/post"}],"author":[{"embeddable":true,"href":"https:\/\/blogdofarnesio.com.br\/index.php?rest_route=\/wp\/v2\/users\/7"}],"replies":[{"embeddable":true,"href":"https:\/\/blogdofarnesio.com.br\/index.php?rest_route=%2Fwp%2Fv2%2Fcomments&post=117898"}],"version-history":[{"count":0,"href":"https:\/\/blogdofarnesio.com.br\/index.php?rest_route=\/wp\/v2\/posts\/117898\/revisions"}],"wp:featuredmedia":[{"embeddable":true,"href":"https:\/\/blogdofarnesio.com.br\/index.php?rest_route=\/wp\/v2\/media\/117899"}],"wp:attachment":[{"href":"https:\/\/blogdofarnesio.com.br\/index.php?rest_route=%2Fwp%2Fv2%2Fmedia&parent=117898"}],"wp:term":[{"taxonomy":"category","embeddable":true,"href":"https:\/\/blogdofarnesio.com.br\/index.php?rest_route=%2Fwp%2Fv2%2Fcategories&post=117898"},{"taxonomy":"post_tag","embeddable":true,"href":"https:\/\/blogdofarnesio.com.br\/index.php?rest_route=%2Fwp%2Fv2%2Ftags&post=117898"}],"curies":[{"name":"wp","href":"https:\/\/api.w.org\/{rel}","templated":true}]}}