{"id":117798,"date":"2015-03-02T12:00:17","date_gmt":"2015-03-02T15:00:17","guid":{"rendered":"http:\/\/www.quersaberpolitica.com.br\/?p=117798"},"modified":"2015-03-02T15:53:22","modified_gmt":"2015-03-02T18:53:22","slug":"ddeputado-adalberto-cavalcante-recupera-se-de-dupla-fratura-na-perna-apos-acidente-de-moto","status":"publish","type":"post","link":"https:\/\/blogdofarnesio.com.br\/2015\/03\/ddeputado-adalberto-cavalcante-recupera-se-de-dupla-fratura-na-perna-apos-acidente-de-moto\/","title":{"rendered":"DEPUTADO ADALBERTO CAVALCANTI RECUPERA-SE DE DUPLA FRATURA NA PERNA AP\u00d3S ACIDENTE DE MOTO"},"content":{"rendered":"<div>\n<figure id=\"attachment_117801\" aria-describedby=\"caption-attachment-117801\" style=\"width: 448px\" class=\"wp-caption aligncenter\"><a href=\"http:\/\/www.quersaberpolitica.com.br\/2016\/wp-content\/uploads\/2015\/03\/blogqspdepadalbertocavalcante2.jpg\"><img loading=\"lazy\" decoding=\"async\" class=\"size-full wp-image-117801 \" alt=\"blogqspdepadalbertocavalcante2\" src=\"http:\/\/www.quersaberpolitica.com.br\/2016\/wp-content\/uploads\/2015\/03\/blogqspdepadalbertocavalcante2.jpg\" width=\"448\" height=\"207\" srcset=\"https:\/\/blogdofarnesio.com.br\/wp-content\/uploads\/2015\/03\/blogqspdepadalbertocavalcante2.jpg 448w, https:\/\/blogdofarnesio.com.br\/wp-content\/uploads\/2015\/03\/blogqspdepadalbertocavalcante2-300x138.jpg 300w\" sizes=\"auto, (max-width: 448px) 100vw, 448px\" \/><\/a><figcaption id=\"caption-attachment-117801\" class=\"wp-caption-text\">Deputado Adalberto Cavalcanti Foto Farn\u00e9sio Silva<\/figcaption><\/figure>\n<p style=\"text-align: justify\">O Deputado Adalberto Cavalcanti sofreu uma acidente de moto neste s\u00e1bado(28) em sua fazenda na cidade de Afr\u00e2nio-PE, quando\u00a0estava cuidando junto com o morador de seus animais e subiu na moto para tanger os bichos. \u00a0Num descuido terminou derrapando em um barranco e sofreu uma queda o que resultou em \u00a0fraturas na perna direita em dois lugares<\/p>\n<\/div>\n<div style=\"text-align: justify\">Ele foi atendido em uma unidade hospitalar \u00a0em Juazeiro-BA e os m\u00e9dicos constataram as fraturas. Depois de imobilizada a perna com gesso, \u00a0ele retornou para a sua residencia em Petrolina e dever\u00e1 ficar pelo menos sessenta \u00a0dias sem atividades por conta do acidente.<\/div>\n","protected":false},"excerpt":{"rendered":"<p>O Deputado Adalberto Cavalcanti sofreu uma acidente de moto neste s\u00e1bado(28) em sua fazenda na cidade de Afr\u00e2nio-PE, quando\u00a0estava cuidando junto com o morador de seus animais e subiu na moto para tanger os bichos. \u00a0Num descuido terminou derrapando em um barranco e sofreu uma queda o que resultou em \u00a0fraturas na perna direita em dois lugares Ele foi atendido em uma unidade hospitalar \u00a0em Juazeiro-BA e os m\u00e9dicos constataram as fraturas. Depois de imobilizada a perna com gesso, \u00a0ele retornou para a sua residencia em Petrolina e dever\u00e1 ficar pelo menos sessenta \u00a0dias sem atividades por conta do acidente.<\/p>\n","protected":false},"author":3,"featured_media":0,"comment_status":"open","ping_status":"open","sticky":false,"template":"","format":"standard","meta":{"_acf_changed":false,"footnotes":""},"categories":[1],"tags":[],"class_list":["post-117798","post","type-post","status-publish","format-standard","hentry","category-politica"],"acf":[],"yoast_head":"<!-- This site is optimized with the Yoast SEO plugin v27.5 - https:\/\/yoast.com\/product\/yoast-seo-wordpress\/ -->\n<title>DEPUTADO ADALBERTO CAVALCANTI RECUPERA-SE DE DUPLA FRATURA NA PERNA AP\u00d3S ACIDENTE DE MOTO - Blog do Farn\u00e9sio<\/title>\n<meta name=\"robots\" content=\"index, follow, max-snippet:-1, max-image-preview:large, max-video-preview:-1\" \/>\n<link rel=\"canonical\" href=\"https:\/\/blogdofarnesio.com.br\/2015\/03\/ddeputado-adalberto-cavalcante-recupera-se-de-dupla-fratura-na-perna-apos-acidente-de-moto\/\" \/>\n<meta property=\"og:locale\" content=\"pt_BR\" \/>\n<meta property=\"og:type\" content=\"article\" \/>\n<meta property=\"og:title\" content=\"DEPUTADO ADALBERTO CAVALCANTI RECUPERA-SE DE DUPLA FRATURA NA PERNA AP\u00d3S ACIDENTE DE MOTO - Blog do Farn\u00e9sio\" \/>\n<meta property=\"og:description\" content=\"O Deputado Adalberto Cavalcanti sofreu uma acidente de moto neste s\u00e1bado(28) em sua fazenda na cidade de Afr\u00e2nio-PE, quando\u00a0estava cuidando junto com o morador de seus animais e subiu na moto para tanger os bichos. \u00a0Num descuido terminou derrapando em um barranco e sofreu uma queda o que resultou em \u00a0fraturas na perna direita em dois lugares Ele foi atendido em uma unidade hospitalar \u00a0em Juazeiro-BA e os m\u00e9dicos constataram as fraturas. Depois de imobilizada a perna com gesso, \u00a0ele retornou para a sua residencia em Petrolina e dever\u00e1 ficar pelo menos sessenta \u00a0dias sem atividades por conta do acidente.\" \/>\n<meta property=\"og:url\" content=\"https:\/\/blogdofarnesio.com.br\/2015\/03\/ddeputado-adalberto-cavalcante-recupera-se-de-dupla-fratura-na-perna-apos-acidente-de-moto\/\" \/>\n<meta property=\"og:site_name\" content=\"Blog do Farn\u00e9sio\" \/>\n<meta property=\"article:publisher\" content=\"https:\/\/www.facebook.com\/BlogQuerSaberPolitica\/\" \/>\n<meta property=\"article:published_time\" content=\"2015-03-02T15:00:17+00:00\" \/>\n<meta property=\"article:modified_time\" content=\"2015-03-02T18:53:22+00:00\" \/>\n<meta property=\"og:image\" content=\"http:\/\/www.quersaberpolitica.com.br\/2016\/wp-content\/uploads\/2015\/03\/blogqspdepadalbertocavalcante2.jpg\" \/>\n<meta name=\"author\" content=\"teste\" \/>\n<meta name=\"twitter:card\" content=\"summary_large_image\" \/>\n<meta name=\"twitter:label1\" content=\"Escrito por\" \/>\n\t<meta name=\"twitter:data1\" content=\"teste\" \/>\n\t<meta name=\"twitter:label2\" content=\"Est. tempo de leitura\" \/>\n\t<meta name=\"twitter:data2\" content=\"1 minuto\" \/>\n<script type=\"application\/ld+json\" class=\"yoast-schema-graph\">{\"@context\":\"https:\\\/\\\/schema.org\",\"@graph\":[{\"@type\":\"Article\",\"@id\":\"https:\\\/\\\/blogdofarnesio.com.br\\\/2015\\\/03\\\/ddeputado-adalberto-cavalcante-recupera-se-de-dupla-fratura-na-perna-apos-acidente-de-moto\\\/#article\",\"isPartOf\":{\"@id\":\"https:\\\/\\\/blogdofarnesio.com.br\\\/2015\\\/03\\\/ddeputado-adalberto-cavalcante-recupera-se-de-dupla-fratura-na-perna-apos-acidente-de-moto\\\/\"},\"author\":{\"name\":\"teste\",\"@id\":\"https:\\\/\\\/blogdofarnesio.com.br\\\/#\\\/schema\\\/person\\\/dd1bf5eba40b687199ba45ca6b97dff9\"},\"headline\":\"DEPUTADO ADALBERTO CAVALCANTI RECUPERA-SE DE DUPLA FRATURA NA PERNA AP\u00d3S ACIDENTE DE MOTO\",\"datePublished\":\"2015-03-02T15:00:17+00:00\",\"dateModified\":\"2015-03-02T18:53:22+00:00\",\"mainEntityOfPage\":{\"@id\":\"https:\\\/\\\/blogdofarnesio.com.br\\\/2015\\\/03\\\/ddeputado-adalberto-cavalcante-recupera-se-de-dupla-fratura-na-perna-apos-acidente-de-moto\\\/\"},\"wordCount\":132,\"commentCount\":0,\"publisher\":{\"@id\":\"https:\\\/\\\/blogdofarnesio.com.br\\\/#organization\"},\"image\":{\"@id\":\"https:\\\/\\\/blogdofarnesio.com.br\\\/2015\\\/03\\\/ddeputado-adalberto-cavalcante-recupera-se-de-dupla-fratura-na-perna-apos-acidente-de-moto\\\/#primaryimage\"},\"thumbnailUrl\":\"http:\\\/\\\/www.quersaberpolitica.com.br\\\/2016\\\/wp-content\\\/uploads\\\/2015\\\/03\\\/blogqspdepadalbertocavalcante2.jpg\",\"articleSection\":[\"Pol\u00edtica\"],\"inLanguage\":\"pt-BR\",\"potentialAction\":[{\"@type\":\"CommentAction\",\"name\":\"Comment\",\"target\":[\"https:\\\/\\\/blogdofarnesio.com.br\\\/2015\\\/03\\\/ddeputado-adalberto-cavalcante-recupera-se-de-dupla-fratura-na-perna-apos-acidente-de-moto\\\/#respond\"]}]},{\"@type\":\"WebPage\",\"@id\":\"https:\\\/\\\/blogdofarnesio.com.br\\\/2015\\\/03\\\/ddeputado-adalberto-cavalcante-recupera-se-de-dupla-fratura-na-perna-apos-acidente-de-moto\\\/\",\"url\":\"https:\\\/\\\/blogdofarnesio.com.br\\\/2015\\\/03\\\/ddeputado-adalberto-cavalcante-recupera-se-de-dupla-fratura-na-perna-apos-acidente-de-moto\\\/\",\"name\":\"DEPUTADO ADALBERTO CAVALCANTI RECUPERA-SE DE DUPLA FRATURA NA PERNA AP\u00d3S ACIDENTE DE MOTO - Blog do Farn\u00e9sio\",\"isPartOf\":{\"@id\":\"https:\\\/\\\/blogdofarnesio.com.br\\\/#website\"},\"primaryImageOfPage\":{\"@id\":\"https:\\\/\\\/blogdofarnesio.com.br\\\/2015\\\/03\\\/ddeputado-adalberto-cavalcante-recupera-se-de-dupla-fratura-na-perna-apos-acidente-de-moto\\\/#primaryimage\"},\"image\":{\"@id\":\"https:\\\/\\\/blogdofarnesio.com.br\\\/2015\\\/03\\\/ddeputado-adalberto-cavalcante-recupera-se-de-dupla-fratura-na-perna-apos-acidente-de-moto\\\/#primaryimage\"},\"thumbnailUrl\":\"http:\\\/\\\/www.quersaberpolitica.com.br\\\/2016\\\/wp-content\\\/uploads\\\/2015\\\/03\\\/blogqspdepadalbertocavalcante2.jpg\",\"datePublished\":\"2015-03-02T15:00:17+00:00\",\"dateModified\":\"2015-03-02T18:53:22+00:00\",\"breadcrumb\":{\"@id\":\"https:\\\/\\\/blogdofarnesio.com.br\\\/2015\\\/03\\\/ddeputado-adalberto-cavalcante-recupera-se-de-dupla-fratura-na-perna-apos-acidente-de-moto\\\/#breadcrumb\"},\"inLanguage\":\"pt-BR\",\"potentialAction\":[{\"@type\":\"ReadAction\",\"target\":[\"https:\\\/\\\/blogdofarnesio.com.br\\\/2015\\\/03\\\/ddeputado-adalberto-cavalcante-recupera-se-de-dupla-fratura-na-perna-apos-acidente-de-moto\\\/\"]}]},{\"@type\":\"ImageObject\",\"inLanguage\":\"pt-BR\",\"@id\":\"https:\\\/\\\/blogdofarnesio.com.br\\\/2015\\\/03\\\/ddeputado-adalberto-cavalcante-recupera-se-de-dupla-fratura-na-perna-apos-acidente-de-moto\\\/#primaryimage\",\"url\":\"http:\\\/\\\/www.quersaberpolitica.com.br\\\/2016\\\/wp-content\\\/uploads\\\/2015\\\/03\\\/blogqspdepadalbertocavalcante2.jpg\",\"contentUrl\":\"http:\\\/\\\/www.quersaberpolitica.com.br\\\/2016\\\/wp-content\\\/uploads\\\/2015\\\/03\\\/blogqspdepadalbertocavalcante2.jpg\"},{\"@type\":\"BreadcrumbList\",\"@id\":\"https:\\\/\\\/blogdofarnesio.com.br\\\/2015\\\/03\\\/ddeputado-adalberto-cavalcante-recupera-se-de-dupla-fratura-na-perna-apos-acidente-de-moto\\\/#breadcrumb\",\"itemListElement\":[{\"@type\":\"ListItem\",\"position\":1,\"name\":\"In\u00edcio\",\"item\":\"https:\\\/\\\/blogdofarnesio.com.br\\\/\"},{\"@type\":\"ListItem\",\"position\":2,\"name\":\"DEPUTADO ADALBERTO CAVALCANTI RECUPERA-SE DE DUPLA FRATURA NA PERNA AP\u00d3S ACIDENTE DE MOTO\"}]},{\"@type\":\"WebSite\",\"@id\":\"https:\\\/\\\/blogdofarnesio.com.br\\\/#website\",\"url\":\"https:\\\/\\\/blogdofarnesio.com.br\\\/\",\"name\":\"Blog do Farn\u00e9sio\",\"description\":\"Quer Saber Pol\u00edtica?\",\"publisher\":{\"@id\":\"https:\\\/\\\/blogdofarnesio.com.br\\\/#organization\"},\"potentialAction\":[{\"@type\":\"SearchAction\",\"target\":{\"@type\":\"EntryPoint\",\"urlTemplate\":\"https:\\\/\\\/blogdofarnesio.com.br\\\/?s={search_term_string}\"},\"query-input\":{\"@type\":\"PropertyValueSpecification\",\"valueRequired\":true,\"valueName\":\"search_term_string\"}}],\"inLanguage\":\"pt-BR\"},{\"@type\":\"Organization\",\"@id\":\"https:\\\/\\\/blogdofarnesio.com.br\\\/#organization\",\"name\":\"Blog do Farn\u00e9sio\",\"url\":\"https:\\\/\\\/blogdofarnesio.com.br\\\/\",\"logo\":{\"@type\":\"ImageObject\",\"inLanguage\":\"pt-BR\",\"@id\":\"https:\\\/\\\/blogdofarnesio.com.br\\\/#\\\/schema\\\/logo\\\/image\\\/\",\"url\":\"https:\\\/\\\/blogdofarnesio.com.br\\\/wp-content\\\/uploads\\\/2026\\\/03\\\/cropped-logo_new-1.png\",\"contentUrl\":\"https:\\\/\\\/blogdofarnesio.com.br\\\/wp-content\\\/uploads\\\/2026\\\/03\\\/cropped-logo_new-1.png\",\"width\":881,\"height\":685,\"caption\":\"Blog do Farn\u00e9sio\"},\"image\":{\"@id\":\"https:\\\/\\\/blogdofarnesio.com.br\\\/#\\\/schema\\\/logo\\\/image\\\/\"},\"sameAs\":[\"https:\\\/\\\/www.facebook.com\\\/BlogQuerSaberPolitica\\\/\"]},{\"@type\":\"Person\",\"@id\":\"https:\\\/\\\/blogdofarnesio.com.br\\\/#\\\/schema\\\/person\\\/dd1bf5eba40b687199ba45ca6b97dff9\",\"name\":\"teste\",\"image\":{\"@type\":\"ImageObject\",\"inLanguage\":\"pt-BR\",\"@id\":\"https:\\\/\\\/secure.gravatar.com\\\/avatar\\\/2172498d4914b51e1d89a0f97957b035ac4938723a5cac208135d389b6972a6d?s=96&d=mm&r=g\",\"url\":\"https:\\\/\\\/secure.gravatar.com\\\/avatar\\\/2172498d4914b51e1d89a0f97957b035ac4938723a5cac208135d389b6972a6d?s=96&d=mm&r=g\",\"contentUrl\":\"https:\\\/\\\/secure.gravatar.com\\\/avatar\\\/2172498d4914b51e1d89a0f97957b035ac4938723a5cac208135d389b6972a6d?s=96&d=mm&r=g\",\"caption\":\"teste\"},\"url\":\"https:\\\/\\\/blogdofarnesio.com.br\\\/author\\\/teste\\\/\"}]}<\/script>\n<!-- \/ Yoast SEO plugin. -->","yoast_head_json":{"title":"DEPUTADO ADALBERTO CAVALCANTI RECUPERA-SE DE DUPLA FRATURA NA PERNA AP\u00d3S ACIDENTE DE MOTO - Blog do Farn\u00e9sio","robots":{"index":"index","follow":"follow","max-snippet":"max-snippet:-1","max-image-preview":"max-image-preview:large","max-video-preview":"max-video-preview:-1"},"canonical":"https:\/\/blogdofarnesio.com.br\/2015\/03\/ddeputado-adalberto-cavalcante-recupera-se-de-dupla-fratura-na-perna-apos-acidente-de-moto\/","og_locale":"pt_BR","og_type":"article","og_title":"DEPUTADO ADALBERTO CAVALCANTI RECUPERA-SE DE DUPLA FRATURA NA PERNA AP\u00d3S ACIDENTE DE MOTO - Blog do Farn\u00e9sio","og_description":"O Deputado Adalberto Cavalcanti sofreu uma acidente de moto neste s\u00e1bado(28) em sua fazenda na cidade de Afr\u00e2nio-PE, quando\u00a0estava cuidando junto com o morador de seus animais e subiu na moto para tanger os bichos. \u00a0Num descuido terminou derrapando em um barranco e sofreu uma queda o que resultou em \u00a0fraturas na perna direita em dois lugares Ele foi atendido em uma unidade hospitalar \u00a0em Juazeiro-BA e os m\u00e9dicos constataram as fraturas. Depois de imobilizada a perna com gesso, \u00a0ele retornou para a sua residencia em Petrolina e dever\u00e1 ficar pelo menos sessenta \u00a0dias sem atividades por conta do acidente.","og_url":"https:\/\/blogdofarnesio.com.br\/2015\/03\/ddeputado-adalberto-cavalcante-recupera-se-de-dupla-fratura-na-perna-apos-acidente-de-moto\/","og_site_name":"Blog do Farn\u00e9sio","article_publisher":"https:\/\/www.facebook.com\/BlogQuerSaberPolitica\/","article_published_time":"2015-03-02T15:00:17+00:00","article_modified_time":"2015-03-02T18:53:22+00:00","og_image":[{"url":"http:\/\/www.quersaberpolitica.com.br\/2016\/wp-content\/uploads\/2015\/03\/blogqspdepadalbertocavalcante2.jpg","type":"","width":"","height":""}],"author":"teste","twitter_card":"summary_large_image","twitter_misc":{"Escrito por":"teste","Est. tempo de leitura":"1 minuto"},"schema":{"@context":"https:\/\/schema.org","@graph":[{"@type":"Article","@id":"https:\/\/blogdofarnesio.com.br\/2015\/03\/ddeputado-adalberto-cavalcante-recupera-se-de-dupla-fratura-na-perna-apos-acidente-de-moto\/#article","isPartOf":{"@id":"https:\/\/blogdofarnesio.com.br\/2015\/03\/ddeputado-adalberto-cavalcante-recupera-se-de-dupla-fratura-na-perna-apos-acidente-de-moto\/"},"author":{"name":"teste","@id":"https:\/\/blogdofarnesio.com.br\/#\/schema\/person\/dd1bf5eba40b687199ba45ca6b97dff9"},"headline":"DEPUTADO ADALBERTO CAVALCANTI RECUPERA-SE DE DUPLA FRATURA NA PERNA AP\u00d3S ACIDENTE DE MOTO","datePublished":"2015-03-02T15:00:17+00:00","dateModified":"2015-03-02T18:53:22+00:00","mainEntityOfPage":{"@id":"https:\/\/blogdofarnesio.com.br\/2015\/03\/ddeputado-adalberto-cavalcante-recupera-se-de-dupla-fratura-na-perna-apos-acidente-de-moto\/"},"wordCount":132,"commentCount":0,"publisher":{"@id":"https:\/\/blogdofarnesio.com.br\/#organization"},"image":{"@id":"https:\/\/blogdofarnesio.com.br\/2015\/03\/ddeputado-adalberto-cavalcante-recupera-se-de-dupla-fratura-na-perna-apos-acidente-de-moto\/#primaryimage"},"thumbnailUrl":"http:\/\/www.quersaberpolitica.com.br\/2016\/wp-content\/uploads\/2015\/03\/blogqspdepadalbertocavalcante2.jpg","articleSection":["Pol\u00edtica"],"inLanguage":"pt-BR","potentialAction":[{"@type":"CommentAction","name":"Comment","target":["https:\/\/blogdofarnesio.com.br\/2015\/03\/ddeputado-adalberto-cavalcante-recupera-se-de-dupla-fratura-na-perna-apos-acidente-de-moto\/#respond"]}]},{"@type":"WebPage","@id":"https:\/\/blogdofarnesio.com.br\/2015\/03\/ddeputado-adalberto-cavalcante-recupera-se-de-dupla-fratura-na-perna-apos-acidente-de-moto\/","url":"https:\/\/blogdofarnesio.com.br\/2015\/03\/ddeputado-adalberto-cavalcante-recupera-se-de-dupla-fratura-na-perna-apos-acidente-de-moto\/","name":"DEPUTADO ADALBERTO CAVALCANTI RECUPERA-SE DE DUPLA FRATURA NA PERNA AP\u00d3S ACIDENTE DE MOTO - Blog do Farn\u00e9sio","isPartOf":{"@id":"https:\/\/blogdofarnesio.com.br\/#website"},"primaryImageOfPage":{"@id":"https:\/\/blogdofarnesio.com.br\/2015\/03\/ddeputado-adalberto-cavalcante-recupera-se-de-dupla-fratura-na-perna-apos-acidente-de-moto\/#primaryimage"},"image":{"@id":"https:\/\/blogdofarnesio.com.br\/2015\/03\/ddeputado-adalberto-cavalcante-recupera-se-de-dupla-fratura-na-perna-apos-acidente-de-moto\/#primaryimage"},"thumbnailUrl":"http:\/\/www.quersaberpolitica.com.br\/2016\/wp-content\/uploads\/2015\/03\/blogqspdepadalbertocavalcante2.jpg","datePublished":"2015-03-02T15:00:17+00:00","dateModified":"2015-03-02T18:53:22+00:00","breadcrumb":{"@id":"https:\/\/blogdofarnesio.com.br\/2015\/03\/ddeputado-adalberto-cavalcante-recupera-se-de-dupla-fratura-na-perna-apos-acidente-de-moto\/#breadcrumb"},"inLanguage":"pt-BR","potentialAction":[{"@type":"ReadAction","target":["https:\/\/blogdofarnesio.com.br\/2015\/03\/ddeputado-adalberto-cavalcante-recupera-se-de-dupla-fratura-na-perna-apos-acidente-de-moto\/"]}]},{"@type":"ImageObject","inLanguage":"pt-BR","@id":"https:\/\/blogdofarnesio.com.br\/2015\/03\/ddeputado-adalberto-cavalcante-recupera-se-de-dupla-fratura-na-perna-apos-acidente-de-moto\/#primaryimage","url":"http:\/\/www.quersaberpolitica.com.br\/2016\/wp-content\/uploads\/2015\/03\/blogqspdepadalbertocavalcante2.jpg","contentUrl":"http:\/\/www.quersaberpolitica.com.br\/2016\/wp-content\/uploads\/2015\/03\/blogqspdepadalbertocavalcante2.jpg"},{"@type":"BreadcrumbList","@id":"https:\/\/blogdofarnesio.com.br\/2015\/03\/ddeputado-adalberto-cavalcante-recupera-se-de-dupla-fratura-na-perna-apos-acidente-de-moto\/#breadcrumb","itemListElement":[{"@type":"ListItem","position":1,"name":"In\u00edcio","item":"https:\/\/blogdofarnesio.com.br\/"},{"@type":"ListItem","position":2,"name":"DEPUTADO ADALBERTO CAVALCANTI RECUPERA-SE DE DUPLA FRATURA NA PERNA AP\u00d3S ACIDENTE DE MOTO"}]},{"@type":"WebSite","@id":"https:\/\/blogdofarnesio.com.br\/#website","url":"https:\/\/blogdofarnesio.com.br\/","name":"Blog do Farn\u00e9sio","description":"Quer Saber Pol\u00edtica?","publisher":{"@id":"https:\/\/blogdofarnesio.com.br\/#organization"},"potentialAction":[{"@type":"SearchAction","target":{"@type":"EntryPoint","urlTemplate":"https:\/\/blogdofarnesio.com.br\/?s={search_term_string}"},"query-input":{"@type":"PropertyValueSpecification","valueRequired":true,"valueName":"search_term_string"}}],"inLanguage":"pt-BR"},{"@type":"Organization","@id":"https:\/\/blogdofarnesio.com.br\/#organization","name":"Blog do Farn\u00e9sio","url":"https:\/\/blogdofarnesio.com.br\/","logo":{"@type":"ImageObject","inLanguage":"pt-BR","@id":"https:\/\/blogdofarnesio.com.br\/#\/schema\/logo\/image\/","url":"https:\/\/blogdofarnesio.com.br\/wp-content\/uploads\/2026\/03\/cropped-logo_new-1.png","contentUrl":"https:\/\/blogdofarnesio.com.br\/wp-content\/uploads\/2026\/03\/cropped-logo_new-1.png","width":881,"height":685,"caption":"Blog do Farn\u00e9sio"},"image":{"@id":"https:\/\/blogdofarnesio.com.br\/#\/schema\/logo\/image\/"},"sameAs":["https:\/\/www.facebook.com\/BlogQuerSaberPolitica\/"]},{"@type":"Person","@id":"https:\/\/blogdofarnesio.com.br\/#\/schema\/person\/dd1bf5eba40b687199ba45ca6b97dff9","name":"teste","image":{"@type":"ImageObject","inLanguage":"pt-BR","@id":"https:\/\/secure.gravatar.com\/avatar\/2172498d4914b51e1d89a0f97957b035ac4938723a5cac208135d389b6972a6d?s=96&d=mm&r=g","url":"https:\/\/secure.gravatar.com\/avatar\/2172498d4914b51e1d89a0f97957b035ac4938723a5cac208135d389b6972a6d?s=96&d=mm&r=g","contentUrl":"https:\/\/secure.gravatar.com\/avatar\/2172498d4914b51e1d89a0f97957b035ac4938723a5cac208135d389b6972a6d?s=96&d=mm&r=g","caption":"teste"},"url":"https:\/\/blogdofarnesio.com.br\/author\/teste\/"}]}},"_links":{"self":[{"href":"https:\/\/blogdofarnesio.com.br\/wp-json\/wp\/v2\/posts\/117798","targetHints":{"allow":["GET"]}}],"collection":[{"href":"https:\/\/blogdofarnesio.com.br\/wp-json\/wp\/v2\/posts"}],"about":[{"href":"https:\/\/blogdofarnesio.com.br\/wp-json\/wp\/v2\/types\/post"}],"author":[{"embeddable":true,"href":"https:\/\/blogdofarnesio.com.br\/wp-json\/wp\/v2\/users\/3"}],"replies":[{"embeddable":true,"href":"https:\/\/blogdofarnesio.com.br\/wp-json\/wp\/v2\/comments?post=117798"}],"version-history":[{"count":0,"href":"https:\/\/blogdofarnesio.com.br\/wp-json\/wp\/v2\/posts\/117798\/revisions"}],"wp:attachment":[{"href":"https:\/\/blogdofarnesio.com.br\/wp-json\/wp\/v2\/media?parent=117798"}],"wp:term":[{"taxonomy":"category","embeddable":true,"href":"https:\/\/blogdofarnesio.com.br\/wp-json\/wp\/v2\/categories?post=117798"},{"taxonomy":"post_tag","embeddable":true,"href":"https:\/\/blogdofarnesio.com.br\/wp-json\/wp\/v2\/tags?post=117798"}],"curies":[{"name":"wp","href":"https:\/\/api.w.org\/{rel}","templated":true}]}}