{"id":11733,"date":"2012-03-07T06:11:06","date_gmt":"2012-03-07T06:11:06","guid":{"rendered":"http:\/\/www.quersaberpolitica.com.br?p=11733"},"modified":"-0001-11-30T00:00:00","modified_gmt":"-0001-11-30T03:00:00","slug":"equipe-do-nova-semente-recebe-capacitacao-de-consultora-internacional-do-unicef","status":"publish","type":"post","link":"https:\/\/blogdofarnesio.com.br\/?p=11733","title":{"rendered":"Equipe do Nova Semente recebe capacita\u00e7\u00e3o de consultora internacional do Unicef"},"content":{"rendered":"<p style=\"text-align: justify; \"><span style=\"font-size: small;\"><a rel=\"lightbox\" href=\"http:\/\/www.quersaberpolitica.com.br\/2016\/wp-content\/uploads\/2012\/12\/blogqspprefeitojlmonicacoutopsicologany.jpg\"><img loading=\"lazy\" decoding=\"async\" style=\"margin-top: 5px; margin-bottom: 5px; margin-left: 10px; margin-right: 10px; float: left; \" title=\"Imagem Divulga&ccedil;&atilde;o\" src=\"http:\/\/www.quersaberpolitica.com.br\/2016\/wp-content\/uploads\/2012\/12\/blogqspprefeitojlmonicacoutopsicologany.jpg\" alt=\"\" width=\"200\" height=\"133\" \/><\/a>Com propostas inovadoras que v&ecirc;m dando resultados significativos, o programa Nova Semente tem atra&iacute;do aten&ccedil;&atilde;o e curiosidade de v&aacute;rias autoridades pol&iacute;ticas e pesquisadores acad&ecirc;micos. De forma a agregar conhecimentos e ajudar o programa continuar a desenvolver bem &agrave;s crian&ccedil;as atendidas, o Instituto Alfa e Beto (IAB) em parceria com a Prefeitura Municipal de Petrolina est&aacute; trazendo para o munic&iacute;pio a norte-americana Jane E. Lucas, PhD em Psicologia Social, pela Universidade de Nova York, e consultora do Unicef.<\/span><\/p>\n<p style=\"text-align: justify; \"><span style=\"font-size: small;\">Ser&atilde;o duas semanas de Treinamento para Treinadores (TOT), de 05 a 16 de mar&ccedil;o, divididas em curso b&aacute;sico I e II que ter&atilde;o como tema &#8220;Como estabelecer e fortalecer as rela&ccedil;&otilde;es de afeto na primeira inf&acirc;ncia&#8221;. O curso b&aacute;sico I ser&aacute; voltado para doze pessoas entre representantes do IAB, do programa Nova Semente, da Secretaria Municipal de Educa&ccedil;&atilde;o e da Secretaria de Sa&uacute;de, que aprender&atilde;o a potencializar a intera&ccedil;&atilde;o entre os cuidadores prim&aacute;rios (m&atilde;es, pais e av&oacute;s) com os beb&ecirc;s. No curso b&aacute;sico II, as 12 pessoas capacitadas passar&atilde;o para 24 sementeiras, sob a supervis&atilde;o de Dra. Jane Lucas, tudo o que aprenderam na primeira etapa.<\/span><\/p>\n<p style=\"text-align: justify; \"><span style=\"font-size: small;\">O objetivo &eacute; que o curso promova a multiplica&ccedil;&atilde;o de cuidadores para que possam dar suporte aos pais durante os primeiros anos de vida das crian&ccedil;as. &#8220;N&oacute;s trouxemos a Jane com a inten&ccedil;&atilde;o de capacitar treinadores para que possam multiplicar a&ccedil;&otilde;es de cuidados na primeira inf&acirc;ncia. Percebemos nos nossos estudos que a rela&ccedil;&atilde;o entre o primeiro cuidador e a crian&ccedil;a &eacute; imprescind&iacute;vel na forma como essa crian&ccedil;a ir&aacute; se desenvolver depois&#8221;, explicou a representante do IAB, Denise Rocha.<\/span><\/p>\n<p style=\"text-align: justify; \"><span style=\"font-size: small;\">Al&eacute;m dos cursos, Jane Lucas ir&aacute; ministrar no s&aacute;bado (10), no audit&oacute;rio do Sest\/Senat um semin&aacute;rio internacional voltado para as gestoras, sementeiras e m&atilde;es das crian&ccedil;as que participam do programa Nova Semente. No semin&aacute;rio, ser&aacute; destacado a import&acirc;ncia de se estabelecer fortes v&iacute;nculos afetivos com a pessoa que ser&aacute; imediatamente respons&aacute;vel por cuidar da crian&ccedil;a. &#8220;A proposta &eacute; passar t&eacute;cnicas de estrat&eacute;gias bem simples de atividades, brincadeiras e comunica&ccedil;&atilde;o adequadas a cada faixa et&aacute;ria das crian&ccedil;as. Os cuidadores e educadores j&aacute; t&ecirc;m uma grande sensibilidade e conhecem as necessidades das crian&ccedil;as, pretendo agregar algumas ferramentas a esses cuidados&#8221;, explicou Dra. Jane.<\/span><\/p>\n<p style=\"text-align: justify; \"><span style=\"font-size: small;\">Ela reitera que ainda n&atilde;o conhece na pr&aacute;tica o programa Nova Semente, mas gostou do que ouviu falar. &#8220;At&eacute; o momento fiquei muito impressionada com o que soube, com o foco e objetivo do programa e com a rapidez com que foi implementado&#8221;, disse.<\/span><\/p>\n<p style=\"text-align: justify; \"><span style=\"font-size: small;\">O prefeito Julio Lossio agradeceu a vinda da consultora e pediu dedica&ccedil;&atilde;o a todos os participantes. &#8220;Este momento &eacute; de grande avan&ccedil;o para o programa Nova Semente, pois atrav&eacute;s das experi&ecirc;ncias internacionais podemos compartilhar conhecimentos e saber como a educa&ccedil;&atilde;o do nosso pa&iacute;s e munic&iacute;pio est&aacute;. Pe&ccedil;o a todos os participantes que aproveitem bem este momento de aprendizado e oportunidade para que possamos avan&ccedil;ar ainda mais com o nosso programa&#8221;, ressaltou.<\/span><\/p>\n<p style=\"text-align: justify; \"><span style=\"font-size: small;\">Aproveitando o momento, o prefeito anunciou novidades dentro do programa Nova Semente. &#8220;Em breve, estaremos lan&ccedil;ando o Nova Semente Rural, para que as educadoras cheguem &agrave;s casas das crian&ccedil;as da &aacute;rea rural que n&atilde;o estudam, mesmo com as m&atilde;es em casa. Al&eacute;m disso teremos a mototeca, biblioteca itinerante que tamb&eacute;m chegar&aacute; &agrave;s casas dessas fam&iacute;lias&#8221;, anunciou.<\/span><\/p>\n<p style=\"text-align: justify; \"><span style=\"font-size: small; \"><strong>Sobre a palestrante<\/strong><\/span><\/p>\n<p style=\"text-align: justify; \"><span style=\"font-size: small;\">Jane E. Lucas &eacute; PhD em Psicologia Social pela Universidade de Nova York, desenvolve in&uacute;meras pesquisas centradas em sa&uacute;de p&uacute;blica e possui uma larga experi&ecirc;ncia no desenvolvimento de mat&eacute;rias educativas, supervis&atilde;o e interven&ccedil;&otilde;es nas &aacute;reas de educa&ccedil;&atilde;o e sa&uacute;de para crian&ccedil;as e adolescentes no pa&iacute;s. Tamb&eacute;m presta consultoria para a Organiza&ccedil;&atilde;o Mundial de Sa&uacute;de, Unicef e USAID.<\/span><\/p>\n<p style=\"text-align: justify; \"><span style=\"font-size: small;\">(Ascom PMP)<\/span><\/p>\n","protected":false},"excerpt":{"rendered":"<p>Com propostas inovadoras que v&ecirc;m dando resultados significativos, o programa Nova Semente tem atra&iacute;do aten&ccedil;&atilde;o e curiosidade de v&aacute;rias autoridades pol&iacute;ticas e pesquisadores acad&ecirc;micos. De forma a agregar conhecimentos e ajudar o programa continuar a desenvolver bem &agrave;s crian&ccedil;as atendidas, o Instituto Alfa e Beto (IAB) em parceria com a Prefeitura Municipal de Petrolina est&aacute; trazendo para o munic&iacute;pio a norte-americana Jane E. Lucas, PhD em Psicologia Social, pela Universidade de Nova York, e consultora do Unicef. Ser&atilde;o duas semanas de Treinamento para Treinadores (TOT), de 05 a 16 de mar&ccedil;o, divididas em curso b&aacute;sico I e II que ter&atilde;o como tema &#8220;Como estabelecer e fortalecer as rela&ccedil;&otilde;es de afeto na primeira inf&acirc;ncia&#8221;. O curso b&aacute;sico I ser&aacute; voltado para&hellip; <\/p>\n","protected":false},"author":0,"featured_media":0,"comment_status":"open","ping_status":"open","sticky":false,"template":"","format":"standard","meta":{"_acf_changed":false,"footnotes":""},"categories":[43],"tags":[],"class_list":["post-11733","post","type-post","status-publish","format-standard","hentry","category-sem-categoria"],"acf":[],"yoast_head":"<!-- This site is optimized with the Yoast SEO plugin v27.4 - https:\/\/yoast.com\/product\/yoast-seo-wordpress\/ -->\n<title>Equipe do Nova Semente recebe capacita\u00e7\u00e3o de consultora internacional do Unicef - Blog do Farn\u00e9sio<\/title>\n<meta name=\"robots\" content=\"index, follow, max-snippet:-1, max-image-preview:large, max-video-preview:-1\" \/>\n<link rel=\"canonical\" href=\"https:\/\/blogdofarnesio.com.br\/?p=11733\" \/>\n<meta property=\"og:locale\" content=\"pt_BR\" \/>\n<meta property=\"og:type\" content=\"article\" \/>\n<meta property=\"og:title\" content=\"Equipe do Nova Semente recebe capacita\u00e7\u00e3o de consultora internacional do Unicef - Blog do Farn\u00e9sio\" \/>\n<meta property=\"og:description\" content=\"Com propostas inovadoras que v&ecirc;m dando resultados significativos, o programa Nova Semente tem atra&iacute;do aten&ccedil;&atilde;o e curiosidade de v&aacute;rias autoridades pol&iacute;ticas e pesquisadores acad&ecirc;micos. De forma a agregar conhecimentos e ajudar o programa continuar a desenvolver bem &agrave;s crian&ccedil;as atendidas, o Instituto Alfa e Beto (IAB) em parceria com a Prefeitura Municipal de Petrolina est&aacute; trazendo para o munic&iacute;pio a norte-americana Jane E. Lucas, PhD em Psicologia Social, pela Universidade de Nova York, e consultora do Unicef. Ser&atilde;o duas semanas de Treinamento para Treinadores (TOT), de 05 a 16 de mar&ccedil;o, divididas em curso b&aacute;sico I e II que ter&atilde;o como tema &#8220;Como estabelecer e fortalecer as rela&ccedil;&otilde;es de afeto na primeira inf&acirc;ncia&#8221;. O curso b&aacute;sico I ser&aacute; voltado para&hellip;\" \/>\n<meta property=\"og:url\" content=\"https:\/\/blogdofarnesio.com.br\/?p=11733\" \/>\n<meta property=\"og:site_name\" content=\"Blog do Farn\u00e9sio\" \/>\n<meta property=\"article:publisher\" content=\"https:\/\/www.facebook.com\/BlogQuerSaberPolitica\/\" \/>\n<meta property=\"article:published_time\" content=\"2012-03-07T06:11:06+00:00\" \/>\n<meta property=\"og:image\" content=\"http:\/\/www.quersaberpolitica.com.br\/2016\/wp-content\/uploads\/2012\/12\/blogqspprefeitojlmonicacoutopsicologany.jpg\" \/>\n<meta name=\"twitter:card\" content=\"summary_large_image\" \/>\n<meta name=\"twitter:label1\" content=\"Est. tempo de leitura\" \/>\n\t<meta name=\"twitter:data1\" content=\"4 minutos\" \/>\n<script type=\"application\/ld+json\" class=\"yoast-schema-graph\">{\"@context\":\"https:\\\/\\\/schema.org\",\"@graph\":[{\"@type\":\"Article\",\"@id\":\"https:\\\/\\\/blogdofarnesio.com.br\\\/?p=11733#article\",\"isPartOf\":{\"@id\":\"https:\\\/\\\/blogdofarnesio.com.br\\\/?p=11733\"},\"author\":{\"name\":\"\",\"@id\":\"\"},\"headline\":\"Equipe do Nova Semente recebe capacita\u00e7\u00e3o de consultora internacional do Unicef\",\"datePublished\":\"2012-03-07T06:11:06+00:00\",\"mainEntityOfPage\":{\"@id\":\"https:\\\/\\\/blogdofarnesio.com.br\\\/?p=11733\"},\"wordCount\":804,\"commentCount\":0,\"publisher\":{\"@id\":\"https:\\\/\\\/blogdofarnesio.com.br\\\/#organization\"},\"image\":{\"@id\":\"https:\\\/\\\/blogdofarnesio.com.br\\\/?p=11733#primaryimage\"},\"thumbnailUrl\":\"http:\\\/\\\/www.quersaberpolitica.com.br\\\/2016\\\/wp-content\\\/uploads\\\/2012\\\/12\\\/blogqspprefeitojlmonicacoutopsicologany.jpg\",\"inLanguage\":\"pt-BR\",\"potentialAction\":[{\"@type\":\"CommentAction\",\"name\":\"Comment\",\"target\":[\"https:\\\/\\\/blogdofarnesio.com.br\\\/?p=11733#respond\"]}]},{\"@type\":\"WebPage\",\"@id\":\"https:\\\/\\\/blogdofarnesio.com.br\\\/?p=11733\",\"url\":\"https:\\\/\\\/blogdofarnesio.com.br\\\/?p=11733\",\"name\":\"Equipe do Nova Semente recebe capacita\u00e7\u00e3o de consultora internacional do Unicef - Blog do Farn\u00e9sio\",\"isPartOf\":{\"@id\":\"https:\\\/\\\/blogdofarnesio.com.br\\\/#website\"},\"primaryImageOfPage\":{\"@id\":\"https:\\\/\\\/blogdofarnesio.com.br\\\/?p=11733#primaryimage\"},\"image\":{\"@id\":\"https:\\\/\\\/blogdofarnesio.com.br\\\/?p=11733#primaryimage\"},\"thumbnailUrl\":\"http:\\\/\\\/www.quersaberpolitica.com.br\\\/2016\\\/wp-content\\\/uploads\\\/2012\\\/12\\\/blogqspprefeitojlmonicacoutopsicologany.jpg\",\"datePublished\":\"2012-03-07T06:11:06+00:00\",\"breadcrumb\":{\"@id\":\"https:\\\/\\\/blogdofarnesio.com.br\\\/?p=11733#breadcrumb\"},\"inLanguage\":\"pt-BR\",\"potentialAction\":[{\"@type\":\"ReadAction\",\"target\":[\"https:\\\/\\\/blogdofarnesio.com.br\\\/?p=11733\"]}]},{\"@type\":\"ImageObject\",\"inLanguage\":\"pt-BR\",\"@id\":\"https:\\\/\\\/blogdofarnesio.com.br\\\/?p=11733#primaryimage\",\"url\":\"http:\\\/\\\/www.quersaberpolitica.com.br\\\/2016\\\/wp-content\\\/uploads\\\/2012\\\/12\\\/blogqspprefeitojlmonicacoutopsicologany.jpg\",\"contentUrl\":\"http:\\\/\\\/www.quersaberpolitica.com.br\\\/2016\\\/wp-content\\\/uploads\\\/2012\\\/12\\\/blogqspprefeitojlmonicacoutopsicologany.jpg\"},{\"@type\":\"BreadcrumbList\",\"@id\":\"https:\\\/\\\/blogdofarnesio.com.br\\\/?p=11733#breadcrumb\",\"itemListElement\":[{\"@type\":\"ListItem\",\"position\":1,\"name\":\"In\u00edcio\",\"item\":\"https:\\\/\\\/blogdofarnesio.com.br\\\/\"},{\"@type\":\"ListItem\",\"position\":2,\"name\":\"Equipe do Nova Semente recebe capacita\u00e7\u00e3o de consultora internacional do Unicef\"}]},{\"@type\":\"WebSite\",\"@id\":\"https:\\\/\\\/blogdofarnesio.com.br\\\/#website\",\"url\":\"https:\\\/\\\/blogdofarnesio.com.br\\\/\",\"name\":\"Blog do Farn\u00e9sio\",\"description\":\"Quer Saber Pol\u00edtica?\",\"publisher\":{\"@id\":\"https:\\\/\\\/blogdofarnesio.com.br\\\/#organization\"},\"potentialAction\":[{\"@type\":\"SearchAction\",\"target\":{\"@type\":\"EntryPoint\",\"urlTemplate\":\"https:\\\/\\\/blogdofarnesio.com.br\\\/?s={search_term_string}\"},\"query-input\":{\"@type\":\"PropertyValueSpecification\",\"valueRequired\":true,\"valueName\":\"search_term_string\"}}],\"inLanguage\":\"pt-BR\"},{\"@type\":\"Organization\",\"@id\":\"https:\\\/\\\/blogdofarnesio.com.br\\\/#organization\",\"name\":\"Blog do Farn\u00e9sio\",\"url\":\"https:\\\/\\\/blogdofarnesio.com.br\\\/\",\"logo\":{\"@type\":\"ImageObject\",\"inLanguage\":\"pt-BR\",\"@id\":\"https:\\\/\\\/blogdofarnesio.com.br\\\/#\\\/schema\\\/logo\\\/image\\\/\",\"url\":\"https:\\\/\\\/blogdofarnesio.com.br\\\/wp-content\\\/uploads\\\/2026\\\/03\\\/cropped-logo_new-1.png\",\"contentUrl\":\"https:\\\/\\\/blogdofarnesio.com.br\\\/wp-content\\\/uploads\\\/2026\\\/03\\\/cropped-logo_new-1.png\",\"width\":881,\"height\":685,\"caption\":\"Blog do Farn\u00e9sio\"},\"image\":{\"@id\":\"https:\\\/\\\/blogdofarnesio.com.br\\\/#\\\/schema\\\/logo\\\/image\\\/\"},\"sameAs\":[\"https:\\\/\\\/www.facebook.com\\\/BlogQuerSaberPolitica\\\/\"]}]}<\/script>\n<!-- \/ Yoast SEO plugin. -->","yoast_head_json":{"title":"Equipe do Nova Semente recebe capacita\u00e7\u00e3o de consultora internacional do Unicef - Blog do Farn\u00e9sio","robots":{"index":"index","follow":"follow","max-snippet":"max-snippet:-1","max-image-preview":"max-image-preview:large","max-video-preview":"max-video-preview:-1"},"canonical":"https:\/\/blogdofarnesio.com.br\/?p=11733","og_locale":"pt_BR","og_type":"article","og_title":"Equipe do Nova Semente recebe capacita\u00e7\u00e3o de consultora internacional do Unicef - Blog do Farn\u00e9sio","og_description":"Com propostas inovadoras que v&ecirc;m dando resultados significativos, o programa Nova Semente tem atra&iacute;do aten&ccedil;&atilde;o e curiosidade de v&aacute;rias autoridades pol&iacute;ticas e pesquisadores acad&ecirc;micos. De forma a agregar conhecimentos e ajudar o programa continuar a desenvolver bem &agrave;s crian&ccedil;as atendidas, o Instituto Alfa e Beto (IAB) em parceria com a Prefeitura Municipal de Petrolina est&aacute; trazendo para o munic&iacute;pio a norte-americana Jane E. Lucas, PhD em Psicologia Social, pela Universidade de Nova York, e consultora do Unicef. Ser&atilde;o duas semanas de Treinamento para Treinadores (TOT), de 05 a 16 de mar&ccedil;o, divididas em curso b&aacute;sico I e II que ter&atilde;o como tema &#8220;Como estabelecer e fortalecer as rela&ccedil;&otilde;es de afeto na primeira inf&acirc;ncia&#8221;. O curso b&aacute;sico I ser&aacute; voltado para&hellip;","og_url":"https:\/\/blogdofarnesio.com.br\/?p=11733","og_site_name":"Blog do Farn\u00e9sio","article_publisher":"https:\/\/www.facebook.com\/BlogQuerSaberPolitica\/","article_published_time":"2012-03-07T06:11:06+00:00","og_image":[{"url":"http:\/\/www.quersaberpolitica.com.br\/2016\/wp-content\/uploads\/2012\/12\/blogqspprefeitojlmonicacoutopsicologany.jpg","type":"","width":"","height":""}],"twitter_card":"summary_large_image","twitter_misc":{"Est. tempo de leitura":"4 minutos"},"schema":{"@context":"https:\/\/schema.org","@graph":[{"@type":"Article","@id":"https:\/\/blogdofarnesio.com.br\/?p=11733#article","isPartOf":{"@id":"https:\/\/blogdofarnesio.com.br\/?p=11733"},"author":{"name":"","@id":""},"headline":"Equipe do Nova Semente recebe capacita\u00e7\u00e3o de consultora internacional do Unicef","datePublished":"2012-03-07T06:11:06+00:00","mainEntityOfPage":{"@id":"https:\/\/blogdofarnesio.com.br\/?p=11733"},"wordCount":804,"commentCount":0,"publisher":{"@id":"https:\/\/blogdofarnesio.com.br\/#organization"},"image":{"@id":"https:\/\/blogdofarnesio.com.br\/?p=11733#primaryimage"},"thumbnailUrl":"http:\/\/www.quersaberpolitica.com.br\/2016\/wp-content\/uploads\/2012\/12\/blogqspprefeitojlmonicacoutopsicologany.jpg","inLanguage":"pt-BR","potentialAction":[{"@type":"CommentAction","name":"Comment","target":["https:\/\/blogdofarnesio.com.br\/?p=11733#respond"]}]},{"@type":"WebPage","@id":"https:\/\/blogdofarnesio.com.br\/?p=11733","url":"https:\/\/blogdofarnesio.com.br\/?p=11733","name":"Equipe do Nova Semente recebe capacita\u00e7\u00e3o de consultora internacional do Unicef - Blog do Farn\u00e9sio","isPartOf":{"@id":"https:\/\/blogdofarnesio.com.br\/#website"},"primaryImageOfPage":{"@id":"https:\/\/blogdofarnesio.com.br\/?p=11733#primaryimage"},"image":{"@id":"https:\/\/blogdofarnesio.com.br\/?p=11733#primaryimage"},"thumbnailUrl":"http:\/\/www.quersaberpolitica.com.br\/2016\/wp-content\/uploads\/2012\/12\/blogqspprefeitojlmonicacoutopsicologany.jpg","datePublished":"2012-03-07T06:11:06+00:00","breadcrumb":{"@id":"https:\/\/blogdofarnesio.com.br\/?p=11733#breadcrumb"},"inLanguage":"pt-BR","potentialAction":[{"@type":"ReadAction","target":["https:\/\/blogdofarnesio.com.br\/?p=11733"]}]},{"@type":"ImageObject","inLanguage":"pt-BR","@id":"https:\/\/blogdofarnesio.com.br\/?p=11733#primaryimage","url":"http:\/\/www.quersaberpolitica.com.br\/2016\/wp-content\/uploads\/2012\/12\/blogqspprefeitojlmonicacoutopsicologany.jpg","contentUrl":"http:\/\/www.quersaberpolitica.com.br\/2016\/wp-content\/uploads\/2012\/12\/blogqspprefeitojlmonicacoutopsicologany.jpg"},{"@type":"BreadcrumbList","@id":"https:\/\/blogdofarnesio.com.br\/?p=11733#breadcrumb","itemListElement":[{"@type":"ListItem","position":1,"name":"In\u00edcio","item":"https:\/\/blogdofarnesio.com.br\/"},{"@type":"ListItem","position":2,"name":"Equipe do Nova Semente recebe capacita\u00e7\u00e3o de consultora internacional do Unicef"}]},{"@type":"WebSite","@id":"https:\/\/blogdofarnesio.com.br\/#website","url":"https:\/\/blogdofarnesio.com.br\/","name":"Blog do Farn\u00e9sio","description":"Quer Saber Pol\u00edtica?","publisher":{"@id":"https:\/\/blogdofarnesio.com.br\/#organization"},"potentialAction":[{"@type":"SearchAction","target":{"@type":"EntryPoint","urlTemplate":"https:\/\/blogdofarnesio.com.br\/?s={search_term_string}"},"query-input":{"@type":"PropertyValueSpecification","valueRequired":true,"valueName":"search_term_string"}}],"inLanguage":"pt-BR"},{"@type":"Organization","@id":"https:\/\/blogdofarnesio.com.br\/#organization","name":"Blog do Farn\u00e9sio","url":"https:\/\/blogdofarnesio.com.br\/","logo":{"@type":"ImageObject","inLanguage":"pt-BR","@id":"https:\/\/blogdofarnesio.com.br\/#\/schema\/logo\/image\/","url":"https:\/\/blogdofarnesio.com.br\/wp-content\/uploads\/2026\/03\/cropped-logo_new-1.png","contentUrl":"https:\/\/blogdofarnesio.com.br\/wp-content\/uploads\/2026\/03\/cropped-logo_new-1.png","width":881,"height":685,"caption":"Blog do Farn\u00e9sio"},"image":{"@id":"https:\/\/blogdofarnesio.com.br\/#\/schema\/logo\/image\/"},"sameAs":["https:\/\/www.facebook.com\/BlogQuerSaberPolitica\/"]}]}},"_links":{"self":[{"href":"https:\/\/blogdofarnesio.com.br\/index.php?rest_route=\/wp\/v2\/posts\/11733","targetHints":{"allow":["GET"]}}],"collection":[{"href":"https:\/\/blogdofarnesio.com.br\/index.php?rest_route=\/wp\/v2\/posts"}],"about":[{"href":"https:\/\/blogdofarnesio.com.br\/index.php?rest_route=\/wp\/v2\/types\/post"}],"replies":[{"embeddable":true,"href":"https:\/\/blogdofarnesio.com.br\/index.php?rest_route=%2Fwp%2Fv2%2Fcomments&post=11733"}],"version-history":[{"count":0,"href":"https:\/\/blogdofarnesio.com.br\/index.php?rest_route=\/wp\/v2\/posts\/11733\/revisions"}],"wp:attachment":[{"href":"https:\/\/blogdofarnesio.com.br\/index.php?rest_route=%2Fwp%2Fv2%2Fmedia&parent=11733"}],"wp:term":[{"taxonomy":"category","embeddable":true,"href":"https:\/\/blogdofarnesio.com.br\/index.php?rest_route=%2Fwp%2Fv2%2Fcategories&post=11733"},{"taxonomy":"post_tag","embeddable":true,"href":"https:\/\/blogdofarnesio.com.br\/index.php?rest_route=%2Fwp%2Fv2%2Ftags&post=11733"}],"curies":[{"name":"wp","href":"https:\/\/api.w.org\/{rel}","templated":true}]}}