{"id":11726,"date":"2012-03-07T14:00:17","date_gmt":"2012-03-07T14:00:17","guid":{"rendered":"http:\/\/www.quersaberpolitica.com.br?p=11726"},"modified":"2012-03-07T13:34:38","modified_gmt":"2012-03-07T13:34:38","slug":"secretarias-municipais-se-preparam-para-o-dia-da-transformacao-em-homenagem-ao-dia-internacional-da-mulher","status":"publish","type":"post","link":"https:\/\/blogdofarnesio.com.br\/?p=11726","title":{"rendered":"Secretarias Municipais se preparam para o Dia da Transforma\u00e7\u00e3o em homenagem ao Dia Internacional da Mulher"},"content":{"rendered":"<p style=\"text-align: justify;\"><span style=\"font-size: small;\"><a rel=\"lightbox\" href=\"http:\/\/www.quersaberpolitica.com.br\/2016\/wp-content\/uploads\/2012\/12\/blogqsp_mulher0.jpg\"><img loading=\"lazy\" decoding=\"async\" style=\"margin-top: 5px; margin-bottom: 5px; margin-left: 10px; margin-right: 10px; float: left;\" title=\"Imagem Divulga&ccedil;&atilde;o\" src=\"http:\/\/www.quersaberpolitica.com.br\/2016\/wp-content\/uploads\/2012\/12\/blogqsp_mulher0.jpg\" alt=\"\" width=\"200\" height=\"213\" \/><\/a>Celebrado no dia 08 de mar&ccedil;o, o Dia Internacional da Mulher ser&aacute; comemorado em Petrolina com o evento intitulado &#8220;Dia da Transforma&ccedil;&atilde;o&#8221; que ser&aacute; realizado em parceria com a C&acirc;mara de Dirigentes Lojistas &#8211; CDL. O evento acontecer&aacute; das 8h &agrave;s 17h, na Tenda de Eventos da Pra&ccedil;a do Bambuzinho em Petrolina, com apresenta&ccedil;&otilde;es culturais, do Projeto &#8220;De 8 a 80&#8221;, dos grupos de idosos, atendimento e encaminhamentos do Centro de Refer&ecirc;ncia Especializado de Assist&ecirc;ncia Social (Creas Municipal) e com a participa&ccedil;&atilde;o das crian&ccedil;as do Nova Semente. Haver&aacute;, tamb&eacute;m, sorteios de brindes, servi&ccedil;os de limpeza de pele, cabeleireiro e maquiagem.<\/span><\/p>\n<p style=\"text-align: justify;\"><span style=\"font-size: small;\">Para a Secret&aacute;ria da Mulher, Maria dos Anjos Fonseca, a import&acirc;ncia da parceria entre as Secretarias e a CDL est&aacute; em a&ccedil;&otilde;es voltadas para atividades sociais como esta. &#8220;Para a realiza&ccedil;&atilde;o deste evento, que ir&aacute; comemorar o Dia Internacional da Mulher, aqui em Petrolina &eacute; necess&aacute;rio firmar parcerias, principalmente com a CDL, que sempre participa conosco de a&ccedil;&otilde;es como estas, oferecendo servi&ccedil;os de est&eacute;tica, al&eacute;m de realizar o sorteio de brindes, &agrave;s nossas companheiras&#8221;, afirmou.<\/span><\/p>\n<p style=\"text-align: justify;\"><span style=\"font-size: small;\">A Secret&aacute;ria de Desenvolvimento Social e Trabalho, Tereza Virg&iacute;nia Carvalho, comentou sobre o objetivo da realiza&ccedil;&atilde;o deste evento para as mulheres em Petrolina. &#8220;Reafirmamos mais uma vez o compromisso da gest&atilde;o municipal de proporcionar &agrave;s mulheres, atendimentos, orienta&ccedil;&otilde;es e encaminhamentos em defesa dos seus direitos, efetivando a sua cidadania. A mulher tem conquistado, cada vez mais, na sociedade o seu espa&ccedil;o, respeito e valoriza&ccedil;&atilde;o como pessoa atuante na sociedade e termos o compromisso de contribuir para que isto aconte&ccedil;a&#8221;, declarou.<\/span><\/p>\n<p style=\"text-align: justify;\"><span style=\"font-size: small;\">(Ascom PMP)<\/span><\/p>\n","protected":false},"excerpt":{"rendered":"<p>Celebrado no dia 08 de mar&ccedil;o, o Dia Internacional da Mulher ser&aacute; comemorado em Petrolina com o evento intitulado &#8220;Dia da Transforma&ccedil;&atilde;o&#8221; que ser&aacute; realizado em parceria com a C&acirc;mara de Dirigentes Lojistas &#8211; CDL. O evento acontecer&aacute; das 8h &agrave;s 17h, na Tenda de Eventos da Pra&ccedil;a do Bambuzinho em Petrolina, com apresenta&ccedil;&otilde;es culturais, do Projeto &#8220;De 8 a 80&#8221;, dos grupos de idosos, atendimento e encaminhamentos do Centro de Refer&ecirc;ncia Especializado de Assist&ecirc;ncia Social (Creas Municipal) e com a participa&ccedil;&atilde;o das crian&ccedil;as do Nova Semente. Haver&aacute;, tamb&eacute;m, sorteios de brindes, servi&ccedil;os de limpeza de pele, cabeleireiro e maquiagem. Para a Secret&aacute;ria da Mulher, Maria dos Anjos Fonseca, a import&acirc;ncia da parceria entre as Secretarias e a CDL est&aacute;&hellip; <\/p>\n","protected":false},"author":0,"featured_media":0,"comment_status":"open","ping_status":"open","sticky":false,"template":"","format":"standard","meta":{"_acf_changed":false,"footnotes":""},"categories":[11],"tags":[],"class_list":["post-11726","post","type-post","status-publish","format-standard","hentry","category-turismo"],"acf":[],"yoast_head":"<!-- This site is optimized with the Yoast SEO plugin v27.4 - https:\/\/yoast.com\/product\/yoast-seo-wordpress\/ -->\n<title>Secretarias Municipais se preparam para o Dia da Transforma\u00e7\u00e3o em homenagem ao Dia Internacional da Mulher - Blog do Farn\u00e9sio<\/title>\n<meta name=\"robots\" content=\"index, follow, max-snippet:-1, max-image-preview:large, max-video-preview:-1\" \/>\n<link rel=\"canonical\" href=\"https:\/\/blogdofarnesio.com.br\/?p=11726\" \/>\n<meta property=\"og:locale\" content=\"pt_BR\" \/>\n<meta property=\"og:type\" content=\"article\" \/>\n<meta property=\"og:title\" content=\"Secretarias Municipais se preparam para o Dia da Transforma\u00e7\u00e3o em homenagem ao Dia Internacional da Mulher - Blog do Farn\u00e9sio\" \/>\n<meta property=\"og:description\" content=\"Celebrado no dia 08 de mar&ccedil;o, o Dia Internacional da Mulher ser&aacute; comemorado em Petrolina com o evento intitulado &#8220;Dia da Transforma&ccedil;&atilde;o&#8221; que ser&aacute; realizado em parceria com a C&acirc;mara de Dirigentes Lojistas &#8211; CDL. O evento acontecer&aacute; das 8h &agrave;s 17h, na Tenda de Eventos da Pra&ccedil;a do Bambuzinho em Petrolina, com apresenta&ccedil;&otilde;es culturais, do Projeto &#8220;De 8 a 80&#8221;, dos grupos de idosos, atendimento e encaminhamentos do Centro de Refer&ecirc;ncia Especializado de Assist&ecirc;ncia Social (Creas Municipal) e com a participa&ccedil;&atilde;o das crian&ccedil;as do Nova Semente. Haver&aacute;, tamb&eacute;m, sorteios de brindes, servi&ccedil;os de limpeza de pele, cabeleireiro e maquiagem. Para a Secret&aacute;ria da Mulher, Maria dos Anjos Fonseca, a import&acirc;ncia da parceria entre as Secretarias e a CDL est&aacute;&hellip;\" \/>\n<meta property=\"og:url\" content=\"https:\/\/blogdofarnesio.com.br\/?p=11726\" \/>\n<meta property=\"og:site_name\" content=\"Blog do Farn\u00e9sio\" \/>\n<meta property=\"article:publisher\" content=\"https:\/\/www.facebook.com\/BlogQuerSaberPolitica\/\" \/>\n<meta property=\"article:published_time\" content=\"2012-03-07T14:00:17+00:00\" \/>\n<meta property=\"og:image\" content=\"http:\/\/www.quersaberpolitica.com.br\/2016\/wp-content\/uploads\/2012\/12\/blogqsp_mulher0.jpg\" \/>\n<meta name=\"twitter:card\" content=\"summary_large_image\" \/>\n<meta name=\"twitter:label1\" content=\"Est. tempo de leitura\" \/>\n\t<meta name=\"twitter:data1\" content=\"2 minutos\" \/>\n<script type=\"application\/ld+json\" class=\"yoast-schema-graph\">{\"@context\":\"https:\\\/\\\/schema.org\",\"@graph\":[{\"@type\":\"Article\",\"@id\":\"https:\\\/\\\/blogdofarnesio.com.br\\\/?p=11726#article\",\"isPartOf\":{\"@id\":\"https:\\\/\\\/blogdofarnesio.com.br\\\/?p=11726\"},\"author\":{\"name\":\"\",\"@id\":\"\"},\"headline\":\"Secretarias Municipais se preparam para o Dia da Transforma\u00e7\u00e3o em homenagem ao Dia Internacional da Mulher\",\"datePublished\":\"2012-03-07T14:00:17+00:00\",\"mainEntityOfPage\":{\"@id\":\"https:\\\/\\\/blogdofarnesio.com.br\\\/?p=11726\"},\"wordCount\":345,\"commentCount\":0,\"publisher\":{\"@id\":\"https:\\\/\\\/blogdofarnesio.com.br\\\/#organization\"},\"image\":{\"@id\":\"https:\\\/\\\/blogdofarnesio.com.br\\\/?p=11726#primaryimage\"},\"thumbnailUrl\":\"http:\\\/\\\/www.quersaberpolitica.com.br\\\/2016\\\/wp-content\\\/uploads\\\/2012\\\/12\\\/blogqsp_mulher0.jpg\",\"articleSection\":[\"Turismo\"],\"inLanguage\":\"pt-BR\",\"potentialAction\":[{\"@type\":\"CommentAction\",\"name\":\"Comment\",\"target\":[\"https:\\\/\\\/blogdofarnesio.com.br\\\/?p=11726#respond\"]}]},{\"@type\":\"WebPage\",\"@id\":\"https:\\\/\\\/blogdofarnesio.com.br\\\/?p=11726\",\"url\":\"https:\\\/\\\/blogdofarnesio.com.br\\\/?p=11726\",\"name\":\"Secretarias Municipais se preparam para o Dia da Transforma\u00e7\u00e3o em homenagem ao Dia Internacional da Mulher - Blog do Farn\u00e9sio\",\"isPartOf\":{\"@id\":\"https:\\\/\\\/blogdofarnesio.com.br\\\/#website\"},\"primaryImageOfPage\":{\"@id\":\"https:\\\/\\\/blogdofarnesio.com.br\\\/?p=11726#primaryimage\"},\"image\":{\"@id\":\"https:\\\/\\\/blogdofarnesio.com.br\\\/?p=11726#primaryimage\"},\"thumbnailUrl\":\"http:\\\/\\\/www.quersaberpolitica.com.br\\\/2016\\\/wp-content\\\/uploads\\\/2012\\\/12\\\/blogqsp_mulher0.jpg\",\"datePublished\":\"2012-03-07T14:00:17+00:00\",\"breadcrumb\":{\"@id\":\"https:\\\/\\\/blogdofarnesio.com.br\\\/?p=11726#breadcrumb\"},\"inLanguage\":\"pt-BR\",\"potentialAction\":[{\"@type\":\"ReadAction\",\"target\":[\"https:\\\/\\\/blogdofarnesio.com.br\\\/?p=11726\"]}]},{\"@type\":\"ImageObject\",\"inLanguage\":\"pt-BR\",\"@id\":\"https:\\\/\\\/blogdofarnesio.com.br\\\/?p=11726#primaryimage\",\"url\":\"http:\\\/\\\/www.quersaberpolitica.com.br\\\/2016\\\/wp-content\\\/uploads\\\/2012\\\/12\\\/blogqsp_mulher0.jpg\",\"contentUrl\":\"http:\\\/\\\/www.quersaberpolitica.com.br\\\/2016\\\/wp-content\\\/uploads\\\/2012\\\/12\\\/blogqsp_mulher0.jpg\"},{\"@type\":\"BreadcrumbList\",\"@id\":\"https:\\\/\\\/blogdofarnesio.com.br\\\/?p=11726#breadcrumb\",\"itemListElement\":[{\"@type\":\"ListItem\",\"position\":1,\"name\":\"In\u00edcio\",\"item\":\"https:\\\/\\\/blogdofarnesio.com.br\\\/\"},{\"@type\":\"ListItem\",\"position\":2,\"name\":\"Secretarias Municipais se preparam para o Dia da Transforma\u00e7\u00e3o em homenagem ao Dia Internacional da Mulher\"}]},{\"@type\":\"WebSite\",\"@id\":\"https:\\\/\\\/blogdofarnesio.com.br\\\/#website\",\"url\":\"https:\\\/\\\/blogdofarnesio.com.br\\\/\",\"name\":\"Blog do Farn\u00e9sio\",\"description\":\"Quer Saber Pol\u00edtica?\",\"publisher\":{\"@id\":\"https:\\\/\\\/blogdofarnesio.com.br\\\/#organization\"},\"potentialAction\":[{\"@type\":\"SearchAction\",\"target\":{\"@type\":\"EntryPoint\",\"urlTemplate\":\"https:\\\/\\\/blogdofarnesio.com.br\\\/?s={search_term_string}\"},\"query-input\":{\"@type\":\"PropertyValueSpecification\",\"valueRequired\":true,\"valueName\":\"search_term_string\"}}],\"inLanguage\":\"pt-BR\"},{\"@type\":\"Organization\",\"@id\":\"https:\\\/\\\/blogdofarnesio.com.br\\\/#organization\",\"name\":\"Blog do Farn\u00e9sio\",\"url\":\"https:\\\/\\\/blogdofarnesio.com.br\\\/\",\"logo\":{\"@type\":\"ImageObject\",\"inLanguage\":\"pt-BR\",\"@id\":\"https:\\\/\\\/blogdofarnesio.com.br\\\/#\\\/schema\\\/logo\\\/image\\\/\",\"url\":\"https:\\\/\\\/blogdofarnesio.com.br\\\/wp-content\\\/uploads\\\/2026\\\/03\\\/cropped-logo_new-1.png\",\"contentUrl\":\"https:\\\/\\\/blogdofarnesio.com.br\\\/wp-content\\\/uploads\\\/2026\\\/03\\\/cropped-logo_new-1.png\",\"width\":881,\"height\":685,\"caption\":\"Blog do Farn\u00e9sio\"},\"image\":{\"@id\":\"https:\\\/\\\/blogdofarnesio.com.br\\\/#\\\/schema\\\/logo\\\/image\\\/\"},\"sameAs\":[\"https:\\\/\\\/www.facebook.com\\\/BlogQuerSaberPolitica\\\/\"]}]}<\/script>\n<!-- \/ Yoast SEO plugin. -->","yoast_head_json":{"title":"Secretarias Municipais se preparam para o Dia da Transforma\u00e7\u00e3o em homenagem ao Dia Internacional da Mulher - Blog do Farn\u00e9sio","robots":{"index":"index","follow":"follow","max-snippet":"max-snippet:-1","max-image-preview":"max-image-preview:large","max-video-preview":"max-video-preview:-1"},"canonical":"https:\/\/blogdofarnesio.com.br\/?p=11726","og_locale":"pt_BR","og_type":"article","og_title":"Secretarias Municipais se preparam para o Dia da Transforma\u00e7\u00e3o em homenagem ao Dia Internacional da Mulher - Blog do Farn\u00e9sio","og_description":"Celebrado no dia 08 de mar&ccedil;o, o Dia Internacional da Mulher ser&aacute; comemorado em Petrolina com o evento intitulado &#8220;Dia da Transforma&ccedil;&atilde;o&#8221; que ser&aacute; realizado em parceria com a C&acirc;mara de Dirigentes Lojistas &#8211; CDL. O evento acontecer&aacute; das 8h &agrave;s 17h, na Tenda de Eventos da Pra&ccedil;a do Bambuzinho em Petrolina, com apresenta&ccedil;&otilde;es culturais, do Projeto &#8220;De 8 a 80&#8221;, dos grupos de idosos, atendimento e encaminhamentos do Centro de Refer&ecirc;ncia Especializado de Assist&ecirc;ncia Social (Creas Municipal) e com a participa&ccedil;&atilde;o das crian&ccedil;as do Nova Semente. Haver&aacute;, tamb&eacute;m, sorteios de brindes, servi&ccedil;os de limpeza de pele, cabeleireiro e maquiagem. Para a Secret&aacute;ria da Mulher, Maria dos Anjos Fonseca, a import&acirc;ncia da parceria entre as Secretarias e a CDL est&aacute;&hellip;","og_url":"https:\/\/blogdofarnesio.com.br\/?p=11726","og_site_name":"Blog do Farn\u00e9sio","article_publisher":"https:\/\/www.facebook.com\/BlogQuerSaberPolitica\/","article_published_time":"2012-03-07T14:00:17+00:00","og_image":[{"url":"http:\/\/www.quersaberpolitica.com.br\/2016\/wp-content\/uploads\/2012\/12\/blogqsp_mulher0.jpg","type":"","width":"","height":""}],"twitter_card":"summary_large_image","twitter_misc":{"Est. tempo de leitura":"2 minutos"},"schema":{"@context":"https:\/\/schema.org","@graph":[{"@type":"Article","@id":"https:\/\/blogdofarnesio.com.br\/?p=11726#article","isPartOf":{"@id":"https:\/\/blogdofarnesio.com.br\/?p=11726"},"author":{"name":"","@id":""},"headline":"Secretarias Municipais se preparam para o Dia da Transforma\u00e7\u00e3o em homenagem ao Dia Internacional da Mulher","datePublished":"2012-03-07T14:00:17+00:00","mainEntityOfPage":{"@id":"https:\/\/blogdofarnesio.com.br\/?p=11726"},"wordCount":345,"commentCount":0,"publisher":{"@id":"https:\/\/blogdofarnesio.com.br\/#organization"},"image":{"@id":"https:\/\/blogdofarnesio.com.br\/?p=11726#primaryimage"},"thumbnailUrl":"http:\/\/www.quersaberpolitica.com.br\/2016\/wp-content\/uploads\/2012\/12\/blogqsp_mulher0.jpg","articleSection":["Turismo"],"inLanguage":"pt-BR","potentialAction":[{"@type":"CommentAction","name":"Comment","target":["https:\/\/blogdofarnesio.com.br\/?p=11726#respond"]}]},{"@type":"WebPage","@id":"https:\/\/blogdofarnesio.com.br\/?p=11726","url":"https:\/\/blogdofarnesio.com.br\/?p=11726","name":"Secretarias Municipais se preparam para o Dia da Transforma\u00e7\u00e3o em homenagem ao Dia Internacional da Mulher - Blog do Farn\u00e9sio","isPartOf":{"@id":"https:\/\/blogdofarnesio.com.br\/#website"},"primaryImageOfPage":{"@id":"https:\/\/blogdofarnesio.com.br\/?p=11726#primaryimage"},"image":{"@id":"https:\/\/blogdofarnesio.com.br\/?p=11726#primaryimage"},"thumbnailUrl":"http:\/\/www.quersaberpolitica.com.br\/2016\/wp-content\/uploads\/2012\/12\/blogqsp_mulher0.jpg","datePublished":"2012-03-07T14:00:17+00:00","breadcrumb":{"@id":"https:\/\/blogdofarnesio.com.br\/?p=11726#breadcrumb"},"inLanguage":"pt-BR","potentialAction":[{"@type":"ReadAction","target":["https:\/\/blogdofarnesio.com.br\/?p=11726"]}]},{"@type":"ImageObject","inLanguage":"pt-BR","@id":"https:\/\/blogdofarnesio.com.br\/?p=11726#primaryimage","url":"http:\/\/www.quersaberpolitica.com.br\/2016\/wp-content\/uploads\/2012\/12\/blogqsp_mulher0.jpg","contentUrl":"http:\/\/www.quersaberpolitica.com.br\/2016\/wp-content\/uploads\/2012\/12\/blogqsp_mulher0.jpg"},{"@type":"BreadcrumbList","@id":"https:\/\/blogdofarnesio.com.br\/?p=11726#breadcrumb","itemListElement":[{"@type":"ListItem","position":1,"name":"In\u00edcio","item":"https:\/\/blogdofarnesio.com.br\/"},{"@type":"ListItem","position":2,"name":"Secretarias Municipais se preparam para o Dia da Transforma\u00e7\u00e3o em homenagem ao Dia Internacional da Mulher"}]},{"@type":"WebSite","@id":"https:\/\/blogdofarnesio.com.br\/#website","url":"https:\/\/blogdofarnesio.com.br\/","name":"Blog do Farn\u00e9sio","description":"Quer Saber Pol\u00edtica?","publisher":{"@id":"https:\/\/blogdofarnesio.com.br\/#organization"},"potentialAction":[{"@type":"SearchAction","target":{"@type":"EntryPoint","urlTemplate":"https:\/\/blogdofarnesio.com.br\/?s={search_term_string}"},"query-input":{"@type":"PropertyValueSpecification","valueRequired":true,"valueName":"search_term_string"}}],"inLanguage":"pt-BR"},{"@type":"Organization","@id":"https:\/\/blogdofarnesio.com.br\/#organization","name":"Blog do Farn\u00e9sio","url":"https:\/\/blogdofarnesio.com.br\/","logo":{"@type":"ImageObject","inLanguage":"pt-BR","@id":"https:\/\/blogdofarnesio.com.br\/#\/schema\/logo\/image\/","url":"https:\/\/blogdofarnesio.com.br\/wp-content\/uploads\/2026\/03\/cropped-logo_new-1.png","contentUrl":"https:\/\/blogdofarnesio.com.br\/wp-content\/uploads\/2026\/03\/cropped-logo_new-1.png","width":881,"height":685,"caption":"Blog do Farn\u00e9sio"},"image":{"@id":"https:\/\/blogdofarnesio.com.br\/#\/schema\/logo\/image\/"},"sameAs":["https:\/\/www.facebook.com\/BlogQuerSaberPolitica\/"]}]}},"_links":{"self":[{"href":"https:\/\/blogdofarnesio.com.br\/index.php?rest_route=\/wp\/v2\/posts\/11726","targetHints":{"allow":["GET"]}}],"collection":[{"href":"https:\/\/blogdofarnesio.com.br\/index.php?rest_route=\/wp\/v2\/posts"}],"about":[{"href":"https:\/\/blogdofarnesio.com.br\/index.php?rest_route=\/wp\/v2\/types\/post"}],"replies":[{"embeddable":true,"href":"https:\/\/blogdofarnesio.com.br\/index.php?rest_route=%2Fwp%2Fv2%2Fcomments&post=11726"}],"version-history":[{"count":0,"href":"https:\/\/blogdofarnesio.com.br\/index.php?rest_route=\/wp\/v2\/posts\/11726\/revisions"}],"wp:attachment":[{"href":"https:\/\/blogdofarnesio.com.br\/index.php?rest_route=%2Fwp%2Fv2%2Fmedia&parent=11726"}],"wp:term":[{"taxonomy":"category","embeddable":true,"href":"https:\/\/blogdofarnesio.com.br\/index.php?rest_route=%2Fwp%2Fv2%2Fcategories&post=11726"},{"taxonomy":"post_tag","embeddable":true,"href":"https:\/\/blogdofarnesio.com.br\/index.php?rest_route=%2Fwp%2Fv2%2Ftags&post=11726"}],"curies":[{"name":"wp","href":"https:\/\/api.w.org\/{rel}","templated":true}]}}