{"id":11706,"date":"2012-03-06T10:41:54","date_gmt":"2012-03-06T10:41:54","guid":{"rendered":"http:\/\/www.quersaberpolitica.com.br?p=11706"},"modified":"2012-03-06T10:11:38","modified_gmt":"2012-03-06T10:11:38","slug":"abertas-inscricoes-para-o-i-encontro-de-psicanalise-do-vale-do-sao-francisco","status":"publish","type":"post","link":"https:\/\/blogdofarnesio.com.br\/?p=11706","title":{"rendered":"Abertas inscri\u00e7\u00f5es para o I Encontro de Psican\u00e1lise do Vale do S\u00e3o Francisco"},"content":{"rendered":"<p style=\"text-align: justify;\"><span style=\"font-size: small;\"><a rel=\"lightbox\" href=\"http:\/\/www.quersaberpolitica.com.br\/2016\/wp-content\/uploads\/2012\/12\/blogqsp_univasf.jpg\"><img loading=\"lazy\" decoding=\"async\" style=\"margin: 5px 10px; float: right;\" title=\"Imagem Ilustrativa\" src=\"http:\/\/www.quersaberpolitica.com.br\/2016\/wp-content\/uploads\/2012\/12\/blogqsp_univasf.jpg\" alt=\"\" width=\"200\" height=\"102\" \/><\/a><img loading=\"lazy\" decoding=\"async\" style=\"float: left; margin-top: 5px; margin-bottom: 5px; margin-left: 10px; margin-right: 10px;\" src=\"http:\/\/www.quersaberpolitica.com.br\/2016\/wp-content\/uploads\/2012\/12\/blogqsppsicanalise.jpg\" alt=\"\" width=\"200\" height=\"147\" \/>Est&atilde;o abertas as inscri&ccedil;&otilde;es para o I Encontro de Psican&aacute;lise do Vale do S&atilde;o Francisco, que ser&aacute; realizado nos dias 16 e 17 de mar&ccedil;o, na Universidade Federal do Vale do S&atilde;o Francisco (Univasf), no Audit&oacute;rio da Biblioteca do campus Petrolina Sede. O evento, cujo tema ser&aacute; &#8220;O feminino na contemporaneidade,&#8221; tem como objetivo fomentar as discuss&otilde;es acerca da atual posi&ccedil;&atilde;o da mulher na sociedade, abordando a psican&aacute;lise em &acirc;mbito acad&ecirc;mico e social. O encontro &eacute; uma realiza&ccedil;&atilde;o do N&uacute;cleo de Estudos em Psican&aacute;lise e Sa&uacute;de Mental da Univasf, com apoio do Colegiado de Psicologia, da Pr&oacute;-reitoria de Integra&ccedil;&atilde;o (Proin) e da Secretaria de Sa&uacute;de de Petrolina.<\/span><\/p>\n<p style=\"text-align: justify;\"><span style=\"font-size: small;\">Os interessados devem realizar as inscri&ccedil;&otilde;es presencialmente, das 8h &agrave;s12h e das 14h &agrave;s18h, no Colegiado de Psicologia ou no Centro de Estudos e Pr&aacute;ticas em Psicologia (Cepsi). A taxa de inscri&ccedil;&atilde;o &eacute; de R$ 40 para profissionais da &aacute;rea e R$20 para estudantes.<\/span><\/p>\n<p style=\"text-align: justify;\"><span style=\"font-size: small;\">A abertura do encontro ocorrer&aacute; no dia 16 de mar&ccedil;o, &agrave;s 19h, no Audit&oacute;rio da Biblioteca do campus Petrolina Sede com a palestra &#8220;Mulheres de Hoje&#8221;, da psicanalista Marcela Antelo, membro da Escola Brasileira de Psican&aacute;lise (EBP) e da Associa&ccedil;&atilde;o Mundial de Psican&aacute;lise (AMP). No dia 17 ser&atilde;o realizadas apresenta&ccedil;&otilde;es de trabalhos de profissionais da &aacute;rea, palestras, debates e mesas-redondas com a participa&ccedil;&atilde;o da psicanalista Lucy de Castro (EBP\/AMP), Juracy Marques (UNEB), Herlon Bezerra (IF-Sert&atilde;o) e dos docentes Al&eacute;ssia Fontenelle e Alice Chaves.<\/span><\/p>\n<p style=\"text-align: justify;\"><span style=\"font-size: small;\">(Ascom Univasf)<\/span><\/p>\n","protected":false},"excerpt":{"rendered":"<p>Est&atilde;o abertas as inscri&ccedil;&otilde;es para o I Encontro de Psican&aacute;lise do Vale do S&atilde;o Francisco, que ser&aacute; realizado nos dias 16 e 17 de mar&ccedil;o, na Universidade Federal do Vale do S&atilde;o Francisco (Univasf), no Audit&oacute;rio da Biblioteca do campus Petrolina Sede. O evento, cujo tema ser&aacute; &#8220;O feminino na contemporaneidade,&#8221; tem como objetivo fomentar as discuss&otilde;es acerca da atual posi&ccedil;&atilde;o da mulher na sociedade, abordando a psican&aacute;lise em &acirc;mbito acad&ecirc;mico e social. O encontro &eacute; uma realiza&ccedil;&atilde;o do N&uacute;cleo de Estudos em Psican&aacute;lise e Sa&uacute;de Mental da Univasf, com apoio do Colegiado de Psicologia, da Pr&oacute;-reitoria de Integra&ccedil;&atilde;o (Proin) e da Secretaria de Sa&uacute;de de Petrolina. Os interessados devem realizar as inscri&ccedil;&otilde;es presencialmente, das 8h &agrave;s12h e das 14h&hellip; <\/p>\n","protected":false},"author":0,"featured_media":0,"comment_status":"open","ping_status":"open","sticky":false,"template":"","format":"standard","meta":{"_acf_changed":false,"footnotes":""},"categories":[5],"tags":[],"class_list":["post-11706","post","type-post","status-publish","format-standard","hentry","category-seguranca"],"acf":[],"yoast_head":"<!-- This site is optimized with the Yoast SEO plugin v27.4 - https:\/\/yoast.com\/product\/yoast-seo-wordpress\/ -->\n<title>Abertas inscri\u00e7\u00f5es para o I Encontro de Psican\u00e1lise do Vale do S\u00e3o Francisco - Blog do Farn\u00e9sio<\/title>\n<meta name=\"robots\" content=\"index, follow, max-snippet:-1, max-image-preview:large, max-video-preview:-1\" \/>\n<link rel=\"canonical\" href=\"https:\/\/blogdofarnesio.com.br\/?p=11706\" \/>\n<meta property=\"og:locale\" content=\"pt_BR\" \/>\n<meta property=\"og:type\" content=\"article\" \/>\n<meta property=\"og:title\" content=\"Abertas inscri\u00e7\u00f5es para o I Encontro de Psican\u00e1lise do Vale do S\u00e3o Francisco - Blog do Farn\u00e9sio\" \/>\n<meta property=\"og:description\" content=\"Est&atilde;o abertas as inscri&ccedil;&otilde;es para o I Encontro de Psican&aacute;lise do Vale do S&atilde;o Francisco, que ser&aacute; realizado nos dias 16 e 17 de mar&ccedil;o, na Universidade Federal do Vale do S&atilde;o Francisco (Univasf), no Audit&oacute;rio da Biblioteca do campus Petrolina Sede. O evento, cujo tema ser&aacute; &#8220;O feminino na contemporaneidade,&#8221; tem como objetivo fomentar as discuss&otilde;es acerca da atual posi&ccedil;&atilde;o da mulher na sociedade, abordando a psican&aacute;lise em &acirc;mbito acad&ecirc;mico e social. O encontro &eacute; uma realiza&ccedil;&atilde;o do N&uacute;cleo de Estudos em Psican&aacute;lise e Sa&uacute;de Mental da Univasf, com apoio do Colegiado de Psicologia, da Pr&oacute;-reitoria de Integra&ccedil;&atilde;o (Proin) e da Secretaria de Sa&uacute;de de Petrolina. Os interessados devem realizar as inscri&ccedil;&otilde;es presencialmente, das 8h &agrave;s12h e das 14h&hellip;\" \/>\n<meta property=\"og:url\" content=\"https:\/\/blogdofarnesio.com.br\/?p=11706\" \/>\n<meta property=\"og:site_name\" content=\"Blog do Farn\u00e9sio\" \/>\n<meta property=\"article:publisher\" content=\"https:\/\/www.facebook.com\/BlogQuerSaberPolitica\/\" \/>\n<meta property=\"article:published_time\" content=\"2012-03-06T10:41:54+00:00\" \/>\n<meta property=\"og:image\" content=\"http:\/\/www.quersaberpolitica.com.br\/2016\/wp-content\/uploads\/2012\/12\/blogqsp_univasf.jpg\" \/>\n<meta name=\"twitter:card\" content=\"summary_large_image\" \/>\n<meta name=\"twitter:label1\" content=\"Est. tempo de leitura\" \/>\n\t<meta name=\"twitter:data1\" content=\"2 minutos\" \/>\n<script type=\"application\/ld+json\" class=\"yoast-schema-graph\">{\"@context\":\"https:\\\/\\\/schema.org\",\"@graph\":[{\"@type\":\"Article\",\"@id\":\"https:\\\/\\\/blogdofarnesio.com.br\\\/?p=11706#article\",\"isPartOf\":{\"@id\":\"https:\\\/\\\/blogdofarnesio.com.br\\\/?p=11706\"},\"author\":{\"name\":\"\",\"@id\":\"\"},\"headline\":\"Abertas inscri\u00e7\u00f5es para o I Encontro de Psican\u00e1lise do Vale do S\u00e3o Francisco\",\"datePublished\":\"2012-03-06T10:41:54+00:00\",\"mainEntityOfPage\":{\"@id\":\"https:\\\/\\\/blogdofarnesio.com.br\\\/?p=11706\"},\"wordCount\":330,\"commentCount\":0,\"publisher\":{\"@id\":\"https:\\\/\\\/blogdofarnesio.com.br\\\/#organization\"},\"image\":{\"@id\":\"https:\\\/\\\/blogdofarnesio.com.br\\\/?p=11706#primaryimage\"},\"thumbnailUrl\":\"http:\\\/\\\/www.quersaberpolitica.com.br\\\/2016\\\/wp-content\\\/uploads\\\/2012\\\/12\\\/blogqsp_univasf.jpg\",\"articleSection\":[\"Seguran\u00e7a\"],\"inLanguage\":\"pt-BR\",\"potentialAction\":[{\"@type\":\"CommentAction\",\"name\":\"Comment\",\"target\":[\"https:\\\/\\\/blogdofarnesio.com.br\\\/?p=11706#respond\"]}]},{\"@type\":\"WebPage\",\"@id\":\"https:\\\/\\\/blogdofarnesio.com.br\\\/?p=11706\",\"url\":\"https:\\\/\\\/blogdofarnesio.com.br\\\/?p=11706\",\"name\":\"Abertas inscri\u00e7\u00f5es para o I Encontro de Psican\u00e1lise do Vale do S\u00e3o Francisco - Blog do Farn\u00e9sio\",\"isPartOf\":{\"@id\":\"https:\\\/\\\/blogdofarnesio.com.br\\\/#website\"},\"primaryImageOfPage\":{\"@id\":\"https:\\\/\\\/blogdofarnesio.com.br\\\/?p=11706#primaryimage\"},\"image\":{\"@id\":\"https:\\\/\\\/blogdofarnesio.com.br\\\/?p=11706#primaryimage\"},\"thumbnailUrl\":\"http:\\\/\\\/www.quersaberpolitica.com.br\\\/2016\\\/wp-content\\\/uploads\\\/2012\\\/12\\\/blogqsp_univasf.jpg\",\"datePublished\":\"2012-03-06T10:41:54+00:00\",\"breadcrumb\":{\"@id\":\"https:\\\/\\\/blogdofarnesio.com.br\\\/?p=11706#breadcrumb\"},\"inLanguage\":\"pt-BR\",\"potentialAction\":[{\"@type\":\"ReadAction\",\"target\":[\"https:\\\/\\\/blogdofarnesio.com.br\\\/?p=11706\"]}]},{\"@type\":\"ImageObject\",\"inLanguage\":\"pt-BR\",\"@id\":\"https:\\\/\\\/blogdofarnesio.com.br\\\/?p=11706#primaryimage\",\"url\":\"http:\\\/\\\/www.quersaberpolitica.com.br\\\/2016\\\/wp-content\\\/uploads\\\/2012\\\/12\\\/blogqsp_univasf.jpg\",\"contentUrl\":\"http:\\\/\\\/www.quersaberpolitica.com.br\\\/2016\\\/wp-content\\\/uploads\\\/2012\\\/12\\\/blogqsp_univasf.jpg\"},{\"@type\":\"BreadcrumbList\",\"@id\":\"https:\\\/\\\/blogdofarnesio.com.br\\\/?p=11706#breadcrumb\",\"itemListElement\":[{\"@type\":\"ListItem\",\"position\":1,\"name\":\"In\u00edcio\",\"item\":\"https:\\\/\\\/blogdofarnesio.com.br\\\/\"},{\"@type\":\"ListItem\",\"position\":2,\"name\":\"Abertas inscri\u00e7\u00f5es para o I Encontro de Psican\u00e1lise do Vale do S\u00e3o Francisco\"}]},{\"@type\":\"WebSite\",\"@id\":\"https:\\\/\\\/blogdofarnesio.com.br\\\/#website\",\"url\":\"https:\\\/\\\/blogdofarnesio.com.br\\\/\",\"name\":\"Blog do Farn\u00e9sio\",\"description\":\"Quer Saber Pol\u00edtica?\",\"publisher\":{\"@id\":\"https:\\\/\\\/blogdofarnesio.com.br\\\/#organization\"},\"potentialAction\":[{\"@type\":\"SearchAction\",\"target\":{\"@type\":\"EntryPoint\",\"urlTemplate\":\"https:\\\/\\\/blogdofarnesio.com.br\\\/?s={search_term_string}\"},\"query-input\":{\"@type\":\"PropertyValueSpecification\",\"valueRequired\":true,\"valueName\":\"search_term_string\"}}],\"inLanguage\":\"pt-BR\"},{\"@type\":\"Organization\",\"@id\":\"https:\\\/\\\/blogdofarnesio.com.br\\\/#organization\",\"name\":\"Blog do Farn\u00e9sio\",\"url\":\"https:\\\/\\\/blogdofarnesio.com.br\\\/\",\"logo\":{\"@type\":\"ImageObject\",\"inLanguage\":\"pt-BR\",\"@id\":\"https:\\\/\\\/blogdofarnesio.com.br\\\/#\\\/schema\\\/logo\\\/image\\\/\",\"url\":\"https:\\\/\\\/blogdofarnesio.com.br\\\/wp-content\\\/uploads\\\/2026\\\/03\\\/cropped-logo_new-1.png\",\"contentUrl\":\"https:\\\/\\\/blogdofarnesio.com.br\\\/wp-content\\\/uploads\\\/2026\\\/03\\\/cropped-logo_new-1.png\",\"width\":881,\"height\":685,\"caption\":\"Blog do Farn\u00e9sio\"},\"image\":{\"@id\":\"https:\\\/\\\/blogdofarnesio.com.br\\\/#\\\/schema\\\/logo\\\/image\\\/\"},\"sameAs\":[\"https:\\\/\\\/www.facebook.com\\\/BlogQuerSaberPolitica\\\/\"]}]}<\/script>\n<!-- \/ Yoast SEO plugin. -->","yoast_head_json":{"title":"Abertas inscri\u00e7\u00f5es para o I Encontro de Psican\u00e1lise do Vale do S\u00e3o Francisco - Blog do Farn\u00e9sio","robots":{"index":"index","follow":"follow","max-snippet":"max-snippet:-1","max-image-preview":"max-image-preview:large","max-video-preview":"max-video-preview:-1"},"canonical":"https:\/\/blogdofarnesio.com.br\/?p=11706","og_locale":"pt_BR","og_type":"article","og_title":"Abertas inscri\u00e7\u00f5es para o I Encontro de Psican\u00e1lise do Vale do S\u00e3o Francisco - Blog do Farn\u00e9sio","og_description":"Est&atilde;o abertas as inscri&ccedil;&otilde;es para o I Encontro de Psican&aacute;lise do Vale do S&atilde;o Francisco, que ser&aacute; realizado nos dias 16 e 17 de mar&ccedil;o, na Universidade Federal do Vale do S&atilde;o Francisco (Univasf), no Audit&oacute;rio da Biblioteca do campus Petrolina Sede. O evento, cujo tema ser&aacute; &#8220;O feminino na contemporaneidade,&#8221; tem como objetivo fomentar as discuss&otilde;es acerca da atual posi&ccedil;&atilde;o da mulher na sociedade, abordando a psican&aacute;lise em &acirc;mbito acad&ecirc;mico e social. O encontro &eacute; uma realiza&ccedil;&atilde;o do N&uacute;cleo de Estudos em Psican&aacute;lise e Sa&uacute;de Mental da Univasf, com apoio do Colegiado de Psicologia, da Pr&oacute;-reitoria de Integra&ccedil;&atilde;o (Proin) e da Secretaria de Sa&uacute;de de Petrolina. Os interessados devem realizar as inscri&ccedil;&otilde;es presencialmente, das 8h &agrave;s12h e das 14h&hellip;","og_url":"https:\/\/blogdofarnesio.com.br\/?p=11706","og_site_name":"Blog do Farn\u00e9sio","article_publisher":"https:\/\/www.facebook.com\/BlogQuerSaberPolitica\/","article_published_time":"2012-03-06T10:41:54+00:00","og_image":[{"url":"http:\/\/www.quersaberpolitica.com.br\/2016\/wp-content\/uploads\/2012\/12\/blogqsp_univasf.jpg","type":"","width":"","height":""}],"twitter_card":"summary_large_image","twitter_misc":{"Est. tempo de leitura":"2 minutos"},"schema":{"@context":"https:\/\/schema.org","@graph":[{"@type":"Article","@id":"https:\/\/blogdofarnesio.com.br\/?p=11706#article","isPartOf":{"@id":"https:\/\/blogdofarnesio.com.br\/?p=11706"},"author":{"name":"","@id":""},"headline":"Abertas inscri\u00e7\u00f5es para o I Encontro de Psican\u00e1lise do Vale do S\u00e3o Francisco","datePublished":"2012-03-06T10:41:54+00:00","mainEntityOfPage":{"@id":"https:\/\/blogdofarnesio.com.br\/?p=11706"},"wordCount":330,"commentCount":0,"publisher":{"@id":"https:\/\/blogdofarnesio.com.br\/#organization"},"image":{"@id":"https:\/\/blogdofarnesio.com.br\/?p=11706#primaryimage"},"thumbnailUrl":"http:\/\/www.quersaberpolitica.com.br\/2016\/wp-content\/uploads\/2012\/12\/blogqsp_univasf.jpg","articleSection":["Seguran\u00e7a"],"inLanguage":"pt-BR","potentialAction":[{"@type":"CommentAction","name":"Comment","target":["https:\/\/blogdofarnesio.com.br\/?p=11706#respond"]}]},{"@type":"WebPage","@id":"https:\/\/blogdofarnesio.com.br\/?p=11706","url":"https:\/\/blogdofarnesio.com.br\/?p=11706","name":"Abertas inscri\u00e7\u00f5es para o I Encontro de Psican\u00e1lise do Vale do S\u00e3o Francisco - Blog do Farn\u00e9sio","isPartOf":{"@id":"https:\/\/blogdofarnesio.com.br\/#website"},"primaryImageOfPage":{"@id":"https:\/\/blogdofarnesio.com.br\/?p=11706#primaryimage"},"image":{"@id":"https:\/\/blogdofarnesio.com.br\/?p=11706#primaryimage"},"thumbnailUrl":"http:\/\/www.quersaberpolitica.com.br\/2016\/wp-content\/uploads\/2012\/12\/blogqsp_univasf.jpg","datePublished":"2012-03-06T10:41:54+00:00","breadcrumb":{"@id":"https:\/\/blogdofarnesio.com.br\/?p=11706#breadcrumb"},"inLanguage":"pt-BR","potentialAction":[{"@type":"ReadAction","target":["https:\/\/blogdofarnesio.com.br\/?p=11706"]}]},{"@type":"ImageObject","inLanguage":"pt-BR","@id":"https:\/\/blogdofarnesio.com.br\/?p=11706#primaryimage","url":"http:\/\/www.quersaberpolitica.com.br\/2016\/wp-content\/uploads\/2012\/12\/blogqsp_univasf.jpg","contentUrl":"http:\/\/www.quersaberpolitica.com.br\/2016\/wp-content\/uploads\/2012\/12\/blogqsp_univasf.jpg"},{"@type":"BreadcrumbList","@id":"https:\/\/blogdofarnesio.com.br\/?p=11706#breadcrumb","itemListElement":[{"@type":"ListItem","position":1,"name":"In\u00edcio","item":"https:\/\/blogdofarnesio.com.br\/"},{"@type":"ListItem","position":2,"name":"Abertas inscri\u00e7\u00f5es para o I Encontro de Psican\u00e1lise do Vale do S\u00e3o Francisco"}]},{"@type":"WebSite","@id":"https:\/\/blogdofarnesio.com.br\/#website","url":"https:\/\/blogdofarnesio.com.br\/","name":"Blog do Farn\u00e9sio","description":"Quer Saber Pol\u00edtica?","publisher":{"@id":"https:\/\/blogdofarnesio.com.br\/#organization"},"potentialAction":[{"@type":"SearchAction","target":{"@type":"EntryPoint","urlTemplate":"https:\/\/blogdofarnesio.com.br\/?s={search_term_string}"},"query-input":{"@type":"PropertyValueSpecification","valueRequired":true,"valueName":"search_term_string"}}],"inLanguage":"pt-BR"},{"@type":"Organization","@id":"https:\/\/blogdofarnesio.com.br\/#organization","name":"Blog do Farn\u00e9sio","url":"https:\/\/blogdofarnesio.com.br\/","logo":{"@type":"ImageObject","inLanguage":"pt-BR","@id":"https:\/\/blogdofarnesio.com.br\/#\/schema\/logo\/image\/","url":"https:\/\/blogdofarnesio.com.br\/wp-content\/uploads\/2026\/03\/cropped-logo_new-1.png","contentUrl":"https:\/\/blogdofarnesio.com.br\/wp-content\/uploads\/2026\/03\/cropped-logo_new-1.png","width":881,"height":685,"caption":"Blog do Farn\u00e9sio"},"image":{"@id":"https:\/\/blogdofarnesio.com.br\/#\/schema\/logo\/image\/"},"sameAs":["https:\/\/www.facebook.com\/BlogQuerSaberPolitica\/"]}]}},"_links":{"self":[{"href":"https:\/\/blogdofarnesio.com.br\/index.php?rest_route=\/wp\/v2\/posts\/11706","targetHints":{"allow":["GET"]}}],"collection":[{"href":"https:\/\/blogdofarnesio.com.br\/index.php?rest_route=\/wp\/v2\/posts"}],"about":[{"href":"https:\/\/blogdofarnesio.com.br\/index.php?rest_route=\/wp\/v2\/types\/post"}],"replies":[{"embeddable":true,"href":"https:\/\/blogdofarnesio.com.br\/index.php?rest_route=%2Fwp%2Fv2%2Fcomments&post=11706"}],"version-history":[{"count":0,"href":"https:\/\/blogdofarnesio.com.br\/index.php?rest_route=\/wp\/v2\/posts\/11706\/revisions"}],"wp:attachment":[{"href":"https:\/\/blogdofarnesio.com.br\/index.php?rest_route=%2Fwp%2Fv2%2Fmedia&parent=11706"}],"wp:term":[{"taxonomy":"category","embeddable":true,"href":"https:\/\/blogdofarnesio.com.br\/index.php?rest_route=%2Fwp%2Fv2%2Fcategories&post=11706"},{"taxonomy":"post_tag","embeddable":true,"href":"https:\/\/blogdofarnesio.com.br\/index.php?rest_route=%2Fwp%2Fv2%2Ftags&post=11706"}],"curies":[{"name":"wp","href":"https:\/\/api.w.org\/{rel}","templated":true}]}}