{"id":116675,"date":"2015-02-19T14:00:56","date_gmt":"2015-02-19T17:00:56","guid":{"rendered":"http:\/\/www.quersaberpolitica.com.br\/?p=116675"},"modified":"2015-02-19T11:35:18","modified_gmt":"2015-02-19T14:35:18","slug":"projovem-urbano-em-petrolina-oferece-matriculas","status":"publish","type":"post","link":"https:\/\/blogdofarnesio.com.br\/?p=116675","title":{"rendered":"PROJOVEM URBANO EM PETROLINA OFERECE MATR\u00cdCULAS"},"content":{"rendered":"<p style=\"text-align: center\"><a href=\"http:\/\/www.quersaberpolitica.com.br\/2016\/wp-content\/uploads\/2013\/10\/blogqspprojOVEM_URBANO1.jpg\"><img loading=\"lazy\" decoding=\"async\" class=\"aligncenter  wp-image-62197\" alt=\"blogqspprojOVEM_URBANO1\" src=\"http:\/\/www.quersaberpolitica.com.br\/2016\/wp-content\/uploads\/2013\/10\/blogqspprojOVEM_URBANO1.jpg\" width=\"512\" height=\"414\" srcset=\"https:\/\/blogdofarnesio.com.br\/wp-content\/uploads\/2013\/10\/blogqspprojOVEM_URBANO1.jpg 640w, https:\/\/blogdofarnesio.com.br\/wp-content\/uploads\/2013\/10\/blogqspprojOVEM_URBANO1-300x242.jpg 300w, https:\/\/blogdofarnesio.com.br\/wp-content\/uploads\/2013\/10\/blogqspprojOVEM_URBANO1-370x300.jpg 370w\" sizes=\"auto, (max-width: 512px) 100vw, 512px\" \/><\/a><\/p>\n<p style=\"text-align: justify\">Est\u00e3o abertas \u00e0s matriculas para o PROJOVEM URBANO \u2013 Programa voltado \u00e0 eleva\u00e7\u00e3o da escolaridade daquelas que t\u00eam de 18 a 29 anos e que j\u00e1 sabem ler e escrever, mas n\u00e3o\u00a0conclu\u00edram\u00a0o ensino fundamental (at\u00e9 a oitava s\u00e9rie).<\/p>\n<p style=\"text-align: justify\">As matriculas est\u00e3o abertas at\u00e9 o dia 08 de mar\u00e7o de 2015 e os\u00a0interessados dever\u00e3o procurar as escolas municipais:\u00a0M\u00e3e Vit\u00f3ria (bairro Jatoba);\u00a0An\u00e9zio Le\u00e3o (Bairro Vila Eduardo);\u00a0A Secretaria Municipal de Educa\u00e7\u00e3o de Petrolna (Centro de Conven\u00e7\u00f5es \u2013 segundo piso), no hor\u00e1rio das 7:30 \u00e0s 19:30 (de segunda a sexta-feira)<\/p>\n<p style=\"text-align: justify\">No ato da matricula, os alunos dever\u00e3o levar os seguintes documentos (c\u00f3pias e originais):\u00a0RG, CPF, Comprovante de Resid\u00eancia, Hist\u00f3rico ou Declara\u00e7\u00e3o\u00a0<b>Escolar.\u00a0<\/b>Os que n\u00e3o possuem Hist\u00f3rico Escolar, ser\u00e3o submetidos a um teste simples para verifica\u00e7\u00e3o de leitura e escrita. Vale ressaltar que os\u00a0alunos ter\u00e3o auxilio mensal de R$ 100,00.<\/p>\n","protected":false},"excerpt":{"rendered":"<p>Est\u00e3o abertas \u00e0s matriculas para o PROJOVEM URBANO \u2013 Programa voltado \u00e0 eleva\u00e7\u00e3o da escolaridade daquelas que t\u00eam de 18 a 29 anos e que j\u00e1 sabem ler e escrever, mas n\u00e3o\u00a0conclu\u00edram\u00a0o ensino fundamental (at\u00e9 a oitava s\u00e9rie). As matriculas est\u00e3o abertas at\u00e9 o dia 08 de mar\u00e7o de 2015 e os\u00a0interessados dever\u00e3o procurar as escolas municipais:\u00a0M\u00e3e Vit\u00f3ria (bairro Jatoba);\u00a0An\u00e9zio Le\u00e3o (Bairro Vila Eduardo);\u00a0A Secretaria Municipal de Educa\u00e7\u00e3o de Petrolna (Centro de Conven\u00e7\u00f5es \u2013 segundo piso), no hor\u00e1rio das 7:30 \u00e0s 19:30 (de segunda a sexta-feira) No ato da matricula, os alunos dever\u00e3o levar os seguintes documentos (c\u00f3pias e originais):\u00a0RG, CPF, Comprovante de Resid\u00eancia, Hist\u00f3rico ou Declara\u00e7\u00e3o\u00a0Escolar.\u00a0Os que n\u00e3o possuem Hist\u00f3rico Escolar, ser\u00e3o submetidos a um teste simples para verifica\u00e7\u00e3o&hellip; <\/p>\n","protected":false},"author":7,"featured_media":0,"comment_status":"open","ping_status":"open","sticky":false,"template":"","format":"standard","meta":{"_acf_changed":false,"footnotes":""},"categories":[6],"tags":[],"class_list":["post-116675","post","type-post","status-publish","format-standard","hentry","category-educacao"],"acf":[],"yoast_head":"<!-- This site is optimized with the Yoast SEO plugin v27.4 - https:\/\/yoast.com\/product\/yoast-seo-wordpress\/ -->\n<title>PROJOVEM URBANO EM PETROLINA OFERECE MATR\u00cdCULAS - Blog do Farn\u00e9sio<\/title>\n<meta name=\"robots\" content=\"index, follow, max-snippet:-1, max-image-preview:large, max-video-preview:-1\" \/>\n<link rel=\"canonical\" href=\"https:\/\/blogdofarnesio.com.br\/?p=116675\" \/>\n<meta property=\"og:locale\" content=\"pt_BR\" \/>\n<meta property=\"og:type\" content=\"article\" \/>\n<meta property=\"og:title\" content=\"PROJOVEM URBANO EM PETROLINA OFERECE MATR\u00cdCULAS - Blog do Farn\u00e9sio\" \/>\n<meta property=\"og:description\" content=\"Est\u00e3o abertas \u00e0s matriculas para o PROJOVEM URBANO \u2013 Programa voltado \u00e0 eleva\u00e7\u00e3o da escolaridade daquelas que t\u00eam de 18 a 29 anos e que j\u00e1 sabem ler e escrever, mas n\u00e3o\u00a0conclu\u00edram\u00a0o ensino fundamental (at\u00e9 a oitava s\u00e9rie). As matriculas est\u00e3o abertas at\u00e9 o dia 08 de mar\u00e7o de 2015 e os\u00a0interessados dever\u00e3o procurar as escolas municipais:\u00a0M\u00e3e Vit\u00f3ria (bairro Jatoba);\u00a0An\u00e9zio Le\u00e3o (Bairro Vila Eduardo);\u00a0A Secretaria Municipal de Educa\u00e7\u00e3o de Petrolna (Centro de Conven\u00e7\u00f5es \u2013 segundo piso), no hor\u00e1rio das 7:30 \u00e0s 19:30 (de segunda a sexta-feira) No ato da matricula, os alunos dever\u00e3o levar os seguintes documentos (c\u00f3pias e originais):\u00a0RG, CPF, Comprovante de Resid\u00eancia, Hist\u00f3rico ou Declara\u00e7\u00e3o\u00a0Escolar.\u00a0Os que n\u00e3o possuem Hist\u00f3rico Escolar, ser\u00e3o submetidos a um teste simples para verifica\u00e7\u00e3o&hellip;\" \/>\n<meta property=\"og:url\" content=\"https:\/\/blogdofarnesio.com.br\/?p=116675\" \/>\n<meta property=\"og:site_name\" content=\"Blog do Farn\u00e9sio\" \/>\n<meta property=\"article:publisher\" content=\"https:\/\/www.facebook.com\/BlogQuerSaberPolitica\/\" \/>\n<meta property=\"article:published_time\" content=\"2015-02-19T17:00:56+00:00\" \/>\n<meta property=\"og:image\" content=\"http:\/\/www.quersaberpolitica.com.br\/2016\/wp-content\/uploads\/2013\/10\/blogqspprojOVEM_URBANO1.jpg\" \/>\n<meta name=\"twitter:card\" content=\"summary_large_image\" \/>\n<meta name=\"twitter:label1\" content=\"Escrito por\" \/>\n\t<meta name=\"twitter:data1\" content=\"\" \/>\n\t<meta name=\"twitter:label2\" content=\"Est. tempo de leitura\" \/>\n\t<meta name=\"twitter:data2\" content=\"1 minuto\" \/>\n<script type=\"application\/ld+json\" class=\"yoast-schema-graph\">{\"@context\":\"https:\\\/\\\/schema.org\",\"@graph\":[{\"@type\":\"Article\",\"@id\":\"https:\\\/\\\/blogdofarnesio.com.br\\\/?p=116675#article\",\"isPartOf\":{\"@id\":\"https:\\\/\\\/blogdofarnesio.com.br\\\/?p=116675\"},\"author\":{\"name\":\"\",\"@id\":\"\"},\"headline\":\"PROJOVEM URBANO EM PETROLINA OFERECE MATR\u00cdCULAS\",\"datePublished\":\"2015-02-19T17:00:56+00:00\",\"mainEntityOfPage\":{\"@id\":\"https:\\\/\\\/blogdofarnesio.com.br\\\/?p=116675\"},\"wordCount\":167,\"commentCount\":0,\"publisher\":{\"@id\":\"https:\\\/\\\/blogdofarnesio.com.br\\\/#organization\"},\"image\":{\"@id\":\"https:\\\/\\\/blogdofarnesio.com.br\\\/?p=116675#primaryimage\"},\"thumbnailUrl\":\"http:\\\/\\\/www.quersaberpolitica.com.br\\\/2016\\\/wp-content\\\/uploads\\\/2013\\\/10\\\/blogqspprojOVEM_URBANO1.jpg\",\"articleSection\":[\"Educa\u00e7\u00e3o\"],\"inLanguage\":\"pt-BR\",\"potentialAction\":[{\"@type\":\"CommentAction\",\"name\":\"Comment\",\"target\":[\"https:\\\/\\\/blogdofarnesio.com.br\\\/?p=116675#respond\"]}]},{\"@type\":\"WebPage\",\"@id\":\"https:\\\/\\\/blogdofarnesio.com.br\\\/?p=116675\",\"url\":\"https:\\\/\\\/blogdofarnesio.com.br\\\/?p=116675\",\"name\":\"PROJOVEM URBANO EM PETROLINA OFERECE MATR\u00cdCULAS - Blog do Farn\u00e9sio\",\"isPartOf\":{\"@id\":\"https:\\\/\\\/blogdofarnesio.com.br\\\/#website\"},\"primaryImageOfPage\":{\"@id\":\"https:\\\/\\\/blogdofarnesio.com.br\\\/?p=116675#primaryimage\"},\"image\":{\"@id\":\"https:\\\/\\\/blogdofarnesio.com.br\\\/?p=116675#primaryimage\"},\"thumbnailUrl\":\"http:\\\/\\\/www.quersaberpolitica.com.br\\\/2016\\\/wp-content\\\/uploads\\\/2013\\\/10\\\/blogqspprojOVEM_URBANO1.jpg\",\"datePublished\":\"2015-02-19T17:00:56+00:00\",\"breadcrumb\":{\"@id\":\"https:\\\/\\\/blogdofarnesio.com.br\\\/?p=116675#breadcrumb\"},\"inLanguage\":\"pt-BR\",\"potentialAction\":[{\"@type\":\"ReadAction\",\"target\":[\"https:\\\/\\\/blogdofarnesio.com.br\\\/?p=116675\"]}]},{\"@type\":\"ImageObject\",\"inLanguage\":\"pt-BR\",\"@id\":\"https:\\\/\\\/blogdofarnesio.com.br\\\/?p=116675#primaryimage\",\"url\":\"http:\\\/\\\/www.quersaberpolitica.com.br\\\/2016\\\/wp-content\\\/uploads\\\/2013\\\/10\\\/blogqspprojOVEM_URBANO1.jpg\",\"contentUrl\":\"http:\\\/\\\/www.quersaberpolitica.com.br\\\/2016\\\/wp-content\\\/uploads\\\/2013\\\/10\\\/blogqspprojOVEM_URBANO1.jpg\"},{\"@type\":\"BreadcrumbList\",\"@id\":\"https:\\\/\\\/blogdofarnesio.com.br\\\/?p=116675#breadcrumb\",\"itemListElement\":[{\"@type\":\"ListItem\",\"position\":1,\"name\":\"In\u00edcio\",\"item\":\"https:\\\/\\\/blogdofarnesio.com.br\\\/\"},{\"@type\":\"ListItem\",\"position\":2,\"name\":\"PROJOVEM URBANO EM PETROLINA OFERECE MATR\u00cdCULAS\"}]},{\"@type\":\"WebSite\",\"@id\":\"https:\\\/\\\/blogdofarnesio.com.br\\\/#website\",\"url\":\"https:\\\/\\\/blogdofarnesio.com.br\\\/\",\"name\":\"Blog do Farn\u00e9sio\",\"description\":\"Quer Saber Pol\u00edtica?\",\"publisher\":{\"@id\":\"https:\\\/\\\/blogdofarnesio.com.br\\\/#organization\"},\"potentialAction\":[{\"@type\":\"SearchAction\",\"target\":{\"@type\":\"EntryPoint\",\"urlTemplate\":\"https:\\\/\\\/blogdofarnesio.com.br\\\/?s={search_term_string}\"},\"query-input\":{\"@type\":\"PropertyValueSpecification\",\"valueRequired\":true,\"valueName\":\"search_term_string\"}}],\"inLanguage\":\"pt-BR\"},{\"@type\":\"Organization\",\"@id\":\"https:\\\/\\\/blogdofarnesio.com.br\\\/#organization\",\"name\":\"Blog do Farn\u00e9sio\",\"url\":\"https:\\\/\\\/blogdofarnesio.com.br\\\/\",\"logo\":{\"@type\":\"ImageObject\",\"inLanguage\":\"pt-BR\",\"@id\":\"https:\\\/\\\/blogdofarnesio.com.br\\\/#\\\/schema\\\/logo\\\/image\\\/\",\"url\":\"https:\\\/\\\/blogdofarnesio.com.br\\\/wp-content\\\/uploads\\\/2026\\\/03\\\/cropped-logo_new-1.png\",\"contentUrl\":\"https:\\\/\\\/blogdofarnesio.com.br\\\/wp-content\\\/uploads\\\/2026\\\/03\\\/cropped-logo_new-1.png\",\"width\":881,\"height\":685,\"caption\":\"Blog do Farn\u00e9sio\"},\"image\":{\"@id\":\"https:\\\/\\\/blogdofarnesio.com.br\\\/#\\\/schema\\\/logo\\\/image\\\/\"},\"sameAs\":[\"https:\\\/\\\/www.facebook.com\\\/BlogQuerSaberPolitica\\\/\"]},{\"@type\":\"Person\",\"@id\":\"\",\"url\":\"https:\\\/\\\/blogdofarnesio.com.br\\\/?author=7\"}]}<\/script>\n<!-- \/ Yoast SEO plugin. -->","yoast_head_json":{"title":"PROJOVEM URBANO EM PETROLINA OFERECE MATR\u00cdCULAS - Blog do Farn\u00e9sio","robots":{"index":"index","follow":"follow","max-snippet":"max-snippet:-1","max-image-preview":"max-image-preview:large","max-video-preview":"max-video-preview:-1"},"canonical":"https:\/\/blogdofarnesio.com.br\/?p=116675","og_locale":"pt_BR","og_type":"article","og_title":"PROJOVEM URBANO EM PETROLINA OFERECE MATR\u00cdCULAS - Blog do Farn\u00e9sio","og_description":"Est\u00e3o abertas \u00e0s matriculas para o PROJOVEM URBANO \u2013 Programa voltado \u00e0 eleva\u00e7\u00e3o da escolaridade daquelas que t\u00eam de 18 a 29 anos e que j\u00e1 sabem ler e escrever, mas n\u00e3o\u00a0conclu\u00edram\u00a0o ensino fundamental (at\u00e9 a oitava s\u00e9rie). As matriculas est\u00e3o abertas at\u00e9 o dia 08 de mar\u00e7o de 2015 e os\u00a0interessados dever\u00e3o procurar as escolas municipais:\u00a0M\u00e3e Vit\u00f3ria (bairro Jatoba);\u00a0An\u00e9zio Le\u00e3o (Bairro Vila Eduardo);\u00a0A Secretaria Municipal de Educa\u00e7\u00e3o de Petrolna (Centro de Conven\u00e7\u00f5es \u2013 segundo piso), no hor\u00e1rio das 7:30 \u00e0s 19:30 (de segunda a sexta-feira) No ato da matricula, os alunos dever\u00e3o levar os seguintes documentos (c\u00f3pias e originais):\u00a0RG, CPF, Comprovante de Resid\u00eancia, Hist\u00f3rico ou Declara\u00e7\u00e3o\u00a0Escolar.\u00a0Os que n\u00e3o possuem Hist\u00f3rico Escolar, ser\u00e3o submetidos a um teste simples para verifica\u00e7\u00e3o&hellip;","og_url":"https:\/\/blogdofarnesio.com.br\/?p=116675","og_site_name":"Blog do Farn\u00e9sio","article_publisher":"https:\/\/www.facebook.com\/BlogQuerSaberPolitica\/","article_published_time":"2015-02-19T17:00:56+00:00","og_image":[{"url":"http:\/\/www.quersaberpolitica.com.br\/2016\/wp-content\/uploads\/2013\/10\/blogqspprojOVEM_URBANO1.jpg","type":"","width":"","height":""}],"twitter_card":"summary_large_image","twitter_misc":{"Escrito por":"","Est. tempo de leitura":"1 minuto"},"schema":{"@context":"https:\/\/schema.org","@graph":[{"@type":"Article","@id":"https:\/\/blogdofarnesio.com.br\/?p=116675#article","isPartOf":{"@id":"https:\/\/blogdofarnesio.com.br\/?p=116675"},"author":{"name":"","@id":""},"headline":"PROJOVEM URBANO EM PETROLINA OFERECE MATR\u00cdCULAS","datePublished":"2015-02-19T17:00:56+00:00","mainEntityOfPage":{"@id":"https:\/\/blogdofarnesio.com.br\/?p=116675"},"wordCount":167,"commentCount":0,"publisher":{"@id":"https:\/\/blogdofarnesio.com.br\/#organization"},"image":{"@id":"https:\/\/blogdofarnesio.com.br\/?p=116675#primaryimage"},"thumbnailUrl":"http:\/\/www.quersaberpolitica.com.br\/2016\/wp-content\/uploads\/2013\/10\/blogqspprojOVEM_URBANO1.jpg","articleSection":["Educa\u00e7\u00e3o"],"inLanguage":"pt-BR","potentialAction":[{"@type":"CommentAction","name":"Comment","target":["https:\/\/blogdofarnesio.com.br\/?p=116675#respond"]}]},{"@type":"WebPage","@id":"https:\/\/blogdofarnesio.com.br\/?p=116675","url":"https:\/\/blogdofarnesio.com.br\/?p=116675","name":"PROJOVEM URBANO EM PETROLINA OFERECE MATR\u00cdCULAS - Blog do Farn\u00e9sio","isPartOf":{"@id":"https:\/\/blogdofarnesio.com.br\/#website"},"primaryImageOfPage":{"@id":"https:\/\/blogdofarnesio.com.br\/?p=116675#primaryimage"},"image":{"@id":"https:\/\/blogdofarnesio.com.br\/?p=116675#primaryimage"},"thumbnailUrl":"http:\/\/www.quersaberpolitica.com.br\/2016\/wp-content\/uploads\/2013\/10\/blogqspprojOVEM_URBANO1.jpg","datePublished":"2015-02-19T17:00:56+00:00","breadcrumb":{"@id":"https:\/\/blogdofarnesio.com.br\/?p=116675#breadcrumb"},"inLanguage":"pt-BR","potentialAction":[{"@type":"ReadAction","target":["https:\/\/blogdofarnesio.com.br\/?p=116675"]}]},{"@type":"ImageObject","inLanguage":"pt-BR","@id":"https:\/\/blogdofarnesio.com.br\/?p=116675#primaryimage","url":"http:\/\/www.quersaberpolitica.com.br\/2016\/wp-content\/uploads\/2013\/10\/blogqspprojOVEM_URBANO1.jpg","contentUrl":"http:\/\/www.quersaberpolitica.com.br\/2016\/wp-content\/uploads\/2013\/10\/blogqspprojOVEM_URBANO1.jpg"},{"@type":"BreadcrumbList","@id":"https:\/\/blogdofarnesio.com.br\/?p=116675#breadcrumb","itemListElement":[{"@type":"ListItem","position":1,"name":"In\u00edcio","item":"https:\/\/blogdofarnesio.com.br\/"},{"@type":"ListItem","position":2,"name":"PROJOVEM URBANO EM PETROLINA OFERECE MATR\u00cdCULAS"}]},{"@type":"WebSite","@id":"https:\/\/blogdofarnesio.com.br\/#website","url":"https:\/\/blogdofarnesio.com.br\/","name":"Blog do Farn\u00e9sio","description":"Quer Saber Pol\u00edtica?","publisher":{"@id":"https:\/\/blogdofarnesio.com.br\/#organization"},"potentialAction":[{"@type":"SearchAction","target":{"@type":"EntryPoint","urlTemplate":"https:\/\/blogdofarnesio.com.br\/?s={search_term_string}"},"query-input":{"@type":"PropertyValueSpecification","valueRequired":true,"valueName":"search_term_string"}}],"inLanguage":"pt-BR"},{"@type":"Organization","@id":"https:\/\/blogdofarnesio.com.br\/#organization","name":"Blog do Farn\u00e9sio","url":"https:\/\/blogdofarnesio.com.br\/","logo":{"@type":"ImageObject","inLanguage":"pt-BR","@id":"https:\/\/blogdofarnesio.com.br\/#\/schema\/logo\/image\/","url":"https:\/\/blogdofarnesio.com.br\/wp-content\/uploads\/2026\/03\/cropped-logo_new-1.png","contentUrl":"https:\/\/blogdofarnesio.com.br\/wp-content\/uploads\/2026\/03\/cropped-logo_new-1.png","width":881,"height":685,"caption":"Blog do Farn\u00e9sio"},"image":{"@id":"https:\/\/blogdofarnesio.com.br\/#\/schema\/logo\/image\/"},"sameAs":["https:\/\/www.facebook.com\/BlogQuerSaberPolitica\/"]},{"@type":"Person","@id":"","url":"https:\/\/blogdofarnesio.com.br\/?author=7"}]}},"_links":{"self":[{"href":"https:\/\/blogdofarnesio.com.br\/index.php?rest_route=\/wp\/v2\/posts\/116675","targetHints":{"allow":["GET"]}}],"collection":[{"href":"https:\/\/blogdofarnesio.com.br\/index.php?rest_route=\/wp\/v2\/posts"}],"about":[{"href":"https:\/\/blogdofarnesio.com.br\/index.php?rest_route=\/wp\/v2\/types\/post"}],"author":[{"embeddable":true,"href":"https:\/\/blogdofarnesio.com.br\/index.php?rest_route=\/wp\/v2\/users\/7"}],"replies":[{"embeddable":true,"href":"https:\/\/blogdofarnesio.com.br\/index.php?rest_route=%2Fwp%2Fv2%2Fcomments&post=116675"}],"version-history":[{"count":0,"href":"https:\/\/blogdofarnesio.com.br\/index.php?rest_route=\/wp\/v2\/posts\/116675\/revisions"}],"wp:attachment":[{"href":"https:\/\/blogdofarnesio.com.br\/index.php?rest_route=%2Fwp%2Fv2%2Fmedia&parent=116675"}],"wp:term":[{"taxonomy":"category","embeddable":true,"href":"https:\/\/blogdofarnesio.com.br\/index.php?rest_route=%2Fwp%2Fv2%2Fcategories&post=116675"},{"taxonomy":"post_tag","embeddable":true,"href":"https:\/\/blogdofarnesio.com.br\/index.php?rest_route=%2Fwp%2Fv2%2Ftags&post=116675"}],"curies":[{"name":"wp","href":"https:\/\/api.w.org\/{rel}","templated":true}]}}