{"id":116672,"date":"2015-02-19T13:00:42","date_gmt":"2015-02-19T16:00:42","guid":{"rendered":"http:\/\/www.quersaberpolitica.com.br\/?p=116672"},"modified":"2015-02-19T11:30:17","modified_gmt":"2015-02-19T14:30:17","slug":"oposicao-em-pernambuco-quer-explicacoes-sobre-caixa-do-estado","status":"publish","type":"post","link":"https:\/\/blogdofarnesio.com.br\/?p=116672","title":{"rendered":"OPOSI\u00c7\u00c3O EM PERNAMBUCO QUER EXPLICA\u00c7\u00d5ES SOBRE CAIXA DO ESTADO"},"content":{"rendered":"<div style=\"text-align: justify\"><img loading=\"lazy\" decoding=\"async\" class=\"aligncenter\" alt=\": \" src=\"https:\/\/www.brasil247.com\/images\/cache\/1000x357\/crop\/images%7Ccms-image-000419032.jpg\" width=\"480\" height=\"171\" \/>A bancada de oposi\u00e7\u00e3o da Assembleia Legislativa de Pernambuco (Alepe) ir\u00e1 convocar o secret\u00e1rio de Fazenda, M\u00e1rcio Stefanni, para prestar esclarecimentos sobre a sa\u00fade financeira do Estado nos pr\u00f3ximos dias. A convoca\u00e7\u00e3o tem como base mat\u00e9rias veiculadas pela imprensa apontando que Pernambuco possui um d\u00e9ficit prim\u00e1rio de R$ 2,06 bilh\u00f5es, o que coloca o Estado no terceiro lugar no ranking dos maiores d\u00e9ficits do pa\u00eds, atr\u00e1s apenas do Rio de Janeiro, com R$ 7,33 bilh\u00f5es, e do Paran\u00e1, com R$ 4,61 bilh\u00f5es. A audi\u00eancia est\u00e1 prevista para o pr\u00f3ximo dia 4, durante reuni\u00e3o da Comiss\u00e3o Permanente de Finan\u00e7as, Or\u00e7amento e Tributa\u00e7\u00e3o.<\/p>\n<\/div>\n<div style=\"text-align: justify\">\n<section>A oposi\u00e7\u00e3o tamb\u00e9m dever\u00e1 inquirir o secret\u00e1rio sobre a declara\u00e7\u00e3o feita no in\u00edcio deste m\u00eas, pelo governador Paulo C\u00e2mara (PSB) ao jornal Valor Econ\u00f4mico dando conta de que o Estado dever\u00e1 perder cerc a de R$ 1 bilh\u00e3o em investimentos em fun\u00e7\u00e3o do an\u00fancio feito pelo Governo Federal de que ir\u00e1 segurar as opera\u00e7\u00f5es de cr\u00e9dito ao longo deste exerc\u00edcio.<\/p>\n<p>&#8220;Queremos uma radiografia do que o secret\u00e1rio Paulo C\u00e2mara deixou para o governador Paulo C\u00e2mara. Se ele tinha no\u00e7\u00e3o dessa realidade, por que tantas promessas [de campanha] foram feitas? Como ele vai dobrar sal\u00e1rio dos professores? O FEM de 2015 vai sair realmente do papel? Como vai ser poss\u00edvel dar conta de tudo isso?&#8221;, questionou o l\u00edder da bancada de oposi\u00e7\u00e3o, S\u00edlvio Costa Filho (PTB), ao Diario de Pernambuco.<\/p>\n<p>Por meio de nota, a Secretaria da Fazenda negou a exist\u00eancia de d\u00e9ficit nas contas estaduais. Segundo a nota, o saldo de caixa ao t\u00e9rmino do ano passado era de R$ 800 milh\u00f5es e que o resultado negativo de R$ 2,06 bilh\u00f5es diz respeito ao resultado prim\u00e1rio, n\u00e3o podendo ser considerado um d\u00e9ficit de caixa do tesouro estadual.<\/p>\n<p><strong>Pernambuco 247\u00a0<\/strong><\/p>\n<\/section>\n<\/div>\n","protected":false},"excerpt":{"rendered":"<p>A bancada de oposi\u00e7\u00e3o da Assembleia Legislativa de Pernambuco (Alepe) ir\u00e1 convocar o secret\u00e1rio de Fazenda, M\u00e1rcio Stefanni, para prestar esclarecimentos sobre a sa\u00fade financeira do Estado nos pr\u00f3ximos dias. A convoca\u00e7\u00e3o tem como base mat\u00e9rias veiculadas pela imprensa apontando que Pernambuco possui um d\u00e9ficit prim\u00e1rio de R$ 2,06 bilh\u00f5es, o que coloca o Estado no terceiro lugar no ranking dos maiores d\u00e9ficits do pa\u00eds, atr\u00e1s apenas do Rio de Janeiro, com R$ 7,33 bilh\u00f5es, e do Paran\u00e1, com R$ 4,61 bilh\u00f5es. A audi\u00eancia est\u00e1 prevista para o pr\u00f3ximo dia 4, durante reuni\u00e3o da Comiss\u00e3o Permanente de Finan\u00e7as, Or\u00e7amento e Tributa\u00e7\u00e3o. A oposi\u00e7\u00e3o tamb\u00e9m dever\u00e1 inquirir o secret\u00e1rio sobre a declara\u00e7\u00e3o feita no in\u00edcio deste m\u00eas, pelo governador Paulo C\u00e2mara&hellip; <\/p>\n","protected":false},"author":3,"featured_media":0,"comment_status":"open","ping_status":"open","sticky":false,"template":"","format":"standard","meta":{"_acf_changed":false,"footnotes":""},"categories":[1],"tags":[],"class_list":["post-116672","post","type-post","status-publish","format-standard","hentry","category-politica"],"acf":[],"yoast_head":"<!-- This site is optimized with the Yoast SEO plugin v27.4 - https:\/\/yoast.com\/product\/yoast-seo-wordpress\/ -->\n<title>OPOSI\u00c7\u00c3O EM PERNAMBUCO QUER EXPLICA\u00c7\u00d5ES SOBRE CAIXA DO ESTADO - Blog do Farn\u00e9sio<\/title>\n<meta name=\"robots\" content=\"index, follow, max-snippet:-1, max-image-preview:large, max-video-preview:-1\" \/>\n<link rel=\"canonical\" href=\"https:\/\/blogdofarnesio.com.br\/?p=116672\" \/>\n<meta property=\"og:locale\" content=\"pt_BR\" \/>\n<meta property=\"og:type\" content=\"article\" \/>\n<meta property=\"og:title\" content=\"OPOSI\u00c7\u00c3O EM PERNAMBUCO QUER EXPLICA\u00c7\u00d5ES SOBRE CAIXA DO ESTADO - Blog do Farn\u00e9sio\" \/>\n<meta property=\"og:description\" content=\"A bancada de oposi\u00e7\u00e3o da Assembleia Legislativa de Pernambuco (Alepe) ir\u00e1 convocar o secret\u00e1rio de Fazenda, M\u00e1rcio Stefanni, para prestar esclarecimentos sobre a sa\u00fade financeira do Estado nos pr\u00f3ximos dias. A convoca\u00e7\u00e3o tem como base mat\u00e9rias veiculadas pela imprensa apontando que Pernambuco possui um d\u00e9ficit prim\u00e1rio de R$ 2,06 bilh\u00f5es, o que coloca o Estado no terceiro lugar no ranking dos maiores d\u00e9ficits do pa\u00eds, atr\u00e1s apenas do Rio de Janeiro, com R$ 7,33 bilh\u00f5es, e do Paran\u00e1, com R$ 4,61 bilh\u00f5es. A audi\u00eancia est\u00e1 prevista para o pr\u00f3ximo dia 4, durante reuni\u00e3o da Comiss\u00e3o Permanente de Finan\u00e7as, Or\u00e7amento e Tributa\u00e7\u00e3o. A oposi\u00e7\u00e3o tamb\u00e9m dever\u00e1 inquirir o secret\u00e1rio sobre a declara\u00e7\u00e3o feita no in\u00edcio deste m\u00eas, pelo governador Paulo C\u00e2mara&hellip;\" \/>\n<meta property=\"og:url\" content=\"https:\/\/blogdofarnesio.com.br\/?p=116672\" \/>\n<meta property=\"og:site_name\" content=\"Blog do Farn\u00e9sio\" \/>\n<meta property=\"article:publisher\" content=\"https:\/\/www.facebook.com\/BlogQuerSaberPolitica\/\" \/>\n<meta property=\"article:published_time\" content=\"2015-02-19T16:00:42+00:00\" \/>\n<meta property=\"og:image\" content=\"https:\/\/www.brasil247.com\/images\/cache\/1000x357\/crop\/images%7Ccms-image-000419032.jpg\" \/>\n<meta name=\"author\" content=\"teste\" \/>\n<meta name=\"twitter:card\" content=\"summary_large_image\" \/>\n<meta name=\"twitter:label1\" content=\"Escrito por\" \/>\n\t<meta name=\"twitter:data1\" content=\"teste\" \/>\n\t<meta name=\"twitter:label2\" content=\"Est. tempo de leitura\" \/>\n\t<meta name=\"twitter:data2\" content=\"2 minutos\" \/>\n<script type=\"application\/ld+json\" class=\"yoast-schema-graph\">{\"@context\":\"https:\\\/\\\/schema.org\",\"@graph\":[{\"@type\":\"Article\",\"@id\":\"https:\\\/\\\/blogdofarnesio.com.br\\\/?p=116672#article\",\"isPartOf\":{\"@id\":\"https:\\\/\\\/blogdofarnesio.com.br\\\/?p=116672\"},\"author\":{\"name\":\"teste\",\"@id\":\"https:\\\/\\\/blogdofarnesio.com.br\\\/#\\\/schema\\\/person\\\/dd1bf5eba40b687199ba45ca6b97dff9\"},\"headline\":\"OPOSI\u00c7\u00c3O EM PERNAMBUCO QUER EXPLICA\u00c7\u00d5ES SOBRE CAIXA DO ESTADO\",\"datePublished\":\"2015-02-19T16:00:42+00:00\",\"mainEntityOfPage\":{\"@id\":\"https:\\\/\\\/blogdofarnesio.com.br\\\/?p=116672\"},\"wordCount\":345,\"commentCount\":0,\"publisher\":{\"@id\":\"https:\\\/\\\/blogdofarnesio.com.br\\\/#organization\"},\"image\":{\"@id\":\"https:\\\/\\\/blogdofarnesio.com.br\\\/?p=116672#primaryimage\"},\"thumbnailUrl\":\"https:\\\/\\\/www.brasil247.com\\\/images\\\/cache\\\/1000x357\\\/crop\\\/images%7Ccms-image-000419032.jpg\",\"articleSection\":[\"Pol\u00edtica\"],\"inLanguage\":\"pt-BR\",\"potentialAction\":[{\"@type\":\"CommentAction\",\"name\":\"Comment\",\"target\":[\"https:\\\/\\\/blogdofarnesio.com.br\\\/?p=116672#respond\"]}]},{\"@type\":\"WebPage\",\"@id\":\"https:\\\/\\\/blogdofarnesio.com.br\\\/?p=116672\",\"url\":\"https:\\\/\\\/blogdofarnesio.com.br\\\/?p=116672\",\"name\":\"OPOSI\u00c7\u00c3O EM PERNAMBUCO QUER EXPLICA\u00c7\u00d5ES SOBRE CAIXA DO ESTADO - Blog do Farn\u00e9sio\",\"isPartOf\":{\"@id\":\"https:\\\/\\\/blogdofarnesio.com.br\\\/#website\"},\"primaryImageOfPage\":{\"@id\":\"https:\\\/\\\/blogdofarnesio.com.br\\\/?p=116672#primaryimage\"},\"image\":{\"@id\":\"https:\\\/\\\/blogdofarnesio.com.br\\\/?p=116672#primaryimage\"},\"thumbnailUrl\":\"https:\\\/\\\/www.brasil247.com\\\/images\\\/cache\\\/1000x357\\\/crop\\\/images%7Ccms-image-000419032.jpg\",\"datePublished\":\"2015-02-19T16:00:42+00:00\",\"breadcrumb\":{\"@id\":\"https:\\\/\\\/blogdofarnesio.com.br\\\/?p=116672#breadcrumb\"},\"inLanguage\":\"pt-BR\",\"potentialAction\":[{\"@type\":\"ReadAction\",\"target\":[\"https:\\\/\\\/blogdofarnesio.com.br\\\/?p=116672\"]}]},{\"@type\":\"ImageObject\",\"inLanguage\":\"pt-BR\",\"@id\":\"https:\\\/\\\/blogdofarnesio.com.br\\\/?p=116672#primaryimage\",\"url\":\"https:\\\/\\\/www.brasil247.com\\\/images\\\/cache\\\/1000x357\\\/crop\\\/images%7Ccms-image-000419032.jpg\",\"contentUrl\":\"https:\\\/\\\/www.brasil247.com\\\/images\\\/cache\\\/1000x357\\\/crop\\\/images%7Ccms-image-000419032.jpg\"},{\"@type\":\"BreadcrumbList\",\"@id\":\"https:\\\/\\\/blogdofarnesio.com.br\\\/?p=116672#breadcrumb\",\"itemListElement\":[{\"@type\":\"ListItem\",\"position\":1,\"name\":\"In\u00edcio\",\"item\":\"https:\\\/\\\/blogdofarnesio.com.br\\\/\"},{\"@type\":\"ListItem\",\"position\":2,\"name\":\"OPOSI\u00c7\u00c3O EM PERNAMBUCO QUER EXPLICA\u00c7\u00d5ES SOBRE CAIXA DO ESTADO\"}]},{\"@type\":\"WebSite\",\"@id\":\"https:\\\/\\\/blogdofarnesio.com.br\\\/#website\",\"url\":\"https:\\\/\\\/blogdofarnesio.com.br\\\/\",\"name\":\"Blog do Farn\u00e9sio\",\"description\":\"Quer Saber Pol\u00edtica?\",\"publisher\":{\"@id\":\"https:\\\/\\\/blogdofarnesio.com.br\\\/#organization\"},\"potentialAction\":[{\"@type\":\"SearchAction\",\"target\":{\"@type\":\"EntryPoint\",\"urlTemplate\":\"https:\\\/\\\/blogdofarnesio.com.br\\\/?s={search_term_string}\"},\"query-input\":{\"@type\":\"PropertyValueSpecification\",\"valueRequired\":true,\"valueName\":\"search_term_string\"}}],\"inLanguage\":\"pt-BR\"},{\"@type\":\"Organization\",\"@id\":\"https:\\\/\\\/blogdofarnesio.com.br\\\/#organization\",\"name\":\"Blog do Farn\u00e9sio\",\"url\":\"https:\\\/\\\/blogdofarnesio.com.br\\\/\",\"logo\":{\"@type\":\"ImageObject\",\"inLanguage\":\"pt-BR\",\"@id\":\"https:\\\/\\\/blogdofarnesio.com.br\\\/#\\\/schema\\\/logo\\\/image\\\/\",\"url\":\"https:\\\/\\\/blogdofarnesio.com.br\\\/wp-content\\\/uploads\\\/2026\\\/03\\\/cropped-logo_new-1.png\",\"contentUrl\":\"https:\\\/\\\/blogdofarnesio.com.br\\\/wp-content\\\/uploads\\\/2026\\\/03\\\/cropped-logo_new-1.png\",\"width\":881,\"height\":685,\"caption\":\"Blog do Farn\u00e9sio\"},\"image\":{\"@id\":\"https:\\\/\\\/blogdofarnesio.com.br\\\/#\\\/schema\\\/logo\\\/image\\\/\"},\"sameAs\":[\"https:\\\/\\\/www.facebook.com\\\/BlogQuerSaberPolitica\\\/\"]},{\"@type\":\"Person\",\"@id\":\"https:\\\/\\\/blogdofarnesio.com.br\\\/#\\\/schema\\\/person\\\/dd1bf5eba40b687199ba45ca6b97dff9\",\"name\":\"teste\",\"image\":{\"@type\":\"ImageObject\",\"inLanguage\":\"pt-BR\",\"@id\":\"https:\\\/\\\/secure.gravatar.com\\\/avatar\\\/2172498d4914b51e1d89a0f97957b035ac4938723a5cac208135d389b6972a6d?s=96&d=mm&r=g\",\"url\":\"https:\\\/\\\/secure.gravatar.com\\\/avatar\\\/2172498d4914b51e1d89a0f97957b035ac4938723a5cac208135d389b6972a6d?s=96&d=mm&r=g\",\"contentUrl\":\"https:\\\/\\\/secure.gravatar.com\\\/avatar\\\/2172498d4914b51e1d89a0f97957b035ac4938723a5cac208135d389b6972a6d?s=96&d=mm&r=g\",\"caption\":\"teste\"},\"url\":\"https:\\\/\\\/blogdofarnesio.com.br\\\/?author=3\"}]}<\/script>\n<!-- \/ Yoast SEO plugin. -->","yoast_head_json":{"title":"OPOSI\u00c7\u00c3O EM PERNAMBUCO QUER EXPLICA\u00c7\u00d5ES SOBRE CAIXA DO ESTADO - Blog do Farn\u00e9sio","robots":{"index":"index","follow":"follow","max-snippet":"max-snippet:-1","max-image-preview":"max-image-preview:large","max-video-preview":"max-video-preview:-1"},"canonical":"https:\/\/blogdofarnesio.com.br\/?p=116672","og_locale":"pt_BR","og_type":"article","og_title":"OPOSI\u00c7\u00c3O EM PERNAMBUCO QUER EXPLICA\u00c7\u00d5ES SOBRE CAIXA DO ESTADO - Blog do Farn\u00e9sio","og_description":"A bancada de oposi\u00e7\u00e3o da Assembleia Legislativa de Pernambuco (Alepe) ir\u00e1 convocar o secret\u00e1rio de Fazenda, M\u00e1rcio Stefanni, para prestar esclarecimentos sobre a sa\u00fade financeira do Estado nos pr\u00f3ximos dias. A convoca\u00e7\u00e3o tem como base mat\u00e9rias veiculadas pela imprensa apontando que Pernambuco possui um d\u00e9ficit prim\u00e1rio de R$ 2,06 bilh\u00f5es, o que coloca o Estado no terceiro lugar no ranking dos maiores d\u00e9ficits do pa\u00eds, atr\u00e1s apenas do Rio de Janeiro, com R$ 7,33 bilh\u00f5es, e do Paran\u00e1, com R$ 4,61 bilh\u00f5es. A audi\u00eancia est\u00e1 prevista para o pr\u00f3ximo dia 4, durante reuni\u00e3o da Comiss\u00e3o Permanente de Finan\u00e7as, Or\u00e7amento e Tributa\u00e7\u00e3o. A oposi\u00e7\u00e3o tamb\u00e9m dever\u00e1 inquirir o secret\u00e1rio sobre a declara\u00e7\u00e3o feita no in\u00edcio deste m\u00eas, pelo governador Paulo C\u00e2mara&hellip;","og_url":"https:\/\/blogdofarnesio.com.br\/?p=116672","og_site_name":"Blog do Farn\u00e9sio","article_publisher":"https:\/\/www.facebook.com\/BlogQuerSaberPolitica\/","article_published_time":"2015-02-19T16:00:42+00:00","og_image":[{"url":"https:\/\/www.brasil247.com\/images\/cache\/1000x357\/crop\/images%7Ccms-image-000419032.jpg","type":"","width":"","height":""}],"author":"teste","twitter_card":"summary_large_image","twitter_misc":{"Escrito por":"teste","Est. tempo de leitura":"2 minutos"},"schema":{"@context":"https:\/\/schema.org","@graph":[{"@type":"Article","@id":"https:\/\/blogdofarnesio.com.br\/?p=116672#article","isPartOf":{"@id":"https:\/\/blogdofarnesio.com.br\/?p=116672"},"author":{"name":"teste","@id":"https:\/\/blogdofarnesio.com.br\/#\/schema\/person\/dd1bf5eba40b687199ba45ca6b97dff9"},"headline":"OPOSI\u00c7\u00c3O EM PERNAMBUCO QUER EXPLICA\u00c7\u00d5ES SOBRE CAIXA DO ESTADO","datePublished":"2015-02-19T16:00:42+00:00","mainEntityOfPage":{"@id":"https:\/\/blogdofarnesio.com.br\/?p=116672"},"wordCount":345,"commentCount":0,"publisher":{"@id":"https:\/\/blogdofarnesio.com.br\/#organization"},"image":{"@id":"https:\/\/blogdofarnesio.com.br\/?p=116672#primaryimage"},"thumbnailUrl":"https:\/\/www.brasil247.com\/images\/cache\/1000x357\/crop\/images%7Ccms-image-000419032.jpg","articleSection":["Pol\u00edtica"],"inLanguage":"pt-BR","potentialAction":[{"@type":"CommentAction","name":"Comment","target":["https:\/\/blogdofarnesio.com.br\/?p=116672#respond"]}]},{"@type":"WebPage","@id":"https:\/\/blogdofarnesio.com.br\/?p=116672","url":"https:\/\/blogdofarnesio.com.br\/?p=116672","name":"OPOSI\u00c7\u00c3O EM PERNAMBUCO QUER EXPLICA\u00c7\u00d5ES SOBRE CAIXA DO ESTADO - Blog do Farn\u00e9sio","isPartOf":{"@id":"https:\/\/blogdofarnesio.com.br\/#website"},"primaryImageOfPage":{"@id":"https:\/\/blogdofarnesio.com.br\/?p=116672#primaryimage"},"image":{"@id":"https:\/\/blogdofarnesio.com.br\/?p=116672#primaryimage"},"thumbnailUrl":"https:\/\/www.brasil247.com\/images\/cache\/1000x357\/crop\/images%7Ccms-image-000419032.jpg","datePublished":"2015-02-19T16:00:42+00:00","breadcrumb":{"@id":"https:\/\/blogdofarnesio.com.br\/?p=116672#breadcrumb"},"inLanguage":"pt-BR","potentialAction":[{"@type":"ReadAction","target":["https:\/\/blogdofarnesio.com.br\/?p=116672"]}]},{"@type":"ImageObject","inLanguage":"pt-BR","@id":"https:\/\/blogdofarnesio.com.br\/?p=116672#primaryimage","url":"https:\/\/www.brasil247.com\/images\/cache\/1000x357\/crop\/images%7Ccms-image-000419032.jpg","contentUrl":"https:\/\/www.brasil247.com\/images\/cache\/1000x357\/crop\/images%7Ccms-image-000419032.jpg"},{"@type":"BreadcrumbList","@id":"https:\/\/blogdofarnesio.com.br\/?p=116672#breadcrumb","itemListElement":[{"@type":"ListItem","position":1,"name":"In\u00edcio","item":"https:\/\/blogdofarnesio.com.br\/"},{"@type":"ListItem","position":2,"name":"OPOSI\u00c7\u00c3O EM PERNAMBUCO QUER EXPLICA\u00c7\u00d5ES SOBRE CAIXA DO ESTADO"}]},{"@type":"WebSite","@id":"https:\/\/blogdofarnesio.com.br\/#website","url":"https:\/\/blogdofarnesio.com.br\/","name":"Blog do Farn\u00e9sio","description":"Quer Saber Pol\u00edtica?","publisher":{"@id":"https:\/\/blogdofarnesio.com.br\/#organization"},"potentialAction":[{"@type":"SearchAction","target":{"@type":"EntryPoint","urlTemplate":"https:\/\/blogdofarnesio.com.br\/?s={search_term_string}"},"query-input":{"@type":"PropertyValueSpecification","valueRequired":true,"valueName":"search_term_string"}}],"inLanguage":"pt-BR"},{"@type":"Organization","@id":"https:\/\/blogdofarnesio.com.br\/#organization","name":"Blog do Farn\u00e9sio","url":"https:\/\/blogdofarnesio.com.br\/","logo":{"@type":"ImageObject","inLanguage":"pt-BR","@id":"https:\/\/blogdofarnesio.com.br\/#\/schema\/logo\/image\/","url":"https:\/\/blogdofarnesio.com.br\/wp-content\/uploads\/2026\/03\/cropped-logo_new-1.png","contentUrl":"https:\/\/blogdofarnesio.com.br\/wp-content\/uploads\/2026\/03\/cropped-logo_new-1.png","width":881,"height":685,"caption":"Blog do Farn\u00e9sio"},"image":{"@id":"https:\/\/blogdofarnesio.com.br\/#\/schema\/logo\/image\/"},"sameAs":["https:\/\/www.facebook.com\/BlogQuerSaberPolitica\/"]},{"@type":"Person","@id":"https:\/\/blogdofarnesio.com.br\/#\/schema\/person\/dd1bf5eba40b687199ba45ca6b97dff9","name":"teste","image":{"@type":"ImageObject","inLanguage":"pt-BR","@id":"https:\/\/secure.gravatar.com\/avatar\/2172498d4914b51e1d89a0f97957b035ac4938723a5cac208135d389b6972a6d?s=96&d=mm&r=g","url":"https:\/\/secure.gravatar.com\/avatar\/2172498d4914b51e1d89a0f97957b035ac4938723a5cac208135d389b6972a6d?s=96&d=mm&r=g","contentUrl":"https:\/\/secure.gravatar.com\/avatar\/2172498d4914b51e1d89a0f97957b035ac4938723a5cac208135d389b6972a6d?s=96&d=mm&r=g","caption":"teste"},"url":"https:\/\/blogdofarnesio.com.br\/?author=3"}]}},"_links":{"self":[{"href":"https:\/\/blogdofarnesio.com.br\/index.php?rest_route=\/wp\/v2\/posts\/116672","targetHints":{"allow":["GET"]}}],"collection":[{"href":"https:\/\/blogdofarnesio.com.br\/index.php?rest_route=\/wp\/v2\/posts"}],"about":[{"href":"https:\/\/blogdofarnesio.com.br\/index.php?rest_route=\/wp\/v2\/types\/post"}],"author":[{"embeddable":true,"href":"https:\/\/blogdofarnesio.com.br\/index.php?rest_route=\/wp\/v2\/users\/3"}],"replies":[{"embeddable":true,"href":"https:\/\/blogdofarnesio.com.br\/index.php?rest_route=%2Fwp%2Fv2%2Fcomments&post=116672"}],"version-history":[{"count":0,"href":"https:\/\/blogdofarnesio.com.br\/index.php?rest_route=\/wp\/v2\/posts\/116672\/revisions"}],"wp:attachment":[{"href":"https:\/\/blogdofarnesio.com.br\/index.php?rest_route=%2Fwp%2Fv2%2Fmedia&parent=116672"}],"wp:term":[{"taxonomy":"category","embeddable":true,"href":"https:\/\/blogdofarnesio.com.br\/index.php?rest_route=%2Fwp%2Fv2%2Fcategories&post=116672"},{"taxonomy":"post_tag","embeddable":true,"href":"https:\/\/blogdofarnesio.com.br\/index.php?rest_route=%2Fwp%2Fv2%2Ftags&post=116672"}],"curies":[{"name":"wp","href":"https:\/\/api.w.org\/{rel}","templated":true}]}}