{"id":116671,"date":"2015-02-19T14:21:15","date_gmt":"2015-02-19T17:21:15","guid":{"rendered":"http:\/\/www.quersaberpolitica.com.br\/?p=116671"},"modified":"2015-02-19T14:14:27","modified_gmt":"2015-02-19T17:14:27","slug":"guarda-municipal-de-petrolina-foi-destaque-na-seguranca-ao-foliao-no-carnaval","status":"publish","type":"post","link":"https:\/\/blogdofarnesio.com.br\/?p=116671","title":{"rendered":"GUARDA MUNICIPAL DE PETROLINA FOI DESTAQUE NA SEGURAN\u00c7A AO FOLI\u00c3O NO CARNAVAL"},"content":{"rendered":"<p style=\"text-align: justify\"><a href=\"http:\/\/www.quersaberpolitica.com.br\/2016\/wp-content\/uploads\/2015\/02\/blogqsp.guardamunicipal.petrolina.jpg\"><img loading=\"lazy\" decoding=\"async\" class=\"aligncenter size-full wp-image-116673\" alt=\"blogqsp.guardamunicipal.petrolina\" src=\"http:\/\/www.quersaberpolitica.com.br\/2016\/wp-content\/uploads\/2015\/02\/blogqsp.guardamunicipal.petrolina.jpg\" width=\"448\" height=\"336\" srcset=\"https:\/\/blogdofarnesio.com.br\/wp-content\/uploads\/2015\/02\/blogqsp.guardamunicipal.petrolina.jpg 448w, https:\/\/blogdofarnesio.com.br\/wp-content\/uploads\/2015\/02\/blogqsp.guardamunicipal.petrolina-300x224.jpg 300w, https:\/\/blogdofarnesio.com.br\/wp-content\/uploads\/2015\/02\/blogqsp.guardamunicipal.petrolina-400x300.jpg 400w\" sizes=\"auto, (max-width: 448px) 100vw, 448px\" \/><\/a><\/p>\n<p style=\"text-align: justify\"><span style=\"color: #000000\">Os foli\u00f5es que curtiram a tranquilidade do Carnaval de Petrolina, que aconteceu entre os dias 14 e 17 nos polos da 21 de Setembro, Areia Branca e Cohab 6\/Rio Corrente, contaram com a efici\u00eancia do trabalho prestado pelos 30 agentes da Guarda Municipal, que se dividiram para atenderem os tr\u00eas polos durante todas as noites da folia momesca.<\/span><\/p>\n<p style=\"text-align: justify\"><span style=\"color: #000000\">A Guarda Municipal, \u00f3rg\u00e3o operativo da Secretaria de Seguran\u00e7a Cidad\u00e3, realizou o trabalho do Carnaval de Petrolina 2015 em conjunto com os efetivos do 5\u00ba Batalh\u00e3o da Pol\u00edcia Militar (5\u00ba BPM), Pol\u00edcia Civil, Vara da Inf\u00e2ncia, Corpo de Bombeiros, al\u00e9m de prestar um suporte a equipe do N\u00facleo de Opera\u00e7\u00f5es da Ordem P\u00fablica e a Vigil\u00e2ncia Sanit\u00e1ria.<\/span><span style=\"color: #000000\">\u00a0<\/span><\/p>\n<p style=\"text-align: justify\"><!--more--><\/p>\n<p style=\"text-align: justify\"><span style=\"color: #000000\">De acordo com o balan\u00e7o feito pelo secret\u00e1rio de Ordem P\u00fablica e Seguran\u00e7a Cidad\u00e3, Jenivaldo Santos, \u201cEssa foi mais uma edi\u00e7\u00e3o tranquila do Carnaval de Petrolina. E o trabalho da Guarda nos grandes eventos do munic\u00edpio vem recebendo destaque. Percebemos que o reconhecimento maior vem da popula\u00e7\u00e3o de Petrolina e regi\u00e3o, que s\u00e3o beneficiados pelo trabalho feito com dedica\u00e7\u00e3o pelos homens da nossa Guarda\u201d, afirmou o secret\u00e1rio.<\/span><span style=\"color: #000000\">\u00a0<\/span><\/p>\n<p style=\"text-align: justify\"><span style=\"color: #000000\">Para a petrolinese Ros\u00e1lia Alves, que estava com sua fam\u00edlia na festa do polo 21 de Setembro, \u201co trabalho da Guarda Municipal foi fundamental para a garantia da seguran\u00e7a dos foli\u00f5es. Presenciei um in\u00edcio de briga entre dois jovens e quando chamei a equipe da Guarda, prontamente fui atendida, e a situa\u00e7\u00e3o foi rapidamente controlada. E assim a festa continuou com tranquilidade\u201d, relatou.<\/span><\/p>\n<div>\n<div dir=\"ltr\"><em><span style=\"font-family: 'comic sans ms', sans-serif\">Cristiane Nogueira<\/span><\/em><\/div>\n<\/div>\n","protected":false},"excerpt":{"rendered":"<p>Os foli\u00f5es que curtiram a tranquilidade do Carnaval de Petrolina, que aconteceu entre os dias 14 e 17 nos polos da 21 de Setembro, Areia Branca e Cohab 6\/Rio Corrente, contaram com a efici\u00eancia do trabalho prestado pelos 30 agentes da Guarda Municipal, que se dividiram para atenderem os tr\u00eas polos durante todas as noites da folia momesca. A Guarda Municipal, \u00f3rg\u00e3o operativo da Secretaria de Seguran\u00e7a Cidad\u00e3, realizou o trabalho do Carnaval de Petrolina 2015 em conjunto com os efetivos do 5\u00ba Batalh\u00e3o da Pol\u00edcia Militar (5\u00ba BPM), Pol\u00edcia Civil, Vara da Inf\u00e2ncia, Corpo de Bombeiros, al\u00e9m de prestar um suporte a equipe do N\u00facleo de Opera\u00e7\u00f5es da Ordem P\u00fablica e a Vigil\u00e2ncia Sanit\u00e1ria.\u00a0<\/p>\n","protected":false},"author":7,"featured_media":0,"comment_status":"open","ping_status":"open","sticky":false,"template":"","format":"standard","meta":{"_acf_changed":false,"footnotes":""},"categories":[5],"tags":[],"class_list":["post-116671","post","type-post","status-publish","format-standard","hentry","category-seguranca"],"acf":[],"yoast_head":"<!-- This site is optimized with the Yoast SEO plugin v27.4 - https:\/\/yoast.com\/product\/yoast-seo-wordpress\/ -->\n<title>GUARDA MUNICIPAL DE PETROLINA FOI DESTAQUE NA SEGURAN\u00c7A AO FOLI\u00c3O NO CARNAVAL - Blog do Farn\u00e9sio<\/title>\n<meta name=\"robots\" content=\"index, follow, max-snippet:-1, max-image-preview:large, max-video-preview:-1\" \/>\n<link rel=\"canonical\" href=\"https:\/\/blogdofarnesio.com.br\/?p=116671\" \/>\n<meta property=\"og:locale\" content=\"pt_BR\" \/>\n<meta property=\"og:type\" content=\"article\" \/>\n<meta property=\"og:title\" content=\"GUARDA MUNICIPAL DE PETROLINA FOI DESTAQUE NA SEGURAN\u00c7A AO FOLI\u00c3O NO CARNAVAL - Blog do Farn\u00e9sio\" \/>\n<meta property=\"og:description\" content=\"Os foli\u00f5es que curtiram a tranquilidade do Carnaval de Petrolina, que aconteceu entre os dias 14 e 17 nos polos da 21 de Setembro, Areia Branca e Cohab 6\/Rio Corrente, contaram com a efici\u00eancia do trabalho prestado pelos 30 agentes da Guarda Municipal, que se dividiram para atenderem os tr\u00eas polos durante todas as noites da folia momesca. A Guarda Municipal, \u00f3rg\u00e3o operativo da Secretaria de Seguran\u00e7a Cidad\u00e3, realizou o trabalho do Carnaval de Petrolina 2015 em conjunto com os efetivos do 5\u00ba Batalh\u00e3o da Pol\u00edcia Militar (5\u00ba BPM), Pol\u00edcia Civil, Vara da Inf\u00e2ncia, Corpo de Bombeiros, al\u00e9m de prestar um suporte a equipe do N\u00facleo de Opera\u00e7\u00f5es da Ordem P\u00fablica e a Vigil\u00e2ncia Sanit\u00e1ria.\u00a0\" \/>\n<meta property=\"og:url\" content=\"https:\/\/blogdofarnesio.com.br\/?p=116671\" \/>\n<meta property=\"og:site_name\" content=\"Blog do Farn\u00e9sio\" \/>\n<meta property=\"article:publisher\" content=\"https:\/\/www.facebook.com\/BlogQuerSaberPolitica\/\" \/>\n<meta property=\"article:published_time\" content=\"2015-02-19T17:21:15+00:00\" \/>\n<meta property=\"og:image\" content=\"http:\/\/www.quersaberpolitica.com.br\/2016\/wp-content\/uploads\/2015\/02\/blogqsp.guardamunicipal.petrolina.jpg\" \/>\n<meta name=\"twitter:card\" content=\"summary_large_image\" \/>\n<meta name=\"twitter:label1\" content=\"Escrito por\" \/>\n\t<meta name=\"twitter:data1\" content=\"\" \/>\n\t<meta name=\"twitter:label2\" content=\"Est. tempo de leitura\" \/>\n\t<meta name=\"twitter:data2\" content=\"1 minuto\" \/>\n<script type=\"application\/ld+json\" class=\"yoast-schema-graph\">{\"@context\":\"https:\\\/\\\/schema.org\",\"@graph\":[{\"@type\":\"Article\",\"@id\":\"https:\\\/\\\/blogdofarnesio.com.br\\\/?p=116671#article\",\"isPartOf\":{\"@id\":\"https:\\\/\\\/blogdofarnesio.com.br\\\/?p=116671\"},\"author\":{\"name\":\"\",\"@id\":\"\"},\"headline\":\"GUARDA MUNICIPAL DE PETROLINA FOI DESTAQUE NA SEGURAN\u00c7A AO FOLI\u00c3O NO CARNAVAL\",\"datePublished\":\"2015-02-19T17:21:15+00:00\",\"mainEntityOfPage\":{\"@id\":\"https:\\\/\\\/blogdofarnesio.com.br\\\/?p=116671\"},\"wordCount\":285,\"commentCount\":0,\"publisher\":{\"@id\":\"https:\\\/\\\/blogdofarnesio.com.br\\\/#organization\"},\"image\":{\"@id\":\"https:\\\/\\\/blogdofarnesio.com.br\\\/?p=116671#primaryimage\"},\"thumbnailUrl\":\"http:\\\/\\\/www.quersaberpolitica.com.br\\\/2016\\\/wp-content\\\/uploads\\\/2015\\\/02\\\/blogqsp.guardamunicipal.petrolina.jpg\",\"articleSection\":[\"Seguran\u00e7a\"],\"inLanguage\":\"pt-BR\",\"potentialAction\":[{\"@type\":\"CommentAction\",\"name\":\"Comment\",\"target\":[\"https:\\\/\\\/blogdofarnesio.com.br\\\/?p=116671#respond\"]}]},{\"@type\":\"WebPage\",\"@id\":\"https:\\\/\\\/blogdofarnesio.com.br\\\/?p=116671\",\"url\":\"https:\\\/\\\/blogdofarnesio.com.br\\\/?p=116671\",\"name\":\"GUARDA MUNICIPAL DE PETROLINA FOI DESTAQUE NA SEGURAN\u00c7A AO FOLI\u00c3O NO CARNAVAL - Blog do Farn\u00e9sio\",\"isPartOf\":{\"@id\":\"https:\\\/\\\/blogdofarnesio.com.br\\\/#website\"},\"primaryImageOfPage\":{\"@id\":\"https:\\\/\\\/blogdofarnesio.com.br\\\/?p=116671#primaryimage\"},\"image\":{\"@id\":\"https:\\\/\\\/blogdofarnesio.com.br\\\/?p=116671#primaryimage\"},\"thumbnailUrl\":\"http:\\\/\\\/www.quersaberpolitica.com.br\\\/2016\\\/wp-content\\\/uploads\\\/2015\\\/02\\\/blogqsp.guardamunicipal.petrolina.jpg\",\"datePublished\":\"2015-02-19T17:21:15+00:00\",\"breadcrumb\":{\"@id\":\"https:\\\/\\\/blogdofarnesio.com.br\\\/?p=116671#breadcrumb\"},\"inLanguage\":\"pt-BR\",\"potentialAction\":[{\"@type\":\"ReadAction\",\"target\":[\"https:\\\/\\\/blogdofarnesio.com.br\\\/?p=116671\"]}]},{\"@type\":\"ImageObject\",\"inLanguage\":\"pt-BR\",\"@id\":\"https:\\\/\\\/blogdofarnesio.com.br\\\/?p=116671#primaryimage\",\"url\":\"http:\\\/\\\/www.quersaberpolitica.com.br\\\/2016\\\/wp-content\\\/uploads\\\/2015\\\/02\\\/blogqsp.guardamunicipal.petrolina.jpg\",\"contentUrl\":\"http:\\\/\\\/www.quersaberpolitica.com.br\\\/2016\\\/wp-content\\\/uploads\\\/2015\\\/02\\\/blogqsp.guardamunicipal.petrolina.jpg\"},{\"@type\":\"BreadcrumbList\",\"@id\":\"https:\\\/\\\/blogdofarnesio.com.br\\\/?p=116671#breadcrumb\",\"itemListElement\":[{\"@type\":\"ListItem\",\"position\":1,\"name\":\"In\u00edcio\",\"item\":\"https:\\\/\\\/blogdofarnesio.com.br\\\/\"},{\"@type\":\"ListItem\",\"position\":2,\"name\":\"GUARDA MUNICIPAL DE PETROLINA FOI DESTAQUE NA SEGURAN\u00c7A AO FOLI\u00c3O NO CARNAVAL\"}]},{\"@type\":\"WebSite\",\"@id\":\"https:\\\/\\\/blogdofarnesio.com.br\\\/#website\",\"url\":\"https:\\\/\\\/blogdofarnesio.com.br\\\/\",\"name\":\"Blog do Farn\u00e9sio\",\"description\":\"Quer Saber Pol\u00edtica?\",\"publisher\":{\"@id\":\"https:\\\/\\\/blogdofarnesio.com.br\\\/#organization\"},\"potentialAction\":[{\"@type\":\"SearchAction\",\"target\":{\"@type\":\"EntryPoint\",\"urlTemplate\":\"https:\\\/\\\/blogdofarnesio.com.br\\\/?s={search_term_string}\"},\"query-input\":{\"@type\":\"PropertyValueSpecification\",\"valueRequired\":true,\"valueName\":\"search_term_string\"}}],\"inLanguage\":\"pt-BR\"},{\"@type\":\"Organization\",\"@id\":\"https:\\\/\\\/blogdofarnesio.com.br\\\/#organization\",\"name\":\"Blog do Farn\u00e9sio\",\"url\":\"https:\\\/\\\/blogdofarnesio.com.br\\\/\",\"logo\":{\"@type\":\"ImageObject\",\"inLanguage\":\"pt-BR\",\"@id\":\"https:\\\/\\\/blogdofarnesio.com.br\\\/#\\\/schema\\\/logo\\\/image\\\/\",\"url\":\"https:\\\/\\\/blogdofarnesio.com.br\\\/wp-content\\\/uploads\\\/2026\\\/03\\\/cropped-logo_new-1.png\",\"contentUrl\":\"https:\\\/\\\/blogdofarnesio.com.br\\\/wp-content\\\/uploads\\\/2026\\\/03\\\/cropped-logo_new-1.png\",\"width\":881,\"height\":685,\"caption\":\"Blog do Farn\u00e9sio\"},\"image\":{\"@id\":\"https:\\\/\\\/blogdofarnesio.com.br\\\/#\\\/schema\\\/logo\\\/image\\\/\"},\"sameAs\":[\"https:\\\/\\\/www.facebook.com\\\/BlogQuerSaberPolitica\\\/\"]},{\"@type\":\"Person\",\"@id\":\"\",\"url\":\"https:\\\/\\\/blogdofarnesio.com.br\\\/?author=7\"}]}<\/script>\n<!-- \/ Yoast SEO plugin. -->","yoast_head_json":{"title":"GUARDA MUNICIPAL DE PETROLINA FOI DESTAQUE NA SEGURAN\u00c7A AO FOLI\u00c3O NO CARNAVAL - Blog do Farn\u00e9sio","robots":{"index":"index","follow":"follow","max-snippet":"max-snippet:-1","max-image-preview":"max-image-preview:large","max-video-preview":"max-video-preview:-1"},"canonical":"https:\/\/blogdofarnesio.com.br\/?p=116671","og_locale":"pt_BR","og_type":"article","og_title":"GUARDA MUNICIPAL DE PETROLINA FOI DESTAQUE NA SEGURAN\u00c7A AO FOLI\u00c3O NO CARNAVAL - Blog do Farn\u00e9sio","og_description":"Os foli\u00f5es que curtiram a tranquilidade do Carnaval de Petrolina, que aconteceu entre os dias 14 e 17 nos polos da 21 de Setembro, Areia Branca e Cohab 6\/Rio Corrente, contaram com a efici\u00eancia do trabalho prestado pelos 30 agentes da Guarda Municipal, que se dividiram para atenderem os tr\u00eas polos durante todas as noites da folia momesca. A Guarda Municipal, \u00f3rg\u00e3o operativo da Secretaria de Seguran\u00e7a Cidad\u00e3, realizou o trabalho do Carnaval de Petrolina 2015 em conjunto com os efetivos do 5\u00ba Batalh\u00e3o da Pol\u00edcia Militar (5\u00ba BPM), Pol\u00edcia Civil, Vara da Inf\u00e2ncia, Corpo de Bombeiros, al\u00e9m de prestar um suporte a equipe do N\u00facleo de Opera\u00e7\u00f5es da Ordem P\u00fablica e a Vigil\u00e2ncia Sanit\u00e1ria.\u00a0","og_url":"https:\/\/blogdofarnesio.com.br\/?p=116671","og_site_name":"Blog do Farn\u00e9sio","article_publisher":"https:\/\/www.facebook.com\/BlogQuerSaberPolitica\/","article_published_time":"2015-02-19T17:21:15+00:00","og_image":[{"url":"http:\/\/www.quersaberpolitica.com.br\/2016\/wp-content\/uploads\/2015\/02\/blogqsp.guardamunicipal.petrolina.jpg","type":"","width":"","height":""}],"twitter_card":"summary_large_image","twitter_misc":{"Escrito por":"","Est. tempo de leitura":"1 minuto"},"schema":{"@context":"https:\/\/schema.org","@graph":[{"@type":"Article","@id":"https:\/\/blogdofarnesio.com.br\/?p=116671#article","isPartOf":{"@id":"https:\/\/blogdofarnesio.com.br\/?p=116671"},"author":{"name":"","@id":""},"headline":"GUARDA MUNICIPAL DE PETROLINA FOI DESTAQUE NA SEGURAN\u00c7A AO FOLI\u00c3O NO CARNAVAL","datePublished":"2015-02-19T17:21:15+00:00","mainEntityOfPage":{"@id":"https:\/\/blogdofarnesio.com.br\/?p=116671"},"wordCount":285,"commentCount":0,"publisher":{"@id":"https:\/\/blogdofarnesio.com.br\/#organization"},"image":{"@id":"https:\/\/blogdofarnesio.com.br\/?p=116671#primaryimage"},"thumbnailUrl":"http:\/\/www.quersaberpolitica.com.br\/2016\/wp-content\/uploads\/2015\/02\/blogqsp.guardamunicipal.petrolina.jpg","articleSection":["Seguran\u00e7a"],"inLanguage":"pt-BR","potentialAction":[{"@type":"CommentAction","name":"Comment","target":["https:\/\/blogdofarnesio.com.br\/?p=116671#respond"]}]},{"@type":"WebPage","@id":"https:\/\/blogdofarnesio.com.br\/?p=116671","url":"https:\/\/blogdofarnesio.com.br\/?p=116671","name":"GUARDA MUNICIPAL DE PETROLINA FOI DESTAQUE NA SEGURAN\u00c7A AO FOLI\u00c3O NO CARNAVAL - Blog do Farn\u00e9sio","isPartOf":{"@id":"https:\/\/blogdofarnesio.com.br\/#website"},"primaryImageOfPage":{"@id":"https:\/\/blogdofarnesio.com.br\/?p=116671#primaryimage"},"image":{"@id":"https:\/\/blogdofarnesio.com.br\/?p=116671#primaryimage"},"thumbnailUrl":"http:\/\/www.quersaberpolitica.com.br\/2016\/wp-content\/uploads\/2015\/02\/blogqsp.guardamunicipal.petrolina.jpg","datePublished":"2015-02-19T17:21:15+00:00","breadcrumb":{"@id":"https:\/\/blogdofarnesio.com.br\/?p=116671#breadcrumb"},"inLanguage":"pt-BR","potentialAction":[{"@type":"ReadAction","target":["https:\/\/blogdofarnesio.com.br\/?p=116671"]}]},{"@type":"ImageObject","inLanguage":"pt-BR","@id":"https:\/\/blogdofarnesio.com.br\/?p=116671#primaryimage","url":"http:\/\/www.quersaberpolitica.com.br\/2016\/wp-content\/uploads\/2015\/02\/blogqsp.guardamunicipal.petrolina.jpg","contentUrl":"http:\/\/www.quersaberpolitica.com.br\/2016\/wp-content\/uploads\/2015\/02\/blogqsp.guardamunicipal.petrolina.jpg"},{"@type":"BreadcrumbList","@id":"https:\/\/blogdofarnesio.com.br\/?p=116671#breadcrumb","itemListElement":[{"@type":"ListItem","position":1,"name":"In\u00edcio","item":"https:\/\/blogdofarnesio.com.br\/"},{"@type":"ListItem","position":2,"name":"GUARDA MUNICIPAL DE PETROLINA FOI DESTAQUE NA SEGURAN\u00c7A AO FOLI\u00c3O NO CARNAVAL"}]},{"@type":"WebSite","@id":"https:\/\/blogdofarnesio.com.br\/#website","url":"https:\/\/blogdofarnesio.com.br\/","name":"Blog do Farn\u00e9sio","description":"Quer Saber Pol\u00edtica?","publisher":{"@id":"https:\/\/blogdofarnesio.com.br\/#organization"},"potentialAction":[{"@type":"SearchAction","target":{"@type":"EntryPoint","urlTemplate":"https:\/\/blogdofarnesio.com.br\/?s={search_term_string}"},"query-input":{"@type":"PropertyValueSpecification","valueRequired":true,"valueName":"search_term_string"}}],"inLanguage":"pt-BR"},{"@type":"Organization","@id":"https:\/\/blogdofarnesio.com.br\/#organization","name":"Blog do Farn\u00e9sio","url":"https:\/\/blogdofarnesio.com.br\/","logo":{"@type":"ImageObject","inLanguage":"pt-BR","@id":"https:\/\/blogdofarnesio.com.br\/#\/schema\/logo\/image\/","url":"https:\/\/blogdofarnesio.com.br\/wp-content\/uploads\/2026\/03\/cropped-logo_new-1.png","contentUrl":"https:\/\/blogdofarnesio.com.br\/wp-content\/uploads\/2026\/03\/cropped-logo_new-1.png","width":881,"height":685,"caption":"Blog do Farn\u00e9sio"},"image":{"@id":"https:\/\/blogdofarnesio.com.br\/#\/schema\/logo\/image\/"},"sameAs":["https:\/\/www.facebook.com\/BlogQuerSaberPolitica\/"]},{"@type":"Person","@id":"","url":"https:\/\/blogdofarnesio.com.br\/?author=7"}]}},"_links":{"self":[{"href":"https:\/\/blogdofarnesio.com.br\/index.php?rest_route=\/wp\/v2\/posts\/116671","targetHints":{"allow":["GET"]}}],"collection":[{"href":"https:\/\/blogdofarnesio.com.br\/index.php?rest_route=\/wp\/v2\/posts"}],"about":[{"href":"https:\/\/blogdofarnesio.com.br\/index.php?rest_route=\/wp\/v2\/types\/post"}],"author":[{"embeddable":true,"href":"https:\/\/blogdofarnesio.com.br\/index.php?rest_route=\/wp\/v2\/users\/7"}],"replies":[{"embeddable":true,"href":"https:\/\/blogdofarnesio.com.br\/index.php?rest_route=%2Fwp%2Fv2%2Fcomments&post=116671"}],"version-history":[{"count":0,"href":"https:\/\/blogdofarnesio.com.br\/index.php?rest_route=\/wp\/v2\/posts\/116671\/revisions"}],"wp:attachment":[{"href":"https:\/\/blogdofarnesio.com.br\/index.php?rest_route=%2Fwp%2Fv2%2Fmedia&parent=116671"}],"wp:term":[{"taxonomy":"category","embeddable":true,"href":"https:\/\/blogdofarnesio.com.br\/index.php?rest_route=%2Fwp%2Fv2%2Fcategories&post=116671"},{"taxonomy":"post_tag","embeddable":true,"href":"https:\/\/blogdofarnesio.com.br\/index.php?rest_route=%2Fwp%2Fv2%2Ftags&post=116671"}],"curies":[{"name":"wp","href":"https:\/\/api.w.org\/{rel}","templated":true}]}}