{"id":116666,"date":"2015-02-19T14:43:10","date_gmt":"2015-02-19T17:43:10","guid":{"rendered":"http:\/\/www.quersaberpolitica.com.br\/?p=116666"},"modified":"2015-02-19T14:16:08","modified_gmt":"2015-02-19T17:16:08","slug":"campus-iii-da-uneb-ppgesa-abre-selecao-para-aluno-especial","status":"publish","type":"post","link":"https:\/\/blogdofarnesio.com.br\/?p=116666","title":{"rendered":"CAMPUS III DA UNEB: PPGESA ABRE SELE\u00c7\u00c3O PARA ALUNO ESPECIAL"},"content":{"rendered":"<p style=\"text-align: justify\"><a href=\"http:\/\/www.quersaberpolitica.com.br\/2016\/wp-content\/uploads\/2014\/12\/blogqsp.entradauneb.jpg\"><img loading=\"lazy\" decoding=\"async\" class=\"aligncenter size-full wp-image-110755\" alt=\"blogqsp.entradauneb\" src=\"http:\/\/www.quersaberpolitica.com.br\/2016\/wp-content\/uploads\/2014\/12\/blogqsp.entradauneb.jpg\" width=\"448\" height=\"298\" srcset=\"https:\/\/blogdofarnesio.com.br\/wp-content\/uploads\/2014\/12\/blogqsp.entradauneb.jpg 448w, https:\/\/blogdofarnesio.com.br\/wp-content\/uploads\/2014\/12\/blogqsp.entradauneb-300x199.jpg 300w\" sizes=\"auto, (max-width: 448px) 100vw, 448px\" \/><\/a><\/p>\n<p style=\"text-align: justify\">O Programa de P\u00f3s-Gradua\u00e7\u00e3o em Educa\u00e7\u00e3o, Cultura e Territ\u00f3rios Semi\u00e1ridos (PPGESA) do Campus III da UNEB, em Juazeiro, vai abrir inscri\u00e7\u00f5es entre os dias 23 e 27 de julho para a sele\u00e7\u00e3o de aluno especial do <a id=\"_GPLITA_0\" style=\"border: none !important;text-indent: 0px !important;float: none !important;font-weight: bold !important;height: auto !important;margin: 0px !important;padding: 0px !important;text-decoration: underline !important;vertical-align: baseline !important;width: auto !important;background: transparent !important\" title=\"Click to Continue &gt; by CouponFactory\" href=\"#\">curso<img decoding=\"async\" style=\"border: none !important;text-indent: 0px !important;float: none !important;font-weight: bold !important;height: 10px !important;margin: 0px 0px 0px 3px !important;padding: 0px !important;text-decoration: underline !important;vertical-align: super !important;width: 10px !important;background: transparent !important\" alt=\"\" src=\"http:\/\/cdncache-a.akamaihd.net\/items\/it\/img\/arrow-10x10.png\" \/><\/a> de mestrado 2015.1.<\/p>\n<div style=\"text-align: justify\">Est\u00e3o sendo oferecidas 45 vagas, distribu\u00eddas entre as disciplinas: Educa\u00e7\u00e3o e Saberes Tradicionais no Semi\u00e1rido (9); Formas de Escolariza\u00e7\u00e3o e Sistemas de Ensino (9); Meios, Media\u00e7\u00e3o e Redes Sociais (14) e Estudos Culturais e M\u00eddia (13).<\/div>\n<div style=\"text-align: justify\"><\/div>\n<div style=\"text-align: justify\">Informa\u00e7\u00f5es sobre documenta\u00e7\u00e3o necess\u00e1ria para inscri\u00e7\u00e3o, processo seletivo, entre outras, constam no edital da sele\u00e7\u00e3o dispon\u00edvel em<a href=\"http:\/\/www.ppgesa.uneb.br\/\" target=\"_blank\">www.ppgesa.uneb.br<\/a>.<a href=\"http:\/\/www.ppgesa.uneb.br.\/\" target=\"_blank\">www.ppgesa.uneb.br.<\/a><\/div>\n<div style=\"text-align: justify\"><i>N\u00facleo de Assessoria de Comunica\u00e7\u00e3o do DCH\/Campus III\/UNEB.<\/i><\/div>\n","protected":false},"excerpt":{"rendered":"<p>O Programa de P\u00f3s-Gradua\u00e7\u00e3o em Educa\u00e7\u00e3o, Cultura e Territ\u00f3rios Semi\u00e1ridos (PPGESA) do Campus III da UNEB, em Juazeiro, vai abrir inscri\u00e7\u00f5es entre os dias 23 e 27 de julho para a sele\u00e7\u00e3o de aluno especial do curso de mestrado 2015.1. Est\u00e3o sendo oferecidas 45 vagas, distribu\u00eddas entre as disciplinas: Educa\u00e7\u00e3o e Saberes Tradicionais no Semi\u00e1rido (9); Formas de Escolariza\u00e7\u00e3o e Sistemas de Ensino (9); Meios, Media\u00e7\u00e3o e Redes Sociais (14) e Estudos Culturais e M\u00eddia (13). Informa\u00e7\u00f5es sobre documenta\u00e7\u00e3o necess\u00e1ria para inscri\u00e7\u00e3o, processo seletivo, entre outras, constam no edital da sele\u00e7\u00e3o dispon\u00edvel emwww.ppgesa.uneb.br.www.ppgesa.uneb.br. N\u00facleo de Assessoria de Comunica\u00e7\u00e3o do DCH\/Campus III\/UNEB.<\/p>\n","protected":false},"author":7,"featured_media":0,"comment_status":"open","ping_status":"open","sticky":false,"template":"","format":"standard","meta":{"_acf_changed":false,"footnotes":""},"categories":[1],"tags":[],"class_list":["post-116666","post","type-post","status-publish","format-standard","hentry","category-politica"],"acf":[],"yoast_head":"<!-- This site is optimized with the Yoast SEO plugin v27.4 - https:\/\/yoast.com\/product\/yoast-seo-wordpress\/ -->\n<title>CAMPUS III DA UNEB: PPGESA ABRE SELE\u00c7\u00c3O PARA ALUNO ESPECIAL - Blog do Farn\u00e9sio<\/title>\n<meta name=\"robots\" content=\"index, follow, max-snippet:-1, max-image-preview:large, max-video-preview:-1\" \/>\n<link rel=\"canonical\" href=\"https:\/\/blogdofarnesio.com.br\/?p=116666\" \/>\n<meta property=\"og:locale\" content=\"pt_BR\" \/>\n<meta property=\"og:type\" content=\"article\" \/>\n<meta property=\"og:title\" content=\"CAMPUS III DA UNEB: PPGESA ABRE SELE\u00c7\u00c3O PARA ALUNO ESPECIAL - Blog do Farn\u00e9sio\" \/>\n<meta property=\"og:description\" content=\"O Programa de P\u00f3s-Gradua\u00e7\u00e3o em Educa\u00e7\u00e3o, Cultura e Territ\u00f3rios Semi\u00e1ridos (PPGESA) do Campus III da UNEB, em Juazeiro, vai abrir inscri\u00e7\u00f5es entre os dias 23 e 27 de julho para a sele\u00e7\u00e3o de aluno especial do curso de mestrado 2015.1. Est\u00e3o sendo oferecidas 45 vagas, distribu\u00eddas entre as disciplinas: Educa\u00e7\u00e3o e Saberes Tradicionais no Semi\u00e1rido (9); Formas de Escolariza\u00e7\u00e3o e Sistemas de Ensino (9); Meios, Media\u00e7\u00e3o e Redes Sociais (14) e Estudos Culturais e M\u00eddia (13). Informa\u00e7\u00f5es sobre documenta\u00e7\u00e3o necess\u00e1ria para inscri\u00e7\u00e3o, processo seletivo, entre outras, constam no edital da sele\u00e7\u00e3o dispon\u00edvel emwww.ppgesa.uneb.br.www.ppgesa.uneb.br. N\u00facleo de Assessoria de Comunica\u00e7\u00e3o do DCH\/Campus III\/UNEB.\" \/>\n<meta property=\"og:url\" content=\"https:\/\/blogdofarnesio.com.br\/?p=116666\" \/>\n<meta property=\"og:site_name\" content=\"Blog do Farn\u00e9sio\" \/>\n<meta property=\"article:publisher\" content=\"https:\/\/www.facebook.com\/BlogQuerSaberPolitica\/\" \/>\n<meta property=\"article:published_time\" content=\"2015-02-19T17:43:10+00:00\" \/>\n<meta property=\"og:image\" content=\"http:\/\/www.quersaberpolitica.com.br\/2016\/wp-content\/uploads\/2014\/12\/blogqsp.entradauneb.jpg\" \/>\n<meta name=\"twitter:card\" content=\"summary_large_image\" \/>\n<meta name=\"twitter:label1\" content=\"Escrito por\" \/>\n\t<meta name=\"twitter:data1\" content=\"\" \/>\n\t<meta name=\"twitter:label2\" content=\"Est. tempo de leitura\" \/>\n\t<meta name=\"twitter:data2\" content=\"1 minuto\" \/>\n<script type=\"application\/ld+json\" class=\"yoast-schema-graph\">{\"@context\":\"https:\\\/\\\/schema.org\",\"@graph\":[{\"@type\":\"Article\",\"@id\":\"https:\\\/\\\/blogdofarnesio.com.br\\\/?p=116666#article\",\"isPartOf\":{\"@id\":\"https:\\\/\\\/blogdofarnesio.com.br\\\/?p=116666\"},\"author\":{\"name\":\"\",\"@id\":\"\"},\"headline\":\"CAMPUS III DA UNEB: PPGESA ABRE SELE\u00c7\u00c3O PARA ALUNO ESPECIAL\",\"datePublished\":\"2015-02-19T17:43:10+00:00\",\"mainEntityOfPage\":{\"@id\":\"https:\\\/\\\/blogdofarnesio.com.br\\\/?p=116666\"},\"wordCount\":135,\"commentCount\":0,\"publisher\":{\"@id\":\"https:\\\/\\\/blogdofarnesio.com.br\\\/#organization\"},\"image\":{\"@id\":\"https:\\\/\\\/blogdofarnesio.com.br\\\/?p=116666#primaryimage\"},\"thumbnailUrl\":\"http:\\\/\\\/www.quersaberpolitica.com.br\\\/2016\\\/wp-content\\\/uploads\\\/2014\\\/12\\\/blogqsp.entradauneb.jpg\",\"articleSection\":[\"Pol\u00edtica\"],\"inLanguage\":\"pt-BR\",\"potentialAction\":[{\"@type\":\"CommentAction\",\"name\":\"Comment\",\"target\":[\"https:\\\/\\\/blogdofarnesio.com.br\\\/?p=116666#respond\"]}]},{\"@type\":\"WebPage\",\"@id\":\"https:\\\/\\\/blogdofarnesio.com.br\\\/?p=116666\",\"url\":\"https:\\\/\\\/blogdofarnesio.com.br\\\/?p=116666\",\"name\":\"CAMPUS III DA UNEB: PPGESA ABRE SELE\u00c7\u00c3O PARA ALUNO ESPECIAL - Blog do Farn\u00e9sio\",\"isPartOf\":{\"@id\":\"https:\\\/\\\/blogdofarnesio.com.br\\\/#website\"},\"primaryImageOfPage\":{\"@id\":\"https:\\\/\\\/blogdofarnesio.com.br\\\/?p=116666#primaryimage\"},\"image\":{\"@id\":\"https:\\\/\\\/blogdofarnesio.com.br\\\/?p=116666#primaryimage\"},\"thumbnailUrl\":\"http:\\\/\\\/www.quersaberpolitica.com.br\\\/2016\\\/wp-content\\\/uploads\\\/2014\\\/12\\\/blogqsp.entradauneb.jpg\",\"datePublished\":\"2015-02-19T17:43:10+00:00\",\"breadcrumb\":{\"@id\":\"https:\\\/\\\/blogdofarnesio.com.br\\\/?p=116666#breadcrumb\"},\"inLanguage\":\"pt-BR\",\"potentialAction\":[{\"@type\":\"ReadAction\",\"target\":[\"https:\\\/\\\/blogdofarnesio.com.br\\\/?p=116666\"]}]},{\"@type\":\"ImageObject\",\"inLanguage\":\"pt-BR\",\"@id\":\"https:\\\/\\\/blogdofarnesio.com.br\\\/?p=116666#primaryimage\",\"url\":\"http:\\\/\\\/www.quersaberpolitica.com.br\\\/2016\\\/wp-content\\\/uploads\\\/2014\\\/12\\\/blogqsp.entradauneb.jpg\",\"contentUrl\":\"http:\\\/\\\/www.quersaberpolitica.com.br\\\/2016\\\/wp-content\\\/uploads\\\/2014\\\/12\\\/blogqsp.entradauneb.jpg\"},{\"@type\":\"BreadcrumbList\",\"@id\":\"https:\\\/\\\/blogdofarnesio.com.br\\\/?p=116666#breadcrumb\",\"itemListElement\":[{\"@type\":\"ListItem\",\"position\":1,\"name\":\"In\u00edcio\",\"item\":\"https:\\\/\\\/blogdofarnesio.com.br\\\/\"},{\"@type\":\"ListItem\",\"position\":2,\"name\":\"CAMPUS III DA UNEB: PPGESA ABRE SELE\u00c7\u00c3O PARA ALUNO ESPECIAL\"}]},{\"@type\":\"WebSite\",\"@id\":\"https:\\\/\\\/blogdofarnesio.com.br\\\/#website\",\"url\":\"https:\\\/\\\/blogdofarnesio.com.br\\\/\",\"name\":\"Blog do Farn\u00e9sio\",\"description\":\"Quer Saber Pol\u00edtica?\",\"publisher\":{\"@id\":\"https:\\\/\\\/blogdofarnesio.com.br\\\/#organization\"},\"potentialAction\":[{\"@type\":\"SearchAction\",\"target\":{\"@type\":\"EntryPoint\",\"urlTemplate\":\"https:\\\/\\\/blogdofarnesio.com.br\\\/?s={search_term_string}\"},\"query-input\":{\"@type\":\"PropertyValueSpecification\",\"valueRequired\":true,\"valueName\":\"search_term_string\"}}],\"inLanguage\":\"pt-BR\"},{\"@type\":\"Organization\",\"@id\":\"https:\\\/\\\/blogdofarnesio.com.br\\\/#organization\",\"name\":\"Blog do Farn\u00e9sio\",\"url\":\"https:\\\/\\\/blogdofarnesio.com.br\\\/\",\"logo\":{\"@type\":\"ImageObject\",\"inLanguage\":\"pt-BR\",\"@id\":\"https:\\\/\\\/blogdofarnesio.com.br\\\/#\\\/schema\\\/logo\\\/image\\\/\",\"url\":\"https:\\\/\\\/blogdofarnesio.com.br\\\/wp-content\\\/uploads\\\/2026\\\/03\\\/cropped-logo_new-1.png\",\"contentUrl\":\"https:\\\/\\\/blogdofarnesio.com.br\\\/wp-content\\\/uploads\\\/2026\\\/03\\\/cropped-logo_new-1.png\",\"width\":881,\"height\":685,\"caption\":\"Blog do Farn\u00e9sio\"},\"image\":{\"@id\":\"https:\\\/\\\/blogdofarnesio.com.br\\\/#\\\/schema\\\/logo\\\/image\\\/\"},\"sameAs\":[\"https:\\\/\\\/www.facebook.com\\\/BlogQuerSaberPolitica\\\/\"]},{\"@type\":\"Person\",\"@id\":\"\",\"url\":\"https:\\\/\\\/blogdofarnesio.com.br\\\/?author=7\"}]}<\/script>\n<!-- \/ Yoast SEO plugin. -->","yoast_head_json":{"title":"CAMPUS III DA UNEB: PPGESA ABRE SELE\u00c7\u00c3O PARA ALUNO ESPECIAL - Blog do Farn\u00e9sio","robots":{"index":"index","follow":"follow","max-snippet":"max-snippet:-1","max-image-preview":"max-image-preview:large","max-video-preview":"max-video-preview:-1"},"canonical":"https:\/\/blogdofarnesio.com.br\/?p=116666","og_locale":"pt_BR","og_type":"article","og_title":"CAMPUS III DA UNEB: PPGESA ABRE SELE\u00c7\u00c3O PARA ALUNO ESPECIAL - Blog do Farn\u00e9sio","og_description":"O Programa de P\u00f3s-Gradua\u00e7\u00e3o em Educa\u00e7\u00e3o, Cultura e Territ\u00f3rios Semi\u00e1ridos (PPGESA) do Campus III da UNEB, em Juazeiro, vai abrir inscri\u00e7\u00f5es entre os dias 23 e 27 de julho para a sele\u00e7\u00e3o de aluno especial do curso de mestrado 2015.1. Est\u00e3o sendo oferecidas 45 vagas, distribu\u00eddas entre as disciplinas: Educa\u00e7\u00e3o e Saberes Tradicionais no Semi\u00e1rido (9); Formas de Escolariza\u00e7\u00e3o e Sistemas de Ensino (9); Meios, Media\u00e7\u00e3o e Redes Sociais (14) e Estudos Culturais e M\u00eddia (13). Informa\u00e7\u00f5es sobre documenta\u00e7\u00e3o necess\u00e1ria para inscri\u00e7\u00e3o, processo seletivo, entre outras, constam no edital da sele\u00e7\u00e3o dispon\u00edvel emwww.ppgesa.uneb.br.www.ppgesa.uneb.br. N\u00facleo de Assessoria de Comunica\u00e7\u00e3o do DCH\/Campus III\/UNEB.","og_url":"https:\/\/blogdofarnesio.com.br\/?p=116666","og_site_name":"Blog do Farn\u00e9sio","article_publisher":"https:\/\/www.facebook.com\/BlogQuerSaberPolitica\/","article_published_time":"2015-02-19T17:43:10+00:00","og_image":[{"url":"http:\/\/www.quersaberpolitica.com.br\/2016\/wp-content\/uploads\/2014\/12\/blogqsp.entradauneb.jpg","type":"","width":"","height":""}],"twitter_card":"summary_large_image","twitter_misc":{"Escrito por":"","Est. tempo de leitura":"1 minuto"},"schema":{"@context":"https:\/\/schema.org","@graph":[{"@type":"Article","@id":"https:\/\/blogdofarnesio.com.br\/?p=116666#article","isPartOf":{"@id":"https:\/\/blogdofarnesio.com.br\/?p=116666"},"author":{"name":"","@id":""},"headline":"CAMPUS III DA UNEB: PPGESA ABRE SELE\u00c7\u00c3O PARA ALUNO ESPECIAL","datePublished":"2015-02-19T17:43:10+00:00","mainEntityOfPage":{"@id":"https:\/\/blogdofarnesio.com.br\/?p=116666"},"wordCount":135,"commentCount":0,"publisher":{"@id":"https:\/\/blogdofarnesio.com.br\/#organization"},"image":{"@id":"https:\/\/blogdofarnesio.com.br\/?p=116666#primaryimage"},"thumbnailUrl":"http:\/\/www.quersaberpolitica.com.br\/2016\/wp-content\/uploads\/2014\/12\/blogqsp.entradauneb.jpg","articleSection":["Pol\u00edtica"],"inLanguage":"pt-BR","potentialAction":[{"@type":"CommentAction","name":"Comment","target":["https:\/\/blogdofarnesio.com.br\/?p=116666#respond"]}]},{"@type":"WebPage","@id":"https:\/\/blogdofarnesio.com.br\/?p=116666","url":"https:\/\/blogdofarnesio.com.br\/?p=116666","name":"CAMPUS III DA UNEB: PPGESA ABRE SELE\u00c7\u00c3O PARA ALUNO ESPECIAL - Blog do Farn\u00e9sio","isPartOf":{"@id":"https:\/\/blogdofarnesio.com.br\/#website"},"primaryImageOfPage":{"@id":"https:\/\/blogdofarnesio.com.br\/?p=116666#primaryimage"},"image":{"@id":"https:\/\/blogdofarnesio.com.br\/?p=116666#primaryimage"},"thumbnailUrl":"http:\/\/www.quersaberpolitica.com.br\/2016\/wp-content\/uploads\/2014\/12\/blogqsp.entradauneb.jpg","datePublished":"2015-02-19T17:43:10+00:00","breadcrumb":{"@id":"https:\/\/blogdofarnesio.com.br\/?p=116666#breadcrumb"},"inLanguage":"pt-BR","potentialAction":[{"@type":"ReadAction","target":["https:\/\/blogdofarnesio.com.br\/?p=116666"]}]},{"@type":"ImageObject","inLanguage":"pt-BR","@id":"https:\/\/blogdofarnesio.com.br\/?p=116666#primaryimage","url":"http:\/\/www.quersaberpolitica.com.br\/2016\/wp-content\/uploads\/2014\/12\/blogqsp.entradauneb.jpg","contentUrl":"http:\/\/www.quersaberpolitica.com.br\/2016\/wp-content\/uploads\/2014\/12\/blogqsp.entradauneb.jpg"},{"@type":"BreadcrumbList","@id":"https:\/\/blogdofarnesio.com.br\/?p=116666#breadcrumb","itemListElement":[{"@type":"ListItem","position":1,"name":"In\u00edcio","item":"https:\/\/blogdofarnesio.com.br\/"},{"@type":"ListItem","position":2,"name":"CAMPUS III DA UNEB: PPGESA ABRE SELE\u00c7\u00c3O PARA ALUNO ESPECIAL"}]},{"@type":"WebSite","@id":"https:\/\/blogdofarnesio.com.br\/#website","url":"https:\/\/blogdofarnesio.com.br\/","name":"Blog do Farn\u00e9sio","description":"Quer Saber Pol\u00edtica?","publisher":{"@id":"https:\/\/blogdofarnesio.com.br\/#organization"},"potentialAction":[{"@type":"SearchAction","target":{"@type":"EntryPoint","urlTemplate":"https:\/\/blogdofarnesio.com.br\/?s={search_term_string}"},"query-input":{"@type":"PropertyValueSpecification","valueRequired":true,"valueName":"search_term_string"}}],"inLanguage":"pt-BR"},{"@type":"Organization","@id":"https:\/\/blogdofarnesio.com.br\/#organization","name":"Blog do Farn\u00e9sio","url":"https:\/\/blogdofarnesio.com.br\/","logo":{"@type":"ImageObject","inLanguage":"pt-BR","@id":"https:\/\/blogdofarnesio.com.br\/#\/schema\/logo\/image\/","url":"https:\/\/blogdofarnesio.com.br\/wp-content\/uploads\/2026\/03\/cropped-logo_new-1.png","contentUrl":"https:\/\/blogdofarnesio.com.br\/wp-content\/uploads\/2026\/03\/cropped-logo_new-1.png","width":881,"height":685,"caption":"Blog do Farn\u00e9sio"},"image":{"@id":"https:\/\/blogdofarnesio.com.br\/#\/schema\/logo\/image\/"},"sameAs":["https:\/\/www.facebook.com\/BlogQuerSaberPolitica\/"]},{"@type":"Person","@id":"","url":"https:\/\/blogdofarnesio.com.br\/?author=7"}]}},"_links":{"self":[{"href":"https:\/\/blogdofarnesio.com.br\/index.php?rest_route=\/wp\/v2\/posts\/116666","targetHints":{"allow":["GET"]}}],"collection":[{"href":"https:\/\/blogdofarnesio.com.br\/index.php?rest_route=\/wp\/v2\/posts"}],"about":[{"href":"https:\/\/blogdofarnesio.com.br\/index.php?rest_route=\/wp\/v2\/types\/post"}],"author":[{"embeddable":true,"href":"https:\/\/blogdofarnesio.com.br\/index.php?rest_route=\/wp\/v2\/users\/7"}],"replies":[{"embeddable":true,"href":"https:\/\/blogdofarnesio.com.br\/index.php?rest_route=%2Fwp%2Fv2%2Fcomments&post=116666"}],"version-history":[{"count":0,"href":"https:\/\/blogdofarnesio.com.br\/index.php?rest_route=\/wp\/v2\/posts\/116666\/revisions"}],"wp:attachment":[{"href":"https:\/\/blogdofarnesio.com.br\/index.php?rest_route=%2Fwp%2Fv2%2Fmedia&parent=116666"}],"wp:term":[{"taxonomy":"category","embeddable":true,"href":"https:\/\/blogdofarnesio.com.br\/index.php?rest_route=%2Fwp%2Fv2%2Fcategories&post=116666"},{"taxonomy":"post_tag","embeddable":true,"href":"https:\/\/blogdofarnesio.com.br\/index.php?rest_route=%2Fwp%2Fv2%2Ftags&post=116666"}],"curies":[{"name":"wp","href":"https:\/\/api.w.org\/{rel}","templated":true}]}}