{"id":116479,"date":"2015-02-19T07:00:13","date_gmt":"2015-02-19T10:00:13","guid":{"rendered":"http:\/\/www.quersaberpolitica.com.br\/?p=116479"},"modified":"2015-02-16T19:22:59","modified_gmt":"2015-02-16T22:22:59","slug":"a-voz-da-justica","status":"publish","type":"post","link":"https:\/\/blogdofarnesio.com.br\/?p=116479","title":{"rendered":"A VOZ DA JUSTI\u00c7A"},"content":{"rendered":"<div style=\"text-align: justify\">A hist\u00f3ria, todos conhecemos. Gente colocada em postos chaves da Petrobras por dirigentes do Partido dos Trabalhadores formou uma bem articulada quadrilha, em coniv\u00eancia com muitas das principais empreiteiras do Brasil, para produzir bilh\u00f5es de d\u00f3lares destinados a bolsos de pessoas cuja rela\u00e7\u00e3o est\u00e1 para ser divulgada pela Justi\u00e7a.<\/div>\n<div style=\"text-align: justify\">\n<p>Se esquema similar tivesse sido montado pelo partido governista, quando viv\u00edamos em regime de exce\u00e7\u00e3o, sob governo militar,\u00a0 o que teria acontecido? As partes investigadas iriam procurar o Ministro da Justi\u00e7a para tentar encontrar uma \u201csolu\u00e7\u00e3o\u201dpara o caso. Os investigadores seriam afastados e os ju\u00edzes advertidos de que o assunto envolvia a seguran\u00e7a nacional e que se insistissem, seriam todos cassados.<\/p>\n<p>Mas se vivemos num regime democr\u00e1tico, onde as institui\u00e7\u00f5es mant\u00e9m sua independ\u00eancia (a despeito das maquina\u00e7\u00f5es governamentais para min\u00e1-la), por qual raz\u00e3o os advogados das empreiteiras que se associaram a malfeitores confessos deveriam procurar o Ministro da Justi\u00e7a? E por qual raz\u00e3o deveria ele receb\u00ea-los? Que influ\u00eancia deve ou pode ter o poder Executivo sobre o Judici\u00e1rio? Ou ser\u00e1 que o interesse das empreiteiras seria sobre a atua\u00e7\u00e3o da Pol\u00edcia Federal, subordinada ao Ministro? Isso s\u00f3 ele mesmo poderia explicar.<\/p>\n<p>Interessante \u00e9 que as audi\u00eancias ocorreram com pouca diferen\u00e7a de tempo de haver o ministro Jos\u00e9 Eduardo Cardozo recebido a bancada do PT, que entregou representa\u00e7\u00e3o para que a Opera\u00e7\u00e3o Lava Jato amplie\u00a0 para o per\u00edodo anterior a 2003 as investiga\u00e7\u00f5es sobre a corrup\u00e7\u00e3o na Petrobras. O PSDB aplaudiu o pedido e tamb\u00e9m exige que se fa\u00e7a tal levantamento.<\/p>\n<p>O ministro afirmou \u00e0 bancada\u00a0 de seu partido que a postura do governo \u00e9 de que tudo seja investigado, sem qualquer exce\u00e7\u00e3o. \u201cN\u00f3s damos total autonomia \u00e0 Pol\u00edcia Federal, mas cabe ao ministro da Justi\u00e7a intervir caso ocorra ofensa aos princ\u00edpios constitucionais. Se houver alguma parcialidade na investiga\u00e7\u00e3o isso tem que ser devidamente apurado para fins disciplinares\u201d.<\/p>\n<p>Talvez o Ministro queira saber das empreiteiras sobre eventuais esquemas de corrup\u00e7\u00e3o que poderiam ter se envolvido no passado, de prefer\u00eancia antes de 2003. Se elas tiverem o que contar, a cansada sociedade brasileira agradeceria.<\/p>\n<p>Enquanto isso, advogado Joaquim Barbosa, ex-presidente do STF, n\u00e3o hesiste, continue a apontar as extravag\u00e2ncias e os atentados \u00e0 democracia patrocinados pela mesmas for\u00e7as que transformaram a Petrobras de motivo de orgulho para raz\u00e3o de vergonha de todos os brasileiros honestos e trabalhadores.<\/p>\n<p><strong>Di\u00e1rio do Poder<\/strong><\/p>\n<\/div>\n","protected":false},"excerpt":{"rendered":"<p>A hist\u00f3ria, todos conhecemos. Gente colocada em postos chaves da Petrobras por dirigentes do Partido dos Trabalhadores formou uma bem articulada quadrilha, em coniv\u00eancia com muitas das principais empreiteiras do Brasil, para produzir bilh\u00f5es de d\u00f3lares destinados a bolsos de pessoas cuja rela\u00e7\u00e3o est\u00e1 para ser divulgada pela Justi\u00e7a. Se esquema similar tivesse sido montado pelo partido governista, quando viv\u00edamos em regime de exce\u00e7\u00e3o, sob governo militar,\u00a0 o que teria acontecido? As partes investigadas iriam procurar o Ministro da Justi\u00e7a para tentar encontrar uma \u201csolu\u00e7\u00e3o\u201dpara o caso. Os investigadores seriam afastados e os ju\u00edzes advertidos de que o assunto envolvia a seguran\u00e7a nacional e que se insistissem, seriam todos cassados. Mas se vivemos num regime democr\u00e1tico, onde as institui\u00e7\u00f5es mant\u00e9m&hellip; <\/p>\n","protected":false},"author":3,"featured_media":0,"comment_status":"open","ping_status":"open","sticky":false,"template":"","format":"standard","meta":{"_acf_changed":false,"footnotes":""},"categories":[30],"tags":[],"class_list":["post-116479","post","type-post","status-publish","format-standard","hentry","category-artigo"],"acf":[],"yoast_head":"<!-- This site is optimized with the Yoast SEO plugin v27.4 - https:\/\/yoast.com\/product\/yoast-seo-wordpress\/ -->\n<title>A VOZ DA JUSTI\u00c7A - Blog do Farn\u00e9sio<\/title>\n<meta name=\"robots\" content=\"index, follow, max-snippet:-1, max-image-preview:large, max-video-preview:-1\" \/>\n<link rel=\"canonical\" href=\"https:\/\/blogdofarnesio.com.br\/?p=116479\" \/>\n<meta property=\"og:locale\" content=\"pt_BR\" \/>\n<meta property=\"og:type\" content=\"article\" \/>\n<meta property=\"og:title\" content=\"A VOZ DA JUSTI\u00c7A - Blog do Farn\u00e9sio\" \/>\n<meta property=\"og:description\" content=\"A hist\u00f3ria, todos conhecemos. Gente colocada em postos chaves da Petrobras por dirigentes do Partido dos Trabalhadores formou uma bem articulada quadrilha, em coniv\u00eancia com muitas das principais empreiteiras do Brasil, para produzir bilh\u00f5es de d\u00f3lares destinados a bolsos de pessoas cuja rela\u00e7\u00e3o est\u00e1 para ser divulgada pela Justi\u00e7a. Se esquema similar tivesse sido montado pelo partido governista, quando viv\u00edamos em regime de exce\u00e7\u00e3o, sob governo militar,\u00a0 o que teria acontecido? As partes investigadas iriam procurar o Ministro da Justi\u00e7a para tentar encontrar uma \u201csolu\u00e7\u00e3o\u201dpara o caso. Os investigadores seriam afastados e os ju\u00edzes advertidos de que o assunto envolvia a seguran\u00e7a nacional e que se insistissem, seriam todos cassados. Mas se vivemos num regime democr\u00e1tico, onde as institui\u00e7\u00f5es mant\u00e9m&hellip;\" \/>\n<meta property=\"og:url\" content=\"https:\/\/blogdofarnesio.com.br\/?p=116479\" \/>\n<meta property=\"og:site_name\" content=\"Blog do Farn\u00e9sio\" \/>\n<meta property=\"article:publisher\" content=\"https:\/\/www.facebook.com\/BlogQuerSaberPolitica\/\" \/>\n<meta property=\"article:published_time\" content=\"2015-02-19T10:00:13+00:00\" \/>\n<meta name=\"author\" content=\"teste\" \/>\n<meta name=\"twitter:card\" content=\"summary_large_image\" \/>\n<meta name=\"twitter:label1\" content=\"Escrito por\" \/>\n\t<meta name=\"twitter:data1\" content=\"teste\" \/>\n\t<meta name=\"twitter:label2\" content=\"Est. tempo de leitura\" \/>\n\t<meta name=\"twitter:data2\" content=\"2 minutos\" \/>\n<script type=\"application\/ld+json\" class=\"yoast-schema-graph\">{\"@context\":\"https:\\\/\\\/schema.org\",\"@graph\":[{\"@type\":\"Article\",\"@id\":\"https:\\\/\\\/blogdofarnesio.com.br\\\/?p=116479#article\",\"isPartOf\":{\"@id\":\"https:\\\/\\\/blogdofarnesio.com.br\\\/?p=116479\"},\"author\":{\"name\":\"teste\",\"@id\":\"https:\\\/\\\/blogdofarnesio.com.br\\\/#\\\/schema\\\/person\\\/dd1bf5eba40b687199ba45ca6b97dff9\"},\"headline\":\"A VOZ DA JUSTI\u00c7A\",\"datePublished\":\"2015-02-19T10:00:13+00:00\",\"mainEntityOfPage\":{\"@id\":\"https:\\\/\\\/blogdofarnesio.com.br\\\/?p=116479\"},\"wordCount\":434,\"commentCount\":0,\"publisher\":{\"@id\":\"https:\\\/\\\/blogdofarnesio.com.br\\\/#organization\"},\"articleSection\":[\"Artigo\"],\"inLanguage\":\"pt-BR\",\"potentialAction\":[{\"@type\":\"CommentAction\",\"name\":\"Comment\",\"target\":[\"https:\\\/\\\/blogdofarnesio.com.br\\\/?p=116479#respond\"]}]},{\"@type\":\"WebPage\",\"@id\":\"https:\\\/\\\/blogdofarnesio.com.br\\\/?p=116479\",\"url\":\"https:\\\/\\\/blogdofarnesio.com.br\\\/?p=116479\",\"name\":\"A VOZ DA JUSTI\u00c7A - Blog do Farn\u00e9sio\",\"isPartOf\":{\"@id\":\"https:\\\/\\\/blogdofarnesio.com.br\\\/#website\"},\"datePublished\":\"2015-02-19T10:00:13+00:00\",\"breadcrumb\":{\"@id\":\"https:\\\/\\\/blogdofarnesio.com.br\\\/?p=116479#breadcrumb\"},\"inLanguage\":\"pt-BR\",\"potentialAction\":[{\"@type\":\"ReadAction\",\"target\":[\"https:\\\/\\\/blogdofarnesio.com.br\\\/?p=116479\"]}]},{\"@type\":\"BreadcrumbList\",\"@id\":\"https:\\\/\\\/blogdofarnesio.com.br\\\/?p=116479#breadcrumb\",\"itemListElement\":[{\"@type\":\"ListItem\",\"position\":1,\"name\":\"In\u00edcio\",\"item\":\"https:\\\/\\\/blogdofarnesio.com.br\\\/\"},{\"@type\":\"ListItem\",\"position\":2,\"name\":\"A VOZ DA JUSTI\u00c7A\"}]},{\"@type\":\"WebSite\",\"@id\":\"https:\\\/\\\/blogdofarnesio.com.br\\\/#website\",\"url\":\"https:\\\/\\\/blogdofarnesio.com.br\\\/\",\"name\":\"Blog do Farn\u00e9sio\",\"description\":\"Quer Saber Pol\u00edtica?\",\"publisher\":{\"@id\":\"https:\\\/\\\/blogdofarnesio.com.br\\\/#organization\"},\"potentialAction\":[{\"@type\":\"SearchAction\",\"target\":{\"@type\":\"EntryPoint\",\"urlTemplate\":\"https:\\\/\\\/blogdofarnesio.com.br\\\/?s={search_term_string}\"},\"query-input\":{\"@type\":\"PropertyValueSpecification\",\"valueRequired\":true,\"valueName\":\"search_term_string\"}}],\"inLanguage\":\"pt-BR\"},{\"@type\":\"Organization\",\"@id\":\"https:\\\/\\\/blogdofarnesio.com.br\\\/#organization\",\"name\":\"Blog do Farn\u00e9sio\",\"url\":\"https:\\\/\\\/blogdofarnesio.com.br\\\/\",\"logo\":{\"@type\":\"ImageObject\",\"inLanguage\":\"pt-BR\",\"@id\":\"https:\\\/\\\/blogdofarnesio.com.br\\\/#\\\/schema\\\/logo\\\/image\\\/\",\"url\":\"https:\\\/\\\/blogdofarnesio.com.br\\\/wp-content\\\/uploads\\\/2026\\\/03\\\/cropped-logo_new-1.png\",\"contentUrl\":\"https:\\\/\\\/blogdofarnesio.com.br\\\/wp-content\\\/uploads\\\/2026\\\/03\\\/cropped-logo_new-1.png\",\"width\":881,\"height\":685,\"caption\":\"Blog do Farn\u00e9sio\"},\"image\":{\"@id\":\"https:\\\/\\\/blogdofarnesio.com.br\\\/#\\\/schema\\\/logo\\\/image\\\/\"},\"sameAs\":[\"https:\\\/\\\/www.facebook.com\\\/BlogQuerSaberPolitica\\\/\"]},{\"@type\":\"Person\",\"@id\":\"https:\\\/\\\/blogdofarnesio.com.br\\\/#\\\/schema\\\/person\\\/dd1bf5eba40b687199ba45ca6b97dff9\",\"name\":\"teste\",\"image\":{\"@type\":\"ImageObject\",\"inLanguage\":\"pt-BR\",\"@id\":\"https:\\\/\\\/secure.gravatar.com\\\/avatar\\\/2172498d4914b51e1d89a0f97957b035ac4938723a5cac208135d389b6972a6d?s=96&d=mm&r=g\",\"url\":\"https:\\\/\\\/secure.gravatar.com\\\/avatar\\\/2172498d4914b51e1d89a0f97957b035ac4938723a5cac208135d389b6972a6d?s=96&d=mm&r=g\",\"contentUrl\":\"https:\\\/\\\/secure.gravatar.com\\\/avatar\\\/2172498d4914b51e1d89a0f97957b035ac4938723a5cac208135d389b6972a6d?s=96&d=mm&r=g\",\"caption\":\"teste\"},\"url\":\"https:\\\/\\\/blogdofarnesio.com.br\\\/?author=3\"}]}<\/script>\n<!-- \/ Yoast SEO plugin. -->","yoast_head_json":{"title":"A VOZ DA JUSTI\u00c7A - Blog do Farn\u00e9sio","robots":{"index":"index","follow":"follow","max-snippet":"max-snippet:-1","max-image-preview":"max-image-preview:large","max-video-preview":"max-video-preview:-1"},"canonical":"https:\/\/blogdofarnesio.com.br\/?p=116479","og_locale":"pt_BR","og_type":"article","og_title":"A VOZ DA JUSTI\u00c7A - Blog do Farn\u00e9sio","og_description":"A hist\u00f3ria, todos conhecemos. Gente colocada em postos chaves da Petrobras por dirigentes do Partido dos Trabalhadores formou uma bem articulada quadrilha, em coniv\u00eancia com muitas das principais empreiteiras do Brasil, para produzir bilh\u00f5es de d\u00f3lares destinados a bolsos de pessoas cuja rela\u00e7\u00e3o est\u00e1 para ser divulgada pela Justi\u00e7a. Se esquema similar tivesse sido montado pelo partido governista, quando viv\u00edamos em regime de exce\u00e7\u00e3o, sob governo militar,\u00a0 o que teria acontecido? As partes investigadas iriam procurar o Ministro da Justi\u00e7a para tentar encontrar uma \u201csolu\u00e7\u00e3o\u201dpara o caso. Os investigadores seriam afastados e os ju\u00edzes advertidos de que o assunto envolvia a seguran\u00e7a nacional e que se insistissem, seriam todos cassados. Mas se vivemos num regime democr\u00e1tico, onde as institui\u00e7\u00f5es mant\u00e9m&hellip;","og_url":"https:\/\/blogdofarnesio.com.br\/?p=116479","og_site_name":"Blog do Farn\u00e9sio","article_publisher":"https:\/\/www.facebook.com\/BlogQuerSaberPolitica\/","article_published_time":"2015-02-19T10:00:13+00:00","author":"teste","twitter_card":"summary_large_image","twitter_misc":{"Escrito por":"teste","Est. tempo de leitura":"2 minutos"},"schema":{"@context":"https:\/\/schema.org","@graph":[{"@type":"Article","@id":"https:\/\/blogdofarnesio.com.br\/?p=116479#article","isPartOf":{"@id":"https:\/\/blogdofarnesio.com.br\/?p=116479"},"author":{"name":"teste","@id":"https:\/\/blogdofarnesio.com.br\/#\/schema\/person\/dd1bf5eba40b687199ba45ca6b97dff9"},"headline":"A VOZ DA JUSTI\u00c7A","datePublished":"2015-02-19T10:00:13+00:00","mainEntityOfPage":{"@id":"https:\/\/blogdofarnesio.com.br\/?p=116479"},"wordCount":434,"commentCount":0,"publisher":{"@id":"https:\/\/blogdofarnesio.com.br\/#organization"},"articleSection":["Artigo"],"inLanguage":"pt-BR","potentialAction":[{"@type":"CommentAction","name":"Comment","target":["https:\/\/blogdofarnesio.com.br\/?p=116479#respond"]}]},{"@type":"WebPage","@id":"https:\/\/blogdofarnesio.com.br\/?p=116479","url":"https:\/\/blogdofarnesio.com.br\/?p=116479","name":"A VOZ DA JUSTI\u00c7A - Blog do Farn\u00e9sio","isPartOf":{"@id":"https:\/\/blogdofarnesio.com.br\/#website"},"datePublished":"2015-02-19T10:00:13+00:00","breadcrumb":{"@id":"https:\/\/blogdofarnesio.com.br\/?p=116479#breadcrumb"},"inLanguage":"pt-BR","potentialAction":[{"@type":"ReadAction","target":["https:\/\/blogdofarnesio.com.br\/?p=116479"]}]},{"@type":"BreadcrumbList","@id":"https:\/\/blogdofarnesio.com.br\/?p=116479#breadcrumb","itemListElement":[{"@type":"ListItem","position":1,"name":"In\u00edcio","item":"https:\/\/blogdofarnesio.com.br\/"},{"@type":"ListItem","position":2,"name":"A VOZ DA JUSTI\u00c7A"}]},{"@type":"WebSite","@id":"https:\/\/blogdofarnesio.com.br\/#website","url":"https:\/\/blogdofarnesio.com.br\/","name":"Blog do Farn\u00e9sio","description":"Quer Saber Pol\u00edtica?","publisher":{"@id":"https:\/\/blogdofarnesio.com.br\/#organization"},"potentialAction":[{"@type":"SearchAction","target":{"@type":"EntryPoint","urlTemplate":"https:\/\/blogdofarnesio.com.br\/?s={search_term_string}"},"query-input":{"@type":"PropertyValueSpecification","valueRequired":true,"valueName":"search_term_string"}}],"inLanguage":"pt-BR"},{"@type":"Organization","@id":"https:\/\/blogdofarnesio.com.br\/#organization","name":"Blog do Farn\u00e9sio","url":"https:\/\/blogdofarnesio.com.br\/","logo":{"@type":"ImageObject","inLanguage":"pt-BR","@id":"https:\/\/blogdofarnesio.com.br\/#\/schema\/logo\/image\/","url":"https:\/\/blogdofarnesio.com.br\/wp-content\/uploads\/2026\/03\/cropped-logo_new-1.png","contentUrl":"https:\/\/blogdofarnesio.com.br\/wp-content\/uploads\/2026\/03\/cropped-logo_new-1.png","width":881,"height":685,"caption":"Blog do Farn\u00e9sio"},"image":{"@id":"https:\/\/blogdofarnesio.com.br\/#\/schema\/logo\/image\/"},"sameAs":["https:\/\/www.facebook.com\/BlogQuerSaberPolitica\/"]},{"@type":"Person","@id":"https:\/\/blogdofarnesio.com.br\/#\/schema\/person\/dd1bf5eba40b687199ba45ca6b97dff9","name":"teste","image":{"@type":"ImageObject","inLanguage":"pt-BR","@id":"https:\/\/secure.gravatar.com\/avatar\/2172498d4914b51e1d89a0f97957b035ac4938723a5cac208135d389b6972a6d?s=96&d=mm&r=g","url":"https:\/\/secure.gravatar.com\/avatar\/2172498d4914b51e1d89a0f97957b035ac4938723a5cac208135d389b6972a6d?s=96&d=mm&r=g","contentUrl":"https:\/\/secure.gravatar.com\/avatar\/2172498d4914b51e1d89a0f97957b035ac4938723a5cac208135d389b6972a6d?s=96&d=mm&r=g","caption":"teste"},"url":"https:\/\/blogdofarnesio.com.br\/?author=3"}]}},"_links":{"self":[{"href":"https:\/\/blogdofarnesio.com.br\/index.php?rest_route=\/wp\/v2\/posts\/116479","targetHints":{"allow":["GET"]}}],"collection":[{"href":"https:\/\/blogdofarnesio.com.br\/index.php?rest_route=\/wp\/v2\/posts"}],"about":[{"href":"https:\/\/blogdofarnesio.com.br\/index.php?rest_route=\/wp\/v2\/types\/post"}],"author":[{"embeddable":true,"href":"https:\/\/blogdofarnesio.com.br\/index.php?rest_route=\/wp\/v2\/users\/3"}],"replies":[{"embeddable":true,"href":"https:\/\/blogdofarnesio.com.br\/index.php?rest_route=%2Fwp%2Fv2%2Fcomments&post=116479"}],"version-history":[{"count":0,"href":"https:\/\/blogdofarnesio.com.br\/index.php?rest_route=\/wp\/v2\/posts\/116479\/revisions"}],"wp:attachment":[{"href":"https:\/\/blogdofarnesio.com.br\/index.php?rest_route=%2Fwp%2Fv2%2Fmedia&parent=116479"}],"wp:term":[{"taxonomy":"category","embeddable":true,"href":"https:\/\/blogdofarnesio.com.br\/index.php?rest_route=%2Fwp%2Fv2%2Fcategories&post=116479"},{"taxonomy":"post_tag","embeddable":true,"href":"https:\/\/blogdofarnesio.com.br\/index.php?rest_route=%2Fwp%2Fv2%2Ftags&post=116479"}],"curies":[{"name":"wp","href":"https:\/\/api.w.org\/{rel}","templated":true}]}}