{"id":116433,"date":"2015-02-15T19:42:28","date_gmt":"2015-02-15T22:42:28","guid":{"rendered":"http:\/\/www.quersaberpolitica.com.br\/?p=116433"},"modified":"2015-02-15T18:48:07","modified_gmt":"2015-02-15T21:48:07","slug":"tenentepm-de-pernambuco-morre-em-acidente","status":"publish","type":"post","link":"https:\/\/blogdofarnesio.com.br\/?p=116433","title":{"rendered":"TENENTE\/PM DE PERNAMBUCO MORRE EM ACIDENTE"},"content":{"rendered":"<h1 style=\"text-align: center\"><span style=\"color: #000000\"><a href=\"http:\/\/didigalvao.com\/blog\/morre-em-acidente-de-transito-o-tenente-savio-criador-a-da-festa-cabrobo-indoor\/\"><span style=\"color: #000000\">Tenente S\u00e1vio, era considerado o criador da festa Cabrob\u00f3 Indoor<\/span><\/a><\/span><\/h1>\n<p><a title=\"Morre em acidente de transito o Tenente S\u00e1vio, criador da festa Cabrob\u00f3 Indoor\" href=\"http:\/\/didigalvao.com\/blog\/wp-content\/uploads\/2015\/02\/Carro-S%C3%A1vio.jpg\" rel=\"lightbox[51956]\"><img loading=\"lazy\" decoding=\"async\" class=\"aligncenter\" alt=\"Carro S\u00e1vio\" src=\"http:\/\/didigalvao.com\/blog\/wp-content\/uploads\/2015\/02\/Carro-S%C3%A1vio.jpg\" width=\"461\" height=\"346\" \/><\/a><\/p>\n<p style=\"text-align: justify\">Faleceu nas primeiras horas deste domingo dia (15), o Tenente S\u00e1vio da Policia Militar de Pernambuco. De acordo com as primeiras informa\u00e7\u00f5es Tenente S\u00e1vio retornava da cidade de Mirandiba para Carnaubeira da Penha, quando capotou o veiculo que dirigia e faleceu na hora. Ainda de acordo com as informa\u00e7\u00f5es outras pessoas estavam com ele, um dos amigos foi socorrido com vida em estado grave.<\/p>\n<p><img loading=\"lazy\" decoding=\"async\" class=\"alignleft\" alt=\"Tenente Savio\" src=\"http:\/\/didigalvao.com\/blog\/wp-content\/uploads\/2015\/02\/Tenente-Savio.jpg\" width=\"288\" height=\"288\" \/><\/p>\n<p style=\"text-align: justify\">Tenente S\u00e1vio j\u00e1 trabalhou na 2\u00aa CIPM em Cabrob\u00f3, foi o criador de uma das festas mais comentadas da regi\u00e3o. \u201cCabrob\u00f3 Indoor\u201d.<\/p>\n<p style=\"text-align: justify\">A edi\u00e7\u00e3o de numero 3 foi realizada em dezembro do ano passado, a festa que j\u00e1 faz parte das programa\u00e7\u00f5es anuais de Cabrob\u00f3 ficou famosa por trazer sempre grandes atra\u00e7\u00f5es.<\/p>\n<p style=\"text-align: justify\">Fotos: Florentino Ferraz \u2013 Via WhatsApp<\/p>\n","protected":false},"excerpt":{"rendered":"<p>Tenente S\u00e1vio, era considerado o criador da festa Cabrob\u00f3 Indoor Faleceu nas primeiras horas deste domingo dia (15), o Tenente S\u00e1vio da Policia Militar de Pernambuco. De acordo com as primeiras informa\u00e7\u00f5es Tenente S\u00e1vio retornava da cidade de Mirandiba para Carnaubeira da Penha, quando capotou o veiculo que dirigia e faleceu na hora. Ainda de acordo com as informa\u00e7\u00f5es outras pessoas estavam com ele, um dos amigos foi socorrido com vida em estado grave. Tenente S\u00e1vio j\u00e1 trabalhou na 2\u00aa CIPM em Cabrob\u00f3, foi o criador de uma das festas mais comentadas da regi\u00e3o. \u201cCabrob\u00f3 Indoor\u201d. A edi\u00e7\u00e3o de numero 3 foi realizada em dezembro do ano passado, a festa que j\u00e1 faz parte das programa\u00e7\u00f5es anuais de Cabrob\u00f3 ficou&hellip; <\/p>\n","protected":false},"author":3,"featured_media":0,"comment_status":"open","ping_status":"open","sticky":false,"template":"","format":"standard","meta":{"_acf_changed":false,"footnotes":""},"categories":[17],"tags":[],"class_list":["post-116433","post","type-post","status-publish","format-standard","hentry","category-estradas"],"acf":[],"yoast_head":"<!-- This site is optimized with the Yoast SEO plugin v27.4 - https:\/\/yoast.com\/product\/yoast-seo-wordpress\/ -->\n<title>TENENTE\/PM DE PERNAMBUCO MORRE EM ACIDENTE - Blog do Farn\u00e9sio<\/title>\n<meta name=\"robots\" content=\"index, follow, max-snippet:-1, max-image-preview:large, max-video-preview:-1\" \/>\n<link rel=\"canonical\" href=\"https:\/\/blogdofarnesio.com.br\/?p=116433\" \/>\n<meta property=\"og:locale\" content=\"pt_BR\" \/>\n<meta property=\"og:type\" content=\"article\" \/>\n<meta property=\"og:title\" content=\"TENENTE\/PM DE PERNAMBUCO MORRE EM ACIDENTE - Blog do Farn\u00e9sio\" \/>\n<meta property=\"og:description\" content=\"Tenente S\u00e1vio, era considerado o criador da festa Cabrob\u00f3 Indoor Faleceu nas primeiras horas deste domingo dia (15), o Tenente S\u00e1vio da Policia Militar de Pernambuco. De acordo com as primeiras informa\u00e7\u00f5es Tenente S\u00e1vio retornava da cidade de Mirandiba para Carnaubeira da Penha, quando capotou o veiculo que dirigia e faleceu na hora. Ainda de acordo com as informa\u00e7\u00f5es outras pessoas estavam com ele, um dos amigos foi socorrido com vida em estado grave. Tenente S\u00e1vio j\u00e1 trabalhou na 2\u00aa CIPM em Cabrob\u00f3, foi o criador de uma das festas mais comentadas da regi\u00e3o. \u201cCabrob\u00f3 Indoor\u201d. A edi\u00e7\u00e3o de numero 3 foi realizada em dezembro do ano passado, a festa que j\u00e1 faz parte das programa\u00e7\u00f5es anuais de Cabrob\u00f3 ficou&hellip;\" \/>\n<meta property=\"og:url\" content=\"https:\/\/blogdofarnesio.com.br\/?p=116433\" \/>\n<meta property=\"og:site_name\" content=\"Blog do Farn\u00e9sio\" \/>\n<meta property=\"article:publisher\" content=\"https:\/\/www.facebook.com\/BlogQuerSaberPolitica\/\" \/>\n<meta property=\"article:published_time\" content=\"2015-02-15T22:42:28+00:00\" \/>\n<meta property=\"og:image\" content=\"http:\/\/didigalvao.com\/blog\/wp-content\/uploads\/2015\/02\/Carro-S%C3%A1vio.jpg\" \/>\n<meta name=\"author\" content=\"teste\" \/>\n<meta name=\"twitter:card\" content=\"summary_large_image\" \/>\n<meta name=\"twitter:label1\" content=\"Escrito por\" \/>\n\t<meta name=\"twitter:data1\" content=\"teste\" \/>\n\t<meta name=\"twitter:label2\" content=\"Est. tempo de leitura\" \/>\n\t<meta name=\"twitter:data2\" content=\"1 minuto\" \/>\n<script type=\"application\/ld+json\" class=\"yoast-schema-graph\">{\"@context\":\"https:\\\/\\\/schema.org\",\"@graph\":[{\"@type\":\"Article\",\"@id\":\"https:\\\/\\\/blogdofarnesio.com.br\\\/?p=116433#article\",\"isPartOf\":{\"@id\":\"https:\\\/\\\/blogdofarnesio.com.br\\\/?p=116433\"},\"author\":{\"name\":\"teste\",\"@id\":\"https:\\\/\\\/blogdofarnesio.com.br\\\/#\\\/schema\\\/person\\\/dd1bf5eba40b687199ba45ca6b97dff9\"},\"headline\":\"TENENTE\\\/PM DE PERNAMBUCO MORRE EM ACIDENTE\",\"datePublished\":\"2015-02-15T22:42:28+00:00\",\"mainEntityOfPage\":{\"@id\":\"https:\\\/\\\/blogdofarnesio.com.br\\\/?p=116433\"},\"wordCount\":145,\"commentCount\":1,\"publisher\":{\"@id\":\"https:\\\/\\\/blogdofarnesio.com.br\\\/#organization\"},\"image\":{\"@id\":\"https:\\\/\\\/blogdofarnesio.com.br\\\/?p=116433#primaryimage\"},\"thumbnailUrl\":\"http:\\\/\\\/didigalvao.com\\\/blog\\\/wp-content\\\/uploads\\\/2015\\\/02\\\/Carro-S%C3%A1vio.jpg\",\"articleSection\":[\"Estradas\"],\"inLanguage\":\"pt-BR\",\"potentialAction\":[{\"@type\":\"CommentAction\",\"name\":\"Comment\",\"target\":[\"https:\\\/\\\/blogdofarnesio.com.br\\\/?p=116433#respond\"]}]},{\"@type\":\"WebPage\",\"@id\":\"https:\\\/\\\/blogdofarnesio.com.br\\\/?p=116433\",\"url\":\"https:\\\/\\\/blogdofarnesio.com.br\\\/?p=116433\",\"name\":\"TENENTE\\\/PM DE PERNAMBUCO MORRE EM ACIDENTE - Blog do Farn\u00e9sio\",\"isPartOf\":{\"@id\":\"https:\\\/\\\/blogdofarnesio.com.br\\\/#website\"},\"primaryImageOfPage\":{\"@id\":\"https:\\\/\\\/blogdofarnesio.com.br\\\/?p=116433#primaryimage\"},\"image\":{\"@id\":\"https:\\\/\\\/blogdofarnesio.com.br\\\/?p=116433#primaryimage\"},\"thumbnailUrl\":\"http:\\\/\\\/didigalvao.com\\\/blog\\\/wp-content\\\/uploads\\\/2015\\\/02\\\/Carro-S%C3%A1vio.jpg\",\"datePublished\":\"2015-02-15T22:42:28+00:00\",\"breadcrumb\":{\"@id\":\"https:\\\/\\\/blogdofarnesio.com.br\\\/?p=116433#breadcrumb\"},\"inLanguage\":\"pt-BR\",\"potentialAction\":[{\"@type\":\"ReadAction\",\"target\":[\"https:\\\/\\\/blogdofarnesio.com.br\\\/?p=116433\"]}]},{\"@type\":\"ImageObject\",\"inLanguage\":\"pt-BR\",\"@id\":\"https:\\\/\\\/blogdofarnesio.com.br\\\/?p=116433#primaryimage\",\"url\":\"http:\\\/\\\/didigalvao.com\\\/blog\\\/wp-content\\\/uploads\\\/2015\\\/02\\\/Carro-S%C3%A1vio.jpg\",\"contentUrl\":\"http:\\\/\\\/didigalvao.com\\\/blog\\\/wp-content\\\/uploads\\\/2015\\\/02\\\/Carro-S%C3%A1vio.jpg\"},{\"@type\":\"BreadcrumbList\",\"@id\":\"https:\\\/\\\/blogdofarnesio.com.br\\\/?p=116433#breadcrumb\",\"itemListElement\":[{\"@type\":\"ListItem\",\"position\":1,\"name\":\"In\u00edcio\",\"item\":\"https:\\\/\\\/blogdofarnesio.com.br\\\/\"},{\"@type\":\"ListItem\",\"position\":2,\"name\":\"TENENTE\\\/PM DE PERNAMBUCO MORRE EM ACIDENTE\"}]},{\"@type\":\"WebSite\",\"@id\":\"https:\\\/\\\/blogdofarnesio.com.br\\\/#website\",\"url\":\"https:\\\/\\\/blogdofarnesio.com.br\\\/\",\"name\":\"Blog do Farn\u00e9sio\",\"description\":\"Quer Saber Pol\u00edtica?\",\"publisher\":{\"@id\":\"https:\\\/\\\/blogdofarnesio.com.br\\\/#organization\"},\"potentialAction\":[{\"@type\":\"SearchAction\",\"target\":{\"@type\":\"EntryPoint\",\"urlTemplate\":\"https:\\\/\\\/blogdofarnesio.com.br\\\/?s={search_term_string}\"},\"query-input\":{\"@type\":\"PropertyValueSpecification\",\"valueRequired\":true,\"valueName\":\"search_term_string\"}}],\"inLanguage\":\"pt-BR\"},{\"@type\":\"Organization\",\"@id\":\"https:\\\/\\\/blogdofarnesio.com.br\\\/#organization\",\"name\":\"Blog do Farn\u00e9sio\",\"url\":\"https:\\\/\\\/blogdofarnesio.com.br\\\/\",\"logo\":{\"@type\":\"ImageObject\",\"inLanguage\":\"pt-BR\",\"@id\":\"https:\\\/\\\/blogdofarnesio.com.br\\\/#\\\/schema\\\/logo\\\/image\\\/\",\"url\":\"https:\\\/\\\/blogdofarnesio.com.br\\\/wp-content\\\/uploads\\\/2026\\\/03\\\/cropped-logo_new-1.png\",\"contentUrl\":\"https:\\\/\\\/blogdofarnesio.com.br\\\/wp-content\\\/uploads\\\/2026\\\/03\\\/cropped-logo_new-1.png\",\"width\":881,\"height\":685,\"caption\":\"Blog do Farn\u00e9sio\"},\"image\":{\"@id\":\"https:\\\/\\\/blogdofarnesio.com.br\\\/#\\\/schema\\\/logo\\\/image\\\/\"},\"sameAs\":[\"https:\\\/\\\/www.facebook.com\\\/BlogQuerSaberPolitica\\\/\"]},{\"@type\":\"Person\",\"@id\":\"https:\\\/\\\/blogdofarnesio.com.br\\\/#\\\/schema\\\/person\\\/dd1bf5eba40b687199ba45ca6b97dff9\",\"name\":\"teste\",\"image\":{\"@type\":\"ImageObject\",\"inLanguage\":\"pt-BR\",\"@id\":\"https:\\\/\\\/secure.gravatar.com\\\/avatar\\\/2172498d4914b51e1d89a0f97957b035ac4938723a5cac208135d389b6972a6d?s=96&d=mm&r=g\",\"url\":\"https:\\\/\\\/secure.gravatar.com\\\/avatar\\\/2172498d4914b51e1d89a0f97957b035ac4938723a5cac208135d389b6972a6d?s=96&d=mm&r=g\",\"contentUrl\":\"https:\\\/\\\/secure.gravatar.com\\\/avatar\\\/2172498d4914b51e1d89a0f97957b035ac4938723a5cac208135d389b6972a6d?s=96&d=mm&r=g\",\"caption\":\"teste\"},\"url\":\"https:\\\/\\\/blogdofarnesio.com.br\\\/?author=3\"}]}<\/script>\n<!-- \/ Yoast SEO plugin. -->","yoast_head_json":{"title":"TENENTE\/PM DE PERNAMBUCO MORRE EM ACIDENTE - Blog do Farn\u00e9sio","robots":{"index":"index","follow":"follow","max-snippet":"max-snippet:-1","max-image-preview":"max-image-preview:large","max-video-preview":"max-video-preview:-1"},"canonical":"https:\/\/blogdofarnesio.com.br\/?p=116433","og_locale":"pt_BR","og_type":"article","og_title":"TENENTE\/PM DE PERNAMBUCO MORRE EM ACIDENTE - Blog do Farn\u00e9sio","og_description":"Tenente S\u00e1vio, era considerado o criador da festa Cabrob\u00f3 Indoor Faleceu nas primeiras horas deste domingo dia (15), o Tenente S\u00e1vio da Policia Militar de Pernambuco. De acordo com as primeiras informa\u00e7\u00f5es Tenente S\u00e1vio retornava da cidade de Mirandiba para Carnaubeira da Penha, quando capotou o veiculo que dirigia e faleceu na hora. Ainda de acordo com as informa\u00e7\u00f5es outras pessoas estavam com ele, um dos amigos foi socorrido com vida em estado grave. Tenente S\u00e1vio j\u00e1 trabalhou na 2\u00aa CIPM em Cabrob\u00f3, foi o criador de uma das festas mais comentadas da regi\u00e3o. \u201cCabrob\u00f3 Indoor\u201d. A edi\u00e7\u00e3o de numero 3 foi realizada em dezembro do ano passado, a festa que j\u00e1 faz parte das programa\u00e7\u00f5es anuais de Cabrob\u00f3 ficou&hellip;","og_url":"https:\/\/blogdofarnesio.com.br\/?p=116433","og_site_name":"Blog do Farn\u00e9sio","article_publisher":"https:\/\/www.facebook.com\/BlogQuerSaberPolitica\/","article_published_time":"2015-02-15T22:42:28+00:00","og_image":[{"url":"http:\/\/didigalvao.com\/blog\/wp-content\/uploads\/2015\/02\/Carro-S%C3%A1vio.jpg","type":"","width":"","height":""}],"author":"teste","twitter_card":"summary_large_image","twitter_misc":{"Escrito por":"teste","Est. tempo de leitura":"1 minuto"},"schema":{"@context":"https:\/\/schema.org","@graph":[{"@type":"Article","@id":"https:\/\/blogdofarnesio.com.br\/?p=116433#article","isPartOf":{"@id":"https:\/\/blogdofarnesio.com.br\/?p=116433"},"author":{"name":"teste","@id":"https:\/\/blogdofarnesio.com.br\/#\/schema\/person\/dd1bf5eba40b687199ba45ca6b97dff9"},"headline":"TENENTE\/PM DE PERNAMBUCO MORRE EM ACIDENTE","datePublished":"2015-02-15T22:42:28+00:00","mainEntityOfPage":{"@id":"https:\/\/blogdofarnesio.com.br\/?p=116433"},"wordCount":145,"commentCount":1,"publisher":{"@id":"https:\/\/blogdofarnesio.com.br\/#organization"},"image":{"@id":"https:\/\/blogdofarnesio.com.br\/?p=116433#primaryimage"},"thumbnailUrl":"http:\/\/didigalvao.com\/blog\/wp-content\/uploads\/2015\/02\/Carro-S%C3%A1vio.jpg","articleSection":["Estradas"],"inLanguage":"pt-BR","potentialAction":[{"@type":"CommentAction","name":"Comment","target":["https:\/\/blogdofarnesio.com.br\/?p=116433#respond"]}]},{"@type":"WebPage","@id":"https:\/\/blogdofarnesio.com.br\/?p=116433","url":"https:\/\/blogdofarnesio.com.br\/?p=116433","name":"TENENTE\/PM DE PERNAMBUCO MORRE EM ACIDENTE - Blog do Farn\u00e9sio","isPartOf":{"@id":"https:\/\/blogdofarnesio.com.br\/#website"},"primaryImageOfPage":{"@id":"https:\/\/blogdofarnesio.com.br\/?p=116433#primaryimage"},"image":{"@id":"https:\/\/blogdofarnesio.com.br\/?p=116433#primaryimage"},"thumbnailUrl":"http:\/\/didigalvao.com\/blog\/wp-content\/uploads\/2015\/02\/Carro-S%C3%A1vio.jpg","datePublished":"2015-02-15T22:42:28+00:00","breadcrumb":{"@id":"https:\/\/blogdofarnesio.com.br\/?p=116433#breadcrumb"},"inLanguage":"pt-BR","potentialAction":[{"@type":"ReadAction","target":["https:\/\/blogdofarnesio.com.br\/?p=116433"]}]},{"@type":"ImageObject","inLanguage":"pt-BR","@id":"https:\/\/blogdofarnesio.com.br\/?p=116433#primaryimage","url":"http:\/\/didigalvao.com\/blog\/wp-content\/uploads\/2015\/02\/Carro-S%C3%A1vio.jpg","contentUrl":"http:\/\/didigalvao.com\/blog\/wp-content\/uploads\/2015\/02\/Carro-S%C3%A1vio.jpg"},{"@type":"BreadcrumbList","@id":"https:\/\/blogdofarnesio.com.br\/?p=116433#breadcrumb","itemListElement":[{"@type":"ListItem","position":1,"name":"In\u00edcio","item":"https:\/\/blogdofarnesio.com.br\/"},{"@type":"ListItem","position":2,"name":"TENENTE\/PM DE PERNAMBUCO MORRE EM ACIDENTE"}]},{"@type":"WebSite","@id":"https:\/\/blogdofarnesio.com.br\/#website","url":"https:\/\/blogdofarnesio.com.br\/","name":"Blog do Farn\u00e9sio","description":"Quer Saber Pol\u00edtica?","publisher":{"@id":"https:\/\/blogdofarnesio.com.br\/#organization"},"potentialAction":[{"@type":"SearchAction","target":{"@type":"EntryPoint","urlTemplate":"https:\/\/blogdofarnesio.com.br\/?s={search_term_string}"},"query-input":{"@type":"PropertyValueSpecification","valueRequired":true,"valueName":"search_term_string"}}],"inLanguage":"pt-BR"},{"@type":"Organization","@id":"https:\/\/blogdofarnesio.com.br\/#organization","name":"Blog do Farn\u00e9sio","url":"https:\/\/blogdofarnesio.com.br\/","logo":{"@type":"ImageObject","inLanguage":"pt-BR","@id":"https:\/\/blogdofarnesio.com.br\/#\/schema\/logo\/image\/","url":"https:\/\/blogdofarnesio.com.br\/wp-content\/uploads\/2026\/03\/cropped-logo_new-1.png","contentUrl":"https:\/\/blogdofarnesio.com.br\/wp-content\/uploads\/2026\/03\/cropped-logo_new-1.png","width":881,"height":685,"caption":"Blog do Farn\u00e9sio"},"image":{"@id":"https:\/\/blogdofarnesio.com.br\/#\/schema\/logo\/image\/"},"sameAs":["https:\/\/www.facebook.com\/BlogQuerSaberPolitica\/"]},{"@type":"Person","@id":"https:\/\/blogdofarnesio.com.br\/#\/schema\/person\/dd1bf5eba40b687199ba45ca6b97dff9","name":"teste","image":{"@type":"ImageObject","inLanguage":"pt-BR","@id":"https:\/\/secure.gravatar.com\/avatar\/2172498d4914b51e1d89a0f97957b035ac4938723a5cac208135d389b6972a6d?s=96&d=mm&r=g","url":"https:\/\/secure.gravatar.com\/avatar\/2172498d4914b51e1d89a0f97957b035ac4938723a5cac208135d389b6972a6d?s=96&d=mm&r=g","contentUrl":"https:\/\/secure.gravatar.com\/avatar\/2172498d4914b51e1d89a0f97957b035ac4938723a5cac208135d389b6972a6d?s=96&d=mm&r=g","caption":"teste"},"url":"https:\/\/blogdofarnesio.com.br\/?author=3"}]}},"_links":{"self":[{"href":"https:\/\/blogdofarnesio.com.br\/index.php?rest_route=\/wp\/v2\/posts\/116433","targetHints":{"allow":["GET"]}}],"collection":[{"href":"https:\/\/blogdofarnesio.com.br\/index.php?rest_route=\/wp\/v2\/posts"}],"about":[{"href":"https:\/\/blogdofarnesio.com.br\/index.php?rest_route=\/wp\/v2\/types\/post"}],"author":[{"embeddable":true,"href":"https:\/\/blogdofarnesio.com.br\/index.php?rest_route=\/wp\/v2\/users\/3"}],"replies":[{"embeddable":true,"href":"https:\/\/blogdofarnesio.com.br\/index.php?rest_route=%2Fwp%2Fv2%2Fcomments&post=116433"}],"version-history":[{"count":0,"href":"https:\/\/blogdofarnesio.com.br\/index.php?rest_route=\/wp\/v2\/posts\/116433\/revisions"}],"wp:attachment":[{"href":"https:\/\/blogdofarnesio.com.br\/index.php?rest_route=%2Fwp%2Fv2%2Fmedia&parent=116433"}],"wp:term":[{"taxonomy":"category","embeddable":true,"href":"https:\/\/blogdofarnesio.com.br\/index.php?rest_route=%2Fwp%2Fv2%2Fcategories&post=116433"},{"taxonomy":"post_tag","embeddable":true,"href":"https:\/\/blogdofarnesio.com.br\/index.php?rest_route=%2Fwp%2Fv2%2Ftags&post=116433"}],"curies":[{"name":"wp","href":"https:\/\/api.w.org\/{rel}","templated":true}]}}