{"id":116420,"date":"2015-02-15T18:18:00","date_gmt":"2015-02-15T21:18:00","guid":{"rendered":"http:\/\/www.quersaberpolitica.com.br\/?p=116420"},"modified":"2015-02-15T18:18:00","modified_gmt":"2015-02-15T21:18:00","slug":"motociclista-transitava-pela-contramao-com-luz-apagada-bate-em-caminhao-e-morre-em-petrolina","status":"publish","type":"post","link":"https:\/\/blogdofarnesio.com.br\/?p=116420","title":{"rendered":"MOTOCICLISTA TRANSITAVA PELA CONTRAM\u00c3O COM LUZ APAGADA, BATE EM CAMINH\u00c3O E MORRE EM PETROLINA"},"content":{"rendered":"<h1 style=\"text-align: justify\"><a href=\"http:\/\/4.bp.blogspot.com\/-4kuy0HogBCk\/VOD--DLJvOI\/AAAAAAAAJWU\/aJ9Xe6EhB88\/s1600\/images.jpg\"><img loading=\"lazy\" decoding=\"async\" class=\"alignleft\" style=\"border: 0px\" alt=\"\" src=\"http:\/\/4.bp.blogspot.com\/-4kuy0HogBCk\/VOD--DLJvOI\/AAAAAAAAJWU\/aJ9Xe6EhB88\/s1600\/images.jpg\" width=\"276\" height=\"183\" border=\"0\" \/><\/a><\/h1>\n<div id=\"post-body-5161215631302446666\" style=\"text-align: justify\">\n<div>G1 &#8211; Um homem de 33 anos morreu no s\u00e1bado (14) na BR-428 do n\u00facleo 10 do Projeto de Irriga\u00e7\u00e3o Senador Nilo Coelho em Petrolina<\/div>\n<div>.<\/div>\n<div>Segundo informa\u00e7\u00f5es da Pol\u00edcia Rodovi\u00e1ria Federal (PRF), o motociclista transitava pela contram\u00e3o com a luz apagada, colidindo frontalmente com um caminh\u00e3o.<\/div>\n<div><\/div>\n<div>De acordo com a PRF, o condutor do caminh\u00e3o foi submetido ao teste etil\u00f4metro e foi constatado que ele n\u00e3o havia ingerido nenhum tipo de bebida alco\u00f3lica.<\/div>\n<\/div>\n","protected":false},"excerpt":{"rendered":"<p>G1 &#8211; Um homem de 33 anos morreu no s\u00e1bado (14) na BR-428 do n\u00facleo 10 do Projeto de Irriga\u00e7\u00e3o Senador Nilo Coelho em Petrolina . Segundo informa\u00e7\u00f5es da Pol\u00edcia Rodovi\u00e1ria Federal (PRF), o motociclista transitava pela contram\u00e3o com a luz apagada, colidindo frontalmente com um caminh\u00e3o. De acordo com a PRF, o condutor do caminh\u00e3o foi submetido ao teste etil\u00f4metro e foi constatado que ele n\u00e3o havia ingerido nenhum tipo de bebida alco\u00f3lica.<\/p>\n","protected":false},"author":3,"featured_media":0,"comment_status":"open","ping_status":"open","sticky":false,"template":"","format":"standard","meta":{"_acf_changed":false,"footnotes":""},"categories":[21],"tags":[],"class_list":["post-116420","post","type-post","status-publish","format-standard","hentry","category-transito"],"acf":[],"yoast_head":"<!-- This site is optimized with the Yoast SEO plugin v27.4 - https:\/\/yoast.com\/product\/yoast-seo-wordpress\/ -->\n<title>MOTOCICLISTA TRANSITAVA PELA CONTRAM\u00c3O COM LUZ APAGADA, BATE EM CAMINH\u00c3O E MORRE EM PETROLINA - Blog do Farn\u00e9sio<\/title>\n<meta name=\"robots\" content=\"index, follow, max-snippet:-1, max-image-preview:large, max-video-preview:-1\" \/>\n<link rel=\"canonical\" href=\"https:\/\/blogdofarnesio.com.br\/?p=116420\" \/>\n<meta property=\"og:locale\" content=\"pt_BR\" \/>\n<meta property=\"og:type\" content=\"article\" \/>\n<meta property=\"og:title\" content=\"MOTOCICLISTA TRANSITAVA PELA CONTRAM\u00c3O COM LUZ APAGADA, BATE EM CAMINH\u00c3O E MORRE EM PETROLINA - Blog do Farn\u00e9sio\" \/>\n<meta property=\"og:description\" content=\"G1 &#8211; Um homem de 33 anos morreu no s\u00e1bado (14) na BR-428 do n\u00facleo 10 do Projeto de Irriga\u00e7\u00e3o Senador Nilo Coelho em Petrolina . Segundo informa\u00e7\u00f5es da Pol\u00edcia Rodovi\u00e1ria Federal (PRF), o motociclista transitava pela contram\u00e3o com a luz apagada, colidindo frontalmente com um caminh\u00e3o. De acordo com a PRF, o condutor do caminh\u00e3o foi submetido ao teste etil\u00f4metro e foi constatado que ele n\u00e3o havia ingerido nenhum tipo de bebida alco\u00f3lica.\" \/>\n<meta property=\"og:url\" content=\"https:\/\/blogdofarnesio.com.br\/?p=116420\" \/>\n<meta property=\"og:site_name\" content=\"Blog do Farn\u00e9sio\" \/>\n<meta property=\"article:publisher\" content=\"https:\/\/www.facebook.com\/BlogQuerSaberPolitica\/\" \/>\n<meta property=\"article:published_time\" content=\"2015-02-15T21:18:00+00:00\" \/>\n<meta property=\"og:image\" content=\"http:\/\/4.bp.blogspot.com\/-4kuy0HogBCk\/VOD--DLJvOI\/AAAAAAAAJWU\/aJ9Xe6EhB88\/s1600\/images.jpg\" \/>\n<meta name=\"author\" content=\"teste\" \/>\n<meta name=\"twitter:card\" content=\"summary_large_image\" \/>\n<meta name=\"twitter:label1\" content=\"Escrito por\" \/>\n\t<meta name=\"twitter:data1\" content=\"teste\" \/>\n<script type=\"application\/ld+json\" class=\"yoast-schema-graph\">{\"@context\":\"https:\\\/\\\/schema.org\",\"@graph\":[{\"@type\":\"Article\",\"@id\":\"https:\\\/\\\/blogdofarnesio.com.br\\\/?p=116420#article\",\"isPartOf\":{\"@id\":\"https:\\\/\\\/blogdofarnesio.com.br\\\/?p=116420\"},\"author\":{\"name\":\"teste\",\"@id\":\"https:\\\/\\\/blogdofarnesio.com.br\\\/#\\\/schema\\\/person\\\/dd1bf5eba40b687199ba45ca6b97dff9\"},\"headline\":\"MOTOCICLISTA TRANSITAVA PELA CONTRAM\u00c3O COM LUZ APAGADA, BATE EM CAMINH\u00c3O E MORRE EM PETROLINA\",\"datePublished\":\"2015-02-15T21:18:00+00:00\",\"mainEntityOfPage\":{\"@id\":\"https:\\\/\\\/blogdofarnesio.com.br\\\/?p=116420\"},\"wordCount\":98,\"commentCount\":0,\"publisher\":{\"@id\":\"https:\\\/\\\/blogdofarnesio.com.br\\\/#organization\"},\"image\":{\"@id\":\"https:\\\/\\\/blogdofarnesio.com.br\\\/?p=116420#primaryimage\"},\"thumbnailUrl\":\"http:\\\/\\\/4.bp.blogspot.com\\\/-4kuy0HogBCk\\\/VOD--DLJvOI\\\/AAAAAAAAJWU\\\/aJ9Xe6EhB88\\\/s1600\\\/images.jpg\",\"articleSection\":[\"Tr\u00e2nsito\"],\"inLanguage\":\"pt-BR\",\"potentialAction\":[{\"@type\":\"CommentAction\",\"name\":\"Comment\",\"target\":[\"https:\\\/\\\/blogdofarnesio.com.br\\\/?p=116420#respond\"]}]},{\"@type\":\"WebPage\",\"@id\":\"https:\\\/\\\/blogdofarnesio.com.br\\\/?p=116420\",\"url\":\"https:\\\/\\\/blogdofarnesio.com.br\\\/?p=116420\",\"name\":\"MOTOCICLISTA TRANSITAVA PELA CONTRAM\u00c3O COM LUZ APAGADA, BATE EM CAMINH\u00c3O E MORRE EM PETROLINA - Blog do Farn\u00e9sio\",\"isPartOf\":{\"@id\":\"https:\\\/\\\/blogdofarnesio.com.br\\\/#website\"},\"primaryImageOfPage\":{\"@id\":\"https:\\\/\\\/blogdofarnesio.com.br\\\/?p=116420#primaryimage\"},\"image\":{\"@id\":\"https:\\\/\\\/blogdofarnesio.com.br\\\/?p=116420#primaryimage\"},\"thumbnailUrl\":\"http:\\\/\\\/4.bp.blogspot.com\\\/-4kuy0HogBCk\\\/VOD--DLJvOI\\\/AAAAAAAAJWU\\\/aJ9Xe6EhB88\\\/s1600\\\/images.jpg\",\"datePublished\":\"2015-02-15T21:18:00+00:00\",\"breadcrumb\":{\"@id\":\"https:\\\/\\\/blogdofarnesio.com.br\\\/?p=116420#breadcrumb\"},\"inLanguage\":\"pt-BR\",\"potentialAction\":[{\"@type\":\"ReadAction\",\"target\":[\"https:\\\/\\\/blogdofarnesio.com.br\\\/?p=116420\"]}]},{\"@type\":\"ImageObject\",\"inLanguage\":\"pt-BR\",\"@id\":\"https:\\\/\\\/blogdofarnesio.com.br\\\/?p=116420#primaryimage\",\"url\":\"http:\\\/\\\/4.bp.blogspot.com\\\/-4kuy0HogBCk\\\/VOD--DLJvOI\\\/AAAAAAAAJWU\\\/aJ9Xe6EhB88\\\/s1600\\\/images.jpg\",\"contentUrl\":\"http:\\\/\\\/4.bp.blogspot.com\\\/-4kuy0HogBCk\\\/VOD--DLJvOI\\\/AAAAAAAAJWU\\\/aJ9Xe6EhB88\\\/s1600\\\/images.jpg\"},{\"@type\":\"BreadcrumbList\",\"@id\":\"https:\\\/\\\/blogdofarnesio.com.br\\\/?p=116420#breadcrumb\",\"itemListElement\":[{\"@type\":\"ListItem\",\"position\":1,\"name\":\"In\u00edcio\",\"item\":\"https:\\\/\\\/blogdofarnesio.com.br\\\/\"},{\"@type\":\"ListItem\",\"position\":2,\"name\":\"MOTOCICLISTA TRANSITAVA PELA CONTRAM\u00c3O COM LUZ APAGADA, BATE EM CAMINH\u00c3O E MORRE EM PETROLINA\"}]},{\"@type\":\"WebSite\",\"@id\":\"https:\\\/\\\/blogdofarnesio.com.br\\\/#website\",\"url\":\"https:\\\/\\\/blogdofarnesio.com.br\\\/\",\"name\":\"Blog do Farn\u00e9sio\",\"description\":\"Quer Saber Pol\u00edtica?\",\"publisher\":{\"@id\":\"https:\\\/\\\/blogdofarnesio.com.br\\\/#organization\"},\"potentialAction\":[{\"@type\":\"SearchAction\",\"target\":{\"@type\":\"EntryPoint\",\"urlTemplate\":\"https:\\\/\\\/blogdofarnesio.com.br\\\/?s={search_term_string}\"},\"query-input\":{\"@type\":\"PropertyValueSpecification\",\"valueRequired\":true,\"valueName\":\"search_term_string\"}}],\"inLanguage\":\"pt-BR\"},{\"@type\":\"Organization\",\"@id\":\"https:\\\/\\\/blogdofarnesio.com.br\\\/#organization\",\"name\":\"Blog do Farn\u00e9sio\",\"url\":\"https:\\\/\\\/blogdofarnesio.com.br\\\/\",\"logo\":{\"@type\":\"ImageObject\",\"inLanguage\":\"pt-BR\",\"@id\":\"https:\\\/\\\/blogdofarnesio.com.br\\\/#\\\/schema\\\/logo\\\/image\\\/\",\"url\":\"https:\\\/\\\/blogdofarnesio.com.br\\\/wp-content\\\/uploads\\\/2026\\\/03\\\/cropped-logo_new-1.png\",\"contentUrl\":\"https:\\\/\\\/blogdofarnesio.com.br\\\/wp-content\\\/uploads\\\/2026\\\/03\\\/cropped-logo_new-1.png\",\"width\":881,\"height\":685,\"caption\":\"Blog do Farn\u00e9sio\"},\"image\":{\"@id\":\"https:\\\/\\\/blogdofarnesio.com.br\\\/#\\\/schema\\\/logo\\\/image\\\/\"},\"sameAs\":[\"https:\\\/\\\/www.facebook.com\\\/BlogQuerSaberPolitica\\\/\"]},{\"@type\":\"Person\",\"@id\":\"https:\\\/\\\/blogdofarnesio.com.br\\\/#\\\/schema\\\/person\\\/dd1bf5eba40b687199ba45ca6b97dff9\",\"name\":\"teste\",\"image\":{\"@type\":\"ImageObject\",\"inLanguage\":\"pt-BR\",\"@id\":\"https:\\\/\\\/secure.gravatar.com\\\/avatar\\\/2172498d4914b51e1d89a0f97957b035ac4938723a5cac208135d389b6972a6d?s=96&d=mm&r=g\",\"url\":\"https:\\\/\\\/secure.gravatar.com\\\/avatar\\\/2172498d4914b51e1d89a0f97957b035ac4938723a5cac208135d389b6972a6d?s=96&d=mm&r=g\",\"contentUrl\":\"https:\\\/\\\/secure.gravatar.com\\\/avatar\\\/2172498d4914b51e1d89a0f97957b035ac4938723a5cac208135d389b6972a6d?s=96&d=mm&r=g\",\"caption\":\"teste\"},\"url\":\"https:\\\/\\\/blogdofarnesio.com.br\\\/?author=3\"}]}<\/script>\n<!-- \/ Yoast SEO plugin. -->","yoast_head_json":{"title":"MOTOCICLISTA TRANSITAVA PELA CONTRAM\u00c3O COM LUZ APAGADA, BATE EM CAMINH\u00c3O E MORRE EM PETROLINA - Blog do Farn\u00e9sio","robots":{"index":"index","follow":"follow","max-snippet":"max-snippet:-1","max-image-preview":"max-image-preview:large","max-video-preview":"max-video-preview:-1"},"canonical":"https:\/\/blogdofarnesio.com.br\/?p=116420","og_locale":"pt_BR","og_type":"article","og_title":"MOTOCICLISTA TRANSITAVA PELA CONTRAM\u00c3O COM LUZ APAGADA, BATE EM CAMINH\u00c3O E MORRE EM PETROLINA - Blog do Farn\u00e9sio","og_description":"G1 &#8211; Um homem de 33 anos morreu no s\u00e1bado (14) na BR-428 do n\u00facleo 10 do Projeto de Irriga\u00e7\u00e3o Senador Nilo Coelho em Petrolina . Segundo informa\u00e7\u00f5es da Pol\u00edcia Rodovi\u00e1ria Federal (PRF), o motociclista transitava pela contram\u00e3o com a luz apagada, colidindo frontalmente com um caminh\u00e3o. De acordo com a PRF, o condutor do caminh\u00e3o foi submetido ao teste etil\u00f4metro e foi constatado que ele n\u00e3o havia ingerido nenhum tipo de bebida alco\u00f3lica.","og_url":"https:\/\/blogdofarnesio.com.br\/?p=116420","og_site_name":"Blog do Farn\u00e9sio","article_publisher":"https:\/\/www.facebook.com\/BlogQuerSaberPolitica\/","article_published_time":"2015-02-15T21:18:00+00:00","og_image":[{"url":"http:\/\/4.bp.blogspot.com\/-4kuy0HogBCk\/VOD--DLJvOI\/AAAAAAAAJWU\/aJ9Xe6EhB88\/s1600\/images.jpg","type":"","width":"","height":""}],"author":"teste","twitter_card":"summary_large_image","twitter_misc":{"Escrito por":"teste"},"schema":{"@context":"https:\/\/schema.org","@graph":[{"@type":"Article","@id":"https:\/\/blogdofarnesio.com.br\/?p=116420#article","isPartOf":{"@id":"https:\/\/blogdofarnesio.com.br\/?p=116420"},"author":{"name":"teste","@id":"https:\/\/blogdofarnesio.com.br\/#\/schema\/person\/dd1bf5eba40b687199ba45ca6b97dff9"},"headline":"MOTOCICLISTA TRANSITAVA PELA CONTRAM\u00c3O COM LUZ APAGADA, BATE EM CAMINH\u00c3O E MORRE EM PETROLINA","datePublished":"2015-02-15T21:18:00+00:00","mainEntityOfPage":{"@id":"https:\/\/blogdofarnesio.com.br\/?p=116420"},"wordCount":98,"commentCount":0,"publisher":{"@id":"https:\/\/blogdofarnesio.com.br\/#organization"},"image":{"@id":"https:\/\/blogdofarnesio.com.br\/?p=116420#primaryimage"},"thumbnailUrl":"http:\/\/4.bp.blogspot.com\/-4kuy0HogBCk\/VOD--DLJvOI\/AAAAAAAAJWU\/aJ9Xe6EhB88\/s1600\/images.jpg","articleSection":["Tr\u00e2nsito"],"inLanguage":"pt-BR","potentialAction":[{"@type":"CommentAction","name":"Comment","target":["https:\/\/blogdofarnesio.com.br\/?p=116420#respond"]}]},{"@type":"WebPage","@id":"https:\/\/blogdofarnesio.com.br\/?p=116420","url":"https:\/\/blogdofarnesio.com.br\/?p=116420","name":"MOTOCICLISTA TRANSITAVA PELA CONTRAM\u00c3O COM LUZ APAGADA, BATE EM CAMINH\u00c3O E MORRE EM PETROLINA - Blog do Farn\u00e9sio","isPartOf":{"@id":"https:\/\/blogdofarnesio.com.br\/#website"},"primaryImageOfPage":{"@id":"https:\/\/blogdofarnesio.com.br\/?p=116420#primaryimage"},"image":{"@id":"https:\/\/blogdofarnesio.com.br\/?p=116420#primaryimage"},"thumbnailUrl":"http:\/\/4.bp.blogspot.com\/-4kuy0HogBCk\/VOD--DLJvOI\/AAAAAAAAJWU\/aJ9Xe6EhB88\/s1600\/images.jpg","datePublished":"2015-02-15T21:18:00+00:00","breadcrumb":{"@id":"https:\/\/blogdofarnesio.com.br\/?p=116420#breadcrumb"},"inLanguage":"pt-BR","potentialAction":[{"@type":"ReadAction","target":["https:\/\/blogdofarnesio.com.br\/?p=116420"]}]},{"@type":"ImageObject","inLanguage":"pt-BR","@id":"https:\/\/blogdofarnesio.com.br\/?p=116420#primaryimage","url":"http:\/\/4.bp.blogspot.com\/-4kuy0HogBCk\/VOD--DLJvOI\/AAAAAAAAJWU\/aJ9Xe6EhB88\/s1600\/images.jpg","contentUrl":"http:\/\/4.bp.blogspot.com\/-4kuy0HogBCk\/VOD--DLJvOI\/AAAAAAAAJWU\/aJ9Xe6EhB88\/s1600\/images.jpg"},{"@type":"BreadcrumbList","@id":"https:\/\/blogdofarnesio.com.br\/?p=116420#breadcrumb","itemListElement":[{"@type":"ListItem","position":1,"name":"In\u00edcio","item":"https:\/\/blogdofarnesio.com.br\/"},{"@type":"ListItem","position":2,"name":"MOTOCICLISTA TRANSITAVA PELA CONTRAM\u00c3O COM LUZ APAGADA, BATE EM CAMINH\u00c3O E MORRE EM PETROLINA"}]},{"@type":"WebSite","@id":"https:\/\/blogdofarnesio.com.br\/#website","url":"https:\/\/blogdofarnesio.com.br\/","name":"Blog do Farn\u00e9sio","description":"Quer Saber Pol\u00edtica?","publisher":{"@id":"https:\/\/blogdofarnesio.com.br\/#organization"},"potentialAction":[{"@type":"SearchAction","target":{"@type":"EntryPoint","urlTemplate":"https:\/\/blogdofarnesio.com.br\/?s={search_term_string}"},"query-input":{"@type":"PropertyValueSpecification","valueRequired":true,"valueName":"search_term_string"}}],"inLanguage":"pt-BR"},{"@type":"Organization","@id":"https:\/\/blogdofarnesio.com.br\/#organization","name":"Blog do Farn\u00e9sio","url":"https:\/\/blogdofarnesio.com.br\/","logo":{"@type":"ImageObject","inLanguage":"pt-BR","@id":"https:\/\/blogdofarnesio.com.br\/#\/schema\/logo\/image\/","url":"https:\/\/blogdofarnesio.com.br\/wp-content\/uploads\/2026\/03\/cropped-logo_new-1.png","contentUrl":"https:\/\/blogdofarnesio.com.br\/wp-content\/uploads\/2026\/03\/cropped-logo_new-1.png","width":881,"height":685,"caption":"Blog do Farn\u00e9sio"},"image":{"@id":"https:\/\/blogdofarnesio.com.br\/#\/schema\/logo\/image\/"},"sameAs":["https:\/\/www.facebook.com\/BlogQuerSaberPolitica\/"]},{"@type":"Person","@id":"https:\/\/blogdofarnesio.com.br\/#\/schema\/person\/dd1bf5eba40b687199ba45ca6b97dff9","name":"teste","image":{"@type":"ImageObject","inLanguage":"pt-BR","@id":"https:\/\/secure.gravatar.com\/avatar\/2172498d4914b51e1d89a0f97957b035ac4938723a5cac208135d389b6972a6d?s=96&d=mm&r=g","url":"https:\/\/secure.gravatar.com\/avatar\/2172498d4914b51e1d89a0f97957b035ac4938723a5cac208135d389b6972a6d?s=96&d=mm&r=g","contentUrl":"https:\/\/secure.gravatar.com\/avatar\/2172498d4914b51e1d89a0f97957b035ac4938723a5cac208135d389b6972a6d?s=96&d=mm&r=g","caption":"teste"},"url":"https:\/\/blogdofarnesio.com.br\/?author=3"}]}},"_links":{"self":[{"href":"https:\/\/blogdofarnesio.com.br\/index.php?rest_route=\/wp\/v2\/posts\/116420","targetHints":{"allow":["GET"]}}],"collection":[{"href":"https:\/\/blogdofarnesio.com.br\/index.php?rest_route=\/wp\/v2\/posts"}],"about":[{"href":"https:\/\/blogdofarnesio.com.br\/index.php?rest_route=\/wp\/v2\/types\/post"}],"author":[{"embeddable":true,"href":"https:\/\/blogdofarnesio.com.br\/index.php?rest_route=\/wp\/v2\/users\/3"}],"replies":[{"embeddable":true,"href":"https:\/\/blogdofarnesio.com.br\/index.php?rest_route=%2Fwp%2Fv2%2Fcomments&post=116420"}],"version-history":[{"count":0,"href":"https:\/\/blogdofarnesio.com.br\/index.php?rest_route=\/wp\/v2\/posts\/116420\/revisions"}],"wp:attachment":[{"href":"https:\/\/blogdofarnesio.com.br\/index.php?rest_route=%2Fwp%2Fv2%2Fmedia&parent=116420"}],"wp:term":[{"taxonomy":"category","embeddable":true,"href":"https:\/\/blogdofarnesio.com.br\/index.php?rest_route=%2Fwp%2Fv2%2Fcategories&post=116420"},{"taxonomy":"post_tag","embeddable":true,"href":"https:\/\/blogdofarnesio.com.br\/index.php?rest_route=%2Fwp%2Fv2%2Ftags&post=116420"}],"curies":[{"name":"wp","href":"https:\/\/api.w.org\/{rel}","templated":true}]}}