{"id":116404,"date":"2015-02-15T16:00:42","date_gmt":"2015-02-15T19:00:42","guid":{"rendered":"http:\/\/www.quersaberpolitica.com.br\/?p=116404"},"modified":"2015-02-15T09:06:14","modified_gmt":"2015-02-15T12:06:14","slug":"novo-codigo-penal-pessoas-idosas-em-alerta","status":"publish","type":"post","link":"https:\/\/blogdofarnesio.com.br\/?p=116404","title":{"rendered":"NOVO C\u00d3DIGO PENAL: PESSOAS IDOSAS EM ALERTA"},"content":{"rendered":"<div style=\"text-align: justify\">\n<h1 style=\"text-align: center\"><em><span style=\"color: #000000;font-weight: bold\">Relat\u00f3rio do Novo C\u00f3digo Penal pode abrandar as penas para crimes cometidos contra os idosos, o que seria um retrocesso na prote\u00e7\u00e3o aos direitos humanos.<\/span><\/em><\/h1>\n<\/div>\n<p style=\"text-align: justify\">L\u00e9a Maria Aar\u00e3o Reis\/Carta Maior<\/p>\n<div id=\"pag\" style=\"text-align: justify\"><img decoding=\"async\" class=\"aligncenter\" title=\"EBC\" alt=\"EBC\" src=\"http:\/\/cartamaior.com.br\/arquivosCartaMaior\/FOTO\/151\/9F8BA4B24F78D4ED481086DBB161BF7CB184117E76359F04A4420BF65258B182.png\" \/>\u00a0Enquanto na Fran\u00e7a, em mar\u00e7o pr\u00f3ximo, o Senado votar\u00e1 dispositivos legais com o prop\u00f3sito de aprofundar as pol\u00edticas de estado referentes \u00e0 popula\u00e7\u00e3o idosa de l\u00e1 \u2013 uma das mais avan\u00e7adas \u2013 agora mesmo, em fevereiro, o Brasil corre o risco de, na contram\u00e3o do que preconizam consagradas pol\u00edticas de Direitos Humanos em praticamente todos os pa\u00edses do mundo, assistir, at\u00f4nito, a um retrocesso de algumas das leis que constam do nosso Estatuto do Idoso as quais pretendem defender e proteger pessoas mais velhas contra v\u00e1rios tipos de viol\u00eancia, ali\u00e1s, cada vez mais frequentes como o notici\u00e1rio policial vem registrando.<\/p>\n<div id=\"pag_1\">\n<p><b><br \/>\n<\/b>Viol\u00eancia esta ainda maior caso sejam vergonhosamente aprovadas as mudan\u00e7as propostas e votadas ainda este m\u00eas atenuando penas prisionais para casos graves como os de coa\u00e7\u00e3o de pessoas idosas para fins de disposi\u00e7\u00e3o de seus bens, e outros.<br \/>\n<b><br \/>\n<\/b>Na Fran\u00e7a, a preocupa\u00e7\u00e3o \u00e9 garantir bem estar na velhice a todos os cidad\u00e3os. L\u00e1, o seguro social deve, segundo novas regras jur\u00eddicas, reconhecer e revalorizar cada vez mais a perman\u00eancia assistida de idosos e idosas em seus domic\u00edlios quando estes perdem a autonomia, ao inv\u00e9s de abrig\u00e1-los em asilos que, em futuro pr\u00f3ximo, ser\u00e3o em n\u00famero insuficiente para abrig\u00e1-los visto o acelerado aumento da longevidade. O que vem ocorrendo em quase todo o mundo.<br \/>\n<b><br \/>\n<\/b>Reconhecer a profiss\u00e3o de cuidadores da popula\u00e7\u00e3o idosa e acompanhar de perto as necessidades dessas pessoas \u00e9 outro aspecto que ser\u00e1 objeto da vota\u00e7\u00e3o. E medidas que visam \u00e0 preven\u00e7\u00e3o da perda de autonomia, a sua inser\u00e7\u00e3o continuada na sociedade e, sobretudo, a reafirma\u00e7\u00e3o jur\u00eddica dos direitos desse segmento da popula\u00e7\u00e3o.<br \/>\n<b><br \/>\n<\/b>A situa\u00e7\u00e3o sobre o tema do envelhecimento, aqui, no Brasil, \u00e9 inquietante.<!--more--> Por isso, h\u00e1 uma movimenta\u00e7\u00e3o entre v\u00e1rias organiza\u00e7\u00f5es de pessoas mais velhas e por tamb\u00e9m parte de todos os que se (pre) ocupam, sem hipocrisia, com pol\u00edticas p\u00fablicas dirigidas aos cidad\u00e3os mais vulner\u00e1veis \u2013 crian\u00e7as, idosos e idosas &#8211; \u00a0para que elas sejam cada vez mais eficientes para a prote\u00e7\u00e3o dessas pessoas.<br \/>\n<b><br \/>\n<\/b>A inquieta\u00e7\u00e3o decorre da proximidade da vota\u00e7\u00e3o, ainda este m\u00eas, do Relat\u00f3rio do Novo C\u00f3digo Penal (PLS 236\/2012), no Senado, o seu projeto de reforma, onde se inscrevem mudan\u00e7as na legisla\u00e7\u00e3o que cobre os direitos da popula\u00e7\u00e3o idosa.<br \/>\n<b><br \/>\n<\/b>O Estatuto do Idoso, teoricamente um dos mais bem produzidos do mundo e objeto de estudos por parte de outros pa\u00edses, mais uma vez corre o risco de ser desrespeitado.<br \/>\n<b><br \/>\n<\/b>Uma proposta, j\u00e1 aprovada por comiss\u00e3o tempor\u00e1ria, n\u00e3o incorporou ao Relat\u00f3rio as emendas apresentadas pela Secretaria de Direitos Humanos (SDH). O relator, Senador Pedro Taques (PDT-MT), atual governador do estado, n\u00e3o as levou em conta.<br \/>\n<b><br \/>\n<\/b>Seguindo para aprecia\u00e7\u00e3o da Comiss\u00e3o de Constitui\u00e7\u00e3o e Justi\u00e7a do Senado, a proposta teve, na ocasi\u00e3o, como relator o Senador Vital do R\u00eago (PMDB\/PB), hoje Ministro do Tribunal de Contas da Uni\u00e3o. O seu relat\u00f3rio chegou a ser apresentado, mas n\u00e3o foi votado pela CCJ. Houve pedido de vistas e o encerramento do ano legislativo.<br \/>\n<b><br \/>\n<\/b>A Secretaria de Direitos Humanos da Presid\u00eancia \u2013 SDH &#8211; levou as emendas ao Senador o qual, por\u00e9m, n\u00e3o as incorporou na reformula\u00e7\u00e3o do seu relat\u00f3rio.<br \/>\n<b><br \/>\n<\/b>Atualmente, h\u00e1 um movimento para que seja apresentado pedido de urg\u00eancia para a vota\u00e7\u00e3o desta mat\u00e9ria de modo que a Proposta siga diretamente para o Plen\u00e1rio do Senado. Neste caso, a Secretaria de Direitos Humanos est\u00e1 pronta para se mobilizar junto aos senadores para apresenta\u00e7\u00e3o das suas contribui\u00e7\u00f5es n\u00e3o levadas em conta na forma de emendas de plen\u00e1rio. Caso seja aprovado o texto, este seguir\u00e1 para aprecia\u00e7\u00e3o da C\u00e2mara Federal, onde tamb\u00e9m dever\u00e1 sofrer modifica\u00e7\u00f5es.<br \/>\n<b><br \/>\n<\/b>Os artigos em que se pretende atenuar as penas para os crimes contra idosos s\u00e3o estes:<br \/>\n<b><br \/>\n<\/b>-Art. 496. Induzir idoso sem discernimento de seus atos a outorgar procura\u00e7\u00e3o para fins de administra\u00e7\u00e3o de bens ou deles dispor livremente. Pena: pris\u00e3o, de um a tr\u00eas anos. A SDH prop\u00f5e a manuten\u00e7\u00e3o da Lei 10.741, de 1\u00ba de outubro de 2003, que determina pena de pris\u00e3o, de dois a quatro anos. O dispositivo legal fere o que estabelece o Estatuto do Idoso, Lei Especial amplamente discutida com a sociedade civil e com o governo, dispensando qualquer eventual justificativa. Diz o Estatuto para este crime: a pena \u00e9 de pris\u00e3o, de dois a quatro anos.<br \/>\n<b><br \/>\n<\/b>Reduzir pena de pris\u00e3o de quatro para tr\u00eas anos, para quem comete crime contra a pessoa idosa pode e deve ser caracterizado como atentado contra os direitos humanos fundamentais. Significa dizer para a sociedade que esse \u00e9 um crime de pequena dimens\u00e3o, o que poder\u00e1 incentivar o criminoso a comet\u00ea-lo dado que a pena \u00e9 irrelevante.<br \/>\n<b><br \/>\n<\/b>-Art. 497. Coagir, de qualquer modo, idoso a doar, contratar, testar ou outorgar procura\u00e7\u00e3o. Pena: pris\u00e3o, de um a tr\u00eas anos.<\/p>\n<p>A Emenda solicita que se mantenha o que estabelece a Lei 10.741: uma pena de pris\u00e3o de dois a cinco anos.<br \/>\n<b><br \/>\n<\/b>-Art. 498. Lavrar ato notarial que envolva idoso sem discernimento de seus atos, sem a devida representa\u00e7\u00e3o legal. Pena: pris\u00e3o, de um a tr\u00eas anos. A manter a pena de reclus\u00e3o de dois a quatro anos. O dispositivo legal fere o que estabelece o Estatuto do Idoso que assinala pena de pris\u00e3o de dois a cinco anos. Deste modo, se esvaziaria o enfrentamento \u00e0 viol\u00eancia e ao preconceito por idade, tantas vezes noticiados pela m\u00eddia e apresentados nos servi\u00e7os de acolhimento de den\u00fancias com destaque para o Dique 100\/ Direitos Humanos.<br \/>\n<b><br \/>\n<\/b>Enquanto o Senado franc\u00eas, em mar\u00e7o, certamente reafirmar\u00e1 os cuidados crescentes para com os seus idosos, uma das senhas que sublinha a postura humanit\u00e1ria das sociedades decentes e civilizadas, aqui, corre-se o risco de recuarmos tamb\u00e9m neste cap\u00edtulo do bem estar da popula\u00e7\u00e3o. Se isto ocorrer, ser\u00e1 uma vergonha.<\/p>\n<\/div>\n<\/div>\n","protected":false},"excerpt":{"rendered":"<p>Relat\u00f3rio do Novo C\u00f3digo Penal pode abrandar as penas para crimes cometidos contra os idosos, o que seria um retrocesso na prote\u00e7\u00e3o aos direitos humanos. L\u00e9a Maria Aar\u00e3o Reis\/Carta Maior \u00a0Enquanto na Fran\u00e7a, em mar\u00e7o pr\u00f3ximo, o Senado votar\u00e1 dispositivos legais com o prop\u00f3sito de aprofundar as pol\u00edticas de estado referentes \u00e0 popula\u00e7\u00e3o idosa de l\u00e1 \u2013 uma das mais avan\u00e7adas \u2013 agora mesmo, em fevereiro, o Brasil corre o risco de, na contram\u00e3o do que preconizam consagradas pol\u00edticas de Direitos Humanos em praticamente todos os pa\u00edses do mundo, assistir, at\u00f4nito, a um retrocesso de algumas das leis que constam do nosso Estatuto do Idoso as quais pretendem defender e proteger pessoas mais velhas contra v\u00e1rios tipos de viol\u00eancia, ali\u00e1s,&hellip; <\/p>\n","protected":false},"author":3,"featured_media":0,"comment_status":"open","ping_status":"open","sticky":false,"template":"","format":"standard","meta":{"_acf_changed":false,"footnotes":""},"categories":[30],"tags":[],"class_list":["post-116404","post","type-post","status-publish","format-standard","hentry","category-artigo"],"acf":[],"yoast_head":"<!-- This site is optimized with the Yoast SEO plugin v27.4 - https:\/\/yoast.com\/product\/yoast-seo-wordpress\/ -->\n<title>NOVO C\u00d3DIGO PENAL: PESSOAS IDOSAS EM ALERTA - Blog do Farn\u00e9sio<\/title>\n<meta name=\"robots\" content=\"index, follow, max-snippet:-1, max-image-preview:large, max-video-preview:-1\" \/>\n<link rel=\"canonical\" href=\"https:\/\/blogdofarnesio.com.br\/?p=116404\" \/>\n<meta property=\"og:locale\" content=\"pt_BR\" \/>\n<meta property=\"og:type\" content=\"article\" \/>\n<meta property=\"og:title\" content=\"NOVO C\u00d3DIGO PENAL: PESSOAS IDOSAS EM ALERTA - Blog do Farn\u00e9sio\" \/>\n<meta property=\"og:description\" content=\"Relat\u00f3rio do Novo C\u00f3digo Penal pode abrandar as penas para crimes cometidos contra os idosos, o que seria um retrocesso na prote\u00e7\u00e3o aos direitos humanos. L\u00e9a Maria Aar\u00e3o Reis\/Carta Maior \u00a0Enquanto na Fran\u00e7a, em mar\u00e7o pr\u00f3ximo, o Senado votar\u00e1 dispositivos legais com o prop\u00f3sito de aprofundar as pol\u00edticas de estado referentes \u00e0 popula\u00e7\u00e3o idosa de l\u00e1 \u2013 uma das mais avan\u00e7adas \u2013 agora mesmo, em fevereiro, o Brasil corre o risco de, na contram\u00e3o do que preconizam consagradas pol\u00edticas de Direitos Humanos em praticamente todos os pa\u00edses do mundo, assistir, at\u00f4nito, a um retrocesso de algumas das leis que constam do nosso Estatuto do Idoso as quais pretendem defender e proteger pessoas mais velhas contra v\u00e1rios tipos de viol\u00eancia, ali\u00e1s,&hellip;\" \/>\n<meta property=\"og:url\" content=\"https:\/\/blogdofarnesio.com.br\/?p=116404\" \/>\n<meta property=\"og:site_name\" content=\"Blog do Farn\u00e9sio\" \/>\n<meta property=\"article:publisher\" content=\"https:\/\/www.facebook.com\/BlogQuerSaberPolitica\/\" \/>\n<meta property=\"article:published_time\" content=\"2015-02-15T19:00:42+00:00\" \/>\n<meta property=\"og:image\" content=\"http:\/\/cartamaior.com.br\/arquivosCartaMaior\/FOTO\/151\/9F8BA4B24F78D4ED481086DBB161BF7CB184117E76359F04A4420BF65258B182.png\" \/>\n<meta name=\"author\" content=\"teste\" \/>\n<meta name=\"twitter:card\" content=\"summary_large_image\" \/>\n<meta name=\"twitter:label1\" content=\"Escrito por\" \/>\n\t<meta name=\"twitter:data1\" content=\"teste\" \/>\n\t<meta name=\"twitter:label2\" content=\"Est. tempo de leitura\" \/>\n\t<meta name=\"twitter:data2\" content=\"5 minutos\" \/>\n<script type=\"application\/ld+json\" class=\"yoast-schema-graph\">{\"@context\":\"https:\\\/\\\/schema.org\",\"@graph\":[{\"@type\":\"Article\",\"@id\":\"https:\\\/\\\/blogdofarnesio.com.br\\\/?p=116404#article\",\"isPartOf\":{\"@id\":\"https:\\\/\\\/blogdofarnesio.com.br\\\/?p=116404\"},\"author\":{\"name\":\"teste\",\"@id\":\"https:\\\/\\\/blogdofarnesio.com.br\\\/#\\\/schema\\\/person\\\/dd1bf5eba40b687199ba45ca6b97dff9\"},\"headline\":\"NOVO C\u00d3DIGO PENAL: PESSOAS IDOSAS EM ALERTA\",\"datePublished\":\"2015-02-15T19:00:42+00:00\",\"mainEntityOfPage\":{\"@id\":\"https:\\\/\\\/blogdofarnesio.com.br\\\/?p=116404\"},\"wordCount\":1083,\"commentCount\":0,\"publisher\":{\"@id\":\"https:\\\/\\\/blogdofarnesio.com.br\\\/#organization\"},\"image\":{\"@id\":\"https:\\\/\\\/blogdofarnesio.com.br\\\/?p=116404#primaryimage\"},\"thumbnailUrl\":\"http:\\\/\\\/cartamaior.com.br\\\/arquivosCartaMaior\\\/FOTO\\\/151\\\/9F8BA4B24F78D4ED481086DBB161BF7CB184117E76359F04A4420BF65258B182.png\",\"articleSection\":[\"Artigo\"],\"inLanguage\":\"pt-BR\",\"potentialAction\":[{\"@type\":\"CommentAction\",\"name\":\"Comment\",\"target\":[\"https:\\\/\\\/blogdofarnesio.com.br\\\/?p=116404#respond\"]}]},{\"@type\":\"WebPage\",\"@id\":\"https:\\\/\\\/blogdofarnesio.com.br\\\/?p=116404\",\"url\":\"https:\\\/\\\/blogdofarnesio.com.br\\\/?p=116404\",\"name\":\"NOVO C\u00d3DIGO PENAL: PESSOAS IDOSAS EM ALERTA - Blog do Farn\u00e9sio\",\"isPartOf\":{\"@id\":\"https:\\\/\\\/blogdofarnesio.com.br\\\/#website\"},\"primaryImageOfPage\":{\"@id\":\"https:\\\/\\\/blogdofarnesio.com.br\\\/?p=116404#primaryimage\"},\"image\":{\"@id\":\"https:\\\/\\\/blogdofarnesio.com.br\\\/?p=116404#primaryimage\"},\"thumbnailUrl\":\"http:\\\/\\\/cartamaior.com.br\\\/arquivosCartaMaior\\\/FOTO\\\/151\\\/9F8BA4B24F78D4ED481086DBB161BF7CB184117E76359F04A4420BF65258B182.png\",\"datePublished\":\"2015-02-15T19:00:42+00:00\",\"breadcrumb\":{\"@id\":\"https:\\\/\\\/blogdofarnesio.com.br\\\/?p=116404#breadcrumb\"},\"inLanguage\":\"pt-BR\",\"potentialAction\":[{\"@type\":\"ReadAction\",\"target\":[\"https:\\\/\\\/blogdofarnesio.com.br\\\/?p=116404\"]}]},{\"@type\":\"ImageObject\",\"inLanguage\":\"pt-BR\",\"@id\":\"https:\\\/\\\/blogdofarnesio.com.br\\\/?p=116404#primaryimage\",\"url\":\"http:\\\/\\\/cartamaior.com.br\\\/arquivosCartaMaior\\\/FOTO\\\/151\\\/9F8BA4B24F78D4ED481086DBB161BF7CB184117E76359F04A4420BF65258B182.png\",\"contentUrl\":\"http:\\\/\\\/cartamaior.com.br\\\/arquivosCartaMaior\\\/FOTO\\\/151\\\/9F8BA4B24F78D4ED481086DBB161BF7CB184117E76359F04A4420BF65258B182.png\"},{\"@type\":\"BreadcrumbList\",\"@id\":\"https:\\\/\\\/blogdofarnesio.com.br\\\/?p=116404#breadcrumb\",\"itemListElement\":[{\"@type\":\"ListItem\",\"position\":1,\"name\":\"In\u00edcio\",\"item\":\"https:\\\/\\\/blogdofarnesio.com.br\\\/\"},{\"@type\":\"ListItem\",\"position\":2,\"name\":\"NOVO C\u00d3DIGO PENAL: PESSOAS IDOSAS EM ALERTA\"}]},{\"@type\":\"WebSite\",\"@id\":\"https:\\\/\\\/blogdofarnesio.com.br\\\/#website\",\"url\":\"https:\\\/\\\/blogdofarnesio.com.br\\\/\",\"name\":\"Blog do Farn\u00e9sio\",\"description\":\"Quer Saber Pol\u00edtica?\",\"publisher\":{\"@id\":\"https:\\\/\\\/blogdofarnesio.com.br\\\/#organization\"},\"potentialAction\":[{\"@type\":\"SearchAction\",\"target\":{\"@type\":\"EntryPoint\",\"urlTemplate\":\"https:\\\/\\\/blogdofarnesio.com.br\\\/?s={search_term_string}\"},\"query-input\":{\"@type\":\"PropertyValueSpecification\",\"valueRequired\":true,\"valueName\":\"search_term_string\"}}],\"inLanguage\":\"pt-BR\"},{\"@type\":\"Organization\",\"@id\":\"https:\\\/\\\/blogdofarnesio.com.br\\\/#organization\",\"name\":\"Blog do Farn\u00e9sio\",\"url\":\"https:\\\/\\\/blogdofarnesio.com.br\\\/\",\"logo\":{\"@type\":\"ImageObject\",\"inLanguage\":\"pt-BR\",\"@id\":\"https:\\\/\\\/blogdofarnesio.com.br\\\/#\\\/schema\\\/logo\\\/image\\\/\",\"url\":\"https:\\\/\\\/blogdofarnesio.com.br\\\/wp-content\\\/uploads\\\/2026\\\/03\\\/cropped-logo_new-1.png\",\"contentUrl\":\"https:\\\/\\\/blogdofarnesio.com.br\\\/wp-content\\\/uploads\\\/2026\\\/03\\\/cropped-logo_new-1.png\",\"width\":881,\"height\":685,\"caption\":\"Blog do Farn\u00e9sio\"},\"image\":{\"@id\":\"https:\\\/\\\/blogdofarnesio.com.br\\\/#\\\/schema\\\/logo\\\/image\\\/\"},\"sameAs\":[\"https:\\\/\\\/www.facebook.com\\\/BlogQuerSaberPolitica\\\/\"]},{\"@type\":\"Person\",\"@id\":\"https:\\\/\\\/blogdofarnesio.com.br\\\/#\\\/schema\\\/person\\\/dd1bf5eba40b687199ba45ca6b97dff9\",\"name\":\"teste\",\"image\":{\"@type\":\"ImageObject\",\"inLanguage\":\"pt-BR\",\"@id\":\"https:\\\/\\\/secure.gravatar.com\\\/avatar\\\/2172498d4914b51e1d89a0f97957b035ac4938723a5cac208135d389b6972a6d?s=96&d=mm&r=g\",\"url\":\"https:\\\/\\\/secure.gravatar.com\\\/avatar\\\/2172498d4914b51e1d89a0f97957b035ac4938723a5cac208135d389b6972a6d?s=96&d=mm&r=g\",\"contentUrl\":\"https:\\\/\\\/secure.gravatar.com\\\/avatar\\\/2172498d4914b51e1d89a0f97957b035ac4938723a5cac208135d389b6972a6d?s=96&d=mm&r=g\",\"caption\":\"teste\"},\"url\":\"https:\\\/\\\/blogdofarnesio.com.br\\\/?author=3\"}]}<\/script>\n<!-- \/ Yoast SEO plugin. -->","yoast_head_json":{"title":"NOVO C\u00d3DIGO PENAL: PESSOAS IDOSAS EM ALERTA - Blog do Farn\u00e9sio","robots":{"index":"index","follow":"follow","max-snippet":"max-snippet:-1","max-image-preview":"max-image-preview:large","max-video-preview":"max-video-preview:-1"},"canonical":"https:\/\/blogdofarnesio.com.br\/?p=116404","og_locale":"pt_BR","og_type":"article","og_title":"NOVO C\u00d3DIGO PENAL: PESSOAS IDOSAS EM ALERTA - Blog do Farn\u00e9sio","og_description":"Relat\u00f3rio do Novo C\u00f3digo Penal pode abrandar as penas para crimes cometidos contra os idosos, o que seria um retrocesso na prote\u00e7\u00e3o aos direitos humanos. L\u00e9a Maria Aar\u00e3o Reis\/Carta Maior \u00a0Enquanto na Fran\u00e7a, em mar\u00e7o pr\u00f3ximo, o Senado votar\u00e1 dispositivos legais com o prop\u00f3sito de aprofundar as pol\u00edticas de estado referentes \u00e0 popula\u00e7\u00e3o idosa de l\u00e1 \u2013 uma das mais avan\u00e7adas \u2013 agora mesmo, em fevereiro, o Brasil corre o risco de, na contram\u00e3o do que preconizam consagradas pol\u00edticas de Direitos Humanos em praticamente todos os pa\u00edses do mundo, assistir, at\u00f4nito, a um retrocesso de algumas das leis que constam do nosso Estatuto do Idoso as quais pretendem defender e proteger pessoas mais velhas contra v\u00e1rios tipos de viol\u00eancia, ali\u00e1s,&hellip;","og_url":"https:\/\/blogdofarnesio.com.br\/?p=116404","og_site_name":"Blog do Farn\u00e9sio","article_publisher":"https:\/\/www.facebook.com\/BlogQuerSaberPolitica\/","article_published_time":"2015-02-15T19:00:42+00:00","og_image":[{"url":"http:\/\/cartamaior.com.br\/arquivosCartaMaior\/FOTO\/151\/9F8BA4B24F78D4ED481086DBB161BF7CB184117E76359F04A4420BF65258B182.png","type":"","width":"","height":""}],"author":"teste","twitter_card":"summary_large_image","twitter_misc":{"Escrito por":"teste","Est. tempo de leitura":"5 minutos"},"schema":{"@context":"https:\/\/schema.org","@graph":[{"@type":"Article","@id":"https:\/\/blogdofarnesio.com.br\/?p=116404#article","isPartOf":{"@id":"https:\/\/blogdofarnesio.com.br\/?p=116404"},"author":{"name":"teste","@id":"https:\/\/blogdofarnesio.com.br\/#\/schema\/person\/dd1bf5eba40b687199ba45ca6b97dff9"},"headline":"NOVO C\u00d3DIGO PENAL: PESSOAS IDOSAS EM ALERTA","datePublished":"2015-02-15T19:00:42+00:00","mainEntityOfPage":{"@id":"https:\/\/blogdofarnesio.com.br\/?p=116404"},"wordCount":1083,"commentCount":0,"publisher":{"@id":"https:\/\/blogdofarnesio.com.br\/#organization"},"image":{"@id":"https:\/\/blogdofarnesio.com.br\/?p=116404#primaryimage"},"thumbnailUrl":"http:\/\/cartamaior.com.br\/arquivosCartaMaior\/FOTO\/151\/9F8BA4B24F78D4ED481086DBB161BF7CB184117E76359F04A4420BF65258B182.png","articleSection":["Artigo"],"inLanguage":"pt-BR","potentialAction":[{"@type":"CommentAction","name":"Comment","target":["https:\/\/blogdofarnesio.com.br\/?p=116404#respond"]}]},{"@type":"WebPage","@id":"https:\/\/blogdofarnesio.com.br\/?p=116404","url":"https:\/\/blogdofarnesio.com.br\/?p=116404","name":"NOVO C\u00d3DIGO PENAL: PESSOAS IDOSAS EM ALERTA - Blog do Farn\u00e9sio","isPartOf":{"@id":"https:\/\/blogdofarnesio.com.br\/#website"},"primaryImageOfPage":{"@id":"https:\/\/blogdofarnesio.com.br\/?p=116404#primaryimage"},"image":{"@id":"https:\/\/blogdofarnesio.com.br\/?p=116404#primaryimage"},"thumbnailUrl":"http:\/\/cartamaior.com.br\/arquivosCartaMaior\/FOTO\/151\/9F8BA4B24F78D4ED481086DBB161BF7CB184117E76359F04A4420BF65258B182.png","datePublished":"2015-02-15T19:00:42+00:00","breadcrumb":{"@id":"https:\/\/blogdofarnesio.com.br\/?p=116404#breadcrumb"},"inLanguage":"pt-BR","potentialAction":[{"@type":"ReadAction","target":["https:\/\/blogdofarnesio.com.br\/?p=116404"]}]},{"@type":"ImageObject","inLanguage":"pt-BR","@id":"https:\/\/blogdofarnesio.com.br\/?p=116404#primaryimage","url":"http:\/\/cartamaior.com.br\/arquivosCartaMaior\/FOTO\/151\/9F8BA4B24F78D4ED481086DBB161BF7CB184117E76359F04A4420BF65258B182.png","contentUrl":"http:\/\/cartamaior.com.br\/arquivosCartaMaior\/FOTO\/151\/9F8BA4B24F78D4ED481086DBB161BF7CB184117E76359F04A4420BF65258B182.png"},{"@type":"BreadcrumbList","@id":"https:\/\/blogdofarnesio.com.br\/?p=116404#breadcrumb","itemListElement":[{"@type":"ListItem","position":1,"name":"In\u00edcio","item":"https:\/\/blogdofarnesio.com.br\/"},{"@type":"ListItem","position":2,"name":"NOVO C\u00d3DIGO PENAL: PESSOAS IDOSAS EM ALERTA"}]},{"@type":"WebSite","@id":"https:\/\/blogdofarnesio.com.br\/#website","url":"https:\/\/blogdofarnesio.com.br\/","name":"Blog do Farn\u00e9sio","description":"Quer Saber Pol\u00edtica?","publisher":{"@id":"https:\/\/blogdofarnesio.com.br\/#organization"},"potentialAction":[{"@type":"SearchAction","target":{"@type":"EntryPoint","urlTemplate":"https:\/\/blogdofarnesio.com.br\/?s={search_term_string}"},"query-input":{"@type":"PropertyValueSpecification","valueRequired":true,"valueName":"search_term_string"}}],"inLanguage":"pt-BR"},{"@type":"Organization","@id":"https:\/\/blogdofarnesio.com.br\/#organization","name":"Blog do Farn\u00e9sio","url":"https:\/\/blogdofarnesio.com.br\/","logo":{"@type":"ImageObject","inLanguage":"pt-BR","@id":"https:\/\/blogdofarnesio.com.br\/#\/schema\/logo\/image\/","url":"https:\/\/blogdofarnesio.com.br\/wp-content\/uploads\/2026\/03\/cropped-logo_new-1.png","contentUrl":"https:\/\/blogdofarnesio.com.br\/wp-content\/uploads\/2026\/03\/cropped-logo_new-1.png","width":881,"height":685,"caption":"Blog do Farn\u00e9sio"},"image":{"@id":"https:\/\/blogdofarnesio.com.br\/#\/schema\/logo\/image\/"},"sameAs":["https:\/\/www.facebook.com\/BlogQuerSaberPolitica\/"]},{"@type":"Person","@id":"https:\/\/blogdofarnesio.com.br\/#\/schema\/person\/dd1bf5eba40b687199ba45ca6b97dff9","name":"teste","image":{"@type":"ImageObject","inLanguage":"pt-BR","@id":"https:\/\/secure.gravatar.com\/avatar\/2172498d4914b51e1d89a0f97957b035ac4938723a5cac208135d389b6972a6d?s=96&d=mm&r=g","url":"https:\/\/secure.gravatar.com\/avatar\/2172498d4914b51e1d89a0f97957b035ac4938723a5cac208135d389b6972a6d?s=96&d=mm&r=g","contentUrl":"https:\/\/secure.gravatar.com\/avatar\/2172498d4914b51e1d89a0f97957b035ac4938723a5cac208135d389b6972a6d?s=96&d=mm&r=g","caption":"teste"},"url":"https:\/\/blogdofarnesio.com.br\/?author=3"}]}},"_links":{"self":[{"href":"https:\/\/blogdofarnesio.com.br\/index.php?rest_route=\/wp\/v2\/posts\/116404","targetHints":{"allow":["GET"]}}],"collection":[{"href":"https:\/\/blogdofarnesio.com.br\/index.php?rest_route=\/wp\/v2\/posts"}],"about":[{"href":"https:\/\/blogdofarnesio.com.br\/index.php?rest_route=\/wp\/v2\/types\/post"}],"author":[{"embeddable":true,"href":"https:\/\/blogdofarnesio.com.br\/index.php?rest_route=\/wp\/v2\/users\/3"}],"replies":[{"embeddable":true,"href":"https:\/\/blogdofarnesio.com.br\/index.php?rest_route=%2Fwp%2Fv2%2Fcomments&post=116404"}],"version-history":[{"count":0,"href":"https:\/\/blogdofarnesio.com.br\/index.php?rest_route=\/wp\/v2\/posts\/116404\/revisions"}],"wp:attachment":[{"href":"https:\/\/blogdofarnesio.com.br\/index.php?rest_route=%2Fwp%2Fv2%2Fmedia&parent=116404"}],"wp:term":[{"taxonomy":"category","embeddable":true,"href":"https:\/\/blogdofarnesio.com.br\/index.php?rest_route=%2Fwp%2Fv2%2Fcategories&post=116404"},{"taxonomy":"post_tag","embeddable":true,"href":"https:\/\/blogdofarnesio.com.br\/index.php?rest_route=%2Fwp%2Fv2%2Ftags&post=116404"}],"curies":[{"name":"wp","href":"https:\/\/api.w.org\/{rel}","templated":true}]}}