{"id":11559,"date":"2012-03-01T11:00:06","date_gmt":"2012-03-01T11:00:06","guid":{"rendered":"http:\/\/www.quersaberpolitica.com.br?p=11559"},"modified":"-0001-11-30T00:00:00","modified_gmt":"-0001-11-30T03:00:00","slug":"professores-aprovados-no-concurso-publico-municipal-serao-empossados-nesta-quintafeira","status":"publish","type":"post","link":"https:\/\/blogdofarnesio.com.br\/?p=11559","title":{"rendered":"Professores aprovados no concurso p\u00fablico municipal ser\u00e3o empossados nesta quinta-feira"},"content":{"rendered":"<p style=\"text-align: justify;\"><span style=\"font-size: small;\"><a rel=\"lightbox\" href=\"http:\/\/www.quersaberpolitica.com.br\/2016\/wp-content\/uploads\/2012\/12\/sp_professores[1].jpg\"><img loading=\"lazy\" decoding=\"async\" style=\"margin-top: 5px; margin-bottom: 5px; margin-left: 10px; margin-right: 10px; float: left;\" title=\"Imagem Divulga&ccedil;&atilde;o\" src=\"http:\/\/www.quersaberpolitica.com.br\/2016\/wp-content\/uploads\/2012\/12\/sp_professores[1].jpg\" alt=\"\" width=\"200\" height=\"161\" \/><\/a>Na tarde desta quinta-feira (01), o prefeito Julio Lossio dar&aacute; posse a todos os aprovados e classificados no concurso p&uacute;blico (003\/2011), para provimento de vagas ao cargo de Professor N&iacute;vel 1 da carreira de Magist&eacute;rio do Ensino Fundamental. A cerim&ocirc;nia de posse acontecer&aacute; &agrave;s 15h30, no hall de eventos do Gabinete Municipal.<\/span><\/p>\n<p style=\"text-align: justify;\"><span style=\"font-size: small;\">Visando ampliar o quadro de professores efetivos do munic&iacute;pio de Petrolina, a prefeitura disponibilizou 100 vagas, sendo 75 destinadas para os professores de educa&ccedil;&atilde;o infantil e dos anos iniciais do ensino fundamental (5&ordm; ano) e 25 vagas para professores dos anos finais do ensino fundamental (6&ordm; ao 9&ordm; ano).<\/span><\/p>\n<p style=\"text-align: justify;\"><span style=\"font-size: small;\">&#8220;&Eacute; com muita satisfa&ccedil;&atilde;o que a secretaria de educa&ccedil;&atilde;o recebe os professores aprovados no concurso 2011. Somente professores respons&aacute;veis e competentes podem garantir um direito que &eacute; constitucional para nossas crian&ccedil;as e jovens: o direito de aprender. Nesse sentido, esses professores estar&atilde;o integrando-se ao quadro de professores efetivos, fortalecendo a rede e agregando valor &agrave;queles que j&aacute; se destacam no cen&aacute;rio da Rede Municipal de Ensino de Petrolina&#8221;, afirmou a secret&aacute;ria de Educa&ccedil;&atilde;o do Munic&iacute;pio, C&eacute;lia Regina.<\/span><\/p>\n<p style=\"text-align: justify;\"><span style=\"font-size: small;\">O edital do concurso j&aacute; vinha sendo elaborado desde 2010 pela Secretaria de Administra&ccedil;&atilde;o e toda a constitui&ccedil;&atilde;o do certame foi organizada atrav&eacute;s de reuni&otilde;es mensais entre a comiss&atilde;o formada por sete pessoas.<\/span><\/p>\n<p style=\"text-align: justify;\"><span style=\"font-size: small;\">De acordo com a Secret&aacute;ria de Administra&ccedil;&atilde;o, Andr&eacute;ia Gomes, o concurso demonstra interesse da administra&ccedil;&atilde;o municipal no investimento em melhorias para a educa&ccedil;&atilde;o. &#8220;A prefeitura de Petrolina avan&ccedil;a na reestrutura&ccedil;&atilde;o do seu quadro efetivo, lan&ccedil;ando mais um edital para concurso p&uacute;blico. Atrav&eacute;s desta iniciativa, a administra&ccedil;&atilde;o demonstra responsabilidade com a popula&ccedil;&atilde;o e, sobretudo, preocupa&ccedil;&atilde;o com a educa&ccedil;&atilde;o municipal ao adquirir profissionais preparados e gabaritados&#8221;, afirmou.<\/span><\/p>\n<p style=\"text-align: justify;\"><span style=\"font-size: small;\">(Ascom PMP)<\/span><\/p>\n","protected":false},"excerpt":{"rendered":"<p>Na tarde desta quinta-feira (01), o prefeito Julio Lossio dar&aacute; posse a todos os aprovados e classificados no concurso p&uacute;blico (003\/2011), para provimento de vagas ao cargo de Professor N&iacute;vel 1 da carreira de Magist&eacute;rio do Ensino Fundamental. A cerim&ocirc;nia de posse acontecer&aacute; &agrave;s 15h30, no hall de eventos do Gabinete Municipal. Visando ampliar o quadro de professores efetivos do munic&iacute;pio de Petrolina, a prefeitura disponibilizou 100 vagas, sendo 75 destinadas para os professores de educa&ccedil;&atilde;o infantil e dos anos iniciais do ensino fundamental (5&ordm; ano) e 25 vagas para professores dos anos finais do ensino fundamental (6&ordm; ao 9&ordm; ano). &#8220;&Eacute; com muita satisfa&ccedil;&atilde;o que a secretaria de educa&ccedil;&atilde;o recebe os professores aprovados no concurso 2011. Somente professores respons&aacute;veis&hellip; <\/p>\n","protected":false},"author":0,"featured_media":0,"comment_status":"open","ping_status":"open","sticky":false,"template":"","format":"standard","meta":{"_acf_changed":false,"footnotes":""},"categories":[31],"tags":[],"class_list":["post-11559","post","type-post","status-publish","format-standard","hentry","category-concursos"],"acf":[],"yoast_head":"<!-- This site is optimized with the Yoast SEO plugin v27.4 - https:\/\/yoast.com\/product\/yoast-seo-wordpress\/ -->\n<title>Professores aprovados no concurso p\u00fablico municipal ser\u00e3o empossados nesta quinta-feira - Blog do Farn\u00e9sio<\/title>\n<meta name=\"robots\" content=\"index, follow, max-snippet:-1, max-image-preview:large, max-video-preview:-1\" \/>\n<link rel=\"canonical\" href=\"https:\/\/blogdofarnesio.com.br\/?p=11559\" \/>\n<meta property=\"og:locale\" content=\"pt_BR\" \/>\n<meta property=\"og:type\" content=\"article\" \/>\n<meta property=\"og:title\" content=\"Professores aprovados no concurso p\u00fablico municipal ser\u00e3o empossados nesta quinta-feira - Blog do Farn\u00e9sio\" \/>\n<meta property=\"og:description\" content=\"Na tarde desta quinta-feira (01), o prefeito Julio Lossio dar&aacute; posse a todos os aprovados e classificados no concurso p&uacute;blico (003\/2011), para provimento de vagas ao cargo de Professor N&iacute;vel 1 da carreira de Magist&eacute;rio do Ensino Fundamental. A cerim&ocirc;nia de posse acontecer&aacute; &agrave;s 15h30, no hall de eventos do Gabinete Municipal. Visando ampliar o quadro de professores efetivos do munic&iacute;pio de Petrolina, a prefeitura disponibilizou 100 vagas, sendo 75 destinadas para os professores de educa&ccedil;&atilde;o infantil e dos anos iniciais do ensino fundamental (5&ordm; ano) e 25 vagas para professores dos anos finais do ensino fundamental (6&ordm; ao 9&ordm; ano). &#8220;&Eacute; com muita satisfa&ccedil;&atilde;o que a secretaria de educa&ccedil;&atilde;o recebe os professores aprovados no concurso 2011. Somente professores respons&aacute;veis&hellip;\" \/>\n<meta property=\"og:url\" content=\"https:\/\/blogdofarnesio.com.br\/?p=11559\" \/>\n<meta property=\"og:site_name\" content=\"Blog do Farn\u00e9sio\" \/>\n<meta property=\"article:publisher\" content=\"https:\/\/www.facebook.com\/BlogQuerSaberPolitica\/\" \/>\n<meta property=\"article:published_time\" content=\"2012-03-01T11:00:06+00:00\" \/>\n<meta property=\"og:image\" content=\"http:\/\/www.quersaberpolitica.com.br\/2016\/wp-content\/uploads\/2012\/12\/sp_professores%5B1%5D.jpg\" \/>\n<meta name=\"twitter:card\" content=\"summary_large_image\" \/>\n<meta name=\"twitter:label1\" content=\"Est. tempo de leitura\" \/>\n\t<meta name=\"twitter:data1\" content=\"2 minutos\" \/>\n<script type=\"application\/ld+json\" class=\"yoast-schema-graph\">{\"@context\":\"https:\\\/\\\/schema.org\",\"@graph\":[{\"@type\":\"Article\",\"@id\":\"https:\\\/\\\/blogdofarnesio.com.br\\\/?p=11559#article\",\"isPartOf\":{\"@id\":\"https:\\\/\\\/blogdofarnesio.com.br\\\/?p=11559\"},\"author\":{\"name\":\"\",\"@id\":\"\"},\"headline\":\"Professores aprovados no concurso p\u00fablico municipal ser\u00e3o empossados nesta quinta-feira\",\"datePublished\":\"2012-03-01T11:00:06+00:00\",\"mainEntityOfPage\":{\"@id\":\"https:\\\/\\\/blogdofarnesio.com.br\\\/?p=11559\"},\"wordCount\":372,\"commentCount\":0,\"publisher\":{\"@id\":\"https:\\\/\\\/blogdofarnesio.com.br\\\/#organization\"},\"image\":{\"@id\":\"https:\\\/\\\/blogdofarnesio.com.br\\\/?p=11559#primaryimage\"},\"thumbnailUrl\":\"http:\\\/\\\/www.quersaberpolitica.com.br\\\/2016\\\/wp-content\\\/uploads\\\/2012\\\/12\\\/sp_professores[1].jpg\",\"articleSection\":[\"Concursos\"],\"inLanguage\":\"pt-BR\",\"potentialAction\":[{\"@type\":\"CommentAction\",\"name\":\"Comment\",\"target\":[\"https:\\\/\\\/blogdofarnesio.com.br\\\/?p=11559#respond\"]}]},{\"@type\":\"WebPage\",\"@id\":\"https:\\\/\\\/blogdofarnesio.com.br\\\/?p=11559\",\"url\":\"https:\\\/\\\/blogdofarnesio.com.br\\\/?p=11559\",\"name\":\"Professores aprovados no concurso p\u00fablico municipal ser\u00e3o empossados nesta quinta-feira - Blog do Farn\u00e9sio\",\"isPartOf\":{\"@id\":\"https:\\\/\\\/blogdofarnesio.com.br\\\/#website\"},\"primaryImageOfPage\":{\"@id\":\"https:\\\/\\\/blogdofarnesio.com.br\\\/?p=11559#primaryimage\"},\"image\":{\"@id\":\"https:\\\/\\\/blogdofarnesio.com.br\\\/?p=11559#primaryimage\"},\"thumbnailUrl\":\"http:\\\/\\\/www.quersaberpolitica.com.br\\\/2016\\\/wp-content\\\/uploads\\\/2012\\\/12\\\/sp_professores[1].jpg\",\"datePublished\":\"2012-03-01T11:00:06+00:00\",\"breadcrumb\":{\"@id\":\"https:\\\/\\\/blogdofarnesio.com.br\\\/?p=11559#breadcrumb\"},\"inLanguage\":\"pt-BR\",\"potentialAction\":[{\"@type\":\"ReadAction\",\"target\":[\"https:\\\/\\\/blogdofarnesio.com.br\\\/?p=11559\"]}]},{\"@type\":\"ImageObject\",\"inLanguage\":\"pt-BR\",\"@id\":\"https:\\\/\\\/blogdofarnesio.com.br\\\/?p=11559#primaryimage\",\"url\":\"http:\\\/\\\/www.quersaberpolitica.com.br\\\/2016\\\/wp-content\\\/uploads\\\/2012\\\/12\\\/sp_professores[1].jpg\",\"contentUrl\":\"http:\\\/\\\/www.quersaberpolitica.com.br\\\/2016\\\/wp-content\\\/uploads\\\/2012\\\/12\\\/sp_professores[1].jpg\"},{\"@type\":\"BreadcrumbList\",\"@id\":\"https:\\\/\\\/blogdofarnesio.com.br\\\/?p=11559#breadcrumb\",\"itemListElement\":[{\"@type\":\"ListItem\",\"position\":1,\"name\":\"In\u00edcio\",\"item\":\"https:\\\/\\\/blogdofarnesio.com.br\\\/\"},{\"@type\":\"ListItem\",\"position\":2,\"name\":\"Professores aprovados no concurso p\u00fablico municipal ser\u00e3o empossados nesta quinta-feira\"}]},{\"@type\":\"WebSite\",\"@id\":\"https:\\\/\\\/blogdofarnesio.com.br\\\/#website\",\"url\":\"https:\\\/\\\/blogdofarnesio.com.br\\\/\",\"name\":\"Blog do Farn\u00e9sio\",\"description\":\"Quer Saber Pol\u00edtica?\",\"publisher\":{\"@id\":\"https:\\\/\\\/blogdofarnesio.com.br\\\/#organization\"},\"potentialAction\":[{\"@type\":\"SearchAction\",\"target\":{\"@type\":\"EntryPoint\",\"urlTemplate\":\"https:\\\/\\\/blogdofarnesio.com.br\\\/?s={search_term_string}\"},\"query-input\":{\"@type\":\"PropertyValueSpecification\",\"valueRequired\":true,\"valueName\":\"search_term_string\"}}],\"inLanguage\":\"pt-BR\"},{\"@type\":\"Organization\",\"@id\":\"https:\\\/\\\/blogdofarnesio.com.br\\\/#organization\",\"name\":\"Blog do Farn\u00e9sio\",\"url\":\"https:\\\/\\\/blogdofarnesio.com.br\\\/\",\"logo\":{\"@type\":\"ImageObject\",\"inLanguage\":\"pt-BR\",\"@id\":\"https:\\\/\\\/blogdofarnesio.com.br\\\/#\\\/schema\\\/logo\\\/image\\\/\",\"url\":\"https:\\\/\\\/blogdofarnesio.com.br\\\/wp-content\\\/uploads\\\/2026\\\/03\\\/cropped-logo_new-1.png\",\"contentUrl\":\"https:\\\/\\\/blogdofarnesio.com.br\\\/wp-content\\\/uploads\\\/2026\\\/03\\\/cropped-logo_new-1.png\",\"width\":881,\"height\":685,\"caption\":\"Blog do Farn\u00e9sio\"},\"image\":{\"@id\":\"https:\\\/\\\/blogdofarnesio.com.br\\\/#\\\/schema\\\/logo\\\/image\\\/\"},\"sameAs\":[\"https:\\\/\\\/www.facebook.com\\\/BlogQuerSaberPolitica\\\/\"]}]}<\/script>\n<!-- \/ Yoast SEO plugin. -->","yoast_head_json":{"title":"Professores aprovados no concurso p\u00fablico municipal ser\u00e3o empossados nesta quinta-feira - Blog do Farn\u00e9sio","robots":{"index":"index","follow":"follow","max-snippet":"max-snippet:-1","max-image-preview":"max-image-preview:large","max-video-preview":"max-video-preview:-1"},"canonical":"https:\/\/blogdofarnesio.com.br\/?p=11559","og_locale":"pt_BR","og_type":"article","og_title":"Professores aprovados no concurso p\u00fablico municipal ser\u00e3o empossados nesta quinta-feira - Blog do Farn\u00e9sio","og_description":"Na tarde desta quinta-feira (01), o prefeito Julio Lossio dar&aacute; posse a todos os aprovados e classificados no concurso p&uacute;blico (003\/2011), para provimento de vagas ao cargo de Professor N&iacute;vel 1 da carreira de Magist&eacute;rio do Ensino Fundamental. A cerim&ocirc;nia de posse acontecer&aacute; &agrave;s 15h30, no hall de eventos do Gabinete Municipal. Visando ampliar o quadro de professores efetivos do munic&iacute;pio de Petrolina, a prefeitura disponibilizou 100 vagas, sendo 75 destinadas para os professores de educa&ccedil;&atilde;o infantil e dos anos iniciais do ensino fundamental (5&ordm; ano) e 25 vagas para professores dos anos finais do ensino fundamental (6&ordm; ao 9&ordm; ano). &#8220;&Eacute; com muita satisfa&ccedil;&atilde;o que a secretaria de educa&ccedil;&atilde;o recebe os professores aprovados no concurso 2011. Somente professores respons&aacute;veis&hellip;","og_url":"https:\/\/blogdofarnesio.com.br\/?p=11559","og_site_name":"Blog do Farn\u00e9sio","article_publisher":"https:\/\/www.facebook.com\/BlogQuerSaberPolitica\/","article_published_time":"2012-03-01T11:00:06+00:00","og_image":[{"url":"http:\/\/www.quersaberpolitica.com.br\/2016\/wp-content\/uploads\/2012\/12\/sp_professores[1].jpg","type":"","width":"","height":""}],"twitter_card":"summary_large_image","twitter_misc":{"Est. tempo de leitura":"2 minutos"},"schema":{"@context":"https:\/\/schema.org","@graph":[{"@type":"Article","@id":"https:\/\/blogdofarnesio.com.br\/?p=11559#article","isPartOf":{"@id":"https:\/\/blogdofarnesio.com.br\/?p=11559"},"author":{"name":"","@id":""},"headline":"Professores aprovados no concurso p\u00fablico municipal ser\u00e3o empossados nesta quinta-feira","datePublished":"2012-03-01T11:00:06+00:00","mainEntityOfPage":{"@id":"https:\/\/blogdofarnesio.com.br\/?p=11559"},"wordCount":372,"commentCount":0,"publisher":{"@id":"https:\/\/blogdofarnesio.com.br\/#organization"},"image":{"@id":"https:\/\/blogdofarnesio.com.br\/?p=11559#primaryimage"},"thumbnailUrl":"http:\/\/www.quersaberpolitica.com.br\/2016\/wp-content\/uploads\/2012\/12\/sp_professores[1].jpg","articleSection":["Concursos"],"inLanguage":"pt-BR","potentialAction":[{"@type":"CommentAction","name":"Comment","target":["https:\/\/blogdofarnesio.com.br\/?p=11559#respond"]}]},{"@type":"WebPage","@id":"https:\/\/blogdofarnesio.com.br\/?p=11559","url":"https:\/\/blogdofarnesio.com.br\/?p=11559","name":"Professores aprovados no concurso p\u00fablico municipal ser\u00e3o empossados nesta quinta-feira - Blog do Farn\u00e9sio","isPartOf":{"@id":"https:\/\/blogdofarnesio.com.br\/#website"},"primaryImageOfPage":{"@id":"https:\/\/blogdofarnesio.com.br\/?p=11559#primaryimage"},"image":{"@id":"https:\/\/blogdofarnesio.com.br\/?p=11559#primaryimage"},"thumbnailUrl":"http:\/\/www.quersaberpolitica.com.br\/2016\/wp-content\/uploads\/2012\/12\/sp_professores[1].jpg","datePublished":"2012-03-01T11:00:06+00:00","breadcrumb":{"@id":"https:\/\/blogdofarnesio.com.br\/?p=11559#breadcrumb"},"inLanguage":"pt-BR","potentialAction":[{"@type":"ReadAction","target":["https:\/\/blogdofarnesio.com.br\/?p=11559"]}]},{"@type":"ImageObject","inLanguage":"pt-BR","@id":"https:\/\/blogdofarnesio.com.br\/?p=11559#primaryimage","url":"http:\/\/www.quersaberpolitica.com.br\/2016\/wp-content\/uploads\/2012\/12\/sp_professores[1].jpg","contentUrl":"http:\/\/www.quersaberpolitica.com.br\/2016\/wp-content\/uploads\/2012\/12\/sp_professores[1].jpg"},{"@type":"BreadcrumbList","@id":"https:\/\/blogdofarnesio.com.br\/?p=11559#breadcrumb","itemListElement":[{"@type":"ListItem","position":1,"name":"In\u00edcio","item":"https:\/\/blogdofarnesio.com.br\/"},{"@type":"ListItem","position":2,"name":"Professores aprovados no concurso p\u00fablico municipal ser\u00e3o empossados nesta quinta-feira"}]},{"@type":"WebSite","@id":"https:\/\/blogdofarnesio.com.br\/#website","url":"https:\/\/blogdofarnesio.com.br\/","name":"Blog do Farn\u00e9sio","description":"Quer Saber Pol\u00edtica?","publisher":{"@id":"https:\/\/blogdofarnesio.com.br\/#organization"},"potentialAction":[{"@type":"SearchAction","target":{"@type":"EntryPoint","urlTemplate":"https:\/\/blogdofarnesio.com.br\/?s={search_term_string}"},"query-input":{"@type":"PropertyValueSpecification","valueRequired":true,"valueName":"search_term_string"}}],"inLanguage":"pt-BR"},{"@type":"Organization","@id":"https:\/\/blogdofarnesio.com.br\/#organization","name":"Blog do Farn\u00e9sio","url":"https:\/\/blogdofarnesio.com.br\/","logo":{"@type":"ImageObject","inLanguage":"pt-BR","@id":"https:\/\/blogdofarnesio.com.br\/#\/schema\/logo\/image\/","url":"https:\/\/blogdofarnesio.com.br\/wp-content\/uploads\/2026\/03\/cropped-logo_new-1.png","contentUrl":"https:\/\/blogdofarnesio.com.br\/wp-content\/uploads\/2026\/03\/cropped-logo_new-1.png","width":881,"height":685,"caption":"Blog do Farn\u00e9sio"},"image":{"@id":"https:\/\/blogdofarnesio.com.br\/#\/schema\/logo\/image\/"},"sameAs":["https:\/\/www.facebook.com\/BlogQuerSaberPolitica\/"]}]}},"_links":{"self":[{"href":"https:\/\/blogdofarnesio.com.br\/index.php?rest_route=\/wp\/v2\/posts\/11559","targetHints":{"allow":["GET"]}}],"collection":[{"href":"https:\/\/blogdofarnesio.com.br\/index.php?rest_route=\/wp\/v2\/posts"}],"about":[{"href":"https:\/\/blogdofarnesio.com.br\/index.php?rest_route=\/wp\/v2\/types\/post"}],"replies":[{"embeddable":true,"href":"https:\/\/blogdofarnesio.com.br\/index.php?rest_route=%2Fwp%2Fv2%2Fcomments&post=11559"}],"version-history":[{"count":0,"href":"https:\/\/blogdofarnesio.com.br\/index.php?rest_route=\/wp\/v2\/posts\/11559\/revisions"}],"wp:attachment":[{"href":"https:\/\/blogdofarnesio.com.br\/index.php?rest_route=%2Fwp%2Fv2%2Fmedia&parent=11559"}],"wp:term":[{"taxonomy":"category","embeddable":true,"href":"https:\/\/blogdofarnesio.com.br\/index.php?rest_route=%2Fwp%2Fv2%2Fcategories&post=11559"},{"taxonomy":"post_tag","embeddable":true,"href":"https:\/\/blogdofarnesio.com.br\/index.php?rest_route=%2Fwp%2Fv2%2Ftags&post=11559"}],"curies":[{"name":"wp","href":"https:\/\/api.w.org\/{rel}","templated":true}]}}