{"id":115386,"date":"2015-02-06T10:02:43","date_gmt":"2015-02-06T13:02:43","guid":{"rendered":"http:\/\/www.quersaberpolitica.com.br\/?p=115386"},"modified":"2015-02-05T20:16:42","modified_gmt":"2015-02-05T23:16:42","slug":"uneb-convoca-para-matricula-aprovados-em-2a-chamada-no-sisu","status":"publish","type":"post","link":"https:\/\/blogdofarnesio.com.br\/?p=115386","title":{"rendered":"UNEB CONVOCA PARA MATR\u00cdCULA APROVADOS  EM 2\u00aa CHAMADA NO SISU"},"content":{"rendered":"<p><a href=\"http:\/\/www.quersaberpolitica.com.br\/2016\/wp-content\/uploads\/2013\/09\/DCH-campus-III-UNEB.jpg\"><img loading=\"lazy\" decoding=\"async\" class=\"size-medium wp-image-56276 alignleft\" alt=\"DCH-campus-III-UNEB\" src=\"http:\/\/www.quersaberpolitica.com.br\/2016\/wp-content\/uploads\/2013\/09\/DCH-campus-III-UNEB-300x183.jpg\" width=\"300\" height=\"183\" srcset=\"https:\/\/blogdofarnesio.com.br\/wp-content\/uploads\/2013\/09\/DCH-campus-III-UNEB-300x183.jpg 300w, https:\/\/blogdofarnesio.com.br\/wp-content\/uploads\/2013\/09\/DCH-campus-III-UNEB-491x300.jpg 491w, https:\/\/blogdofarnesio.com.br\/wp-content\/uploads\/2013\/09\/DCH-campus-III-UNEB.jpg 500w\" sizes=\"auto, (max-width: 300px) 100vw, 300px\" \/><\/a><\/p>\n<p style=\"text-align: justify\">A UNEB, atrav\u00e9s da Pr\u00f3-Reitoria de Gradua\u00e7\u00e3o (PROGRAD),\u00a0<a href=\"http:\/\/www.uneb.br\/files\/2015\/02\/Universidade-do-Estado-da-Bahia.pdf\" target=\"_blank\">convoca os candidatos selecionados<\/a>, em segunda chamada, por meio do\u00a0<a href=\"http:\/\/sisu.mec.gov.br\/selecionados\" target=\"_blank\">Sistema de Sele\u00e7\u00e3o Unificada (SiSU)<\/a>, do Minist\u00e9rio da Educa\u00e7\u00e3o (MEC), para matr\u00edcula neste primeiro semestre,\u00a0 nos dias 20, 23 e 24 de fevereiro.<\/p>\n<p style=\"text-align: justify\">Os aprovados devem dirigir-se\u00a0 \u00e0 coordena\u00e7\u00e3o acad\u00eamica do curso em que foi selecionado para efetivar a matr\u00edcula.\u00a0Para saber se o nome est\u00e1 entre os convocados, o candidato deve consultar a rela\u00e7\u00e3o de aprovados no site\u00a0<a href=\"http:\/\/sisu.mec.gov.br\/selecionados\" target=\"_blank\">sisu.mec.gov.br\/selecionados<\/a>.<\/p>\n<p style=\"text-align: justify\">A UNEB ofereceu 1.893 vagas, distribu\u00eddas entre 127 op\u00e7\u00f5es de cursos presenciais nos 24 campi da universidade. Desse total, a universidade reserva 40% das vagas para candidatos negros oriundos da rede p\u00fablica de ensino e 5%, com o car\u00e1ter de sobrevagas, para ind\u00edgenas, de acordo com o\u00a0<a href=\"http:\/\/www.uneb.br\/sisu\/files\/2015\/01\/Edital-N%C2%BA-009.2005-Edital-de-abertura-SISU-UNEB.PDF\" target=\"_blank\">edital do processo seletivo<\/a>.<\/p>\n<p style=\"text-align: justify\">Mais informa\u00e7\u00f5es podem ser obtidas por meio do telefone\u00a0<a href=\"tel:0800%20071%205000\" target=\"_blank\">0800 071 5000<\/a>\u00a0ou pelo site\u00a0<a href=\"http:\/\/www.uneb.br\/sisu\" target=\"_blank\">www.uneb.br\/sisu<\/a>.<\/p>\n","protected":false},"excerpt":{"rendered":"<p>A UNEB, atrav\u00e9s da Pr\u00f3-Reitoria de Gradua\u00e7\u00e3o (PROGRAD),\u00a0convoca os candidatos selecionados, em segunda chamada, por meio do\u00a0Sistema de Sele\u00e7\u00e3o Unificada (SiSU), do Minist\u00e9rio da Educa\u00e7\u00e3o (MEC), para matr\u00edcula neste primeiro semestre,\u00a0 nos dias 20, 23 e 24 de fevereiro. Os aprovados devem dirigir-se\u00a0 \u00e0 coordena\u00e7\u00e3o acad\u00eamica do curso em que foi selecionado para efetivar a matr\u00edcula.\u00a0Para saber se o nome est\u00e1 entre os convocados, o candidato deve consultar a rela\u00e7\u00e3o de aprovados no site\u00a0sisu.mec.gov.br\/selecionados. A UNEB ofereceu 1.893 vagas, distribu\u00eddas entre 127 op\u00e7\u00f5es de cursos presenciais nos 24 campi da universidade. Desse total, a universidade reserva 40% das vagas para candidatos negros oriundos da rede p\u00fablica de ensino e 5%, com o car\u00e1ter de sobrevagas, para ind\u00edgenas, de acordo com&hellip; <\/p>\n","protected":false},"author":7,"featured_media":0,"comment_status":"open","ping_status":"open","sticky":false,"template":"","format":"standard","meta":{"_acf_changed":false,"footnotes":""},"categories":[6],"tags":[],"class_list":["post-115386","post","type-post","status-publish","format-standard","hentry","category-educacao"],"acf":[],"yoast_head":"<!-- This site is optimized with the Yoast SEO plugin v27.4 - https:\/\/yoast.com\/product\/yoast-seo-wordpress\/ -->\n<title>UNEB CONVOCA PARA MATR\u00cdCULA APROVADOS EM 2\u00aa CHAMADA NO SISU - Blog do Farn\u00e9sio<\/title>\n<meta name=\"robots\" content=\"index, follow, max-snippet:-1, max-image-preview:large, max-video-preview:-1\" \/>\n<link rel=\"canonical\" href=\"https:\/\/blogdofarnesio.com.br\/?p=115386\" \/>\n<meta property=\"og:locale\" content=\"pt_BR\" \/>\n<meta property=\"og:type\" content=\"article\" \/>\n<meta property=\"og:title\" content=\"UNEB CONVOCA PARA MATR\u00cdCULA APROVADOS EM 2\u00aa CHAMADA NO SISU - Blog do Farn\u00e9sio\" \/>\n<meta property=\"og:description\" content=\"A UNEB, atrav\u00e9s da Pr\u00f3-Reitoria de Gradua\u00e7\u00e3o (PROGRAD),\u00a0convoca os candidatos selecionados, em segunda chamada, por meio do\u00a0Sistema de Sele\u00e7\u00e3o Unificada (SiSU), do Minist\u00e9rio da Educa\u00e7\u00e3o (MEC), para matr\u00edcula neste primeiro semestre,\u00a0 nos dias 20, 23 e 24 de fevereiro. Os aprovados devem dirigir-se\u00a0 \u00e0 coordena\u00e7\u00e3o acad\u00eamica do curso em que foi selecionado para efetivar a matr\u00edcula.\u00a0Para saber se o nome est\u00e1 entre os convocados, o candidato deve consultar a rela\u00e7\u00e3o de aprovados no site\u00a0sisu.mec.gov.br\/selecionados. A UNEB ofereceu 1.893 vagas, distribu\u00eddas entre 127 op\u00e7\u00f5es de cursos presenciais nos 24 campi da universidade. Desse total, a universidade reserva 40% das vagas para candidatos negros oriundos da rede p\u00fablica de ensino e 5%, com o car\u00e1ter de sobrevagas, para ind\u00edgenas, de acordo com&hellip;\" \/>\n<meta property=\"og:url\" content=\"https:\/\/blogdofarnesio.com.br\/?p=115386\" \/>\n<meta property=\"og:site_name\" content=\"Blog do Farn\u00e9sio\" \/>\n<meta property=\"article:publisher\" content=\"https:\/\/www.facebook.com\/BlogQuerSaberPolitica\/\" \/>\n<meta property=\"article:published_time\" content=\"2015-02-06T13:02:43+00:00\" \/>\n<meta property=\"og:image\" content=\"http:\/\/www.quersaberpolitica.com.br\/2016\/wp-content\/uploads\/2013\/09\/DCH-campus-III-UNEB-300x183.jpg\" \/>\n<meta name=\"twitter:card\" content=\"summary_large_image\" \/>\n<meta name=\"twitter:label1\" content=\"Escrito por\" \/>\n\t<meta name=\"twitter:data1\" content=\"\" \/>\n\t<meta name=\"twitter:label2\" content=\"Est. tempo de leitura\" \/>\n\t<meta name=\"twitter:data2\" content=\"1 minuto\" \/>\n<script type=\"application\/ld+json\" class=\"yoast-schema-graph\">{\"@context\":\"https:\\\/\\\/schema.org\",\"@graph\":[{\"@type\":\"Article\",\"@id\":\"https:\\\/\\\/blogdofarnesio.com.br\\\/?p=115386#article\",\"isPartOf\":{\"@id\":\"https:\\\/\\\/blogdofarnesio.com.br\\\/?p=115386\"},\"author\":{\"name\":\"\",\"@id\":\"\"},\"headline\":\"UNEB CONVOCA PARA MATR\u00cdCULA APROVADOS EM 2\u00aa CHAMADA NO SISU\",\"datePublished\":\"2015-02-06T13:02:43+00:00\",\"mainEntityOfPage\":{\"@id\":\"https:\\\/\\\/blogdofarnesio.com.br\\\/?p=115386\"},\"wordCount\":167,\"commentCount\":0,\"publisher\":{\"@id\":\"https:\\\/\\\/blogdofarnesio.com.br\\\/#organization\"},\"image\":{\"@id\":\"https:\\\/\\\/blogdofarnesio.com.br\\\/?p=115386#primaryimage\"},\"thumbnailUrl\":\"http:\\\/\\\/www.quersaberpolitica.com.br\\\/2016\\\/wp-content\\\/uploads\\\/2013\\\/09\\\/DCH-campus-III-UNEB-300x183.jpg\",\"articleSection\":[\"Educa\u00e7\u00e3o\"],\"inLanguage\":\"pt-BR\",\"potentialAction\":[{\"@type\":\"CommentAction\",\"name\":\"Comment\",\"target\":[\"https:\\\/\\\/blogdofarnesio.com.br\\\/?p=115386#respond\"]}]},{\"@type\":\"WebPage\",\"@id\":\"https:\\\/\\\/blogdofarnesio.com.br\\\/?p=115386\",\"url\":\"https:\\\/\\\/blogdofarnesio.com.br\\\/?p=115386\",\"name\":\"UNEB CONVOCA PARA MATR\u00cdCULA APROVADOS EM 2\u00aa CHAMADA NO SISU - Blog do Farn\u00e9sio\",\"isPartOf\":{\"@id\":\"https:\\\/\\\/blogdofarnesio.com.br\\\/#website\"},\"primaryImageOfPage\":{\"@id\":\"https:\\\/\\\/blogdofarnesio.com.br\\\/?p=115386#primaryimage\"},\"image\":{\"@id\":\"https:\\\/\\\/blogdofarnesio.com.br\\\/?p=115386#primaryimage\"},\"thumbnailUrl\":\"http:\\\/\\\/www.quersaberpolitica.com.br\\\/2016\\\/wp-content\\\/uploads\\\/2013\\\/09\\\/DCH-campus-III-UNEB-300x183.jpg\",\"datePublished\":\"2015-02-06T13:02:43+00:00\",\"breadcrumb\":{\"@id\":\"https:\\\/\\\/blogdofarnesio.com.br\\\/?p=115386#breadcrumb\"},\"inLanguage\":\"pt-BR\",\"potentialAction\":[{\"@type\":\"ReadAction\",\"target\":[\"https:\\\/\\\/blogdofarnesio.com.br\\\/?p=115386\"]}]},{\"@type\":\"ImageObject\",\"inLanguage\":\"pt-BR\",\"@id\":\"https:\\\/\\\/blogdofarnesio.com.br\\\/?p=115386#primaryimage\",\"url\":\"http:\\\/\\\/www.quersaberpolitica.com.br\\\/2016\\\/wp-content\\\/uploads\\\/2013\\\/09\\\/DCH-campus-III-UNEB-300x183.jpg\",\"contentUrl\":\"http:\\\/\\\/www.quersaberpolitica.com.br\\\/2016\\\/wp-content\\\/uploads\\\/2013\\\/09\\\/DCH-campus-III-UNEB-300x183.jpg\"},{\"@type\":\"BreadcrumbList\",\"@id\":\"https:\\\/\\\/blogdofarnesio.com.br\\\/?p=115386#breadcrumb\",\"itemListElement\":[{\"@type\":\"ListItem\",\"position\":1,\"name\":\"In\u00edcio\",\"item\":\"https:\\\/\\\/blogdofarnesio.com.br\\\/\"},{\"@type\":\"ListItem\",\"position\":2,\"name\":\"UNEB CONVOCA PARA MATR\u00cdCULA APROVADOS EM 2\u00aa CHAMADA NO SISU\"}]},{\"@type\":\"WebSite\",\"@id\":\"https:\\\/\\\/blogdofarnesio.com.br\\\/#website\",\"url\":\"https:\\\/\\\/blogdofarnesio.com.br\\\/\",\"name\":\"Blog do Farn\u00e9sio\",\"description\":\"Quer Saber Pol\u00edtica?\",\"publisher\":{\"@id\":\"https:\\\/\\\/blogdofarnesio.com.br\\\/#organization\"},\"potentialAction\":[{\"@type\":\"SearchAction\",\"target\":{\"@type\":\"EntryPoint\",\"urlTemplate\":\"https:\\\/\\\/blogdofarnesio.com.br\\\/?s={search_term_string}\"},\"query-input\":{\"@type\":\"PropertyValueSpecification\",\"valueRequired\":true,\"valueName\":\"search_term_string\"}}],\"inLanguage\":\"pt-BR\"},{\"@type\":\"Organization\",\"@id\":\"https:\\\/\\\/blogdofarnesio.com.br\\\/#organization\",\"name\":\"Blog do Farn\u00e9sio\",\"url\":\"https:\\\/\\\/blogdofarnesio.com.br\\\/\",\"logo\":{\"@type\":\"ImageObject\",\"inLanguage\":\"pt-BR\",\"@id\":\"https:\\\/\\\/blogdofarnesio.com.br\\\/#\\\/schema\\\/logo\\\/image\\\/\",\"url\":\"https:\\\/\\\/blogdofarnesio.com.br\\\/wp-content\\\/uploads\\\/2026\\\/03\\\/cropped-logo_new-1.png\",\"contentUrl\":\"https:\\\/\\\/blogdofarnesio.com.br\\\/wp-content\\\/uploads\\\/2026\\\/03\\\/cropped-logo_new-1.png\",\"width\":881,\"height\":685,\"caption\":\"Blog do Farn\u00e9sio\"},\"image\":{\"@id\":\"https:\\\/\\\/blogdofarnesio.com.br\\\/#\\\/schema\\\/logo\\\/image\\\/\"},\"sameAs\":[\"https:\\\/\\\/www.facebook.com\\\/BlogQuerSaberPolitica\\\/\"]},{\"@type\":\"Person\",\"@id\":\"\",\"url\":\"https:\\\/\\\/blogdofarnesio.com.br\\\/?author=7\"}]}<\/script>\n<!-- \/ Yoast SEO plugin. -->","yoast_head_json":{"title":"UNEB CONVOCA PARA MATR\u00cdCULA APROVADOS EM 2\u00aa CHAMADA NO SISU - Blog do Farn\u00e9sio","robots":{"index":"index","follow":"follow","max-snippet":"max-snippet:-1","max-image-preview":"max-image-preview:large","max-video-preview":"max-video-preview:-1"},"canonical":"https:\/\/blogdofarnesio.com.br\/?p=115386","og_locale":"pt_BR","og_type":"article","og_title":"UNEB CONVOCA PARA MATR\u00cdCULA APROVADOS EM 2\u00aa CHAMADA NO SISU - Blog do Farn\u00e9sio","og_description":"A UNEB, atrav\u00e9s da Pr\u00f3-Reitoria de Gradua\u00e7\u00e3o (PROGRAD),\u00a0convoca os candidatos selecionados, em segunda chamada, por meio do\u00a0Sistema de Sele\u00e7\u00e3o Unificada (SiSU), do Minist\u00e9rio da Educa\u00e7\u00e3o (MEC), para matr\u00edcula neste primeiro semestre,\u00a0 nos dias 20, 23 e 24 de fevereiro. Os aprovados devem dirigir-se\u00a0 \u00e0 coordena\u00e7\u00e3o acad\u00eamica do curso em que foi selecionado para efetivar a matr\u00edcula.\u00a0Para saber se o nome est\u00e1 entre os convocados, o candidato deve consultar a rela\u00e7\u00e3o de aprovados no site\u00a0sisu.mec.gov.br\/selecionados. A UNEB ofereceu 1.893 vagas, distribu\u00eddas entre 127 op\u00e7\u00f5es de cursos presenciais nos 24 campi da universidade. Desse total, a universidade reserva 40% das vagas para candidatos negros oriundos da rede p\u00fablica de ensino e 5%, com o car\u00e1ter de sobrevagas, para ind\u00edgenas, de acordo com&hellip;","og_url":"https:\/\/blogdofarnesio.com.br\/?p=115386","og_site_name":"Blog do Farn\u00e9sio","article_publisher":"https:\/\/www.facebook.com\/BlogQuerSaberPolitica\/","article_published_time":"2015-02-06T13:02:43+00:00","og_image":[{"url":"http:\/\/www.quersaberpolitica.com.br\/2016\/wp-content\/uploads\/2013\/09\/DCH-campus-III-UNEB-300x183.jpg","type":"","width":"","height":""}],"twitter_card":"summary_large_image","twitter_misc":{"Escrito por":"","Est. tempo de leitura":"1 minuto"},"schema":{"@context":"https:\/\/schema.org","@graph":[{"@type":"Article","@id":"https:\/\/blogdofarnesio.com.br\/?p=115386#article","isPartOf":{"@id":"https:\/\/blogdofarnesio.com.br\/?p=115386"},"author":{"name":"","@id":""},"headline":"UNEB CONVOCA PARA MATR\u00cdCULA APROVADOS EM 2\u00aa CHAMADA NO SISU","datePublished":"2015-02-06T13:02:43+00:00","mainEntityOfPage":{"@id":"https:\/\/blogdofarnesio.com.br\/?p=115386"},"wordCount":167,"commentCount":0,"publisher":{"@id":"https:\/\/blogdofarnesio.com.br\/#organization"},"image":{"@id":"https:\/\/blogdofarnesio.com.br\/?p=115386#primaryimage"},"thumbnailUrl":"http:\/\/www.quersaberpolitica.com.br\/2016\/wp-content\/uploads\/2013\/09\/DCH-campus-III-UNEB-300x183.jpg","articleSection":["Educa\u00e7\u00e3o"],"inLanguage":"pt-BR","potentialAction":[{"@type":"CommentAction","name":"Comment","target":["https:\/\/blogdofarnesio.com.br\/?p=115386#respond"]}]},{"@type":"WebPage","@id":"https:\/\/blogdofarnesio.com.br\/?p=115386","url":"https:\/\/blogdofarnesio.com.br\/?p=115386","name":"UNEB CONVOCA PARA MATR\u00cdCULA APROVADOS EM 2\u00aa CHAMADA NO SISU - Blog do Farn\u00e9sio","isPartOf":{"@id":"https:\/\/blogdofarnesio.com.br\/#website"},"primaryImageOfPage":{"@id":"https:\/\/blogdofarnesio.com.br\/?p=115386#primaryimage"},"image":{"@id":"https:\/\/blogdofarnesio.com.br\/?p=115386#primaryimage"},"thumbnailUrl":"http:\/\/www.quersaberpolitica.com.br\/2016\/wp-content\/uploads\/2013\/09\/DCH-campus-III-UNEB-300x183.jpg","datePublished":"2015-02-06T13:02:43+00:00","breadcrumb":{"@id":"https:\/\/blogdofarnesio.com.br\/?p=115386#breadcrumb"},"inLanguage":"pt-BR","potentialAction":[{"@type":"ReadAction","target":["https:\/\/blogdofarnesio.com.br\/?p=115386"]}]},{"@type":"ImageObject","inLanguage":"pt-BR","@id":"https:\/\/blogdofarnesio.com.br\/?p=115386#primaryimage","url":"http:\/\/www.quersaberpolitica.com.br\/2016\/wp-content\/uploads\/2013\/09\/DCH-campus-III-UNEB-300x183.jpg","contentUrl":"http:\/\/www.quersaberpolitica.com.br\/2016\/wp-content\/uploads\/2013\/09\/DCH-campus-III-UNEB-300x183.jpg"},{"@type":"BreadcrumbList","@id":"https:\/\/blogdofarnesio.com.br\/?p=115386#breadcrumb","itemListElement":[{"@type":"ListItem","position":1,"name":"In\u00edcio","item":"https:\/\/blogdofarnesio.com.br\/"},{"@type":"ListItem","position":2,"name":"UNEB CONVOCA PARA MATR\u00cdCULA APROVADOS EM 2\u00aa CHAMADA NO SISU"}]},{"@type":"WebSite","@id":"https:\/\/blogdofarnesio.com.br\/#website","url":"https:\/\/blogdofarnesio.com.br\/","name":"Blog do Farn\u00e9sio","description":"Quer Saber Pol\u00edtica?","publisher":{"@id":"https:\/\/blogdofarnesio.com.br\/#organization"},"potentialAction":[{"@type":"SearchAction","target":{"@type":"EntryPoint","urlTemplate":"https:\/\/blogdofarnesio.com.br\/?s={search_term_string}"},"query-input":{"@type":"PropertyValueSpecification","valueRequired":true,"valueName":"search_term_string"}}],"inLanguage":"pt-BR"},{"@type":"Organization","@id":"https:\/\/blogdofarnesio.com.br\/#organization","name":"Blog do Farn\u00e9sio","url":"https:\/\/blogdofarnesio.com.br\/","logo":{"@type":"ImageObject","inLanguage":"pt-BR","@id":"https:\/\/blogdofarnesio.com.br\/#\/schema\/logo\/image\/","url":"https:\/\/blogdofarnesio.com.br\/wp-content\/uploads\/2026\/03\/cropped-logo_new-1.png","contentUrl":"https:\/\/blogdofarnesio.com.br\/wp-content\/uploads\/2026\/03\/cropped-logo_new-1.png","width":881,"height":685,"caption":"Blog do Farn\u00e9sio"},"image":{"@id":"https:\/\/blogdofarnesio.com.br\/#\/schema\/logo\/image\/"},"sameAs":["https:\/\/www.facebook.com\/BlogQuerSaberPolitica\/"]},{"@type":"Person","@id":"","url":"https:\/\/blogdofarnesio.com.br\/?author=7"}]}},"_links":{"self":[{"href":"https:\/\/blogdofarnesio.com.br\/index.php?rest_route=\/wp\/v2\/posts\/115386","targetHints":{"allow":["GET"]}}],"collection":[{"href":"https:\/\/blogdofarnesio.com.br\/index.php?rest_route=\/wp\/v2\/posts"}],"about":[{"href":"https:\/\/blogdofarnesio.com.br\/index.php?rest_route=\/wp\/v2\/types\/post"}],"author":[{"embeddable":true,"href":"https:\/\/blogdofarnesio.com.br\/index.php?rest_route=\/wp\/v2\/users\/7"}],"replies":[{"embeddable":true,"href":"https:\/\/blogdofarnesio.com.br\/index.php?rest_route=%2Fwp%2Fv2%2Fcomments&post=115386"}],"version-history":[{"count":0,"href":"https:\/\/blogdofarnesio.com.br\/index.php?rest_route=\/wp\/v2\/posts\/115386\/revisions"}],"wp:attachment":[{"href":"https:\/\/blogdofarnesio.com.br\/index.php?rest_route=%2Fwp%2Fv2%2Fmedia&parent=115386"}],"wp:term":[{"taxonomy":"category","embeddable":true,"href":"https:\/\/blogdofarnesio.com.br\/index.php?rest_route=%2Fwp%2Fv2%2Fcategories&post=115386"},{"taxonomy":"post_tag","embeddable":true,"href":"https:\/\/blogdofarnesio.com.br\/index.php?rest_route=%2Fwp%2Fv2%2Ftags&post=115386"}],"curies":[{"name":"wp","href":"https:\/\/api.w.org\/{rel}","templated":true}]}}