{"id":11537,"date":"2012-02-29T10:33:51","date_gmt":"2012-02-29T10:33:51","guid":{"rendered":"http:\/\/www.quersaberpolitica.com.br?p=11537"},"modified":"-0001-11-30T00:00:00","modified_gmt":"-0001-11-30T03:00:00","slug":"adolfo-viana-foi-reeleito-para-a-presidencia-da-comissao-de-meio-ambiente","status":"publish","type":"post","link":"https:\/\/blogdofarnesio.com.br\/?p=11537","title":{"rendered":"Adolfo Viana foi reeleito para a presid\u00eancia da Comiss\u00e3o de Meio Ambiente"},"content":{"rendered":"<p style=\"text-align: justify;\"><span style=\"font-size: small;\"><a rel=\"lightbox\" href=\"http:\/\/www.quersaberpolitica.com.br\/2016\/wp-content\/uploads\/2012\/12\/blogqspadolfo2.jpg\"><img loading=\"lazy\" decoding=\"async\" style=\"margin-top: 5px; margin-bottom: 5px; margin-left: 10px; margin-right: 10px; float: left;\" title=\"Imagem Ilustrativa\" src=\"http:\/\/www.quersaberpolitica.com.br\/2016\/wp-content\/uploads\/2012\/12\/blogqspadolfo2.jpg\" alt=\"\" width=\"200\" height=\"144\" \/><\/a>O deputado estadual Adolfo Viana (PSDB) foi reeleito por unanimidade, para a presid&ecirc;ncia da Comiss&atilde;o de Meio Ambiente, Seca e Recursos H&iacute;dricos na Assembleia Legislativa. Conforme o deputado, a reelei&ccedil;&atilde;o &eacute; o reconhecimento dos trabalhos prestados &agrave; sociedade. &#8220;Estou feliz pela confian&ccedil;a dos meus pares na comiss&atilde;o por terem me indicado por mais um ano. Esta &eacute; a prova do reconhecimento do trabalho desempenhado durante o ano passado&#8221;, acrescentou Adolfo Viana.<\/span><\/p>\n<p style=\"text-align: justify;\"><span style=\"font-size: small;\">A frente da comiss&atilde;o em 2011, o parlamentar tucano buscou conduzir todas as discuss&otilde;es trazidas ao seu conhecimento, da maneira mais democr&aacute;tica poss&iacute;vel, promoveu o di&aacute;logo com os diversos setores da sociedade, com o Governo e evidentemente, com a participa&ccedil;&atilde;o dos titulares da comiss&atilde;o e demais parlamentares.<\/span><\/p>\n<p style=\"text-align: justify;\"><strong><span style=\"font-size: small;\">Atua&ccedil;&atilde;o da Comiss&atilde;o de Meio Ambiente no ano de 2011<\/span><\/strong><\/p>\n<p style=\"text-align: justify;\"><span style=\"font-size: small;\">16\/03\/2011 &#8211; Instala&ccedil;&atilde;o da Subcomiss&atilde;o de Especial de &Aacute;guas e Bacias Hidrogr&aacute;ficas Baianas, sob a Presid&ecirc;ncia do Deputado Eures Ribeiro.<\/span><\/p>\n<p style=\"text-align: justify;\"><span style=\"font-size: small;\">23\/03\/2011 &#8211; Homenagem ao Dia Mundial da &Aacute;gua.<\/span><\/p>\n<p style=\"text-align: justify;\"><span style=\"font-size: small;\">28\/03\/2011 &#8211; Visita ao Secret&aacute;rio de Meio Ambiente &#8211; Eug&ecirc;nio Spengler &#8211; para tratar do ent&atilde;o Projeto de Lei que viria a reestruturar o Sistema Estadual de Meio Ambiente, com a unifica&ccedil;&atilde;o do IMA e do ING&Aacute;, criando o INEMA, e que procedeu a diversas outras modifica&ccedil;&otilde;es.<\/span><\/p>\n<p style=\"text-align: justify;\"><span style=\"font-size: small;\">11\/05\/2011 &#8211; Audi&ecirc;ncia P&uacute;blica para apresenta&ccedil;&atilde;o, pelo Secret&aacute;rio do Meio Ambiente, de esclarecimentos acerca do Relat&oacute;rio que fundamentou a renova&ccedil;&atilde;o da licen&ccedil;a concedida &agrave; F&aacute;brica Millennium.<\/span><\/p>\n<p style=\"text-align: justify;\"><span style=\"font-size: small;\">14\/06\/2011 &#8211; Dilig&ecirc;ncia local na Millennium para verificar as condicionantes da licen&ccedil;a ambiental concedida.<\/span><\/p>\n<p style=\"text-align: justify;\"><span style=\"font-size: small;\">1&ordm;\/06\/2011 &#8211; Realiza&ccedil;&atilde;o de mesa de discuss&atilde;o sobre a Gest&atilde;o ambiental dos Lix&otilde;es no Estado da Bahia, tendo como participantes representantes da CONDER, Minist&eacute;rio P&uacute;blico Estadual, UPB, SEDUR.<\/span><\/p>\n<p style=\"text-align: justify;\"><span style=\"font-size: small;\">18\/08\/2011 &#8211; Reuni&atilde;o com o Secret&aacute;rio do Planejamento &#8211; Zez&eacute;u Ribeiro &#8211; para tratar do Zoneamento Ecol&oacute;gico e Econ&ocirc;mico do Estado da Bahia. O ZEE foi objeto da reuni&atilde;o, tendo em vista a sua rela&ccedil;&atilde;o com o planejamento ambiental, e, em particular, o controle da monocultura de eucalipto no interior do Estado.<\/span><\/p>\n<p style=\"text-align: justify;\"><span style=\"font-size: small;\">05\/10\/2011 &#8211; Discuss&atilde;o sobre Desenvolvimento Sustent&aacute;vel e Meio Ambiente, com participa&ccedil;&atilde;o de representantes da ABAF &#8211; Associa&ccedil;&atilde;o Baiana das Empresas de Base Florestal. Vale destacar que este evento foi apenas uma parte das in&uacute;meras discuss&otilde;es travadas no &acirc;mbito da Comiss&atilde;o, e que n&atilde;o esgotou o tema, somente contribuiu para posteriores encaminhamentos, a serem procedidos a partir de agora.<\/span><\/p>\n<p style=\"text-align: justify;\"><span style=\"font-size: small;\">26\/08\/2011 &#8211; Audi&ecirc;ncia P&uacute;blica em Irec&ecirc; para tratar sobre Desenvolvimento Sustent&aacute;vel na regi&atilde;o. Foi a primeira iniciativa de tal natureza realizada fora das depend&ecirc;ncias da Assembleia Legislativa. Dentre os subtemas abordados, tratou-se com maior &ecirc;nfase sobre a necessidade de acelera&ccedil;&atilde;o da obra da adutora do Rio S&atilde;o Francisco, cuja lentid&atilde;o, faz agravar o risco de falta de &aacute;gua em Irec&ecirc; e regi&atilde;o.<\/span><\/p>\n<p style=\"text-align: justify;\"><span style=\"font-size: small;\">07\/12\/2011 &#8211; Realiza&ccedil;&atilde;o da Audi&ecirc;ncia P&uacute;blica para tratar sobre o Projeto de Lei 19.552\/2011, que propunha mudan&ccedil;as na Pol&iacute;tica Estadual de Meio Ambiente e de Prote&ccedil;&atilde;o a Biodiversidade, bem assim, na Pol&iacute;tica Estadual de Recursos H&iacute;dricos, dentre outras.<\/span><\/p>\n<p style=\"text-align: justify;\"><span style=\"font-size: small;\">(Ascom Dep. Adolfo Viana)<\/span><\/p>\n","protected":false},"excerpt":{"rendered":"<p>O deputado estadual Adolfo Viana (PSDB) foi reeleito por unanimidade, para a presid&ecirc;ncia da Comiss&atilde;o de Meio Ambiente, Seca e Recursos H&iacute;dricos na Assembleia Legislativa. Conforme o deputado, a reelei&ccedil;&atilde;o &eacute; o reconhecimento dos trabalhos prestados &agrave; sociedade. &#8220;Estou feliz pela confian&ccedil;a dos meus pares na comiss&atilde;o por terem me indicado por mais um ano. Esta &eacute; a prova do reconhecimento do trabalho desempenhado durante o ano passado&#8221;, acrescentou Adolfo Viana. A frente da comiss&atilde;o em 2011, o parlamentar tucano buscou conduzir todas as discuss&otilde;es trazidas ao seu conhecimento, da maneira mais democr&aacute;tica poss&iacute;vel, promoveu o di&aacute;logo com os diversos setores da sociedade, com o Governo e evidentemente, com a participa&ccedil;&atilde;o dos titulares da comiss&atilde;o e demais parlamentares. Atua&ccedil;&atilde;o da&hellip; <\/p>\n","protected":false},"author":0,"featured_media":0,"comment_status":"open","ping_status":"open","sticky":false,"template":"","format":"standard","meta":{"_acf_changed":false,"footnotes":""},"categories":[29],"tags":[],"class_list":["post-11537","post","type-post","status-publish","format-standard","hentry","category-meio-ambiente"],"acf":[],"yoast_head":"<!-- This site is optimized with the Yoast SEO plugin v27.4 - https:\/\/yoast.com\/product\/yoast-seo-wordpress\/ -->\n<title>Adolfo Viana foi reeleito para a presid\u00eancia da Comiss\u00e3o de Meio Ambiente - Blog do Farn\u00e9sio<\/title>\n<meta name=\"robots\" content=\"index, follow, max-snippet:-1, max-image-preview:large, max-video-preview:-1\" \/>\n<link rel=\"canonical\" href=\"https:\/\/blogdofarnesio.com.br\/?p=11537\" \/>\n<meta property=\"og:locale\" content=\"pt_BR\" \/>\n<meta property=\"og:type\" content=\"article\" \/>\n<meta property=\"og:title\" content=\"Adolfo Viana foi reeleito para a presid\u00eancia da Comiss\u00e3o de Meio Ambiente - Blog do Farn\u00e9sio\" \/>\n<meta property=\"og:description\" content=\"O deputado estadual Adolfo Viana (PSDB) foi reeleito por unanimidade, para a presid&ecirc;ncia da Comiss&atilde;o de Meio Ambiente, Seca e Recursos H&iacute;dricos na Assembleia Legislativa. Conforme o deputado, a reelei&ccedil;&atilde;o &eacute; o reconhecimento dos trabalhos prestados &agrave; sociedade. &#8220;Estou feliz pela confian&ccedil;a dos meus pares na comiss&atilde;o por terem me indicado por mais um ano. Esta &eacute; a prova do reconhecimento do trabalho desempenhado durante o ano passado&#8221;, acrescentou Adolfo Viana. A frente da comiss&atilde;o em 2011, o parlamentar tucano buscou conduzir todas as discuss&otilde;es trazidas ao seu conhecimento, da maneira mais democr&aacute;tica poss&iacute;vel, promoveu o di&aacute;logo com os diversos setores da sociedade, com o Governo e evidentemente, com a participa&ccedil;&atilde;o dos titulares da comiss&atilde;o e demais parlamentares. Atua&ccedil;&atilde;o da&hellip;\" \/>\n<meta property=\"og:url\" content=\"https:\/\/blogdofarnesio.com.br\/?p=11537\" \/>\n<meta property=\"og:site_name\" content=\"Blog do Farn\u00e9sio\" \/>\n<meta property=\"article:publisher\" content=\"https:\/\/www.facebook.com\/BlogQuerSaberPolitica\/\" \/>\n<meta property=\"article:published_time\" content=\"2012-02-29T10:33:51+00:00\" \/>\n<meta property=\"og:image\" content=\"http:\/\/www.quersaberpolitica.com.br\/2016\/wp-content\/uploads\/2012\/12\/blogqspadolfo2.jpg\" \/>\n<meta name=\"twitter:card\" content=\"summary_large_image\" \/>\n<meta name=\"twitter:label1\" content=\"Est. tempo de leitura\" \/>\n\t<meta name=\"twitter:data1\" content=\"3 minutos\" \/>\n<script type=\"application\/ld+json\" class=\"yoast-schema-graph\">{\"@context\":\"https:\\\/\\\/schema.org\",\"@graph\":[{\"@type\":\"Article\",\"@id\":\"https:\\\/\\\/blogdofarnesio.com.br\\\/?p=11537#article\",\"isPartOf\":{\"@id\":\"https:\\\/\\\/blogdofarnesio.com.br\\\/?p=11537\"},\"author\":{\"name\":\"\",\"@id\":\"\"},\"headline\":\"Adolfo Viana foi reeleito para a presid\u00eancia da Comiss\u00e3o de Meio Ambiente\",\"datePublished\":\"2012-02-29T10:33:51+00:00\",\"mainEntityOfPage\":{\"@id\":\"https:\\\/\\\/blogdofarnesio.com.br\\\/?p=11537\"},\"wordCount\":654,\"commentCount\":0,\"publisher\":{\"@id\":\"https:\\\/\\\/blogdofarnesio.com.br\\\/#organization\"},\"image\":{\"@id\":\"https:\\\/\\\/blogdofarnesio.com.br\\\/?p=11537#primaryimage\"},\"thumbnailUrl\":\"http:\\\/\\\/www.quersaberpolitica.com.br\\\/2016\\\/wp-content\\\/uploads\\\/2012\\\/12\\\/blogqspadolfo2.jpg\",\"articleSection\":[\"Meio Ambiente\"],\"inLanguage\":\"pt-BR\",\"potentialAction\":[{\"@type\":\"CommentAction\",\"name\":\"Comment\",\"target\":[\"https:\\\/\\\/blogdofarnesio.com.br\\\/?p=11537#respond\"]}]},{\"@type\":\"WebPage\",\"@id\":\"https:\\\/\\\/blogdofarnesio.com.br\\\/?p=11537\",\"url\":\"https:\\\/\\\/blogdofarnesio.com.br\\\/?p=11537\",\"name\":\"Adolfo Viana foi reeleito para a presid\u00eancia da Comiss\u00e3o de Meio Ambiente - Blog do Farn\u00e9sio\",\"isPartOf\":{\"@id\":\"https:\\\/\\\/blogdofarnesio.com.br\\\/#website\"},\"primaryImageOfPage\":{\"@id\":\"https:\\\/\\\/blogdofarnesio.com.br\\\/?p=11537#primaryimage\"},\"image\":{\"@id\":\"https:\\\/\\\/blogdofarnesio.com.br\\\/?p=11537#primaryimage\"},\"thumbnailUrl\":\"http:\\\/\\\/www.quersaberpolitica.com.br\\\/2016\\\/wp-content\\\/uploads\\\/2012\\\/12\\\/blogqspadolfo2.jpg\",\"datePublished\":\"2012-02-29T10:33:51+00:00\",\"breadcrumb\":{\"@id\":\"https:\\\/\\\/blogdofarnesio.com.br\\\/?p=11537#breadcrumb\"},\"inLanguage\":\"pt-BR\",\"potentialAction\":[{\"@type\":\"ReadAction\",\"target\":[\"https:\\\/\\\/blogdofarnesio.com.br\\\/?p=11537\"]}]},{\"@type\":\"ImageObject\",\"inLanguage\":\"pt-BR\",\"@id\":\"https:\\\/\\\/blogdofarnesio.com.br\\\/?p=11537#primaryimage\",\"url\":\"http:\\\/\\\/www.quersaberpolitica.com.br\\\/2016\\\/wp-content\\\/uploads\\\/2012\\\/12\\\/blogqspadolfo2.jpg\",\"contentUrl\":\"http:\\\/\\\/www.quersaberpolitica.com.br\\\/2016\\\/wp-content\\\/uploads\\\/2012\\\/12\\\/blogqspadolfo2.jpg\"},{\"@type\":\"BreadcrumbList\",\"@id\":\"https:\\\/\\\/blogdofarnesio.com.br\\\/?p=11537#breadcrumb\",\"itemListElement\":[{\"@type\":\"ListItem\",\"position\":1,\"name\":\"In\u00edcio\",\"item\":\"https:\\\/\\\/blogdofarnesio.com.br\\\/\"},{\"@type\":\"ListItem\",\"position\":2,\"name\":\"Adolfo Viana foi reeleito para a presid\u00eancia da Comiss\u00e3o de Meio Ambiente\"}]},{\"@type\":\"WebSite\",\"@id\":\"https:\\\/\\\/blogdofarnesio.com.br\\\/#website\",\"url\":\"https:\\\/\\\/blogdofarnesio.com.br\\\/\",\"name\":\"Blog do Farn\u00e9sio\",\"description\":\"Quer Saber Pol\u00edtica?\",\"publisher\":{\"@id\":\"https:\\\/\\\/blogdofarnesio.com.br\\\/#organization\"},\"potentialAction\":[{\"@type\":\"SearchAction\",\"target\":{\"@type\":\"EntryPoint\",\"urlTemplate\":\"https:\\\/\\\/blogdofarnesio.com.br\\\/?s={search_term_string}\"},\"query-input\":{\"@type\":\"PropertyValueSpecification\",\"valueRequired\":true,\"valueName\":\"search_term_string\"}}],\"inLanguage\":\"pt-BR\"},{\"@type\":\"Organization\",\"@id\":\"https:\\\/\\\/blogdofarnesio.com.br\\\/#organization\",\"name\":\"Blog do Farn\u00e9sio\",\"url\":\"https:\\\/\\\/blogdofarnesio.com.br\\\/\",\"logo\":{\"@type\":\"ImageObject\",\"inLanguage\":\"pt-BR\",\"@id\":\"https:\\\/\\\/blogdofarnesio.com.br\\\/#\\\/schema\\\/logo\\\/image\\\/\",\"url\":\"https:\\\/\\\/blogdofarnesio.com.br\\\/wp-content\\\/uploads\\\/2026\\\/03\\\/cropped-logo_new-1.png\",\"contentUrl\":\"https:\\\/\\\/blogdofarnesio.com.br\\\/wp-content\\\/uploads\\\/2026\\\/03\\\/cropped-logo_new-1.png\",\"width\":881,\"height\":685,\"caption\":\"Blog do Farn\u00e9sio\"},\"image\":{\"@id\":\"https:\\\/\\\/blogdofarnesio.com.br\\\/#\\\/schema\\\/logo\\\/image\\\/\"},\"sameAs\":[\"https:\\\/\\\/www.facebook.com\\\/BlogQuerSaberPolitica\\\/\"]}]}<\/script>\n<!-- \/ Yoast SEO plugin. -->","yoast_head_json":{"title":"Adolfo Viana foi reeleito para a presid\u00eancia da Comiss\u00e3o de Meio Ambiente - Blog do Farn\u00e9sio","robots":{"index":"index","follow":"follow","max-snippet":"max-snippet:-1","max-image-preview":"max-image-preview:large","max-video-preview":"max-video-preview:-1"},"canonical":"https:\/\/blogdofarnesio.com.br\/?p=11537","og_locale":"pt_BR","og_type":"article","og_title":"Adolfo Viana foi reeleito para a presid\u00eancia da Comiss\u00e3o de Meio Ambiente - Blog do Farn\u00e9sio","og_description":"O deputado estadual Adolfo Viana (PSDB) foi reeleito por unanimidade, para a presid&ecirc;ncia da Comiss&atilde;o de Meio Ambiente, Seca e Recursos H&iacute;dricos na Assembleia Legislativa. Conforme o deputado, a reelei&ccedil;&atilde;o &eacute; o reconhecimento dos trabalhos prestados &agrave; sociedade. &#8220;Estou feliz pela confian&ccedil;a dos meus pares na comiss&atilde;o por terem me indicado por mais um ano. Esta &eacute; a prova do reconhecimento do trabalho desempenhado durante o ano passado&#8221;, acrescentou Adolfo Viana. A frente da comiss&atilde;o em 2011, o parlamentar tucano buscou conduzir todas as discuss&otilde;es trazidas ao seu conhecimento, da maneira mais democr&aacute;tica poss&iacute;vel, promoveu o di&aacute;logo com os diversos setores da sociedade, com o Governo e evidentemente, com a participa&ccedil;&atilde;o dos titulares da comiss&atilde;o e demais parlamentares. Atua&ccedil;&atilde;o da&hellip;","og_url":"https:\/\/blogdofarnesio.com.br\/?p=11537","og_site_name":"Blog do Farn\u00e9sio","article_publisher":"https:\/\/www.facebook.com\/BlogQuerSaberPolitica\/","article_published_time":"2012-02-29T10:33:51+00:00","og_image":[{"url":"http:\/\/www.quersaberpolitica.com.br\/2016\/wp-content\/uploads\/2012\/12\/blogqspadolfo2.jpg","type":"","width":"","height":""}],"twitter_card":"summary_large_image","twitter_misc":{"Est. tempo de leitura":"3 minutos"},"schema":{"@context":"https:\/\/schema.org","@graph":[{"@type":"Article","@id":"https:\/\/blogdofarnesio.com.br\/?p=11537#article","isPartOf":{"@id":"https:\/\/blogdofarnesio.com.br\/?p=11537"},"author":{"name":"","@id":""},"headline":"Adolfo Viana foi reeleito para a presid\u00eancia da Comiss\u00e3o de Meio Ambiente","datePublished":"2012-02-29T10:33:51+00:00","mainEntityOfPage":{"@id":"https:\/\/blogdofarnesio.com.br\/?p=11537"},"wordCount":654,"commentCount":0,"publisher":{"@id":"https:\/\/blogdofarnesio.com.br\/#organization"},"image":{"@id":"https:\/\/blogdofarnesio.com.br\/?p=11537#primaryimage"},"thumbnailUrl":"http:\/\/www.quersaberpolitica.com.br\/2016\/wp-content\/uploads\/2012\/12\/blogqspadolfo2.jpg","articleSection":["Meio Ambiente"],"inLanguage":"pt-BR","potentialAction":[{"@type":"CommentAction","name":"Comment","target":["https:\/\/blogdofarnesio.com.br\/?p=11537#respond"]}]},{"@type":"WebPage","@id":"https:\/\/blogdofarnesio.com.br\/?p=11537","url":"https:\/\/blogdofarnesio.com.br\/?p=11537","name":"Adolfo Viana foi reeleito para a presid\u00eancia da Comiss\u00e3o de Meio Ambiente - Blog do Farn\u00e9sio","isPartOf":{"@id":"https:\/\/blogdofarnesio.com.br\/#website"},"primaryImageOfPage":{"@id":"https:\/\/blogdofarnesio.com.br\/?p=11537#primaryimage"},"image":{"@id":"https:\/\/blogdofarnesio.com.br\/?p=11537#primaryimage"},"thumbnailUrl":"http:\/\/www.quersaberpolitica.com.br\/2016\/wp-content\/uploads\/2012\/12\/blogqspadolfo2.jpg","datePublished":"2012-02-29T10:33:51+00:00","breadcrumb":{"@id":"https:\/\/blogdofarnesio.com.br\/?p=11537#breadcrumb"},"inLanguage":"pt-BR","potentialAction":[{"@type":"ReadAction","target":["https:\/\/blogdofarnesio.com.br\/?p=11537"]}]},{"@type":"ImageObject","inLanguage":"pt-BR","@id":"https:\/\/blogdofarnesio.com.br\/?p=11537#primaryimage","url":"http:\/\/www.quersaberpolitica.com.br\/2016\/wp-content\/uploads\/2012\/12\/blogqspadolfo2.jpg","contentUrl":"http:\/\/www.quersaberpolitica.com.br\/2016\/wp-content\/uploads\/2012\/12\/blogqspadolfo2.jpg"},{"@type":"BreadcrumbList","@id":"https:\/\/blogdofarnesio.com.br\/?p=11537#breadcrumb","itemListElement":[{"@type":"ListItem","position":1,"name":"In\u00edcio","item":"https:\/\/blogdofarnesio.com.br\/"},{"@type":"ListItem","position":2,"name":"Adolfo Viana foi reeleito para a presid\u00eancia da Comiss\u00e3o de Meio Ambiente"}]},{"@type":"WebSite","@id":"https:\/\/blogdofarnesio.com.br\/#website","url":"https:\/\/blogdofarnesio.com.br\/","name":"Blog do Farn\u00e9sio","description":"Quer Saber Pol\u00edtica?","publisher":{"@id":"https:\/\/blogdofarnesio.com.br\/#organization"},"potentialAction":[{"@type":"SearchAction","target":{"@type":"EntryPoint","urlTemplate":"https:\/\/blogdofarnesio.com.br\/?s={search_term_string}"},"query-input":{"@type":"PropertyValueSpecification","valueRequired":true,"valueName":"search_term_string"}}],"inLanguage":"pt-BR"},{"@type":"Organization","@id":"https:\/\/blogdofarnesio.com.br\/#organization","name":"Blog do Farn\u00e9sio","url":"https:\/\/blogdofarnesio.com.br\/","logo":{"@type":"ImageObject","inLanguage":"pt-BR","@id":"https:\/\/blogdofarnesio.com.br\/#\/schema\/logo\/image\/","url":"https:\/\/blogdofarnesio.com.br\/wp-content\/uploads\/2026\/03\/cropped-logo_new-1.png","contentUrl":"https:\/\/blogdofarnesio.com.br\/wp-content\/uploads\/2026\/03\/cropped-logo_new-1.png","width":881,"height":685,"caption":"Blog do Farn\u00e9sio"},"image":{"@id":"https:\/\/blogdofarnesio.com.br\/#\/schema\/logo\/image\/"},"sameAs":["https:\/\/www.facebook.com\/BlogQuerSaberPolitica\/"]}]}},"_links":{"self":[{"href":"https:\/\/blogdofarnesio.com.br\/index.php?rest_route=\/wp\/v2\/posts\/11537","targetHints":{"allow":["GET"]}}],"collection":[{"href":"https:\/\/blogdofarnesio.com.br\/index.php?rest_route=\/wp\/v2\/posts"}],"about":[{"href":"https:\/\/blogdofarnesio.com.br\/index.php?rest_route=\/wp\/v2\/types\/post"}],"replies":[{"embeddable":true,"href":"https:\/\/blogdofarnesio.com.br\/index.php?rest_route=%2Fwp%2Fv2%2Fcomments&post=11537"}],"version-history":[{"count":0,"href":"https:\/\/blogdofarnesio.com.br\/index.php?rest_route=\/wp\/v2\/posts\/11537\/revisions"}],"wp:attachment":[{"href":"https:\/\/blogdofarnesio.com.br\/index.php?rest_route=%2Fwp%2Fv2%2Fmedia&parent=11537"}],"wp:term":[{"taxonomy":"category","embeddable":true,"href":"https:\/\/blogdofarnesio.com.br\/index.php?rest_route=%2Fwp%2Fv2%2Fcategories&post=11537"},{"taxonomy":"post_tag","embeddable":true,"href":"https:\/\/blogdofarnesio.com.br\/index.php?rest_route=%2Fwp%2Fv2%2Ftags&post=11537"}],"curies":[{"name":"wp","href":"https:\/\/api.w.org\/{rel}","templated":true}]}}