{"id":11533,"date":"2012-02-29T11:00:02","date_gmt":"2012-02-29T11:00:02","guid":{"rendered":"http:\/\/www.quersaberpolitica.com.br?p=11533"},"modified":"2012-02-29T13:59:32","modified_gmt":"2012-02-29T13:59:32","slug":"andrea-lossio-apresenta-o-nova-semente-a-esposa-do-deputado-federal-mendonca-filho8207","status":"publish","type":"post","link":"https:\/\/blogdofarnesio.com.br\/?p=11533","title":{"rendered":"Andr\u00e9a Lossio apresenta o Nova Semente a esposa do Deputado Federal Mendon\u00e7a Filho&#8207;"},"content":{"rendered":"<p style=\"text-align: justify;\"><span style=\"font-size: small;\"><a rel=\"lightbox\" href=\"http:\/\/www.quersaberpolitica.com.br\/2016\/wp-content\/uploads\/2012\/12\/blogqspvisitanovasemente1.jpg\"><img loading=\"lazy\" decoding=\"async\" style=\"margin-top: 5px; margin-bottom: 5px; margin-left: 10px; margin-right: 10px; float: left;\" title=\"Imagem Divulga&ccedil;&atilde;o\" src=\"http:\/\/www.quersaberpolitica.com.br\/2016\/wp-content\/uploads\/2012\/12\/blogqspvisitanovasemente1.jpg\" alt=\"\" width=\"200\" height=\"142\" \/><\/a>O programa Nova Semente, idealizado pelo Prefeito Julio Lossio, vem repercutindo de forma positiva no estado de Pernambuco e em todo o pa&iacute;s. Ao ouvir falar sobre o Nova Semente, Taciana Mendon&ccedil;a, esposa do ex-governador de Pernambuco e atual deputado federal, Mendon&ccedil;a Filho (DEM-PE), quis conhecer as unidades de acolhimento. Ela conheceu mais sobre o programa atrav&eacute;s de uma visita, na manh&atilde; de hoje (28), na companhia da primeira-dama de Petrolina, Andr&eacute;a L&oacute;ssio, madrinha do programa.<\/span><\/p>\n<p style=\"text-align: justify;\"><span style=\"font-size: small;\"> Durante a visita Taciana Mendon&ccedil;a tirou foto dos espa&ccedil;os, fez perguntas e recebeu informa&ccedil;&otilde;es das gestoras e sementeiras sobre o funcionamento do programa. &#8220;Fiquei super emocionada e com vontade de levar esse programa para outros munic&iacute;pios porque eu acho que isso &eacute; uma forma que as pessoas t&ecirc;m de poder ajudar a popula&ccedil;&atilde;o do seu bairro para que possam trabalhar e tenham com quem deixar suas crian&ccedil;as realmente em seguran&ccedil;a. Para mim esse programa &eacute; de extrema import&acirc;ncia e eu parabenizo o prefeito Julio Lossio por esta iniciativa e acho que esse exemplo deve ser levado para os outros munic&iacute;pios&#8221;, revelou Taciana.<\/span><\/p>\n<p style=\"text-align: justify;\"><span style=\"font-size: small;\">&#8220;O Nova Semente &eacute; muito importante para Petrolina e acho que para o Brasil, por isso causa grande curiosidade e expectativa em muitas pessoas que ouvem falar sobre o programa. &Eacute; um prazer muito grande receber Taciana Mendon&ccedil;a aqui e poder mostr&aacute;-la, realmente, o dia a dia dessas crian&ccedil;as&#8221;, disse Andr&eacute;a Lossio.<\/span><\/p>\n<p style=\"text-align: justify;\"><span style=\"font-size: small;\"> A prefeitura de Petrolina j&aacute; inaugurou 50 unidades do programa Nova Semente, beneficiando mais de 3.000 crian&ccedil;as nas &aacute;reas urbana, rural e projetos irrigados no munic&iacute;pio. O programa oferece 5 refei&ccedil;&otilde;es di&aacute;rias &agrave;s crian&ccedil;as de 0 a 6 anos, que permanecem nas unidades durante 12h di&aacute;rias. Al&eacute;m disso, o Nova Semente oferece atendimentos odontol&oacute;gico, de otorrinolaringologia, pedag&oacute;gico e de assist&ecirc;ncia social. O Programa conta com Livros did&aacute;ticos do Instituto Alfa e Beto, que auxiliam na alfabetiza&ccedil;&atilde;o das crian&ccedil;as.<\/span><\/p>\n<p style=\"text-align: justify;\"><span style=\"font-size: small;\">(Ascom PMP)<\/span><\/p>\n","protected":false},"excerpt":{"rendered":"<p>O programa Nova Semente, idealizado pelo Prefeito Julio Lossio, vem repercutindo de forma positiva no estado de Pernambuco e em todo o pa&iacute;s. Ao ouvir falar sobre o Nova Semente, Taciana Mendon&ccedil;a, esposa do ex-governador de Pernambuco e atual deputado federal, Mendon&ccedil;a Filho (DEM-PE), quis conhecer as unidades de acolhimento. Ela conheceu mais sobre o programa atrav&eacute;s de uma visita, na manh&atilde; de hoje (28), na companhia da primeira-dama de Petrolina, Andr&eacute;a L&oacute;ssio, madrinha do programa. Durante a visita Taciana Mendon&ccedil;a tirou foto dos espa&ccedil;os, fez perguntas e recebeu informa&ccedil;&otilde;es das gestoras e sementeiras sobre o funcionamento do programa. &#8220;Fiquei super emocionada e com vontade de levar esse programa para outros munic&iacute;pios porque eu acho que isso &eacute; uma forma&hellip; <\/p>\n","protected":false},"author":0,"featured_media":0,"comment_status":"open","ping_status":"open","sticky":false,"template":"","format":"standard","meta":{"_acf_changed":false,"footnotes":""},"categories":[22],"tags":[],"class_list":["post-11533","post","type-post","status-publish","format-standard","hentry","category-acao-social"],"acf":[],"yoast_head":"<!-- This site is optimized with the Yoast SEO plugin v27.4 - https:\/\/yoast.com\/product\/yoast-seo-wordpress\/ -->\n<title>Andr\u00e9a Lossio apresenta o Nova Semente a esposa do Deputado Federal Mendon\u00e7a Filho&#8207; - Blog do Farn\u00e9sio<\/title>\n<meta name=\"robots\" content=\"index, follow, max-snippet:-1, max-image-preview:large, max-video-preview:-1\" \/>\n<link rel=\"canonical\" href=\"https:\/\/blogdofarnesio.com.br\/?p=11533\" \/>\n<meta property=\"og:locale\" content=\"pt_BR\" \/>\n<meta property=\"og:type\" content=\"article\" \/>\n<meta property=\"og:title\" content=\"Andr\u00e9a Lossio apresenta o Nova Semente a esposa do Deputado Federal Mendon\u00e7a Filho&#8207; - Blog do Farn\u00e9sio\" \/>\n<meta property=\"og:description\" content=\"O programa Nova Semente, idealizado pelo Prefeito Julio Lossio, vem repercutindo de forma positiva no estado de Pernambuco e em todo o pa&iacute;s. Ao ouvir falar sobre o Nova Semente, Taciana Mendon&ccedil;a, esposa do ex-governador de Pernambuco e atual deputado federal, Mendon&ccedil;a Filho (DEM-PE), quis conhecer as unidades de acolhimento. Ela conheceu mais sobre o programa atrav&eacute;s de uma visita, na manh&atilde; de hoje (28), na companhia da primeira-dama de Petrolina, Andr&eacute;a L&oacute;ssio, madrinha do programa. Durante a visita Taciana Mendon&ccedil;a tirou foto dos espa&ccedil;os, fez perguntas e recebeu informa&ccedil;&otilde;es das gestoras e sementeiras sobre o funcionamento do programa. &#8220;Fiquei super emocionada e com vontade de levar esse programa para outros munic&iacute;pios porque eu acho que isso &eacute; uma forma&hellip;\" \/>\n<meta property=\"og:url\" content=\"https:\/\/blogdofarnesio.com.br\/?p=11533\" \/>\n<meta property=\"og:site_name\" content=\"Blog do Farn\u00e9sio\" \/>\n<meta property=\"article:publisher\" content=\"https:\/\/www.facebook.com\/BlogQuerSaberPolitica\/\" \/>\n<meta property=\"article:published_time\" content=\"2012-02-29T11:00:02+00:00\" \/>\n<meta property=\"article:modified_time\" content=\"2012-02-29T13:59:32+00:00\" \/>\n<meta property=\"og:image\" content=\"http:\/\/www.quersaberpolitica.com.br\/2016\/wp-content\/uploads\/2012\/12\/blogqspvisitanovasemente1.jpg\" \/>\n<meta name=\"twitter:card\" content=\"summary_large_image\" \/>\n<meta name=\"twitter:label1\" content=\"Est. tempo de leitura\" \/>\n\t<meta name=\"twitter:data1\" content=\"2 minutos\" \/>\n<script type=\"application\/ld+json\" class=\"yoast-schema-graph\">{\"@context\":\"https:\\\/\\\/schema.org\",\"@graph\":[{\"@type\":\"Article\",\"@id\":\"https:\\\/\\\/blogdofarnesio.com.br\\\/?p=11533#article\",\"isPartOf\":{\"@id\":\"https:\\\/\\\/blogdofarnesio.com.br\\\/?p=11533\"},\"author\":{\"name\":\"\",\"@id\":\"\"},\"headline\":\"Andr\u00e9a Lossio apresenta o Nova Semente a esposa do Deputado Federal Mendon\u00e7a Filho&#8207;\",\"datePublished\":\"2012-02-29T11:00:02+00:00\",\"dateModified\":\"2012-02-29T13:59:32+00:00\",\"mainEntityOfPage\":{\"@id\":\"https:\\\/\\\/blogdofarnesio.com.br\\\/?p=11533\"},\"wordCount\":393,\"commentCount\":0,\"publisher\":{\"@id\":\"https:\\\/\\\/blogdofarnesio.com.br\\\/#organization\"},\"image\":{\"@id\":\"https:\\\/\\\/blogdofarnesio.com.br\\\/?p=11533#primaryimage\"},\"thumbnailUrl\":\"http:\\\/\\\/www.quersaberpolitica.com.br\\\/2016\\\/wp-content\\\/uploads\\\/2012\\\/12\\\/blogqspvisitanovasemente1.jpg\",\"articleSection\":[\"A\u00e7\u00e3o Social\"],\"inLanguage\":\"pt-BR\",\"potentialAction\":[{\"@type\":\"CommentAction\",\"name\":\"Comment\",\"target\":[\"https:\\\/\\\/blogdofarnesio.com.br\\\/?p=11533#respond\"]}]},{\"@type\":\"WebPage\",\"@id\":\"https:\\\/\\\/blogdofarnesio.com.br\\\/?p=11533\",\"url\":\"https:\\\/\\\/blogdofarnesio.com.br\\\/?p=11533\",\"name\":\"Andr\u00e9a Lossio apresenta o Nova Semente a esposa do Deputado Federal Mendon\u00e7a Filho&#8207; - Blog do Farn\u00e9sio\",\"isPartOf\":{\"@id\":\"https:\\\/\\\/blogdofarnesio.com.br\\\/#website\"},\"primaryImageOfPage\":{\"@id\":\"https:\\\/\\\/blogdofarnesio.com.br\\\/?p=11533#primaryimage\"},\"image\":{\"@id\":\"https:\\\/\\\/blogdofarnesio.com.br\\\/?p=11533#primaryimage\"},\"thumbnailUrl\":\"http:\\\/\\\/www.quersaberpolitica.com.br\\\/2016\\\/wp-content\\\/uploads\\\/2012\\\/12\\\/blogqspvisitanovasemente1.jpg\",\"datePublished\":\"2012-02-29T11:00:02+00:00\",\"dateModified\":\"2012-02-29T13:59:32+00:00\",\"breadcrumb\":{\"@id\":\"https:\\\/\\\/blogdofarnesio.com.br\\\/?p=11533#breadcrumb\"},\"inLanguage\":\"pt-BR\",\"potentialAction\":[{\"@type\":\"ReadAction\",\"target\":[\"https:\\\/\\\/blogdofarnesio.com.br\\\/?p=11533\"]}]},{\"@type\":\"ImageObject\",\"inLanguage\":\"pt-BR\",\"@id\":\"https:\\\/\\\/blogdofarnesio.com.br\\\/?p=11533#primaryimage\",\"url\":\"http:\\\/\\\/www.quersaberpolitica.com.br\\\/2016\\\/wp-content\\\/uploads\\\/2012\\\/12\\\/blogqspvisitanovasemente1.jpg\",\"contentUrl\":\"http:\\\/\\\/www.quersaberpolitica.com.br\\\/2016\\\/wp-content\\\/uploads\\\/2012\\\/12\\\/blogqspvisitanovasemente1.jpg\"},{\"@type\":\"BreadcrumbList\",\"@id\":\"https:\\\/\\\/blogdofarnesio.com.br\\\/?p=11533#breadcrumb\",\"itemListElement\":[{\"@type\":\"ListItem\",\"position\":1,\"name\":\"In\u00edcio\",\"item\":\"https:\\\/\\\/blogdofarnesio.com.br\\\/\"},{\"@type\":\"ListItem\",\"position\":2,\"name\":\"Andr\u00e9a Lossio apresenta o Nova Semente a esposa do Deputado Federal Mendon\u00e7a Filho&#8207;\"}]},{\"@type\":\"WebSite\",\"@id\":\"https:\\\/\\\/blogdofarnesio.com.br\\\/#website\",\"url\":\"https:\\\/\\\/blogdofarnesio.com.br\\\/\",\"name\":\"Blog do Farn\u00e9sio\",\"description\":\"Quer Saber Pol\u00edtica?\",\"publisher\":{\"@id\":\"https:\\\/\\\/blogdofarnesio.com.br\\\/#organization\"},\"potentialAction\":[{\"@type\":\"SearchAction\",\"target\":{\"@type\":\"EntryPoint\",\"urlTemplate\":\"https:\\\/\\\/blogdofarnesio.com.br\\\/?s={search_term_string}\"},\"query-input\":{\"@type\":\"PropertyValueSpecification\",\"valueRequired\":true,\"valueName\":\"search_term_string\"}}],\"inLanguage\":\"pt-BR\"},{\"@type\":\"Organization\",\"@id\":\"https:\\\/\\\/blogdofarnesio.com.br\\\/#organization\",\"name\":\"Blog do Farn\u00e9sio\",\"url\":\"https:\\\/\\\/blogdofarnesio.com.br\\\/\",\"logo\":{\"@type\":\"ImageObject\",\"inLanguage\":\"pt-BR\",\"@id\":\"https:\\\/\\\/blogdofarnesio.com.br\\\/#\\\/schema\\\/logo\\\/image\\\/\",\"url\":\"https:\\\/\\\/blogdofarnesio.com.br\\\/wp-content\\\/uploads\\\/2026\\\/03\\\/cropped-logo_new-1.png\",\"contentUrl\":\"https:\\\/\\\/blogdofarnesio.com.br\\\/wp-content\\\/uploads\\\/2026\\\/03\\\/cropped-logo_new-1.png\",\"width\":881,\"height\":685,\"caption\":\"Blog do Farn\u00e9sio\"},\"image\":{\"@id\":\"https:\\\/\\\/blogdofarnesio.com.br\\\/#\\\/schema\\\/logo\\\/image\\\/\"},\"sameAs\":[\"https:\\\/\\\/www.facebook.com\\\/BlogQuerSaberPolitica\\\/\"]}]}<\/script>\n<!-- \/ Yoast SEO plugin. -->","yoast_head_json":{"title":"Andr\u00e9a Lossio apresenta o Nova Semente a esposa do Deputado Federal Mendon\u00e7a Filho&#8207; - Blog do Farn\u00e9sio","robots":{"index":"index","follow":"follow","max-snippet":"max-snippet:-1","max-image-preview":"max-image-preview:large","max-video-preview":"max-video-preview:-1"},"canonical":"https:\/\/blogdofarnesio.com.br\/?p=11533","og_locale":"pt_BR","og_type":"article","og_title":"Andr\u00e9a Lossio apresenta o Nova Semente a esposa do Deputado Federal Mendon\u00e7a Filho&#8207; - Blog do Farn\u00e9sio","og_description":"O programa Nova Semente, idealizado pelo Prefeito Julio Lossio, vem repercutindo de forma positiva no estado de Pernambuco e em todo o pa&iacute;s. Ao ouvir falar sobre o Nova Semente, Taciana Mendon&ccedil;a, esposa do ex-governador de Pernambuco e atual deputado federal, Mendon&ccedil;a Filho (DEM-PE), quis conhecer as unidades de acolhimento. Ela conheceu mais sobre o programa atrav&eacute;s de uma visita, na manh&atilde; de hoje (28), na companhia da primeira-dama de Petrolina, Andr&eacute;a L&oacute;ssio, madrinha do programa. Durante a visita Taciana Mendon&ccedil;a tirou foto dos espa&ccedil;os, fez perguntas e recebeu informa&ccedil;&otilde;es das gestoras e sementeiras sobre o funcionamento do programa. &#8220;Fiquei super emocionada e com vontade de levar esse programa para outros munic&iacute;pios porque eu acho que isso &eacute; uma forma&hellip;","og_url":"https:\/\/blogdofarnesio.com.br\/?p=11533","og_site_name":"Blog do Farn\u00e9sio","article_publisher":"https:\/\/www.facebook.com\/BlogQuerSaberPolitica\/","article_published_time":"2012-02-29T11:00:02+00:00","article_modified_time":"2012-02-29T13:59:32+00:00","og_image":[{"url":"http:\/\/www.quersaberpolitica.com.br\/2016\/wp-content\/uploads\/2012\/12\/blogqspvisitanovasemente1.jpg","type":"","width":"","height":""}],"twitter_card":"summary_large_image","twitter_misc":{"Est. tempo de leitura":"2 minutos"},"schema":{"@context":"https:\/\/schema.org","@graph":[{"@type":"Article","@id":"https:\/\/blogdofarnesio.com.br\/?p=11533#article","isPartOf":{"@id":"https:\/\/blogdofarnesio.com.br\/?p=11533"},"author":{"name":"","@id":""},"headline":"Andr\u00e9a Lossio apresenta o Nova Semente a esposa do Deputado Federal Mendon\u00e7a Filho&#8207;","datePublished":"2012-02-29T11:00:02+00:00","dateModified":"2012-02-29T13:59:32+00:00","mainEntityOfPage":{"@id":"https:\/\/blogdofarnesio.com.br\/?p=11533"},"wordCount":393,"commentCount":0,"publisher":{"@id":"https:\/\/blogdofarnesio.com.br\/#organization"},"image":{"@id":"https:\/\/blogdofarnesio.com.br\/?p=11533#primaryimage"},"thumbnailUrl":"http:\/\/www.quersaberpolitica.com.br\/2016\/wp-content\/uploads\/2012\/12\/blogqspvisitanovasemente1.jpg","articleSection":["A\u00e7\u00e3o Social"],"inLanguage":"pt-BR","potentialAction":[{"@type":"CommentAction","name":"Comment","target":["https:\/\/blogdofarnesio.com.br\/?p=11533#respond"]}]},{"@type":"WebPage","@id":"https:\/\/blogdofarnesio.com.br\/?p=11533","url":"https:\/\/blogdofarnesio.com.br\/?p=11533","name":"Andr\u00e9a Lossio apresenta o Nova Semente a esposa do Deputado Federal Mendon\u00e7a Filho&#8207; - Blog do Farn\u00e9sio","isPartOf":{"@id":"https:\/\/blogdofarnesio.com.br\/#website"},"primaryImageOfPage":{"@id":"https:\/\/blogdofarnesio.com.br\/?p=11533#primaryimage"},"image":{"@id":"https:\/\/blogdofarnesio.com.br\/?p=11533#primaryimage"},"thumbnailUrl":"http:\/\/www.quersaberpolitica.com.br\/2016\/wp-content\/uploads\/2012\/12\/blogqspvisitanovasemente1.jpg","datePublished":"2012-02-29T11:00:02+00:00","dateModified":"2012-02-29T13:59:32+00:00","breadcrumb":{"@id":"https:\/\/blogdofarnesio.com.br\/?p=11533#breadcrumb"},"inLanguage":"pt-BR","potentialAction":[{"@type":"ReadAction","target":["https:\/\/blogdofarnesio.com.br\/?p=11533"]}]},{"@type":"ImageObject","inLanguage":"pt-BR","@id":"https:\/\/blogdofarnesio.com.br\/?p=11533#primaryimage","url":"http:\/\/www.quersaberpolitica.com.br\/2016\/wp-content\/uploads\/2012\/12\/blogqspvisitanovasemente1.jpg","contentUrl":"http:\/\/www.quersaberpolitica.com.br\/2016\/wp-content\/uploads\/2012\/12\/blogqspvisitanovasemente1.jpg"},{"@type":"BreadcrumbList","@id":"https:\/\/blogdofarnesio.com.br\/?p=11533#breadcrumb","itemListElement":[{"@type":"ListItem","position":1,"name":"In\u00edcio","item":"https:\/\/blogdofarnesio.com.br\/"},{"@type":"ListItem","position":2,"name":"Andr\u00e9a Lossio apresenta o Nova Semente a esposa do Deputado Federal Mendon\u00e7a Filho&#8207;"}]},{"@type":"WebSite","@id":"https:\/\/blogdofarnesio.com.br\/#website","url":"https:\/\/blogdofarnesio.com.br\/","name":"Blog do Farn\u00e9sio","description":"Quer Saber Pol\u00edtica?","publisher":{"@id":"https:\/\/blogdofarnesio.com.br\/#organization"},"potentialAction":[{"@type":"SearchAction","target":{"@type":"EntryPoint","urlTemplate":"https:\/\/blogdofarnesio.com.br\/?s={search_term_string}"},"query-input":{"@type":"PropertyValueSpecification","valueRequired":true,"valueName":"search_term_string"}}],"inLanguage":"pt-BR"},{"@type":"Organization","@id":"https:\/\/blogdofarnesio.com.br\/#organization","name":"Blog do Farn\u00e9sio","url":"https:\/\/blogdofarnesio.com.br\/","logo":{"@type":"ImageObject","inLanguage":"pt-BR","@id":"https:\/\/blogdofarnesio.com.br\/#\/schema\/logo\/image\/","url":"https:\/\/blogdofarnesio.com.br\/wp-content\/uploads\/2026\/03\/cropped-logo_new-1.png","contentUrl":"https:\/\/blogdofarnesio.com.br\/wp-content\/uploads\/2026\/03\/cropped-logo_new-1.png","width":881,"height":685,"caption":"Blog do Farn\u00e9sio"},"image":{"@id":"https:\/\/blogdofarnesio.com.br\/#\/schema\/logo\/image\/"},"sameAs":["https:\/\/www.facebook.com\/BlogQuerSaberPolitica\/"]}]}},"_links":{"self":[{"href":"https:\/\/blogdofarnesio.com.br\/index.php?rest_route=\/wp\/v2\/posts\/11533","targetHints":{"allow":["GET"]}}],"collection":[{"href":"https:\/\/blogdofarnesio.com.br\/index.php?rest_route=\/wp\/v2\/posts"}],"about":[{"href":"https:\/\/blogdofarnesio.com.br\/index.php?rest_route=\/wp\/v2\/types\/post"}],"replies":[{"embeddable":true,"href":"https:\/\/blogdofarnesio.com.br\/index.php?rest_route=%2Fwp%2Fv2%2Fcomments&post=11533"}],"version-history":[{"count":0,"href":"https:\/\/blogdofarnesio.com.br\/index.php?rest_route=\/wp\/v2\/posts\/11533\/revisions"}],"wp:attachment":[{"href":"https:\/\/blogdofarnesio.com.br\/index.php?rest_route=%2Fwp%2Fv2%2Fmedia&parent=11533"}],"wp:term":[{"taxonomy":"category","embeddable":true,"href":"https:\/\/blogdofarnesio.com.br\/index.php?rest_route=%2Fwp%2Fv2%2Fcategories&post=11533"},{"taxonomy":"post_tag","embeddable":true,"href":"https:\/\/blogdofarnesio.com.br\/index.php?rest_route=%2Fwp%2Fv2%2Ftags&post=11533"}],"curies":[{"name":"wp","href":"https:\/\/api.w.org\/{rel}","templated":true}]}}